{"id":68412,"date":"2021-02-19T10:09:08","date_gmt":"2021-02-19T16:09:08","guid":{"rendered":"http:\/\/www.lospoliticosveracruz.com.mx\/?p=68412"},"modified":"2021-02-19T10:09:08","modified_gmt":"2021-02-19T16:09:08","slug":"lamentos-y-lloriqueos","status":"publish","type":"post","link":"https:\/\/lospoliticosveracruz.com\/?p=68412","title":{"rendered":"Lamentos y lloriqueos"},"content":{"rendered":"<p>&nbsp;<\/p>\n<p><strong>Felipe de Jes\u00fas Fern\u00e1ndez Basilio<\/strong><br \/>\n<em>Desde a Janela<\/em><br \/>\nCuando todo lo que uno hace sale mal, la primera reacci\u00f3n que viene a la mente por ser la m\u00e1s f\u00e1cil de implementar es lamentar la situaci\u00f3n y obviamente entre lloriqueos buscar a quien echarle la culpa de la desgracia.<br \/>\nLo malo de optar por esa soluci\u00f3n es que la gran ausente es la autocr\u00edtica, ya que la pretensi\u00f3n primero es auto justificar para luego justificar diciendo \u00abes que todo lo hice bien, pero fulano no me ayud\u00f3 o me sucedi\u00f3 una desgracia y ya ves que esas calamidades no se pueden controlar, pero yo he hecho las cosas bien\u00bb.<br \/>\nLo anterior viene a cuento, porque ahora que se empieza a resentir el desajuste del pa\u00eds debido a las malas decisiones que ha tomado el actual gobierno federal, las excusas han tomado forma de lloriqueos en los que se duelen de que \u00abotros pa\u00edses ricos y envidiosos acaparan las vacunas\u00bb, \u00abse quem\u00f3 un pastizal o se congel\u00f3 Tejas y por eso nos quedamos sin energ\u00eda el\u00e9ctrica\u00bb, \u00ablas farmac\u00e9uticas malignas y avaras conspiran para no vendernos medicinas\u00bb y muchos m\u00e1s que escuchamos y otros que vendr\u00e1n, porque por desgracia las malas decisiones se han tomado en casi todos los rubros en los que el gobierno interviene.<br \/>\nVeamos por ejemplo el caso de las vacunas, ya que ah\u00ed el canciller Ebrard dice que M\u00e9xico ha interpuesto sendas quejas ante la ONU porque solo 10 pa\u00edses acaparan las vacunas contra la gripe Covid-19 y dejan al resto, entre ellos a M\u00e9xico, desamparados ante una crisis humanitaria, dando a entender que la \u00fanica manera de controlarla es que esos pa\u00edses cedan sus vacunas por la buena o por la fuerza a todos los dem\u00e1s que no han podido o no han querido, el caso de M\u00e9xico otra vez, hacer esfuerzo alguno para desarrollar sus propias vacunas.<br \/>\nLa verdad es que suena bonito ese discurso de izquierdista latinoamericano, Marcelo Ebrard es de los pocos izquierdistas en el gabinete de L\u00f3pez, ya que si ya existe algo que ayuda a todos, pues hay que distribuirlo y si se niegan hacerlo es porque esos que lo tienen, son envidiosos y solo buscan lucrar con la desgracia de los dem\u00e1s, entonces tiene que haber alguien superior que se lo quite y lo reparta entre los m\u00e1s necesitados del mundo, aunque no hayan hecho el menor esfuerzo para obtenerlo.<br \/>\nDesgraciadamente para Don Marcelo, las cosas en el mundo real no funcionan de esa manera, sino que por el contrario las cosas se ganan como producto del esfuerzo, ya sea \u00e9ste f\u00edsico, mental o econ\u00f3mico y una vez que se obtienen, s\u00f3lo los que las buscaron son sus due\u00f1os y \u00e9stos una vez que satisfacen sus necesidades venden o regalan sus excedentes.<br \/>\nPor eso es que existe toda una rama del derecho que se encarga de regular a las patentes, ya que si \u00e9stas no existieran nuestro nivel de desarrollo ser\u00eda mucho menor al que tenemos debido a que, si no hay un incentivo, en este caso la propiedad exclusiva y el derecho a comercializar lo que se descubre o inventa, muchas cosas que conocemos no existir\u00edan por no haber un inter\u00e9s para crearlas o desarrollarlas.<br \/>\nLuego entonces es l\u00f3gico y justo que si hay pa\u00edses que se dedicaron a fomentar la investigaci\u00f3n cient\u00edfica en general y el desarrollo de estas vacunas en particular, ahora que las tienen las usen preferentemente en su poblaci\u00f3n, pues si no procuran a su propia gente para qu\u00e9 sirven.<br \/>\nTambi\u00e9n el lamento de Don Marcelo incurre en otra mentira al pedir a la ONU que obligue a los pa\u00edses que tienen la vacuna a distribuirla a los dem\u00e1s \u00abpor razones humanitarias\u00bb, ya que por una parte la ONU no tiene facultades para realizar semejante acci\u00f3n y adem\u00e1s porque eso a M\u00e9xico en nada le beneficiar\u00eda por la sencilla raz\u00f3n de que M\u00e9xico no es un pa\u00eds pobre como los del \u00c1frica Subsahariana o los de Centroam\u00e9rica y el Caribe en los que verdaderamente no se puede hacer casi nada para desarrollarla y a los que seguramente les va a llegar en grandes cantidades y como ayuda humanitaria.<br \/>\nPero M\u00e9xico es un pa\u00eds de 130 millones de habitantes y est\u00e1 dentro de las 20 principales econom\u00edas del mundo y adem\u00e1s cuenta con capacidades cient\u00edficas y tecnol\u00f3gicas que muchas veces han tenido reconocimiento mundial, tan es as\u00ed que su sistema de vacunaci\u00f3n durante muchas d\u00e9cadas fue respetado en todo el mundo y si es que ahora estamos mendigando vacunas en los foros internacionales no es por la incapacidad del pa\u00eds para desarrollar las vacunas sino que lo es por las malas decisiones que han tomado en el gobierno para inhibir cualquier investigaci\u00f3n nacional.<br \/>\nEn M\u00e9xico existe el Conacyt que durante d\u00e9cadas procur\u00f3 que hubiera investigadores de excelencia y hasta que patentaran sus descubrimientos o invenciones y cuando este gobierno llega dice que todos esos programas eran una forma de corrupci\u00f3n y que adem\u00e1s solo se beneficiaba a las \u00e9lites y los cancelaron de un plumazo y el resultado es que no hay casi nadie investigando a esta gripa en M\u00e9xico.<br \/>\nAdem\u00e1s, olvida el canciller que a diferencia de los f\u00e1rmacos existentes que est\u00e1n patentados, la ciencia es universal y cualquiera puede hacer sus investigaciones de manera libre y si descubre algo, entonces ya procede a patentarlo, lo cual hace posible que M\u00e9xico pueda investigar su propia vacuna de manera real y no solo poniendo nombre a algo que no existe y que ni siquiera se tiene la m\u00e1s remota idea de c\u00f3mo se va a empezar a buscar, tal y como sucede con la que el presidente bautiz\u00f3.<br \/>\nYa es tiempo de que las autoridades recapaciten sobre las malas decisiones que han tomado y en lugar de estarse lamentando y buscando a quien echar la culpa por sus desaciertos, corrijan el rumbo y se pongan a trabajar, ya que M\u00e9xico es un pa\u00eds muy grande y rico que no merece estar lloriqueando en foros internacionales por cosas en las que bien puede hacer algo.<br \/>\nPor cierto, y como corolario tambi\u00e9n puedo afirmar que con los apagones y el racionamiento de electricidad que ahora pide el presidente al decir que en determinadas horas nos apretemos el cintur\u00f3n y gastemos poca energ\u00eda, sucedi\u00f3 exactamente lo mismo; llegaron con sus ideas estatistas y de que el gobierno lo puede todo, cancelaron todos los contratos de suministro de energ\u00eda que hab\u00eda diciendo que eran corrupci\u00f3n y fuga de dinero y ahora no tienen la suficiente energ\u00eda para satisfacer las necesidades del pa\u00eds y lo mismo sucedi\u00f3 con los medicamentos para enfermedades cr\u00f3nicas.<br \/>\nAntes de este gobierno hab\u00eda muchas fallas y tropiezos, pero siempre hubo investigaci\u00f3n, energ\u00eda el\u00e9ctrica y medicamentos b\u00e1sicos.<br \/>\nfelfebas@gmail.com<br \/>\nTwitter: @FelipeFBasilio<\/p>\n","protected":false},"excerpt":{"rendered":"<p>&nbsp; Felipe de Jes\u00fas Fern\u00e1ndez Basilio Desde a Janela Cuando todo lo que uno hace sale mal, la primera reacci\u00f3n que viene a la mente por ser la m\u00e1s f\u00e1cil de implementar es lamentar la situaci\u00f3n y obviamente entre lloriqueos buscar a quien echarle la culpa de la desgracia. Lo malo de optar por esa [&hellip;]<\/p>\n","protected":false},"author":2,"featured_media":0,"comment_status":"open","ping_status":"open","sticky":false,"template":"","format":"standard","meta":{"tdm_status":"","tdm_grid_status":"","footnotes":""},"categories":[70],"tags":[26266,16673,14703,395,385,19347],"class_list":{"0":"post-68412","1":"post","2":"type-post","3":"status-publish","4":"format-standard","6":"category-de-opinion","7":"tag-canciller-ebrard","8":"tag-covid-19","9":"tag-marcelo-ebrard","10":"tag-mexico","11":"tag-onu","12":"tag-vacunacion"},"yoast_head":"<!-- This site is optimized with the Yoast SEO plugin v27.4 - https:\/\/yoast.com\/product\/yoast-seo-wordpress\/ -->\n<title>Lamentos y lloriqueos - Los pol\u00edticos Veracruz<\/title>\n<meta name=\"robots\" content=\"index, follow, max-snippet:-1, max-image-preview:large, max-video-preview:-1\" \/>\n<link rel=\"canonical\" href=\"https:\/\/lospoliticosveracruz.com\/?p=68412\" \/>\n<meta property=\"og:locale\" content=\"es_ES\" \/>\n<meta property=\"og:type\" content=\"article\" \/>\n<meta property=\"og:title\" content=\"Lamentos y lloriqueos - Los pol\u00edticos Veracruz\" \/>\n<meta property=\"og:description\" content=\"&nbsp; Felipe de Jes\u00fas Fern\u00e1ndez Basilio Desde a Janela Cuando todo lo que uno hace sale mal, la primera reacci\u00f3n que viene a la mente por ser la m\u00e1s f\u00e1cil de implementar es lamentar la situaci\u00f3n y obviamente entre lloriqueos buscar a quien echarle la culpa de la desgracia. Lo malo de optar por esa [&hellip;]\" \/>\n<meta property=\"og:url\" content=\"https:\/\/lospoliticosveracruz.com\/?p=68412\" \/>\n<meta property=\"og:site_name\" content=\"Los pol\u00edticos Veracruz\" \/>\n<meta property=\"article:publisher\" content=\"https:\/\/www.facebook.com\/people\/Notimemes-de-los-Polticos\/61565672886568\/\" \/>\n<meta property=\"article:published_time\" content=\"2021-02-19T16:09:08+00:00\" \/>\n<meta property=\"og:image\" content=\"https:\/\/lospoliticosveracruz.com\/wp-content\/uploads\/2016\/07\/Logo-Dor.jpg\" \/>\n\t<meta property=\"og:image:width\" content=\"200\" \/>\n\t<meta property=\"og:image:height\" content=\"200\" \/>\n\t<meta property=\"og:image:type\" content=\"image\/jpeg\" \/>\n<meta name=\"author\" content=\"Lo viste en Los Pol\u00edticos\" \/>\n<meta name=\"twitter:card\" content=\"summary_large_image\" \/>\n<meta name=\"twitter:creator\" content=\"@LosPoliticosVer\" \/>\n<meta name=\"twitter:site\" content=\"@LosPoliticosVer\" \/>\n<meta name=\"twitter:label1\" content=\"Escrito por\" \/>\n\t<meta name=\"twitter:data1\" content=\"Lo viste en Los Pol\u00edticos\" \/>\n\t<meta name=\"twitter:label2\" content=\"Tiempo de lectura\" \/>\n\t<meta name=\"twitter:data2\" content=\"6 minutos\" \/>\n<script type=\"application\/ld+json\" class=\"yoast-schema-graph\">{\"@context\":\"https:\\\/\\\/schema.org\",\"@graph\":[{\"@type\":\"Article\",\"@id\":\"https:\\\/\\\/lospoliticosveracruz.com\\\/?p=68412#article\",\"isPartOf\":{\"@id\":\"https:\\\/\\\/lospoliticosveracruz.com\\\/?p=68412\"},\"author\":{\"name\":\"Lo viste en Los Pol\u00edticos\",\"@id\":\"https:\\\/\\\/lospoliticosveracruz.com\\\/#\\\/schema\\\/person\\\/b8702bb0e538456e6efd07080bf2a4a2\"},\"headline\":\"Lamentos y lloriqueos\",\"datePublished\":\"2021-02-19T16:09:08+00:00\",\"mainEntityOfPage\":{\"@id\":\"https:\\\/\\\/lospoliticosveracruz.com\\\/?p=68412\"},\"wordCount\":1209,\"commentCount\":0,\"publisher\":{\"@id\":\"https:\\\/\\\/lospoliticosveracruz.com\\\/#organization\"},\"keywords\":[\"canciller Ebrard\",\"Covid 19\",\"Marcelo Ebrard\",\"M\u00e9xico\",\"ONU\",\"Vacunaci\u00f3n\"],\"articleSection\":[\"De Opini\u00f3n\"],\"inLanguage\":\"es\",\"potentialAction\":[{\"@type\":\"CommentAction\",\"name\":\"Comment\",\"target\":[\"https:\\\/\\\/lospoliticosveracruz.com\\\/?p=68412#respond\"]}]},{\"@type\":\"WebPage\",\"@id\":\"https:\\\/\\\/lospoliticosveracruz.com\\\/?p=68412\",\"url\":\"https:\\\/\\\/lospoliticosveracruz.com\\\/?p=68412\",\"name\":\"Lamentos y lloriqueos - Los pol\u00edticos Veracruz\",\"isPartOf\":{\"@id\":\"https:\\\/\\\/lospoliticosveracruz.com\\\/#website\"},\"datePublished\":\"2021-02-19T16:09:08+00:00\",\"breadcrumb\":{\"@id\":\"https:\\\/\\\/lospoliticosveracruz.com\\\/?p=68412#breadcrumb\"},\"inLanguage\":\"es\",\"potentialAction\":[{\"@type\":\"ReadAction\",\"target\":[\"https:\\\/\\\/lospoliticosveracruz.com\\\/?p=68412\"]}]},{\"@type\":\"BreadcrumbList\",\"@id\":\"https:\\\/\\\/lospoliticosveracruz.com\\\/?p=68412#breadcrumb\",\"itemListElement\":[{\"@type\":\"ListItem\",\"position\":1,\"name\":\"Portada\",\"item\":\"https:\\\/\\\/lospoliticosveracruz.com\\\/\"},{\"@type\":\"ListItem\",\"position\":2,\"name\":\"Lamentos y lloriqueos\"}]},{\"@type\":\"WebSite\",\"@id\":\"https:\\\/\\\/lospoliticosveracruz.com\\\/#website\",\"url\":\"https:\\\/\\\/lospoliticosveracruz.com\\\/\",\"name\":\"Los pol\u00edticos Veracruz\",\"description\":\"\",\"publisher\":{\"@id\":\"https:\\\/\\\/lospoliticosveracruz.com\\\/#organization\"},\"potentialAction\":[{\"@type\":\"SearchAction\",\"target\":{\"@type\":\"EntryPoint\",\"urlTemplate\":\"https:\\\/\\\/lospoliticosveracruz.com\\\/?s={search_term_string}\"},\"query-input\":{\"@type\":\"PropertyValueSpecification\",\"valueRequired\":true,\"valueName\":\"search_term_string\"}}],\"inLanguage\":\"es\"},{\"@type\":\"Organization\",\"@id\":\"https:\\\/\\\/lospoliticosveracruz.com\\\/#organization\",\"name\":\"Los pol\u00edticos Veracruz\",\"url\":\"https:\\\/\\\/lospoliticosveracruz.com\\\/\",\"logo\":{\"@type\":\"ImageObject\",\"inLanguage\":\"es\",\"@id\":\"https:\\\/\\\/lospoliticosveracruz.com\\\/#\\\/schema\\\/logo\\\/image\\\/\",\"url\":\"https:\\\/\\\/lospoliticosveracruz.com\\\/wp-content\\\/uploads\\\/2025\\\/12\\\/Logo-Nuevo-LOS-POLITICOS-1.jpg\",\"contentUrl\":\"https:\\\/\\\/lospoliticosveracruz.com\\\/wp-content\\\/uploads\\\/2025\\\/12\\\/Logo-Nuevo-LOS-POLITICOS-1.jpg\",\"width\":260,\"height\":70,\"caption\":\"Los pol\u00edticos Veracruz\"},\"image\":{\"@id\":\"https:\\\/\\\/lospoliticosveracruz.com\\\/#\\\/schema\\\/logo\\\/image\\\/\"},\"sameAs\":[\"https:\\\/\\\/www.facebook.com\\\/people\\\/Notimemes-de-los-Polticos\\\/61565672886568\\\/\",\"https:\\\/\\\/x.com\\\/LosPoliticosVer\"]},{\"@type\":\"Person\",\"@id\":\"https:\\\/\\\/lospoliticosveracruz.com\\\/#\\\/schema\\\/person\\\/b8702bb0e538456e6efd07080bf2a4a2\",\"name\":\"Lo viste en Los Pol\u00edticos\",\"image\":{\"@type\":\"ImageObject\",\"inLanguage\":\"es\",\"@id\":\"https:\\\/\\\/secure.gravatar.com\\\/avatar\\\/3a8de04a2656d44082be478bd6c086daa447c4651605818287b9532d3d0bd435?s=96&d=mm&r=g\",\"url\":\"https:\\\/\\\/secure.gravatar.com\\\/avatar\\\/3a8de04a2656d44082be478bd6c086daa447c4651605818287b9532d3d0bd435?s=96&d=mm&r=g\",\"contentUrl\":\"https:\\\/\\\/secure.gravatar.com\\\/avatar\\\/3a8de04a2656d44082be478bd6c086daa447c4651605818287b9532d3d0bd435?s=96&d=mm&r=g\",\"caption\":\"Lo viste en Los Pol\u00edticos\"},\"url\":\"https:\\\/\\\/lospoliticosveracruz.com\\\/?author=2\"}]}<\/script>\n<!-- \/ Yoast SEO plugin. -->","yoast_head_json":{"title":"Lamentos y lloriqueos - Los pol\u00edticos Veracruz","robots":{"index":"index","follow":"follow","max-snippet":"max-snippet:-1","max-image-preview":"max-image-preview:large","max-video-preview":"max-video-preview:-1"},"canonical":"https:\/\/lospoliticosveracruz.com\/?p=68412","og_locale":"es_ES","og_type":"article","og_title":"Lamentos y lloriqueos - Los pol\u00edticos Veracruz","og_description":"&nbsp; Felipe de Jes\u00fas Fern\u00e1ndez Basilio Desde a Janela Cuando todo lo que uno hace sale mal, la primera reacci\u00f3n que viene a la mente por ser la m\u00e1s f\u00e1cil de implementar es lamentar la situaci\u00f3n y obviamente entre lloriqueos buscar a quien echarle la culpa de la desgracia. Lo malo de optar por esa [&hellip;]","og_url":"https:\/\/lospoliticosveracruz.com\/?p=68412","og_site_name":"Los pol\u00edticos Veracruz","article_publisher":"https:\/\/www.facebook.com\/people\/Notimemes-de-los-Polticos\/61565672886568\/","article_published_time":"2021-02-19T16:09:08+00:00","og_image":[{"width":200,"height":200,"url":"https:\/\/lospoliticosveracruz.com\/wp-content\/uploads\/2016\/07\/Logo-Dor.jpg","type":"image\/jpeg"}],"author":"Lo viste en Los Pol\u00edticos","twitter_card":"summary_large_image","twitter_creator":"@LosPoliticosVer","twitter_site":"@LosPoliticosVer","twitter_misc":{"Escrito por":"Lo viste en Los Pol\u00edticos","Tiempo de lectura":"6 minutos"},"schema":{"@context":"https:\/\/schema.org","@graph":[{"@type":"Article","@id":"https:\/\/lospoliticosveracruz.com\/?p=68412#article","isPartOf":{"@id":"https:\/\/lospoliticosveracruz.com\/?p=68412"},"author":{"name":"Lo viste en Los Pol\u00edticos","@id":"https:\/\/lospoliticosveracruz.com\/#\/schema\/person\/b8702bb0e538456e6efd07080bf2a4a2"},"headline":"Lamentos y lloriqueos","datePublished":"2021-02-19T16:09:08+00:00","mainEntityOfPage":{"@id":"https:\/\/lospoliticosveracruz.com\/?p=68412"},"wordCount":1209,"commentCount":0,"publisher":{"@id":"https:\/\/lospoliticosveracruz.com\/#organization"},"keywords":["canciller Ebrard","Covid 19","Marcelo Ebrard","M\u00e9xico","ONU","Vacunaci\u00f3n"],"articleSection":["De Opini\u00f3n"],"inLanguage":"es","potentialAction":[{"@type":"CommentAction","name":"Comment","target":["https:\/\/lospoliticosveracruz.com\/?p=68412#respond"]}]},{"@type":"WebPage","@id":"https:\/\/lospoliticosveracruz.com\/?p=68412","url":"https:\/\/lospoliticosveracruz.com\/?p=68412","name":"Lamentos y lloriqueos - Los pol\u00edticos Veracruz","isPartOf":{"@id":"https:\/\/lospoliticosveracruz.com\/#website"},"datePublished":"2021-02-19T16:09:08+00:00","breadcrumb":{"@id":"https:\/\/lospoliticosveracruz.com\/?p=68412#breadcrumb"},"inLanguage":"es","potentialAction":[{"@type":"ReadAction","target":["https:\/\/lospoliticosveracruz.com\/?p=68412"]}]},{"@type":"BreadcrumbList","@id":"https:\/\/lospoliticosveracruz.com\/?p=68412#breadcrumb","itemListElement":[{"@type":"ListItem","position":1,"name":"Portada","item":"https:\/\/lospoliticosveracruz.com\/"},{"@type":"ListItem","position":2,"name":"Lamentos y lloriqueos"}]},{"@type":"WebSite","@id":"https:\/\/lospoliticosveracruz.com\/#website","url":"https:\/\/lospoliticosveracruz.com\/","name":"Los pol\u00edticos Veracruz","description":"","publisher":{"@id":"https:\/\/lospoliticosveracruz.com\/#organization"},"potentialAction":[{"@type":"SearchAction","target":{"@type":"EntryPoint","urlTemplate":"https:\/\/lospoliticosveracruz.com\/?s={search_term_string}"},"query-input":{"@type":"PropertyValueSpecification","valueRequired":true,"valueName":"search_term_string"}}],"inLanguage":"es"},{"@type":"Organization","@id":"https:\/\/lospoliticosveracruz.com\/#organization","name":"Los pol\u00edticos Veracruz","url":"https:\/\/lospoliticosveracruz.com\/","logo":{"@type":"ImageObject","inLanguage":"es","@id":"https:\/\/lospoliticosveracruz.com\/#\/schema\/logo\/image\/","url":"https:\/\/lospoliticosveracruz.com\/wp-content\/uploads\/2025\/12\/Logo-Nuevo-LOS-POLITICOS-1.jpg","contentUrl":"https:\/\/lospoliticosveracruz.com\/wp-content\/uploads\/2025\/12\/Logo-Nuevo-LOS-POLITICOS-1.jpg","width":260,"height":70,"caption":"Los pol\u00edticos Veracruz"},"image":{"@id":"https:\/\/lospoliticosveracruz.com\/#\/schema\/logo\/image\/"},"sameAs":["https:\/\/www.facebook.com\/people\/Notimemes-de-los-Polticos\/61565672886568\/","https:\/\/x.com\/LosPoliticosVer"]},{"@type":"Person","@id":"https:\/\/lospoliticosveracruz.com\/#\/schema\/person\/b8702bb0e538456e6efd07080bf2a4a2","name":"Lo viste en Los Pol\u00edticos","image":{"@type":"ImageObject","inLanguage":"es","@id":"https:\/\/secure.gravatar.com\/avatar\/3a8de04a2656d44082be478bd6c086daa447c4651605818287b9532d3d0bd435?s=96&d=mm&r=g","url":"https:\/\/secure.gravatar.com\/avatar\/3a8de04a2656d44082be478bd6c086daa447c4651605818287b9532d3d0bd435?s=96&d=mm&r=g","contentUrl":"https:\/\/secure.gravatar.com\/avatar\/3a8de04a2656d44082be478bd6c086daa447c4651605818287b9532d3d0bd435?s=96&d=mm&r=g","caption":"Lo viste en Los Pol\u00edticos"},"url":"https:\/\/lospoliticosveracruz.com\/?author=2"}]}},"_links":{"self":[{"href":"https:\/\/lospoliticosveracruz.com\/index.php?rest_route=\/wp\/v2\/posts\/68412","targetHints":{"allow":["GET"]}}],"collection":[{"href":"https:\/\/lospoliticosveracruz.com\/index.php?rest_route=\/wp\/v2\/posts"}],"about":[{"href":"https:\/\/lospoliticosveracruz.com\/index.php?rest_route=\/wp\/v2\/types\/post"}],"author":[{"embeddable":true,"href":"https:\/\/lospoliticosveracruz.com\/index.php?rest_route=\/wp\/v2\/users\/2"}],"replies":[{"embeddable":true,"href":"https:\/\/lospoliticosveracruz.com\/index.php?rest_route=%2Fwp%2Fv2%2Fcomments&post=68412"}],"version-history":[{"count":1,"href":"https:\/\/lospoliticosveracruz.com\/index.php?rest_route=\/wp\/v2\/posts\/68412\/revisions"}],"predecessor-version":[{"id":68417,"href":"https:\/\/lospoliticosveracruz.com\/index.php?rest_route=\/wp\/v2\/posts\/68412\/revisions\/68417"}],"wp:attachment":[{"href":"https:\/\/lospoliticosveracruz.com\/index.php?rest_route=%2Fwp%2Fv2%2Fmedia&parent=68412"}],"wp:term":[{"taxonomy":"category","embeddable":true,"href":"https:\/\/lospoliticosveracruz.com\/index.php?rest_route=%2Fwp%2Fv2%2Fcategories&post=68412"},{"taxonomy":"post_tag","embeddable":true,"href":"https:\/\/lospoliticosveracruz.com\/index.php?rest_route=%2Fwp%2Fv2%2Ftags&post=68412"}],"curies":[{"name":"wp","href":"https:\/\/api.w.org\/{rel}","templated":true}]}}