{"id":68419,"date":"2021-02-19T10:38:01","date_gmt":"2021-02-19T16:38:01","guid":{"rendered":"http:\/\/www.lospoliticosveracruz.com.mx\/?p=68419"},"modified":"2021-02-19T10:38:01","modified_gmt":"2021-02-19T16:38:01","slug":"carrasco-bastida-y-moreno","status":"publish","type":"post","link":"https:\/\/lospoliticosveracruz.com\/?p=68419","title":{"rendered":"Carrasco, Bastida y Moreno"},"content":{"rendered":"<p><strong>Sergio Gonz\u00e1lez Levet<\/strong><\/p>\n<p><em>Sin tacto<\/em><\/p>\n<p>Mi sentida condolencia para el compa\u00f1ero \u00bfy amigo Ra\u00fal Olivares. Que la fe y la resignaci\u00f3n sean pronto.<\/p>\n<p>Lo que son las cosas: los morrenistas veracruzanos, que andan buscando hasta por debajo de las piedras buenos candidatos y no dan con ellos, tienen para el distrito local de Misantla tres aspirantes de gran peso y presencia.<br \/>\n\tEn una de \u00e9sas, los seguidores de la 4T no completan otros tres de ese tama\u00f1o en todo el estado.<br \/>\n\tSon el profesor misanteco Gustavo Moreno Ramos, el alcalde veguense Rom\u00e1n Bastida Huesca y el exitoso emprendedor de Juchique Rub\u00e9n carrasco Mora.<br \/>\n\tY s\u00ed, para determinar al candidato de la coalici\u00f3n Morena-Verde-PT se van a ir a una encuesta, y el pron\u00f3stico est\u00e1 muy cerrado.<br \/>\n\tEl profesor Gustavo Moreno Ramos es \u00abel\u00bb referente electoral en Misantla. Son famosos sus triunfos contra la fuerza de Juan Nicol\u00e1s Callejas y Arroyo, a quien dobleg\u00f3 en cuantas veces se enfrentaron en las urnas con candidatos diferentes y encontrados. En la \u00faltima, don Gustavo mand\u00f3 hasta el tercer lugar a Ricardo, el propio hermano de quien fuera por tantos a\u00f1os l\u00edder moral e indiscutido del magisterio estatal.<br \/>\n\tEn Misantla, muchos quieren que Moreno Ramos compita para la presidencia municipal, y eso garantizar\u00eda un ayuntamiento para el movimiento de L\u00f3pez Obrador, al que al parecer no le ir\u00e1 muy bien en los comicios del primer domingo de junio.<br \/>\n\tCuenta el querido profesor con el apoyo del s\u00faper delegado Manuel Huerta Ladr\u00f3n de Guevara, lo que no se sabe si es un punto a su favor, o en contra.<br \/>\n\tRom\u00e1n Bastida Huesca est\u00e1 haciendo tambi\u00e9n una buena alcald\u00eda en esta segunda ocasi\u00f3n en que est\u00e1 al frente del Ayuntamiento de Vega de Alatorre. Si la encuesta fuera exclusivamente en su pueblo natal, ganar\u00eda de calle, pero se equilibra con los otros 17 municipios que integran el vasto distrito VIII de Misantla.<br \/>\n\tPor cierto, pareciera que Vega est\u00e1 dividido en la temporalidad entre Rom\u00e1n y Marilda Elisa Rodr\u00edguez Aguirre, quien busca nuevamente ser candidata a alcaldesa, con muchas probabilidades de \u00e9xito, porque es querida y bien recordada por sus paisanos\u2026 y por la historia.<br \/>\n\tPor \u00faltimo, pero no al final, Rub\u00e9n Dar\u00edo Carrasco Mora, que tiene nombre de poeta, es una esperanza viva hacia el futuro.<br \/>\n\tTodo un self made man -como dicen los gringos- labr\u00f3 su historia personal en el esfuerzo, el trabajo y la disciplina, que empez\u00f3 desde su infancia en las calles para sobrevivir como los grandes y en las pistas de atletismo para sobresalir como un ateta destacado, velocista, insuperable en los 200 y los 400 metros planos.<br \/>\n\tVa Rub\u00e9n por el Partido del Trabajo, en el que milita destacadamente Ana Guevara, que fue su compa\u00f1era de entrenamientos y sigue siendo una amiga que le tiende su apoyo e impulsa esta otra carrera suya.<br \/>\n\tEl Coyame es terriblemente competitivo, como buen deportista de alto nivel, y su especialidad son los cierres. Por eso, est\u00e1 avanzando en puntos y en una de \u00e9sas da la primera sorpresa y vence a sus experimentados rivales.<br \/>\n\tLa otra sorpresa ser\u00eda su desempe\u00f1o como diputado, pues promete hacer cosas in\u00e9ditas y apoyar a Misantla como nunca.<br \/>\n\tEsperemos las v\u00edsperas, y los resultados.<\/p>\n<p>sglevet@gmail.com<\/p>\n","protected":false},"excerpt":{"rendered":"<p>Sergio Gonz\u00e1lez Levet Sin tacto Mi sentida condolencia para el compa\u00f1ero \u00bfy amigo Ra\u00fal Olivares. Que la fe y la resignaci\u00f3n sean pronto. Lo que son las cosas: los morrenistas veracruzanos, que andan buscando hasta por debajo de las piedras buenos candidatos y no dan con ellos, tienen para el distrito local de Misantla tres [&hellip;]<\/p>\n","protected":false},"author":2,"featured_media":0,"comment_status":"open","ping_status":"open","sticky":false,"template":"","format":"standard","meta":{"tdm_status":"","tdm_grid_status":"","footnotes":""},"categories":[70],"tags":[17426,8033,1850,14308,201,1026,4980],"class_list":{"0":"post-68419","1":"post","2":"type-post","3":"status-publish","4":"format-standard","6":"category-de-opinion","7":"tag-4t","8":"tag-gustavo-moreno-ramos","9":"tag-manuel-huerta-ladron-de-guevara","10":"tag-marilda-elisa-rodriguez-aguirre","11":"tag-misantla","12":"tag-morena","13":"tag-roman-bastida-huesca"},"yoast_head":"<!-- This site is optimized with the Yoast SEO plugin v27.4 - https:\/\/yoast.com\/product\/yoast-seo-wordpress\/ -->\n<title>Carrasco, Bastida y Moreno - Los pol\u00edticos Veracruz<\/title>\n<meta name=\"robots\" content=\"index, follow, max-snippet:-1, max-image-preview:large, max-video-preview:-1\" \/>\n<link rel=\"canonical\" href=\"https:\/\/lospoliticosveracruz.com\/?p=68419\" \/>\n<meta property=\"og:locale\" content=\"es_ES\" \/>\n<meta property=\"og:type\" content=\"article\" \/>\n<meta property=\"og:title\" content=\"Carrasco, Bastida y Moreno - Los pol\u00edticos Veracruz\" \/>\n<meta property=\"og:description\" content=\"Sergio Gonz\u00e1lez Levet Sin tacto Mi sentida condolencia para el compa\u00f1ero \u00bfy amigo Ra\u00fal Olivares. Que la fe y la resignaci\u00f3n sean pronto. Lo que son las cosas: los morrenistas veracruzanos, que andan buscando hasta por debajo de las piedras buenos candidatos y no dan con ellos, tienen para el distrito local de Misantla tres [&hellip;]\" \/>\n<meta property=\"og:url\" content=\"https:\/\/lospoliticosveracruz.com\/?p=68419\" \/>\n<meta property=\"og:site_name\" content=\"Los pol\u00edticos Veracruz\" \/>\n<meta property=\"article:publisher\" content=\"https:\/\/www.facebook.com\/people\/Notimemes-de-los-Polticos\/61565672886568\/\" \/>\n<meta property=\"article:published_time\" content=\"2021-02-19T16:38:01+00:00\" \/>\n<meta property=\"og:image\" content=\"https:\/\/lospoliticosveracruz.com\/wp-content\/uploads\/2016\/07\/Logo-Dor.jpg\" \/>\n\t<meta property=\"og:image:width\" content=\"200\" \/>\n\t<meta property=\"og:image:height\" content=\"200\" \/>\n\t<meta property=\"og:image:type\" content=\"image\/jpeg\" \/>\n<meta name=\"author\" content=\"Lo viste en Los Pol\u00edticos\" \/>\n<meta name=\"twitter:card\" content=\"summary_large_image\" \/>\n<meta name=\"twitter:creator\" content=\"@LosPoliticosVer\" \/>\n<meta name=\"twitter:site\" content=\"@LosPoliticosVer\" \/>\n<meta name=\"twitter:label1\" content=\"Escrito por\" \/>\n\t<meta name=\"twitter:data1\" content=\"Lo viste en Los Pol\u00edticos\" \/>\n\t<meta name=\"twitter:label2\" content=\"Tiempo de lectura\" \/>\n\t<meta name=\"twitter:data2\" content=\"3 minutos\" \/>\n<script type=\"application\/ld+json\" class=\"yoast-schema-graph\">{\"@context\":\"https:\\\/\\\/schema.org\",\"@graph\":[{\"@type\":\"Article\",\"@id\":\"https:\\\/\\\/lospoliticosveracruz.com\\\/?p=68419#article\",\"isPartOf\":{\"@id\":\"https:\\\/\\\/lospoliticosveracruz.com\\\/?p=68419\"},\"author\":{\"name\":\"Lo viste en Los Pol\u00edticos\",\"@id\":\"https:\\\/\\\/lospoliticosveracruz.com\\\/#\\\/schema\\\/person\\\/b8702bb0e538456e6efd07080bf2a4a2\"},\"headline\":\"Carrasco, Bastida y Moreno\",\"datePublished\":\"2021-02-19T16:38:01+00:00\",\"mainEntityOfPage\":{\"@id\":\"https:\\\/\\\/lospoliticosveracruz.com\\\/?p=68419\"},\"wordCount\":570,\"commentCount\":0,\"publisher\":{\"@id\":\"https:\\\/\\\/lospoliticosveracruz.com\\\/#organization\"},\"keywords\":[\"4T\",\"Gustavo Moreno Ramos\",\"Manuel Huerta Ladr\u00f3n de Guevara\",\"Marilda Elisa Rodr\u00edguez Aguirre\",\"Misantla\",\"Morena\",\"Rom\u00e1n Bastida Huesca\"],\"articleSection\":[\"De Opini\u00f3n\"],\"inLanguage\":\"es\",\"potentialAction\":[{\"@type\":\"CommentAction\",\"name\":\"Comment\",\"target\":[\"https:\\\/\\\/lospoliticosveracruz.com\\\/?p=68419#respond\"]}]},{\"@type\":\"WebPage\",\"@id\":\"https:\\\/\\\/lospoliticosveracruz.com\\\/?p=68419\",\"url\":\"https:\\\/\\\/lospoliticosveracruz.com\\\/?p=68419\",\"name\":\"Carrasco, Bastida y Moreno - Los pol\u00edticos Veracruz\",\"isPartOf\":{\"@id\":\"https:\\\/\\\/lospoliticosveracruz.com\\\/#website\"},\"datePublished\":\"2021-02-19T16:38:01+00:00\",\"breadcrumb\":{\"@id\":\"https:\\\/\\\/lospoliticosveracruz.com\\\/?p=68419#breadcrumb\"},\"inLanguage\":\"es\",\"potentialAction\":[{\"@type\":\"ReadAction\",\"target\":[\"https:\\\/\\\/lospoliticosveracruz.com\\\/?p=68419\"]}]},{\"@type\":\"BreadcrumbList\",\"@id\":\"https:\\\/\\\/lospoliticosveracruz.com\\\/?p=68419#breadcrumb\",\"itemListElement\":[{\"@type\":\"ListItem\",\"position\":1,\"name\":\"Portada\",\"item\":\"https:\\\/\\\/lospoliticosveracruz.com\\\/\"},{\"@type\":\"ListItem\",\"position\":2,\"name\":\"Carrasco, Bastida y Moreno\"}]},{\"@type\":\"WebSite\",\"@id\":\"https:\\\/\\\/lospoliticosveracruz.com\\\/#website\",\"url\":\"https:\\\/\\\/lospoliticosveracruz.com\\\/\",\"name\":\"Los pol\u00edticos Veracruz\",\"description\":\"\",\"publisher\":{\"@id\":\"https:\\\/\\\/lospoliticosveracruz.com\\\/#organization\"},\"potentialAction\":[{\"@type\":\"SearchAction\",\"target\":{\"@type\":\"EntryPoint\",\"urlTemplate\":\"https:\\\/\\\/lospoliticosveracruz.com\\\/?s={search_term_string}\"},\"query-input\":{\"@type\":\"PropertyValueSpecification\",\"valueRequired\":true,\"valueName\":\"search_term_string\"}}],\"inLanguage\":\"es\"},{\"@type\":\"Organization\",\"@id\":\"https:\\\/\\\/lospoliticosveracruz.com\\\/#organization\",\"name\":\"Los pol\u00edticos Veracruz\",\"url\":\"https:\\\/\\\/lospoliticosveracruz.com\\\/\",\"logo\":{\"@type\":\"ImageObject\",\"inLanguage\":\"es\",\"@id\":\"https:\\\/\\\/lospoliticosveracruz.com\\\/#\\\/schema\\\/logo\\\/image\\\/\",\"url\":\"https:\\\/\\\/lospoliticosveracruz.com\\\/wp-content\\\/uploads\\\/2025\\\/12\\\/Logo-Nuevo-LOS-POLITICOS-1.jpg\",\"contentUrl\":\"https:\\\/\\\/lospoliticosveracruz.com\\\/wp-content\\\/uploads\\\/2025\\\/12\\\/Logo-Nuevo-LOS-POLITICOS-1.jpg\",\"width\":260,\"height\":70,\"caption\":\"Los pol\u00edticos Veracruz\"},\"image\":{\"@id\":\"https:\\\/\\\/lospoliticosveracruz.com\\\/#\\\/schema\\\/logo\\\/image\\\/\"},\"sameAs\":[\"https:\\\/\\\/www.facebook.com\\\/people\\\/Notimemes-de-los-Polticos\\\/61565672886568\\\/\",\"https:\\\/\\\/x.com\\\/LosPoliticosVer\"]},{\"@type\":\"Person\",\"@id\":\"https:\\\/\\\/lospoliticosveracruz.com\\\/#\\\/schema\\\/person\\\/b8702bb0e538456e6efd07080bf2a4a2\",\"name\":\"Lo viste en Los Pol\u00edticos\",\"image\":{\"@type\":\"ImageObject\",\"inLanguage\":\"es\",\"@id\":\"https:\\\/\\\/secure.gravatar.com\\\/avatar\\\/3a8de04a2656d44082be478bd6c086daa447c4651605818287b9532d3d0bd435?s=96&d=mm&r=g\",\"url\":\"https:\\\/\\\/secure.gravatar.com\\\/avatar\\\/3a8de04a2656d44082be478bd6c086daa447c4651605818287b9532d3d0bd435?s=96&d=mm&r=g\",\"contentUrl\":\"https:\\\/\\\/secure.gravatar.com\\\/avatar\\\/3a8de04a2656d44082be478bd6c086daa447c4651605818287b9532d3d0bd435?s=96&d=mm&r=g\",\"caption\":\"Lo viste en Los Pol\u00edticos\"},\"url\":\"https:\\\/\\\/lospoliticosveracruz.com\\\/?author=2\"}]}<\/script>\n<!-- \/ Yoast SEO plugin. -->","yoast_head_json":{"title":"Carrasco, Bastida y Moreno - Los pol\u00edticos Veracruz","robots":{"index":"index","follow":"follow","max-snippet":"max-snippet:-1","max-image-preview":"max-image-preview:large","max-video-preview":"max-video-preview:-1"},"canonical":"https:\/\/lospoliticosveracruz.com\/?p=68419","og_locale":"es_ES","og_type":"article","og_title":"Carrasco, Bastida y Moreno - Los pol\u00edticos Veracruz","og_description":"Sergio Gonz\u00e1lez Levet Sin tacto Mi sentida condolencia para el compa\u00f1ero \u00bfy amigo Ra\u00fal Olivares. Que la fe y la resignaci\u00f3n sean pronto. Lo que son las cosas: los morrenistas veracruzanos, que andan buscando hasta por debajo de las piedras buenos candidatos y no dan con ellos, tienen para el distrito local de Misantla tres [&hellip;]","og_url":"https:\/\/lospoliticosveracruz.com\/?p=68419","og_site_name":"Los pol\u00edticos Veracruz","article_publisher":"https:\/\/www.facebook.com\/people\/Notimemes-de-los-Polticos\/61565672886568\/","article_published_time":"2021-02-19T16:38:01+00:00","og_image":[{"width":200,"height":200,"url":"https:\/\/lospoliticosveracruz.com\/wp-content\/uploads\/2016\/07\/Logo-Dor.jpg","type":"image\/jpeg"}],"author":"Lo viste en Los Pol\u00edticos","twitter_card":"summary_large_image","twitter_creator":"@LosPoliticosVer","twitter_site":"@LosPoliticosVer","twitter_misc":{"Escrito por":"Lo viste en Los Pol\u00edticos","Tiempo de lectura":"3 minutos"},"schema":{"@context":"https:\/\/schema.org","@graph":[{"@type":"Article","@id":"https:\/\/lospoliticosveracruz.com\/?p=68419#article","isPartOf":{"@id":"https:\/\/lospoliticosveracruz.com\/?p=68419"},"author":{"name":"Lo viste en Los Pol\u00edticos","@id":"https:\/\/lospoliticosveracruz.com\/#\/schema\/person\/b8702bb0e538456e6efd07080bf2a4a2"},"headline":"Carrasco, Bastida y Moreno","datePublished":"2021-02-19T16:38:01+00:00","mainEntityOfPage":{"@id":"https:\/\/lospoliticosveracruz.com\/?p=68419"},"wordCount":570,"commentCount":0,"publisher":{"@id":"https:\/\/lospoliticosveracruz.com\/#organization"},"keywords":["4T","Gustavo Moreno Ramos","Manuel Huerta Ladr\u00f3n de Guevara","Marilda Elisa Rodr\u00edguez Aguirre","Misantla","Morena","Rom\u00e1n Bastida Huesca"],"articleSection":["De Opini\u00f3n"],"inLanguage":"es","potentialAction":[{"@type":"CommentAction","name":"Comment","target":["https:\/\/lospoliticosveracruz.com\/?p=68419#respond"]}]},{"@type":"WebPage","@id":"https:\/\/lospoliticosveracruz.com\/?p=68419","url":"https:\/\/lospoliticosveracruz.com\/?p=68419","name":"Carrasco, Bastida y Moreno - Los pol\u00edticos Veracruz","isPartOf":{"@id":"https:\/\/lospoliticosveracruz.com\/#website"},"datePublished":"2021-02-19T16:38:01+00:00","breadcrumb":{"@id":"https:\/\/lospoliticosveracruz.com\/?p=68419#breadcrumb"},"inLanguage":"es","potentialAction":[{"@type":"ReadAction","target":["https:\/\/lospoliticosveracruz.com\/?p=68419"]}]},{"@type":"BreadcrumbList","@id":"https:\/\/lospoliticosveracruz.com\/?p=68419#breadcrumb","itemListElement":[{"@type":"ListItem","position":1,"name":"Portada","item":"https:\/\/lospoliticosveracruz.com\/"},{"@type":"ListItem","position":2,"name":"Carrasco, Bastida y Moreno"}]},{"@type":"WebSite","@id":"https:\/\/lospoliticosveracruz.com\/#website","url":"https:\/\/lospoliticosveracruz.com\/","name":"Los pol\u00edticos Veracruz","description":"","publisher":{"@id":"https:\/\/lospoliticosveracruz.com\/#organization"},"potentialAction":[{"@type":"SearchAction","target":{"@type":"EntryPoint","urlTemplate":"https:\/\/lospoliticosveracruz.com\/?s={search_term_string}"},"query-input":{"@type":"PropertyValueSpecification","valueRequired":true,"valueName":"search_term_string"}}],"inLanguage":"es"},{"@type":"Organization","@id":"https:\/\/lospoliticosveracruz.com\/#organization","name":"Los pol\u00edticos Veracruz","url":"https:\/\/lospoliticosveracruz.com\/","logo":{"@type":"ImageObject","inLanguage":"es","@id":"https:\/\/lospoliticosveracruz.com\/#\/schema\/logo\/image\/","url":"https:\/\/lospoliticosveracruz.com\/wp-content\/uploads\/2025\/12\/Logo-Nuevo-LOS-POLITICOS-1.jpg","contentUrl":"https:\/\/lospoliticosveracruz.com\/wp-content\/uploads\/2025\/12\/Logo-Nuevo-LOS-POLITICOS-1.jpg","width":260,"height":70,"caption":"Los pol\u00edticos Veracruz"},"image":{"@id":"https:\/\/lospoliticosveracruz.com\/#\/schema\/logo\/image\/"},"sameAs":["https:\/\/www.facebook.com\/people\/Notimemes-de-los-Polticos\/61565672886568\/","https:\/\/x.com\/LosPoliticosVer"]},{"@type":"Person","@id":"https:\/\/lospoliticosveracruz.com\/#\/schema\/person\/b8702bb0e538456e6efd07080bf2a4a2","name":"Lo viste en Los Pol\u00edticos","image":{"@type":"ImageObject","inLanguage":"es","@id":"https:\/\/secure.gravatar.com\/avatar\/3a8de04a2656d44082be478bd6c086daa447c4651605818287b9532d3d0bd435?s=96&d=mm&r=g","url":"https:\/\/secure.gravatar.com\/avatar\/3a8de04a2656d44082be478bd6c086daa447c4651605818287b9532d3d0bd435?s=96&d=mm&r=g","contentUrl":"https:\/\/secure.gravatar.com\/avatar\/3a8de04a2656d44082be478bd6c086daa447c4651605818287b9532d3d0bd435?s=96&d=mm&r=g","caption":"Lo viste en Los Pol\u00edticos"},"url":"https:\/\/lospoliticosveracruz.com\/?author=2"}]}},"_links":{"self":[{"href":"https:\/\/lospoliticosveracruz.com\/index.php?rest_route=\/wp\/v2\/posts\/68419","targetHints":{"allow":["GET"]}}],"collection":[{"href":"https:\/\/lospoliticosveracruz.com\/index.php?rest_route=\/wp\/v2\/posts"}],"about":[{"href":"https:\/\/lospoliticosveracruz.com\/index.php?rest_route=\/wp\/v2\/types\/post"}],"author":[{"embeddable":true,"href":"https:\/\/lospoliticosveracruz.com\/index.php?rest_route=\/wp\/v2\/users\/2"}],"replies":[{"embeddable":true,"href":"https:\/\/lospoliticosveracruz.com\/index.php?rest_route=%2Fwp%2Fv2%2Fcomments&post=68419"}],"version-history":[{"count":1,"href":"https:\/\/lospoliticosveracruz.com\/index.php?rest_route=\/wp\/v2\/posts\/68419\/revisions"}],"predecessor-version":[{"id":68421,"href":"https:\/\/lospoliticosveracruz.com\/index.php?rest_route=\/wp\/v2\/posts\/68419\/revisions\/68421"}],"wp:attachment":[{"href":"https:\/\/lospoliticosveracruz.com\/index.php?rest_route=%2Fwp%2Fv2%2Fmedia&parent=68419"}],"wp:term":[{"taxonomy":"category","embeddable":true,"href":"https:\/\/lospoliticosveracruz.com\/index.php?rest_route=%2Fwp%2Fv2%2Fcategories&post=68419"},{"taxonomy":"post_tag","embeddable":true,"href":"https:\/\/lospoliticosveracruz.com\/index.php?rest_route=%2Fwp%2Fv2%2Ftags&post=68419"}],"curies":[{"name":"wp","href":"https:\/\/api.w.org\/{rel}","templated":true}]}}