{"id":68429,"date":"2021-02-19T14:22:32","date_gmt":"2021-02-19T20:22:32","guid":{"rendered":"http:\/\/www.lospoliticosveracruz.com.mx\/?p=68429"},"modified":"2021-02-19T14:22:32","modified_gmt":"2021-02-19T20:22:32","slug":"en-riesgo-economia-familiar-ante-reforma-electrica-coparmex","status":"publish","type":"post","link":"https:\/\/lospoliticosveracruz.com\/?p=68429","title":{"rendered":"En riesgo econom\u00eda familiar, ante Reforma El\u00e9ctrica: Coparmex"},"content":{"rendered":"<p><strong>Ciudad de M\u00e9xico<\/strong><\/p>\n<p>Los recientes apagones y las crecientes fallas en el sistema el\u00e9ctrico nacional que est\u00e1n afectando no s\u00f3lo a las empresas sino a miles de familias, nos obligan a reflexionar si la pretensi\u00f3n de reformar la actual Ley de la Industria El\u00e9ctrica no terminar\u00e1 perjudicando a los mexicanos para beneficiar a una sola empresa, en este caso la Comisi\u00f3n Federal de Electricidad, CFE.<br \/>\nTan s\u00f3lo en estos d\u00edas, se han perdido m\u00e1s de mil 500 millones de pesos y se afect\u00f3 al 80 por ciento de las maquiladoras y sus trabajadores, a usuarios y familias completas, a enfermos cuya salud depende de aparatos el\u00e9ctricos y a peque\u00f1os y medianos emprendedores que apenas estaban reactivando sus labores tras la restricciones impuestas por los sem\u00e1foros epidemiol\u00f3gicos en color rojo.<br \/>\nEn este contexto y ante la desatenci\u00f3n a las recomendaciones emitidas en d\u00edas previos en di\u00e1logos sostenidos con representantes del Congreso de la Uni\u00f3n, los 68 centros empresariales de COPARMEX han enviado este viernes cartas a los diputados federales que representan su ciudad o entidad federativa, para advertirles de los severos da\u00f1os que puede tener la decisi\u00f3n de aprobar esa reforma tal como la envi\u00f3 la Presidencia de la Rep\u00fablica.<br \/>\nEn las misivas se deja en claro que el primer efecto pernicioso de aprobarse la iniciativa preferente en sus t\u00e9rminos, ser\u00e1 un alza en las tarifas. Estas aumentar\u00e1n 17% y el costo deber\u00e1 ser pagado por los usuarios o mediante subsidios por la Secretar\u00eda de Hacienda y Cr\u00e9dito P\u00fablico, lo que significa que a final de cuentas ser\u00e1n los mexicanos quienes asuman ese costo, ya sea en el recibo o mediante impuestos.<br \/>\nA los legisladores federales se les explic\u00f3 que con el aval a las modificaciones legales tampoco se generar\u00e1 mayor eficiencia, pues el costo total de la energ\u00eda producida por las plantas de la CFE fue 26% mayor al de la generaci\u00f3n de los productores independientes de energ\u00eda y tuvo el doble del costo obtenido en las Subastas de Largo Plazo.<br \/>\nEsto no es lo deseable, ni para el Pa\u00eds ni para los ciudadanos.<br \/>\nTanto M\u00e9xico como la CFE tienen un d\u00e9ficit de energ\u00eda \u201cbarata\u201d y en el contexto de la crisis econ\u00f3mica y sanitaria por la que atraviesa el pa\u00eds, las energ\u00edas limpias representan una gran oportunidad para que lo p\u00fablico y lo privado demuestren que no son agua y aceite, sino la palanca de desarrollo para la reactivaci\u00f3n econ\u00f3mica que tanto necesita el pa\u00eds.<br \/>\nM\u00e9xico necesita seguridad energ\u00e9tica y con los recientes apagones en diversos estados del pa\u00eds ha quedado de manifiesto que garantizar un servicio confiable, suficiente y de calidad, requiere de la participaci\u00f3n de la inversi\u00f3n privada para coadyuvar en esta meta.<br \/>\nA este diagn\u00f3stico hay que agregar que de ser aprobada la reforma corre el riesgo de ser impugnada legalmente desde el primer d\u00eda, ya que el Gobierno actual suscribi\u00f3 el T-MEC y no puede ni debe desconocer los compromisos que asumi\u00f3. En este caso, la C\u00e1mara de Comercio de Estados Unidos ha calificado al proyecto de reforma como \u201cpreocupante\u201d, ya que violar\u00eda compromisos establecidos en el Tratado trilateral, adem\u00e1s, de que aumentar\u00eda \u201csignificativamente\u201d el costo de la electricidad y limitar\u00eda el acceso a la energ\u00eda limpia para los ciudadanos de M\u00e9xico.<br \/>\nEn COPARMEX consideramos que no se trata de un debate ideol\u00f3gico, sino que se debe poner al centro de la toma de decisiones a los ciudadanos de a pie, quienes no merecen pagar tarifas m\u00e1s altas por un servicio b\u00e1sico cada vez de menor calidad.<br \/>\nEn las cartas enviadas a los diputados federales se dej\u00f3 en claro que desde COPARMEX estaremos atentos al sentido de su voto en esta agenda tan relevante, y que confiamos en que su decisi\u00f3n ser\u00e1 rechazar los t\u00e9rminos en que se encuentra la iniciativa preferente para dar pie a un espacio de an\u00e1lisis y reflexi\u00f3n m\u00e1s profunda sobre el tema que permita a los legisladores estar a la altura de los desaf\u00edos que enfrenta el pa\u00eds y de las soluciones que se requieren en beneficio exclusivo de los mexicanos y no de cualquier otro inter\u00e9s.<br \/>\nDesde nuestra Confederaci\u00f3n nos pronunciamos por preservar el Estado de Derecho, generar certidumbre a las empresas de cualquier tipo, incluyendo las de energ\u00eda, para invertir y velar siempre por el inter\u00e9s mayor, que es el de los mexicanos.<\/p>\n","protected":false},"excerpt":{"rendered":"<p>Ciudad de M\u00e9xico Los recientes apagones y las crecientes fallas en el sistema el\u00e9ctrico nacional que est\u00e1n afectando no s\u00f3lo a las empresas sino a miles de familias, nos obligan a reflexionar si la pretensi\u00f3n de reformar la actual Ley de la Industria El\u00e9ctrica no terminar\u00e1 perjudicando a los mexicanos para beneficiar a una sola [&hellip;]<\/p>\n","protected":false},"author":2,"featured_media":0,"comment_status":"open","ping_status":"open","sticky":false,"template":"","format":"standard","meta":{"tdm_status":"","tdm_grid_status":"","footnotes":""},"categories":[73],"tags":[4973,6293,26273,26272,6605,15600,15966],"class_list":{"0":"post-68429","1":"post","2":"type-post","3":"status-publish","4":"format-standard","6":"category-de-boleto","7":"tag-cfe","8":"tag-coparmex","9":"tag-energia","10":"tag-modificaciones-legales","11":"tag-secretaria-de-hacienda-y-credito-publico","12":"tag-sistema-electrico-nacional","13":"tag-t-mec"},"yoast_head":"<!-- This site is optimized with the Yoast SEO plugin v27.4 - https:\/\/yoast.com\/product\/yoast-seo-wordpress\/ -->\n<title>En riesgo econom\u00eda familiar, ante Reforma El\u00e9ctrica: Coparmex - Los pol\u00edticos Veracruz<\/title>\n<meta name=\"robots\" content=\"index, follow, max-snippet:-1, max-image-preview:large, max-video-preview:-1\" \/>\n<link rel=\"canonical\" href=\"https:\/\/lospoliticosveracruz.com\/?p=68429\" \/>\n<meta property=\"og:locale\" content=\"es_ES\" \/>\n<meta property=\"og:type\" content=\"article\" \/>\n<meta property=\"og:title\" content=\"En riesgo econom\u00eda familiar, ante Reforma El\u00e9ctrica: Coparmex - Los pol\u00edticos Veracruz\" \/>\n<meta property=\"og:description\" content=\"Ciudad de M\u00e9xico Los recientes apagones y las crecientes fallas en el sistema el\u00e9ctrico nacional que est\u00e1n afectando no s\u00f3lo a las empresas sino a miles de familias, nos obligan a reflexionar si la pretensi\u00f3n de reformar la actual Ley de la Industria El\u00e9ctrica no terminar\u00e1 perjudicando a los mexicanos para beneficiar a una sola [&hellip;]\" \/>\n<meta property=\"og:url\" content=\"https:\/\/lospoliticosveracruz.com\/?p=68429\" \/>\n<meta property=\"og:site_name\" content=\"Los pol\u00edticos Veracruz\" \/>\n<meta property=\"article:publisher\" content=\"https:\/\/www.facebook.com\/people\/Notimemes-de-los-Polticos\/61565672886568\/\" \/>\n<meta property=\"article:published_time\" content=\"2021-02-19T20:22:32+00:00\" \/>\n<meta property=\"og:image\" content=\"https:\/\/lospoliticosveracruz.com\/wp-content\/uploads\/2016\/07\/Logo-Dor.jpg\" \/>\n\t<meta property=\"og:image:width\" content=\"200\" \/>\n\t<meta property=\"og:image:height\" content=\"200\" \/>\n\t<meta property=\"og:image:type\" content=\"image\/jpeg\" \/>\n<meta name=\"author\" content=\"Lo viste en Los Pol\u00edticos\" \/>\n<meta name=\"twitter:card\" content=\"summary_large_image\" \/>\n<meta name=\"twitter:creator\" content=\"@LosPoliticosVer\" \/>\n<meta name=\"twitter:site\" content=\"@LosPoliticosVer\" \/>\n<meta name=\"twitter:label1\" content=\"Escrito por\" \/>\n\t<meta name=\"twitter:data1\" content=\"Lo viste en Los Pol\u00edticos\" \/>\n\t<meta name=\"twitter:label2\" content=\"Tiempo de lectura\" \/>\n\t<meta name=\"twitter:data2\" content=\"4 minutos\" \/>\n<script type=\"application\/ld+json\" class=\"yoast-schema-graph\">{\"@context\":\"https:\\\/\\\/schema.org\",\"@graph\":[{\"@type\":\"Article\",\"@id\":\"https:\\\/\\\/lospoliticosveracruz.com\\\/?p=68429#article\",\"isPartOf\":{\"@id\":\"https:\\\/\\\/lospoliticosveracruz.com\\\/?p=68429\"},\"author\":{\"name\":\"Lo viste en Los Pol\u00edticos\",\"@id\":\"https:\\\/\\\/lospoliticosveracruz.com\\\/#\\\/schema\\\/person\\\/b8702bb0e538456e6efd07080bf2a4a2\"},\"headline\":\"En riesgo econom\u00eda familiar, ante Reforma El\u00e9ctrica: Coparmex\",\"datePublished\":\"2021-02-19T20:22:32+00:00\",\"mainEntityOfPage\":{\"@id\":\"https:\\\/\\\/lospoliticosveracruz.com\\\/?p=68429\"},\"wordCount\":789,\"commentCount\":0,\"publisher\":{\"@id\":\"https:\\\/\\\/lospoliticosveracruz.com\\\/#organization\"},\"keywords\":[\"CFE\",\"Coparmex\",\"Energ\u00eda\",\"Modificaciones legales\",\"Secretar\u00eda de Hacienda y Cr\u00e9dito P\u00fablico\",\"Sistema El\u00e9ctrico Nacional\",\"T-MEC\"],\"articleSection\":[\"De Boleto\"],\"inLanguage\":\"es\",\"potentialAction\":[{\"@type\":\"CommentAction\",\"name\":\"Comment\",\"target\":[\"https:\\\/\\\/lospoliticosveracruz.com\\\/?p=68429#respond\"]}]},{\"@type\":\"WebPage\",\"@id\":\"https:\\\/\\\/lospoliticosveracruz.com\\\/?p=68429\",\"url\":\"https:\\\/\\\/lospoliticosveracruz.com\\\/?p=68429\",\"name\":\"En riesgo econom\u00eda familiar, ante Reforma El\u00e9ctrica: Coparmex - Los pol\u00edticos Veracruz\",\"isPartOf\":{\"@id\":\"https:\\\/\\\/lospoliticosveracruz.com\\\/#website\"},\"datePublished\":\"2021-02-19T20:22:32+00:00\",\"breadcrumb\":{\"@id\":\"https:\\\/\\\/lospoliticosveracruz.com\\\/?p=68429#breadcrumb\"},\"inLanguage\":\"es\",\"potentialAction\":[{\"@type\":\"ReadAction\",\"target\":[\"https:\\\/\\\/lospoliticosveracruz.com\\\/?p=68429\"]}]},{\"@type\":\"BreadcrumbList\",\"@id\":\"https:\\\/\\\/lospoliticosveracruz.com\\\/?p=68429#breadcrumb\",\"itemListElement\":[{\"@type\":\"ListItem\",\"position\":1,\"name\":\"Portada\",\"item\":\"https:\\\/\\\/lospoliticosveracruz.com\\\/\"},{\"@type\":\"ListItem\",\"position\":2,\"name\":\"En riesgo econom\u00eda familiar, ante Reforma El\u00e9ctrica: Coparmex\"}]},{\"@type\":\"WebSite\",\"@id\":\"https:\\\/\\\/lospoliticosveracruz.com\\\/#website\",\"url\":\"https:\\\/\\\/lospoliticosveracruz.com\\\/\",\"name\":\"Los pol\u00edticos Veracruz\",\"description\":\"\",\"publisher\":{\"@id\":\"https:\\\/\\\/lospoliticosveracruz.com\\\/#organization\"},\"potentialAction\":[{\"@type\":\"SearchAction\",\"target\":{\"@type\":\"EntryPoint\",\"urlTemplate\":\"https:\\\/\\\/lospoliticosveracruz.com\\\/?s={search_term_string}\"},\"query-input\":{\"@type\":\"PropertyValueSpecification\",\"valueRequired\":true,\"valueName\":\"search_term_string\"}}],\"inLanguage\":\"es\"},{\"@type\":\"Organization\",\"@id\":\"https:\\\/\\\/lospoliticosveracruz.com\\\/#organization\",\"name\":\"Los pol\u00edticos Veracruz\",\"url\":\"https:\\\/\\\/lospoliticosveracruz.com\\\/\",\"logo\":{\"@type\":\"ImageObject\",\"inLanguage\":\"es\",\"@id\":\"https:\\\/\\\/lospoliticosveracruz.com\\\/#\\\/schema\\\/logo\\\/image\\\/\",\"url\":\"https:\\\/\\\/lospoliticosveracruz.com\\\/wp-content\\\/uploads\\\/2025\\\/12\\\/Logo-Nuevo-LOS-POLITICOS-1.jpg\",\"contentUrl\":\"https:\\\/\\\/lospoliticosveracruz.com\\\/wp-content\\\/uploads\\\/2025\\\/12\\\/Logo-Nuevo-LOS-POLITICOS-1.jpg\",\"width\":260,\"height\":70,\"caption\":\"Los pol\u00edticos Veracruz\"},\"image\":{\"@id\":\"https:\\\/\\\/lospoliticosveracruz.com\\\/#\\\/schema\\\/logo\\\/image\\\/\"},\"sameAs\":[\"https:\\\/\\\/www.facebook.com\\\/people\\\/Notimemes-de-los-Polticos\\\/61565672886568\\\/\",\"https:\\\/\\\/x.com\\\/LosPoliticosVer\"]},{\"@type\":\"Person\",\"@id\":\"https:\\\/\\\/lospoliticosveracruz.com\\\/#\\\/schema\\\/person\\\/b8702bb0e538456e6efd07080bf2a4a2\",\"name\":\"Lo viste en Los Pol\u00edticos\",\"image\":{\"@type\":\"ImageObject\",\"inLanguage\":\"es\",\"@id\":\"https:\\\/\\\/secure.gravatar.com\\\/avatar\\\/3a8de04a2656d44082be478bd6c086daa447c4651605818287b9532d3d0bd435?s=96&d=mm&r=g\",\"url\":\"https:\\\/\\\/secure.gravatar.com\\\/avatar\\\/3a8de04a2656d44082be478bd6c086daa447c4651605818287b9532d3d0bd435?s=96&d=mm&r=g\",\"contentUrl\":\"https:\\\/\\\/secure.gravatar.com\\\/avatar\\\/3a8de04a2656d44082be478bd6c086daa447c4651605818287b9532d3d0bd435?s=96&d=mm&r=g\",\"caption\":\"Lo viste en Los Pol\u00edticos\"},\"url\":\"https:\\\/\\\/lospoliticosveracruz.com\\\/?author=2\"}]}<\/script>\n<!-- \/ Yoast SEO plugin. -->","yoast_head_json":{"title":"En riesgo econom\u00eda familiar, ante Reforma El\u00e9ctrica: Coparmex - Los pol\u00edticos Veracruz","robots":{"index":"index","follow":"follow","max-snippet":"max-snippet:-1","max-image-preview":"max-image-preview:large","max-video-preview":"max-video-preview:-1"},"canonical":"https:\/\/lospoliticosveracruz.com\/?p=68429","og_locale":"es_ES","og_type":"article","og_title":"En riesgo econom\u00eda familiar, ante Reforma El\u00e9ctrica: Coparmex - Los pol\u00edticos Veracruz","og_description":"Ciudad de M\u00e9xico Los recientes apagones y las crecientes fallas en el sistema el\u00e9ctrico nacional que est\u00e1n afectando no s\u00f3lo a las empresas sino a miles de familias, nos obligan a reflexionar si la pretensi\u00f3n de reformar la actual Ley de la Industria El\u00e9ctrica no terminar\u00e1 perjudicando a los mexicanos para beneficiar a una sola [&hellip;]","og_url":"https:\/\/lospoliticosveracruz.com\/?p=68429","og_site_name":"Los pol\u00edticos Veracruz","article_publisher":"https:\/\/www.facebook.com\/people\/Notimemes-de-los-Polticos\/61565672886568\/","article_published_time":"2021-02-19T20:22:32+00:00","og_image":[{"width":200,"height":200,"url":"https:\/\/lospoliticosveracruz.com\/wp-content\/uploads\/2016\/07\/Logo-Dor.jpg","type":"image\/jpeg"}],"author":"Lo viste en Los Pol\u00edticos","twitter_card":"summary_large_image","twitter_creator":"@LosPoliticosVer","twitter_site":"@LosPoliticosVer","twitter_misc":{"Escrito por":"Lo viste en Los Pol\u00edticos","Tiempo de lectura":"4 minutos"},"schema":{"@context":"https:\/\/schema.org","@graph":[{"@type":"Article","@id":"https:\/\/lospoliticosveracruz.com\/?p=68429#article","isPartOf":{"@id":"https:\/\/lospoliticosveracruz.com\/?p=68429"},"author":{"name":"Lo viste en Los Pol\u00edticos","@id":"https:\/\/lospoliticosveracruz.com\/#\/schema\/person\/b8702bb0e538456e6efd07080bf2a4a2"},"headline":"En riesgo econom\u00eda familiar, ante Reforma El\u00e9ctrica: Coparmex","datePublished":"2021-02-19T20:22:32+00:00","mainEntityOfPage":{"@id":"https:\/\/lospoliticosveracruz.com\/?p=68429"},"wordCount":789,"commentCount":0,"publisher":{"@id":"https:\/\/lospoliticosveracruz.com\/#organization"},"keywords":["CFE","Coparmex","Energ\u00eda","Modificaciones legales","Secretar\u00eda de Hacienda y Cr\u00e9dito P\u00fablico","Sistema El\u00e9ctrico Nacional","T-MEC"],"articleSection":["De Boleto"],"inLanguage":"es","potentialAction":[{"@type":"CommentAction","name":"Comment","target":["https:\/\/lospoliticosveracruz.com\/?p=68429#respond"]}]},{"@type":"WebPage","@id":"https:\/\/lospoliticosveracruz.com\/?p=68429","url":"https:\/\/lospoliticosveracruz.com\/?p=68429","name":"En riesgo econom\u00eda familiar, ante Reforma El\u00e9ctrica: Coparmex - Los pol\u00edticos Veracruz","isPartOf":{"@id":"https:\/\/lospoliticosveracruz.com\/#website"},"datePublished":"2021-02-19T20:22:32+00:00","breadcrumb":{"@id":"https:\/\/lospoliticosveracruz.com\/?p=68429#breadcrumb"},"inLanguage":"es","potentialAction":[{"@type":"ReadAction","target":["https:\/\/lospoliticosveracruz.com\/?p=68429"]}]},{"@type":"BreadcrumbList","@id":"https:\/\/lospoliticosveracruz.com\/?p=68429#breadcrumb","itemListElement":[{"@type":"ListItem","position":1,"name":"Portada","item":"https:\/\/lospoliticosveracruz.com\/"},{"@type":"ListItem","position":2,"name":"En riesgo econom\u00eda familiar, ante Reforma El\u00e9ctrica: Coparmex"}]},{"@type":"WebSite","@id":"https:\/\/lospoliticosveracruz.com\/#website","url":"https:\/\/lospoliticosveracruz.com\/","name":"Los pol\u00edticos Veracruz","description":"","publisher":{"@id":"https:\/\/lospoliticosveracruz.com\/#organization"},"potentialAction":[{"@type":"SearchAction","target":{"@type":"EntryPoint","urlTemplate":"https:\/\/lospoliticosveracruz.com\/?s={search_term_string}"},"query-input":{"@type":"PropertyValueSpecification","valueRequired":true,"valueName":"search_term_string"}}],"inLanguage":"es"},{"@type":"Organization","@id":"https:\/\/lospoliticosveracruz.com\/#organization","name":"Los pol\u00edticos Veracruz","url":"https:\/\/lospoliticosveracruz.com\/","logo":{"@type":"ImageObject","inLanguage":"es","@id":"https:\/\/lospoliticosveracruz.com\/#\/schema\/logo\/image\/","url":"https:\/\/lospoliticosveracruz.com\/wp-content\/uploads\/2025\/12\/Logo-Nuevo-LOS-POLITICOS-1.jpg","contentUrl":"https:\/\/lospoliticosveracruz.com\/wp-content\/uploads\/2025\/12\/Logo-Nuevo-LOS-POLITICOS-1.jpg","width":260,"height":70,"caption":"Los pol\u00edticos Veracruz"},"image":{"@id":"https:\/\/lospoliticosveracruz.com\/#\/schema\/logo\/image\/"},"sameAs":["https:\/\/www.facebook.com\/people\/Notimemes-de-los-Polticos\/61565672886568\/","https:\/\/x.com\/LosPoliticosVer"]},{"@type":"Person","@id":"https:\/\/lospoliticosveracruz.com\/#\/schema\/person\/b8702bb0e538456e6efd07080bf2a4a2","name":"Lo viste en Los Pol\u00edticos","image":{"@type":"ImageObject","inLanguage":"es","@id":"https:\/\/secure.gravatar.com\/avatar\/3a8de04a2656d44082be478bd6c086daa447c4651605818287b9532d3d0bd435?s=96&d=mm&r=g","url":"https:\/\/secure.gravatar.com\/avatar\/3a8de04a2656d44082be478bd6c086daa447c4651605818287b9532d3d0bd435?s=96&d=mm&r=g","contentUrl":"https:\/\/secure.gravatar.com\/avatar\/3a8de04a2656d44082be478bd6c086daa447c4651605818287b9532d3d0bd435?s=96&d=mm&r=g","caption":"Lo viste en Los Pol\u00edticos"},"url":"https:\/\/lospoliticosveracruz.com\/?author=2"}]}},"_links":{"self":[{"href":"https:\/\/lospoliticosveracruz.com\/index.php?rest_route=\/wp\/v2\/posts\/68429","targetHints":{"allow":["GET"]}}],"collection":[{"href":"https:\/\/lospoliticosveracruz.com\/index.php?rest_route=\/wp\/v2\/posts"}],"about":[{"href":"https:\/\/lospoliticosveracruz.com\/index.php?rest_route=\/wp\/v2\/types\/post"}],"author":[{"embeddable":true,"href":"https:\/\/lospoliticosveracruz.com\/index.php?rest_route=\/wp\/v2\/users\/2"}],"replies":[{"embeddable":true,"href":"https:\/\/lospoliticosveracruz.com\/index.php?rest_route=%2Fwp%2Fv2%2Fcomments&post=68429"}],"version-history":[{"count":1,"href":"https:\/\/lospoliticosveracruz.com\/index.php?rest_route=\/wp\/v2\/posts\/68429\/revisions"}],"predecessor-version":[{"id":68430,"href":"https:\/\/lospoliticosveracruz.com\/index.php?rest_route=\/wp\/v2\/posts\/68429\/revisions\/68430"}],"wp:attachment":[{"href":"https:\/\/lospoliticosveracruz.com\/index.php?rest_route=%2Fwp%2Fv2%2Fmedia&parent=68429"}],"wp:term":[{"taxonomy":"category","embeddable":true,"href":"https:\/\/lospoliticosveracruz.com\/index.php?rest_route=%2Fwp%2Fv2%2Fcategories&post=68429"},{"taxonomy":"post_tag","embeddable":true,"href":"https:\/\/lospoliticosveracruz.com\/index.php?rest_route=%2Fwp%2Fv2%2Ftags&post=68429"}],"curies":[{"name":"wp","href":"https:\/\/api.w.org\/{rel}","templated":true}]}}