{"id":68432,"date":"2021-02-19T18:11:25","date_gmt":"2021-02-20T00:11:25","guid":{"rendered":"http:\/\/www.lospoliticosveracruz.com.mx\/?p=68432"},"modified":"2021-02-19T18:11:25","modified_gmt":"2021-02-20T00:11:25","slug":"se-ponen-al-corriente","status":"publish","type":"post","link":"https:\/\/lospoliticosveracruz.com\/?p=68432","title":{"rendered":"Se ponen al corriente!"},"content":{"rendered":"<p><strong>Xalapa<\/strong><br \/>\nLa Magistrada Isabel In\u00e9s Romero Cruz, Presidenta del Tribunal Superior de Justicia y del Consejo de la Judicatura del Poder Judicial del Estado de Veracruz, inaugur\u00f3 el diplomado virtual en medios alternativos para la soluci\u00f3n de conflictos y justicia resolutiva dirigido a jueces municipales.<br \/>\nLa Escuela Judicial y el Centro Estatal de Justicia Alternativa del Estado de Veracruz realizaron este diplomado virtual que es el inicio para llegar a la meta consistente de tener los conocimientos adecuados para poder intervenir de manera certera de una forma alternativa en la soluci\u00f3n de conflictos.<br \/>\nEn el evento estuvieron presentes Fernando Valerio Guti\u00e9rrez, Director General del Centro Estatal de Justicia Alternativa de Veracruz, Carla Rodr\u00edguez Gonz\u00e1lez, Directora de la Escuela Judicial del Estado, el Magistrado Antonio Sobrevilla Castillo y el Magistrado Esteban Mart\u00ednez V\u00e1zquez, ambos integrantes del Consejo de la Judicatura del Poder Judicial del Estado de Veracruz.<br \/>\n\u201cEs muy sabio que como servidores p\u00fablicos estemos en constante actualizaci\u00f3n acrecentando los conocimientos con los que ya contamos y adquiriendo otros que logren sumarse y conformar a un profesionista m\u00e1s conocedor y totalmente preparado para hacer frente a las necesidades de nuestra profesi\u00f3n\u201d, se\u00f1al\u00f3 la Magistrada Presidenta Isabel In\u00e9s Romero Cruz, en su mensaje inaugural.<br \/>\nAsever\u00f3 que es de conocimiento com\u00fan que la justicia tradicional debe sujetarse a formalismos y plazos; sin embargo, a trav\u00e9s de los medios alternativos es factible y loable encontrar una salida que conduzca al mismo fin, una soluci\u00f3n que satisfaga a los justiciables, pero con su participaci\u00f3n con un juez.<br \/>\nDestac\u00f3 que los jueces municipales deben contar con los conocimientos suficientes para ejercer la funci\u00f3n de mediadores conciliadores y facilitadores, dado que la norma jur\u00eddica los faculta para actuar como tales sin perder su condici\u00f3n de jueces municipales.<br \/>\nPor ello, agradeci\u00f3 por la labor diaria que desarrollan los jueces municipales en cada uno de los municipios a pesar de las carencias y limitaciones, lugares distantes de las zonas urbanas.<br \/>\n\u201cLos conmino a que lo hagan con gran respeto para cada uno de los justiciables y con apego a la legalidad y justicia y que se conduzcan con total transparencia. Ustedes son el rostro del Poder Judicial en aquellos lugares tan lejanos, debemos dar ejemplo de honestidad, principalmente de conocimiento y sensibilidad hacia todos los justiciables y la ciudadan\u00eda veracruzana que espera de nosotros eso, que no dejemos una mala huella en nuestro caminar por el Poder Judicial\u201d.<br \/>\nEl Maestro Cruz Ortiz Jim\u00e9nez, quien imparti\u00f3 el diplomado, resalt\u00f3 que la capacitaci\u00f3n a los jueces municipales tiene la finalidad de que puedan brindar los servicios en los municipios para efecto de llegar a todos los rincones del estado con los medios alternativos y la justicia alternativa correspondiente.<br \/>\n\u201cEl objetivo principal es que la justica alternativa llegue a aquellos rincones m\u00e1s alejados del estado de Veracruz y que los jueces municipales est\u00e9n profesionalizados para poder impartirla correctamente\u201d.<br \/>\nEnlist\u00f3 entre los beneficios de la justicia alternativa, el tener un acceso f\u00e1cil a la justicia sin tanta burocracia, el ahorro econ\u00f3mico evitando un juicio y que las personas tengan un convenio con certeza jur\u00eddica que donde lo presenten sea reconocido por las autoridades.<br \/>\nFinalmente, aplaudi\u00f3 el inter\u00e9s del Poder Judicial de Veracruz y el CEJAV para que los jueces est\u00e9n correctamente capacitados y a la vanguardia en materia jur\u00eddica.<\/p>\n","protected":false},"excerpt":{"rendered":"<p>Xalapa La Magistrada Isabel In\u00e9s Romero Cruz, Presidenta del Tribunal Superior de Justicia y del Consejo de la Judicatura del Poder Judicial del Estado de Veracruz, inaugur\u00f3 el diplomado virtual en medios alternativos para la soluci\u00f3n de conflictos y justicia resolutiva dirigido a jueces municipales. La Escuela Judicial y el Centro Estatal de Justicia Alternativa [&hellip;]<\/p>\n","protected":false},"author":2,"featured_media":0,"comment_status":"open","ping_status":"open","sticky":false,"template":"","format":"standard","meta":{"tdm_status":"","tdm_grid_status":"","footnotes":""},"categories":[73],"tags":[14549,24236,26276,26275,26277,23581,24237,15620,26278,19822,10798],"class_list":{"0":"post-68432","1":"post","2":"type-post","3":"status-publish","4":"format-standard","6":"category-de-boleto","7":"tag-carla-rodriguez-gonzalez","8":"tag-cejav","9":"tag-consejo-de-la-judicatura-del-poder-judicial-del-estado-de-veracruz","10":"tag-cruz-ortiz-jimenez","11":"tag-diplomado-virtual","12":"tag-esteban-martinez-vazquez","13":"tag-fernando-valerio-gutierrez","14":"tag-isabel-ines-romero-cruz","15":"tag-jueces-municipales","16":"tag-poder-judicial-de-veracruz","17":"tag-tribunal-superior-de-justicia"},"yoast_head":"<!-- This site is optimized with the Yoast SEO plugin v27.4 - https:\/\/yoast.com\/product\/yoast-seo-wordpress\/ -->\n<title>Se ponen al corriente! - Los pol\u00edticos Veracruz<\/title>\n<meta name=\"robots\" content=\"index, follow, max-snippet:-1, max-image-preview:large, max-video-preview:-1\" \/>\n<link rel=\"canonical\" href=\"https:\/\/lospoliticosveracruz.com\/?p=68432\" \/>\n<meta property=\"og:locale\" content=\"es_ES\" \/>\n<meta property=\"og:type\" content=\"article\" \/>\n<meta property=\"og:title\" content=\"Se ponen al corriente! - Los pol\u00edticos Veracruz\" \/>\n<meta property=\"og:description\" content=\"Xalapa La Magistrada Isabel In\u00e9s Romero Cruz, Presidenta del Tribunal Superior de Justicia y del Consejo de la Judicatura del Poder Judicial del Estado de Veracruz, inaugur\u00f3 el diplomado virtual en medios alternativos para la soluci\u00f3n de conflictos y justicia resolutiva dirigido a jueces municipales. La Escuela Judicial y el Centro Estatal de Justicia Alternativa [&hellip;]\" \/>\n<meta property=\"og:url\" content=\"https:\/\/lospoliticosveracruz.com\/?p=68432\" \/>\n<meta property=\"og:site_name\" content=\"Los pol\u00edticos Veracruz\" \/>\n<meta property=\"article:publisher\" content=\"https:\/\/www.facebook.com\/people\/Notimemes-de-los-Polticos\/61565672886568\/\" \/>\n<meta property=\"article:published_time\" content=\"2021-02-20T00:11:25+00:00\" \/>\n<meta property=\"og:image\" content=\"https:\/\/lospoliticosveracruz.com\/wp-content\/uploads\/2016\/07\/Logo-Dor.jpg\" \/>\n\t<meta property=\"og:image:width\" content=\"200\" \/>\n\t<meta property=\"og:image:height\" content=\"200\" \/>\n\t<meta property=\"og:image:type\" content=\"image\/jpeg\" \/>\n<meta name=\"author\" content=\"Lo viste en Los Pol\u00edticos\" \/>\n<meta name=\"twitter:card\" content=\"summary_large_image\" \/>\n<meta name=\"twitter:creator\" content=\"@LosPoliticosVer\" \/>\n<meta name=\"twitter:site\" content=\"@LosPoliticosVer\" \/>\n<meta name=\"twitter:label1\" content=\"Escrito por\" \/>\n\t<meta name=\"twitter:data1\" content=\"Lo viste en Los Pol\u00edticos\" \/>\n\t<meta name=\"twitter:label2\" content=\"Tiempo de lectura\" \/>\n\t<meta name=\"twitter:data2\" content=\"3 minutos\" \/>\n<script type=\"application\/ld+json\" class=\"yoast-schema-graph\">{\"@context\":\"https:\\\/\\\/schema.org\",\"@graph\":[{\"@type\":\"Article\",\"@id\":\"https:\\\/\\\/lospoliticosveracruz.com\\\/?p=68432#article\",\"isPartOf\":{\"@id\":\"https:\\\/\\\/lospoliticosveracruz.com\\\/?p=68432\"},\"author\":{\"name\":\"Lo viste en Los Pol\u00edticos\",\"@id\":\"https:\\\/\\\/lospoliticosveracruz.com\\\/#\\\/schema\\\/person\\\/b8702bb0e538456e6efd07080bf2a4a2\"},\"headline\":\"Se ponen al corriente!\",\"datePublished\":\"2021-02-20T00:11:25+00:00\",\"mainEntityOfPage\":{\"@id\":\"https:\\\/\\\/lospoliticosveracruz.com\\\/?p=68432\"},\"wordCount\":582,\"commentCount\":0,\"publisher\":{\"@id\":\"https:\\\/\\\/lospoliticosveracruz.com\\\/#organization\"},\"keywords\":[\"Carla Rodr\u00edguez Gonz\u00e1lez\",\"CEJAV\",\"Consejo de la Judicatura del Poder Judicial del Estado de Veracruz\",\"Cruz Ortiz Jim\u00e9nez\",\"diplomado virtual\",\"Esteban Mart\u00ednez V\u00e1zquez\",\"Fernando Valerio Guti\u00e9rrez\",\"Isabel In\u00e9s Romero Cruz\",\"jueces municipales\",\"Poder Judicial de Veracruz\",\"Tribunal Superior de Justicia\"],\"articleSection\":[\"De Boleto\"],\"inLanguage\":\"es\",\"potentialAction\":[{\"@type\":\"CommentAction\",\"name\":\"Comment\",\"target\":[\"https:\\\/\\\/lospoliticosveracruz.com\\\/?p=68432#respond\"]}]},{\"@type\":\"WebPage\",\"@id\":\"https:\\\/\\\/lospoliticosveracruz.com\\\/?p=68432\",\"url\":\"https:\\\/\\\/lospoliticosveracruz.com\\\/?p=68432\",\"name\":\"Se ponen al corriente! - Los pol\u00edticos Veracruz\",\"isPartOf\":{\"@id\":\"https:\\\/\\\/lospoliticosveracruz.com\\\/#website\"},\"datePublished\":\"2021-02-20T00:11:25+00:00\",\"breadcrumb\":{\"@id\":\"https:\\\/\\\/lospoliticosveracruz.com\\\/?p=68432#breadcrumb\"},\"inLanguage\":\"es\",\"potentialAction\":[{\"@type\":\"ReadAction\",\"target\":[\"https:\\\/\\\/lospoliticosveracruz.com\\\/?p=68432\"]}]},{\"@type\":\"BreadcrumbList\",\"@id\":\"https:\\\/\\\/lospoliticosveracruz.com\\\/?p=68432#breadcrumb\",\"itemListElement\":[{\"@type\":\"ListItem\",\"position\":1,\"name\":\"Portada\",\"item\":\"https:\\\/\\\/lospoliticosveracruz.com\\\/\"},{\"@type\":\"ListItem\",\"position\":2,\"name\":\"Se ponen al corriente!\"}]},{\"@type\":\"WebSite\",\"@id\":\"https:\\\/\\\/lospoliticosveracruz.com\\\/#website\",\"url\":\"https:\\\/\\\/lospoliticosveracruz.com\\\/\",\"name\":\"Los pol\u00edticos Veracruz\",\"description\":\"\",\"publisher\":{\"@id\":\"https:\\\/\\\/lospoliticosveracruz.com\\\/#organization\"},\"potentialAction\":[{\"@type\":\"SearchAction\",\"target\":{\"@type\":\"EntryPoint\",\"urlTemplate\":\"https:\\\/\\\/lospoliticosveracruz.com\\\/?s={search_term_string}\"},\"query-input\":{\"@type\":\"PropertyValueSpecification\",\"valueRequired\":true,\"valueName\":\"search_term_string\"}}],\"inLanguage\":\"es\"},{\"@type\":\"Organization\",\"@id\":\"https:\\\/\\\/lospoliticosveracruz.com\\\/#organization\",\"name\":\"Los pol\u00edticos Veracruz\",\"url\":\"https:\\\/\\\/lospoliticosveracruz.com\\\/\",\"logo\":{\"@type\":\"ImageObject\",\"inLanguage\":\"es\",\"@id\":\"https:\\\/\\\/lospoliticosveracruz.com\\\/#\\\/schema\\\/logo\\\/image\\\/\",\"url\":\"https:\\\/\\\/lospoliticosveracruz.com\\\/wp-content\\\/uploads\\\/2025\\\/12\\\/Logo-Nuevo-LOS-POLITICOS-1.jpg\",\"contentUrl\":\"https:\\\/\\\/lospoliticosveracruz.com\\\/wp-content\\\/uploads\\\/2025\\\/12\\\/Logo-Nuevo-LOS-POLITICOS-1.jpg\",\"width\":260,\"height\":70,\"caption\":\"Los pol\u00edticos Veracruz\"},\"image\":{\"@id\":\"https:\\\/\\\/lospoliticosveracruz.com\\\/#\\\/schema\\\/logo\\\/image\\\/\"},\"sameAs\":[\"https:\\\/\\\/www.facebook.com\\\/people\\\/Notimemes-de-los-Polticos\\\/61565672886568\\\/\",\"https:\\\/\\\/x.com\\\/LosPoliticosVer\"]},{\"@type\":\"Person\",\"@id\":\"https:\\\/\\\/lospoliticosveracruz.com\\\/#\\\/schema\\\/person\\\/b8702bb0e538456e6efd07080bf2a4a2\",\"name\":\"Lo viste en Los Pol\u00edticos\",\"image\":{\"@type\":\"ImageObject\",\"inLanguage\":\"es\",\"@id\":\"https:\\\/\\\/secure.gravatar.com\\\/avatar\\\/3a8de04a2656d44082be478bd6c086daa447c4651605818287b9532d3d0bd435?s=96&d=mm&r=g\",\"url\":\"https:\\\/\\\/secure.gravatar.com\\\/avatar\\\/3a8de04a2656d44082be478bd6c086daa447c4651605818287b9532d3d0bd435?s=96&d=mm&r=g\",\"contentUrl\":\"https:\\\/\\\/secure.gravatar.com\\\/avatar\\\/3a8de04a2656d44082be478bd6c086daa447c4651605818287b9532d3d0bd435?s=96&d=mm&r=g\",\"caption\":\"Lo viste en Los Pol\u00edticos\"},\"url\":\"https:\\\/\\\/lospoliticosveracruz.com\\\/?author=2\"}]}<\/script>\n<!-- \/ Yoast SEO plugin. -->","yoast_head_json":{"title":"Se ponen al corriente! - Los pol\u00edticos Veracruz","robots":{"index":"index","follow":"follow","max-snippet":"max-snippet:-1","max-image-preview":"max-image-preview:large","max-video-preview":"max-video-preview:-1"},"canonical":"https:\/\/lospoliticosveracruz.com\/?p=68432","og_locale":"es_ES","og_type":"article","og_title":"Se ponen al corriente! - Los pol\u00edticos Veracruz","og_description":"Xalapa La Magistrada Isabel In\u00e9s Romero Cruz, Presidenta del Tribunal Superior de Justicia y del Consejo de la Judicatura del Poder Judicial del Estado de Veracruz, inaugur\u00f3 el diplomado virtual en medios alternativos para la soluci\u00f3n de conflictos y justicia resolutiva dirigido a jueces municipales. La Escuela Judicial y el Centro Estatal de Justicia Alternativa [&hellip;]","og_url":"https:\/\/lospoliticosveracruz.com\/?p=68432","og_site_name":"Los pol\u00edticos Veracruz","article_publisher":"https:\/\/www.facebook.com\/people\/Notimemes-de-los-Polticos\/61565672886568\/","article_published_time":"2021-02-20T00:11:25+00:00","og_image":[{"width":200,"height":200,"url":"https:\/\/lospoliticosveracruz.com\/wp-content\/uploads\/2016\/07\/Logo-Dor.jpg","type":"image\/jpeg"}],"author":"Lo viste en Los Pol\u00edticos","twitter_card":"summary_large_image","twitter_creator":"@LosPoliticosVer","twitter_site":"@LosPoliticosVer","twitter_misc":{"Escrito por":"Lo viste en Los Pol\u00edticos","Tiempo de lectura":"3 minutos"},"schema":{"@context":"https:\/\/schema.org","@graph":[{"@type":"Article","@id":"https:\/\/lospoliticosveracruz.com\/?p=68432#article","isPartOf":{"@id":"https:\/\/lospoliticosveracruz.com\/?p=68432"},"author":{"name":"Lo viste en Los Pol\u00edticos","@id":"https:\/\/lospoliticosveracruz.com\/#\/schema\/person\/b8702bb0e538456e6efd07080bf2a4a2"},"headline":"Se ponen al corriente!","datePublished":"2021-02-20T00:11:25+00:00","mainEntityOfPage":{"@id":"https:\/\/lospoliticosveracruz.com\/?p=68432"},"wordCount":582,"commentCount":0,"publisher":{"@id":"https:\/\/lospoliticosveracruz.com\/#organization"},"keywords":["Carla Rodr\u00edguez Gonz\u00e1lez","CEJAV","Consejo de la Judicatura del Poder Judicial del Estado de Veracruz","Cruz Ortiz Jim\u00e9nez","diplomado virtual","Esteban Mart\u00ednez V\u00e1zquez","Fernando Valerio Guti\u00e9rrez","Isabel In\u00e9s Romero Cruz","jueces municipales","Poder Judicial de Veracruz","Tribunal Superior de Justicia"],"articleSection":["De Boleto"],"inLanguage":"es","potentialAction":[{"@type":"CommentAction","name":"Comment","target":["https:\/\/lospoliticosveracruz.com\/?p=68432#respond"]}]},{"@type":"WebPage","@id":"https:\/\/lospoliticosveracruz.com\/?p=68432","url":"https:\/\/lospoliticosveracruz.com\/?p=68432","name":"Se ponen al corriente! - Los pol\u00edticos Veracruz","isPartOf":{"@id":"https:\/\/lospoliticosveracruz.com\/#website"},"datePublished":"2021-02-20T00:11:25+00:00","breadcrumb":{"@id":"https:\/\/lospoliticosveracruz.com\/?p=68432#breadcrumb"},"inLanguage":"es","potentialAction":[{"@type":"ReadAction","target":["https:\/\/lospoliticosveracruz.com\/?p=68432"]}]},{"@type":"BreadcrumbList","@id":"https:\/\/lospoliticosveracruz.com\/?p=68432#breadcrumb","itemListElement":[{"@type":"ListItem","position":1,"name":"Portada","item":"https:\/\/lospoliticosveracruz.com\/"},{"@type":"ListItem","position":2,"name":"Se ponen al corriente!"}]},{"@type":"WebSite","@id":"https:\/\/lospoliticosveracruz.com\/#website","url":"https:\/\/lospoliticosveracruz.com\/","name":"Los pol\u00edticos Veracruz","description":"","publisher":{"@id":"https:\/\/lospoliticosveracruz.com\/#organization"},"potentialAction":[{"@type":"SearchAction","target":{"@type":"EntryPoint","urlTemplate":"https:\/\/lospoliticosveracruz.com\/?s={search_term_string}"},"query-input":{"@type":"PropertyValueSpecification","valueRequired":true,"valueName":"search_term_string"}}],"inLanguage":"es"},{"@type":"Organization","@id":"https:\/\/lospoliticosveracruz.com\/#organization","name":"Los pol\u00edticos Veracruz","url":"https:\/\/lospoliticosveracruz.com\/","logo":{"@type":"ImageObject","inLanguage":"es","@id":"https:\/\/lospoliticosveracruz.com\/#\/schema\/logo\/image\/","url":"https:\/\/lospoliticosveracruz.com\/wp-content\/uploads\/2025\/12\/Logo-Nuevo-LOS-POLITICOS-1.jpg","contentUrl":"https:\/\/lospoliticosveracruz.com\/wp-content\/uploads\/2025\/12\/Logo-Nuevo-LOS-POLITICOS-1.jpg","width":260,"height":70,"caption":"Los pol\u00edticos Veracruz"},"image":{"@id":"https:\/\/lospoliticosveracruz.com\/#\/schema\/logo\/image\/"},"sameAs":["https:\/\/www.facebook.com\/people\/Notimemes-de-los-Polticos\/61565672886568\/","https:\/\/x.com\/LosPoliticosVer"]},{"@type":"Person","@id":"https:\/\/lospoliticosveracruz.com\/#\/schema\/person\/b8702bb0e538456e6efd07080bf2a4a2","name":"Lo viste en Los Pol\u00edticos","image":{"@type":"ImageObject","inLanguage":"es","@id":"https:\/\/secure.gravatar.com\/avatar\/3a8de04a2656d44082be478bd6c086daa447c4651605818287b9532d3d0bd435?s=96&d=mm&r=g","url":"https:\/\/secure.gravatar.com\/avatar\/3a8de04a2656d44082be478bd6c086daa447c4651605818287b9532d3d0bd435?s=96&d=mm&r=g","contentUrl":"https:\/\/secure.gravatar.com\/avatar\/3a8de04a2656d44082be478bd6c086daa447c4651605818287b9532d3d0bd435?s=96&d=mm&r=g","caption":"Lo viste en Los Pol\u00edticos"},"url":"https:\/\/lospoliticosveracruz.com\/?author=2"}]}},"_links":{"self":[{"href":"https:\/\/lospoliticosveracruz.com\/index.php?rest_route=\/wp\/v2\/posts\/68432","targetHints":{"allow":["GET"]}}],"collection":[{"href":"https:\/\/lospoliticosveracruz.com\/index.php?rest_route=\/wp\/v2\/posts"}],"about":[{"href":"https:\/\/lospoliticosveracruz.com\/index.php?rest_route=\/wp\/v2\/types\/post"}],"author":[{"embeddable":true,"href":"https:\/\/lospoliticosveracruz.com\/index.php?rest_route=\/wp\/v2\/users\/2"}],"replies":[{"embeddable":true,"href":"https:\/\/lospoliticosveracruz.com\/index.php?rest_route=%2Fwp%2Fv2%2Fcomments&post=68432"}],"version-history":[{"count":1,"href":"https:\/\/lospoliticosveracruz.com\/index.php?rest_route=\/wp\/v2\/posts\/68432\/revisions"}],"predecessor-version":[{"id":68434,"href":"https:\/\/lospoliticosveracruz.com\/index.php?rest_route=\/wp\/v2\/posts\/68432\/revisions\/68434"}],"wp:attachment":[{"href":"https:\/\/lospoliticosveracruz.com\/index.php?rest_route=%2Fwp%2Fv2%2Fmedia&parent=68432"}],"wp:term":[{"taxonomy":"category","embeddable":true,"href":"https:\/\/lospoliticosveracruz.com\/index.php?rest_route=%2Fwp%2Fv2%2Fcategories&post=68432"},{"taxonomy":"post_tag","embeddable":true,"href":"https:\/\/lospoliticosveracruz.com\/index.php?rest_route=%2Fwp%2Fv2%2Ftags&post=68432"}],"curies":[{"name":"wp","href":"https:\/\/api.w.org\/{rel}","templated":true}]}}