{"id":68447,"date":"2021-02-20T09:20:30","date_gmt":"2021-02-20T15:20:30","guid":{"rendered":"http:\/\/www.lospoliticosveracruz.com.mx\/?p=68447"},"modified":"2021-02-20T09:20:30","modified_gmt":"2021-02-20T15:20:30","slug":"la-disputa-sigue","status":"publish","type":"post","link":"https:\/\/lospoliticosveracruz.com\/?p=68447","title":{"rendered":"La disputa sigue"},"content":{"rendered":"<p><strong>Ricardo Ch\u00faa<\/strong><br \/>\n<em>Sale y Vale<\/em><\/p>\n<p>Despu\u00e9s de la votaci\u00f3n en la contienda interna del PAN del puerto de Veracruz para elegir a su candidato a alcalde, entre Bingen Rementeria y Miguel \u00c1ngel Yunes M\u00e1rquez&#8230; Donde gan\u00f3 el segundo, por una diferencia s\u00f3lo de 10 votos&#8230; Esta elecci\u00f3n se fue a tribunales electorales&#8230; Pero esto y lo sucedido el domingo 14 de febrero, es historia&#8230; Aqu\u00ed la decisi\u00f3n que se tome, queda en manos de Marko Cort\u00e9s, Joaqu\u00edn Guzm\u00e1n Avil\u00e9s y tribunales electorales locales y federales&#8230; NO HAY DE OTRA \u00abSOPA\u00bb&#8230;<br \/>\nSeg\u00fan el \u00abGarganta Profunda Azul\u00bb despu\u00e9s que la elecci\u00f3n fue impugnada ante el PAN nacional y estatal, adem\u00e1s de los tribunales por los DOS CANDIDATOS, tanto el ganador como el perdedor (No se entiende por qu\u00e9 lo hizo Miguel \u00c1ngel, si gan\u00f3 el proceso), nos dice que conociendo como se manejan en el panismo&#8230; S\u00f3lo hay TRES ESCENARIOS para su resoluci\u00f3n: La confirmaci\u00f3n de la asamblea reconociendo el triunfo de Yunes, que repitan la asamblea o que se de la designaci\u00f3n directa&#8230;<br \/>\nEl conflicto que ve \u00abGarganta Profunda\u00bb para la CONFIRMACI\u00d3N DE LA ASAMBLEA y dar por bueno el triunfo de Miguel \u00c1ngel, algo que ven lejano pero se pude presentar, es por el \u00abrelajo\u00bb que se arm\u00f3 despu\u00e9s de la contienda y que el comit\u00e9 nacional no se puede ver con \u00abfavoritismos\u00bb y porque el comit\u00e9 estatal, la relaci\u00f3n con Guzm\u00e1n Avil\u00e9s, est\u00e1 m\u00e1s que \u00abrota\u00bb&#8230; As\u00ed que ese escenario es poco probable para Veracruz puerto&#8230; Pero de esta forma, ser\u00eda la manera que Miguel Yunes la ganara de todas, todas&#8230; NO HAY DE OTRA&#8230;<br \/>\nEl otro escenario que ve \u00abGarganta Profunda\u00bb, es que se repita de nuevo la asamblea&#8230; Ser\u00eda el escenario m\u00e1s adverso para Yunes M\u00e1rquez porque en esa convenci\u00f3n, ya esos miembros activos que llamaron \u00abCachirules\u00bb, ya podr\u00edan votar en la contienda, sin necesidad de alguna resoluci\u00f3n de un tribunal&#8230; Ya que el 28 de febrero estar\u00edan cumpliendo un a\u00f1o para ser tomados en cuenta como militantes activos del PAN&#8230; Por lo tanto, esa \u00abpared\u00bb ya no la tendr\u00edan.. Ya que la nueva asamblea ser\u00eda en marzo&#8230; Eso favorece a Bingen&#8230;<br \/>\nPero \u00abGarganta Profunda\u00bb dice que lo m\u00e1s probable y para evitarse problemas con su reelecci\u00f3n a dirigente nacional del PAN por parte de Marko Cort\u00e9s&#8230; Y, no meterse en problemas con \u00abLos Yunes Azules\u00bb y Los \u00abChapo-Julens\u00bb, entonces, se da una DESIGNACI\u00d3N donde todo indica que Migue \u00c1ngel Yunes, no podr\u00eda ser designado por el tema de la residencia y si MORENA lo denuncia ante el OPLE y con argucias legaloides se le puede caer la candidatura&#8230; Pero dif\u00edcilmente el PAN arriesgar\u00eda que le tiraran a su candidato en pleno proceso&#8230;<br \/>\nEn cuanto a Bingen se puede decir, que \u00e9l si puede ser designado porque cumple con los requisitos, pero por la lucha que sostiene con los Yunes y para evitar m\u00e1s \u00abfracturas\u00bb, puede venir un TERCERO EN DISCORDIA y en esta elecci\u00f3n a alcalde a lo mejor, ni un Yunes, ni un Rementeria, participar\u00edan&#8230; \u00bfQui\u00e9n gana?&#8230; \u00bfQui\u00e9n pierde?&#8230; Los Yunes se la juegan el todo por el todo&#8230; Los Rementeria aun seguir\u00edan vigentes por el Senado y por la juventud de Bingen..<br \/>\nOJO&#8230; Hay que recordar para que se den estos TRES ESCENARIOS, se pueden presentar en primera instancia el comit\u00e9 nacional del PAN&#8230; La segunda es que sea avalada por el comit\u00e9 estatal panista y el tercero, es que sea ante los tribunales electorales&#8230; Bingen ya interpuso sus quejas ante los comit\u00e9s estatal y nacional, si no le dan la raz\u00f3n, se va a tribunales&#8230; Mientras que Yunes s\u00f3lo impugn\u00f3 la mesa 9 ante el comit\u00e9 nacional panista con Marko, no lo hizo ante la dirigencia estatal del \u00abChapo\u00bb&#8230; Pa qu\u00e9&#8230; No se lleva&#8230;<br \/>\nAs\u00ed que Yunes M\u00e1rquez impugn\u00f3 s\u00f3lo la mesa 9 de la elecci\u00f3n.. Donde votaron todos los miembros nuevos del PAN municipal, los llamados \u00abCachirules Azules\u00bb, a pesar que hubo problemas para emitir su voto, con todo y resoluci\u00f3n en mano de parte del Tribunal Electoral de Veracruz, no todos pudieron hacerlo&#8230; Resoluci\u00f3n que Miguel \u00c1ngel impugn\u00f3 hasta lunes pasado, cuando a ellos, el TEV resolvi\u00f3 que pod\u00edan hacerlo desde el viernes 12 de febrero&#8230; Y como una impugnaci\u00f3n tampoco es retroactiva&#8230;.Nada se puede hacer&#8230; <\/p>\n<p>PAN, LAS OTRAS DENUNCIAS&#8230; A los que denunciaron para fincarles responsabilidades por PRESUNTOS delitos electorales fueron a los dirigentes del comit\u00e9 municipal del PAN de Veracruz puerto, Sonia Colorado y C\u00e9sar Alv\u00edzar, presidente y secretario General del partido, porque los VOTOS de este proceso interno panistas, no se quedaron RESGUARDADOS en las oficinas del PAN porte\u00f1o, los sacaron y se les llevaron a CDMX&#8230; Un motivo para anular la elecci\u00f3n&#8230;<br \/>\nEsto debido a que tanto Colorado como Alv\u00edzar ten\u00edan que mantenerlos en esa sede, para no ROMPER LA CUSTODIA de votos&#8230; Pero la decisi\u00f3n tomada, ser\u00e1 motivo para que, seg\u00fan nos cuenta, \u00abGarganta Profunda\u00bb, sea motivo de una denuncia de tipo electoral&#8230; Ya que lo que hicieron es una ilegalidad despu\u00e9s de este proceso porque los votos, nadie sabe qui\u00e9n y c\u00f3mo los traslado&#8230; Por eso, el mismo CDM del PAN da motivos y materia de otra impugnaci\u00f3n&#8230; Es decir, m\u00e1s conflictos de esta elecci\u00f3n&#8230;<br \/>\nEN RESUMEN&#8230; Como Sonia Colorado va de candidata a sindica \u00danica en la planilla de Miguel Yunes y dej\u00f3 a la ligera la custodia de votos de este proceso interno&#8230; El equipo de Bingen la va a denunciar ante la Fiscal\u00eda Para la Atenci\u00f3n de Delitos Electorales (FEPADE), debido a que la asamblea municipal estuvo \u00abinfectada\u00bb de denuncias y demandas&#8230; Por eso, no se podr\u00e1 sostener m\u00e1s all\u00e1 de las impugnaciones y por eso corre el peligro de que el mismo PAN nacional y estatal, anulen la convenci\u00f3n antes que esto llegue a tribunales&#8230; AMEN&#8230;<\/p>\n","protected":false},"excerpt":{"rendered":"<p>Ricardo Ch\u00faa Sale y Vale Despu\u00e9s de la votaci\u00f3n en la contienda interna del PAN del puerto de Veracruz para elegir a su candidato a alcalde, entre Bingen Rementeria y Miguel \u00c1ngel Yunes M\u00e1rquez&#8230; Donde gan\u00f3 el segundo, por una diferencia s\u00f3lo de 10 votos&#8230; Esta elecci\u00f3n se fue a tribunales electorales&#8230; Pero esto y [&hellip;]<\/p>\n","protected":false},"author":2,"featured_media":0,"comment_status":"open","ping_status":"open","sticky":false,"template":"","format":"standard","meta":{"tdm_status":"","tdm_grid_status":"","footnotes":""},"categories":[70],"tags":[4684,3181,3288,12562,536,266,26292,26196,195],"class_list":{"0":"post-68447","1":"post","2":"type-post","3":"status-publish","4":"format-standard","6":"category-de-opinion","7":"tag-bingen-rementeria","8":"tag-fepade","9":"tag-joaquin-guzman-aviles","10":"tag-marko-cortes","11":"tag-miguel-angel-yunes-marquez","12":"tag-pan","13":"tag-sonia-colorado","14":"tag-tribunales-electorales","15":"tag-veracruz"},"yoast_head":"<!-- This site is optimized with the Yoast SEO plugin v27.4 - https:\/\/yoast.com\/product\/yoast-seo-wordpress\/ -->\n<title>La disputa sigue - Los pol\u00edticos Veracruz<\/title>\n<meta name=\"robots\" content=\"index, follow, max-snippet:-1, max-image-preview:large, max-video-preview:-1\" \/>\n<link rel=\"canonical\" href=\"https:\/\/lospoliticosveracruz.com\/?p=68447\" \/>\n<meta property=\"og:locale\" content=\"es_ES\" \/>\n<meta property=\"og:type\" content=\"article\" \/>\n<meta property=\"og:title\" content=\"La disputa sigue - Los pol\u00edticos Veracruz\" \/>\n<meta property=\"og:description\" content=\"Ricardo Ch\u00faa Sale y Vale Despu\u00e9s de la votaci\u00f3n en la contienda interna del PAN del puerto de Veracruz para elegir a su candidato a alcalde, entre Bingen Rementeria y Miguel \u00c1ngel Yunes M\u00e1rquez&#8230; Donde gan\u00f3 el segundo, por una diferencia s\u00f3lo de 10 votos&#8230; Esta elecci\u00f3n se fue a tribunales electorales&#8230; Pero esto y [&hellip;]\" \/>\n<meta property=\"og:url\" content=\"https:\/\/lospoliticosveracruz.com\/?p=68447\" \/>\n<meta property=\"og:site_name\" content=\"Los pol\u00edticos Veracruz\" \/>\n<meta property=\"article:publisher\" content=\"https:\/\/www.facebook.com\/people\/Notimemes-de-los-Polticos\/61565672886568\/\" \/>\n<meta property=\"article:published_time\" content=\"2021-02-20T15:20:30+00:00\" \/>\n<meta property=\"og:image\" content=\"https:\/\/lospoliticosveracruz.com\/wp-content\/uploads\/2016\/07\/Logo-Dor.jpg\" \/>\n\t<meta property=\"og:image:width\" content=\"200\" \/>\n\t<meta property=\"og:image:height\" content=\"200\" \/>\n\t<meta property=\"og:image:type\" content=\"image\/jpeg\" \/>\n<meta name=\"author\" content=\"Lo viste en Los Pol\u00edticos\" \/>\n<meta name=\"twitter:card\" content=\"summary_large_image\" \/>\n<meta name=\"twitter:creator\" content=\"@LosPoliticosVer\" \/>\n<meta name=\"twitter:site\" content=\"@LosPoliticosVer\" \/>\n<meta name=\"twitter:label1\" content=\"Escrito por\" \/>\n\t<meta name=\"twitter:data1\" content=\"Lo viste en Los Pol\u00edticos\" \/>\n\t<meta name=\"twitter:label2\" content=\"Tiempo de lectura\" \/>\n\t<meta name=\"twitter:data2\" content=\"5 minutos\" \/>\n<script type=\"application\/ld+json\" class=\"yoast-schema-graph\">{\"@context\":\"https:\\\/\\\/schema.org\",\"@graph\":[{\"@type\":\"Article\",\"@id\":\"https:\\\/\\\/lospoliticosveracruz.com\\\/?p=68447#article\",\"isPartOf\":{\"@id\":\"https:\\\/\\\/lospoliticosveracruz.com\\\/?p=68447\"},\"author\":{\"name\":\"Lo viste en Los Pol\u00edticos\",\"@id\":\"https:\\\/\\\/lospoliticosveracruz.com\\\/#\\\/schema\\\/person\\\/b8702bb0e538456e6efd07080bf2a4a2\"},\"headline\":\"La disputa sigue\",\"datePublished\":\"2021-02-20T15:20:30+00:00\",\"mainEntityOfPage\":{\"@id\":\"https:\\\/\\\/lospoliticosveracruz.com\\\/?p=68447\"},\"wordCount\":1030,\"commentCount\":0,\"publisher\":{\"@id\":\"https:\\\/\\\/lospoliticosveracruz.com\\\/#organization\"},\"keywords\":[\"Bingen Rementer\u00eda\",\"Fepade\",\"Joaqu\u00edn Guzm\u00e1n Avil\u00e9s\",\"Marko Cort\u00e9s\",\"Miguel \u00c1ngel Yunes M\u00e1rquez\",\"PAN\",\"Sonia Colorado\",\"Tribunales Electorales\",\"Veracruz\"],\"articleSection\":[\"De Opini\u00f3n\"],\"inLanguage\":\"es\",\"potentialAction\":[{\"@type\":\"CommentAction\",\"name\":\"Comment\",\"target\":[\"https:\\\/\\\/lospoliticosveracruz.com\\\/?p=68447#respond\"]}]},{\"@type\":\"WebPage\",\"@id\":\"https:\\\/\\\/lospoliticosveracruz.com\\\/?p=68447\",\"url\":\"https:\\\/\\\/lospoliticosveracruz.com\\\/?p=68447\",\"name\":\"La disputa sigue - Los pol\u00edticos Veracruz\",\"isPartOf\":{\"@id\":\"https:\\\/\\\/lospoliticosveracruz.com\\\/#website\"},\"datePublished\":\"2021-02-20T15:20:30+00:00\",\"breadcrumb\":{\"@id\":\"https:\\\/\\\/lospoliticosveracruz.com\\\/?p=68447#breadcrumb\"},\"inLanguage\":\"es\",\"potentialAction\":[{\"@type\":\"ReadAction\",\"target\":[\"https:\\\/\\\/lospoliticosveracruz.com\\\/?p=68447\"]}]},{\"@type\":\"BreadcrumbList\",\"@id\":\"https:\\\/\\\/lospoliticosveracruz.com\\\/?p=68447#breadcrumb\",\"itemListElement\":[{\"@type\":\"ListItem\",\"position\":1,\"name\":\"Portada\",\"item\":\"https:\\\/\\\/lospoliticosveracruz.com\\\/\"},{\"@type\":\"ListItem\",\"position\":2,\"name\":\"La disputa sigue\"}]},{\"@type\":\"WebSite\",\"@id\":\"https:\\\/\\\/lospoliticosveracruz.com\\\/#website\",\"url\":\"https:\\\/\\\/lospoliticosveracruz.com\\\/\",\"name\":\"Los pol\u00edticos Veracruz\",\"description\":\"\",\"publisher\":{\"@id\":\"https:\\\/\\\/lospoliticosveracruz.com\\\/#organization\"},\"potentialAction\":[{\"@type\":\"SearchAction\",\"target\":{\"@type\":\"EntryPoint\",\"urlTemplate\":\"https:\\\/\\\/lospoliticosveracruz.com\\\/?s={search_term_string}\"},\"query-input\":{\"@type\":\"PropertyValueSpecification\",\"valueRequired\":true,\"valueName\":\"search_term_string\"}}],\"inLanguage\":\"es\"},{\"@type\":\"Organization\",\"@id\":\"https:\\\/\\\/lospoliticosveracruz.com\\\/#organization\",\"name\":\"Los pol\u00edticos Veracruz\",\"url\":\"https:\\\/\\\/lospoliticosveracruz.com\\\/\",\"logo\":{\"@type\":\"ImageObject\",\"inLanguage\":\"es\",\"@id\":\"https:\\\/\\\/lospoliticosveracruz.com\\\/#\\\/schema\\\/logo\\\/image\\\/\",\"url\":\"https:\\\/\\\/lospoliticosveracruz.com\\\/wp-content\\\/uploads\\\/2025\\\/12\\\/Logo-Nuevo-LOS-POLITICOS-1.jpg\",\"contentUrl\":\"https:\\\/\\\/lospoliticosveracruz.com\\\/wp-content\\\/uploads\\\/2025\\\/12\\\/Logo-Nuevo-LOS-POLITICOS-1.jpg\",\"width\":260,\"height\":70,\"caption\":\"Los pol\u00edticos Veracruz\"},\"image\":{\"@id\":\"https:\\\/\\\/lospoliticosveracruz.com\\\/#\\\/schema\\\/logo\\\/image\\\/\"},\"sameAs\":[\"https:\\\/\\\/www.facebook.com\\\/people\\\/Notimemes-de-los-Polticos\\\/61565672886568\\\/\",\"https:\\\/\\\/x.com\\\/LosPoliticosVer\"]},{\"@type\":\"Person\",\"@id\":\"https:\\\/\\\/lospoliticosveracruz.com\\\/#\\\/schema\\\/person\\\/b8702bb0e538456e6efd07080bf2a4a2\",\"name\":\"Lo viste en Los Pol\u00edticos\",\"image\":{\"@type\":\"ImageObject\",\"inLanguage\":\"es\",\"@id\":\"https:\\\/\\\/secure.gravatar.com\\\/avatar\\\/3a8de04a2656d44082be478bd6c086daa447c4651605818287b9532d3d0bd435?s=96&d=mm&r=g\",\"url\":\"https:\\\/\\\/secure.gravatar.com\\\/avatar\\\/3a8de04a2656d44082be478bd6c086daa447c4651605818287b9532d3d0bd435?s=96&d=mm&r=g\",\"contentUrl\":\"https:\\\/\\\/secure.gravatar.com\\\/avatar\\\/3a8de04a2656d44082be478bd6c086daa447c4651605818287b9532d3d0bd435?s=96&d=mm&r=g\",\"caption\":\"Lo viste en Los Pol\u00edticos\"},\"url\":\"https:\\\/\\\/lospoliticosveracruz.com\\\/?author=2\"}]}<\/script>\n<!-- \/ Yoast SEO plugin. -->","yoast_head_json":{"title":"La disputa sigue - Los pol\u00edticos Veracruz","robots":{"index":"index","follow":"follow","max-snippet":"max-snippet:-1","max-image-preview":"max-image-preview:large","max-video-preview":"max-video-preview:-1"},"canonical":"https:\/\/lospoliticosveracruz.com\/?p=68447","og_locale":"es_ES","og_type":"article","og_title":"La disputa sigue - Los pol\u00edticos Veracruz","og_description":"Ricardo Ch\u00faa Sale y Vale Despu\u00e9s de la votaci\u00f3n en la contienda interna del PAN del puerto de Veracruz para elegir a su candidato a alcalde, entre Bingen Rementeria y Miguel \u00c1ngel Yunes M\u00e1rquez&#8230; Donde gan\u00f3 el segundo, por una diferencia s\u00f3lo de 10 votos&#8230; Esta elecci\u00f3n se fue a tribunales electorales&#8230; Pero esto y [&hellip;]","og_url":"https:\/\/lospoliticosveracruz.com\/?p=68447","og_site_name":"Los pol\u00edticos Veracruz","article_publisher":"https:\/\/www.facebook.com\/people\/Notimemes-de-los-Polticos\/61565672886568\/","article_published_time":"2021-02-20T15:20:30+00:00","og_image":[{"width":200,"height":200,"url":"https:\/\/lospoliticosveracruz.com\/wp-content\/uploads\/2016\/07\/Logo-Dor.jpg","type":"image\/jpeg"}],"author":"Lo viste en Los Pol\u00edticos","twitter_card":"summary_large_image","twitter_creator":"@LosPoliticosVer","twitter_site":"@LosPoliticosVer","twitter_misc":{"Escrito por":"Lo viste en Los Pol\u00edticos","Tiempo de lectura":"5 minutos"},"schema":{"@context":"https:\/\/schema.org","@graph":[{"@type":"Article","@id":"https:\/\/lospoliticosveracruz.com\/?p=68447#article","isPartOf":{"@id":"https:\/\/lospoliticosveracruz.com\/?p=68447"},"author":{"name":"Lo viste en Los Pol\u00edticos","@id":"https:\/\/lospoliticosveracruz.com\/#\/schema\/person\/b8702bb0e538456e6efd07080bf2a4a2"},"headline":"La disputa sigue","datePublished":"2021-02-20T15:20:30+00:00","mainEntityOfPage":{"@id":"https:\/\/lospoliticosveracruz.com\/?p=68447"},"wordCount":1030,"commentCount":0,"publisher":{"@id":"https:\/\/lospoliticosveracruz.com\/#organization"},"keywords":["Bingen Rementer\u00eda","Fepade","Joaqu\u00edn Guzm\u00e1n Avil\u00e9s","Marko Cort\u00e9s","Miguel \u00c1ngel Yunes M\u00e1rquez","PAN","Sonia Colorado","Tribunales Electorales","Veracruz"],"articleSection":["De Opini\u00f3n"],"inLanguage":"es","potentialAction":[{"@type":"CommentAction","name":"Comment","target":["https:\/\/lospoliticosveracruz.com\/?p=68447#respond"]}]},{"@type":"WebPage","@id":"https:\/\/lospoliticosveracruz.com\/?p=68447","url":"https:\/\/lospoliticosveracruz.com\/?p=68447","name":"La disputa sigue - Los pol\u00edticos Veracruz","isPartOf":{"@id":"https:\/\/lospoliticosveracruz.com\/#website"},"datePublished":"2021-02-20T15:20:30+00:00","breadcrumb":{"@id":"https:\/\/lospoliticosveracruz.com\/?p=68447#breadcrumb"},"inLanguage":"es","potentialAction":[{"@type":"ReadAction","target":["https:\/\/lospoliticosveracruz.com\/?p=68447"]}]},{"@type":"BreadcrumbList","@id":"https:\/\/lospoliticosveracruz.com\/?p=68447#breadcrumb","itemListElement":[{"@type":"ListItem","position":1,"name":"Portada","item":"https:\/\/lospoliticosveracruz.com\/"},{"@type":"ListItem","position":2,"name":"La disputa sigue"}]},{"@type":"WebSite","@id":"https:\/\/lospoliticosveracruz.com\/#website","url":"https:\/\/lospoliticosveracruz.com\/","name":"Los pol\u00edticos Veracruz","description":"","publisher":{"@id":"https:\/\/lospoliticosveracruz.com\/#organization"},"potentialAction":[{"@type":"SearchAction","target":{"@type":"EntryPoint","urlTemplate":"https:\/\/lospoliticosveracruz.com\/?s={search_term_string}"},"query-input":{"@type":"PropertyValueSpecification","valueRequired":true,"valueName":"search_term_string"}}],"inLanguage":"es"},{"@type":"Organization","@id":"https:\/\/lospoliticosveracruz.com\/#organization","name":"Los pol\u00edticos Veracruz","url":"https:\/\/lospoliticosveracruz.com\/","logo":{"@type":"ImageObject","inLanguage":"es","@id":"https:\/\/lospoliticosveracruz.com\/#\/schema\/logo\/image\/","url":"https:\/\/lospoliticosveracruz.com\/wp-content\/uploads\/2025\/12\/Logo-Nuevo-LOS-POLITICOS-1.jpg","contentUrl":"https:\/\/lospoliticosveracruz.com\/wp-content\/uploads\/2025\/12\/Logo-Nuevo-LOS-POLITICOS-1.jpg","width":260,"height":70,"caption":"Los pol\u00edticos Veracruz"},"image":{"@id":"https:\/\/lospoliticosveracruz.com\/#\/schema\/logo\/image\/"},"sameAs":["https:\/\/www.facebook.com\/people\/Notimemes-de-los-Polticos\/61565672886568\/","https:\/\/x.com\/LosPoliticosVer"]},{"@type":"Person","@id":"https:\/\/lospoliticosveracruz.com\/#\/schema\/person\/b8702bb0e538456e6efd07080bf2a4a2","name":"Lo viste en Los Pol\u00edticos","image":{"@type":"ImageObject","inLanguage":"es","@id":"https:\/\/secure.gravatar.com\/avatar\/3a8de04a2656d44082be478bd6c086daa447c4651605818287b9532d3d0bd435?s=96&d=mm&r=g","url":"https:\/\/secure.gravatar.com\/avatar\/3a8de04a2656d44082be478bd6c086daa447c4651605818287b9532d3d0bd435?s=96&d=mm&r=g","contentUrl":"https:\/\/secure.gravatar.com\/avatar\/3a8de04a2656d44082be478bd6c086daa447c4651605818287b9532d3d0bd435?s=96&d=mm&r=g","caption":"Lo viste en Los Pol\u00edticos"},"url":"https:\/\/lospoliticosveracruz.com\/?author=2"}]}},"_links":{"self":[{"href":"https:\/\/lospoliticosveracruz.com\/index.php?rest_route=\/wp\/v2\/posts\/68447","targetHints":{"allow":["GET"]}}],"collection":[{"href":"https:\/\/lospoliticosveracruz.com\/index.php?rest_route=\/wp\/v2\/posts"}],"about":[{"href":"https:\/\/lospoliticosveracruz.com\/index.php?rest_route=\/wp\/v2\/types\/post"}],"author":[{"embeddable":true,"href":"https:\/\/lospoliticosveracruz.com\/index.php?rest_route=\/wp\/v2\/users\/2"}],"replies":[{"embeddable":true,"href":"https:\/\/lospoliticosveracruz.com\/index.php?rest_route=%2Fwp%2Fv2%2Fcomments&post=68447"}],"version-history":[{"count":1,"href":"https:\/\/lospoliticosveracruz.com\/index.php?rest_route=\/wp\/v2\/posts\/68447\/revisions"}],"predecessor-version":[{"id":68449,"href":"https:\/\/lospoliticosveracruz.com\/index.php?rest_route=\/wp\/v2\/posts\/68447\/revisions\/68449"}],"wp:attachment":[{"href":"https:\/\/lospoliticosveracruz.com\/index.php?rest_route=%2Fwp%2Fv2%2Fmedia&parent=68447"}],"wp:term":[{"taxonomy":"category","embeddable":true,"href":"https:\/\/lospoliticosveracruz.com\/index.php?rest_route=%2Fwp%2Fv2%2Fcategories&post=68447"},{"taxonomy":"post_tag","embeddable":true,"href":"https:\/\/lospoliticosveracruz.com\/index.php?rest_route=%2Fwp%2Fv2%2Ftags&post=68447"}],"curies":[{"name":"wp","href":"https:\/\/api.w.org\/{rel}","templated":true}]}}