{"id":68475,"date":"2021-02-21T09:55:36","date_gmt":"2021-02-21T15:55:36","guid":{"rendered":"http:\/\/www.lospoliticosveracruz.com.mx\/?p=68475"},"modified":"2021-02-21T09:55:36","modified_gmt":"2021-02-21T15:55:36","slug":"va-gutyco","status":"publish","type":"post","link":"https:\/\/lospoliticosveracruz.com\/?p=68475","title":{"rendered":"Va Gutyco"},"content":{"rendered":"<p><strong>Ricardo Ch\u00faa<\/strong><br \/>\n<em>Sale y Vale<\/em><\/p>\n<p>VA GUTYCO&#8230; Ya empezaron a conocerse los primeros nombres de personajes, que encabezaran las candidaturas a diputados locales en Veracruz por la alianza MORENA-PVEM-PT y uno de esos postulados ser\u00e1 Agust\u00edn Mollinedo, conocido como \u00abGutyco\u00bb, un popular personaje de la zona de C\u00f3rdoba, ex alcalde de Atoyac&#8230; Y que ser\u00e1 postulado por el distrito de Medell\u00edn de Bravo compiti\u00e9ndole al candidato del PAN-PRI-PRD, Hip\u00f3lito Deschamps&#8230; Que se supone es el rival a vencer&#8230;<\/p>\n<p>El \u00abGutyco\u00bb es un personaje que ha militado en el PRI y PAN&#8230; Ahora se convierte a MORENA para ser candidato por el distrito de Medell\u00edn de Bravo, demarcaci\u00f3n en la cual. est\u00e1 inmerso el municipio de Atoyac&#8230; Ya que al parecer, los Morenos no cuentan con un \u00abcuadro propio\u00bb fuerte en la zona y han decidido postular a este ex alcalde, m\u00e1s bien no quieren a \u00abMaleno\u00bb Rodr\u00edguez por exhibirlos; Mollinedo es conocido por la clase pol\u00edtica, por ser un personaje que no se mide, echado para adelante y que parece m\u00e1s \u00abalvarade\u00f1o\u00bb que Do\u00f1a Tella&#8230;<\/p>\n<p>Mollinedo fue el diputado federal del PAN, 2006-2009, consentido del malogrado secretario de Gobernaci\u00f3n, Juan Camilo Mouri\u00f1o, el cual siempre lo invitaba a sus \u00abtertulias\u00bb cuando sal\u00edan de \u00abLos Pinos\u00bb o Secretar\u00eda de Gobernaci\u00f3n en CDMX porque tambi\u00e9n era bueno para la \u00abgrilla\u00bb y la fiesta&#8230; Por desgracia, al fallecer, Mouri\u00f1o, muchos de los proyectos pol\u00edticos de \u00abGutyco\u00bb tambi\u00e9n \u00abdurmieron el sue\u00f1o de los justos\u00bb&#8230; Por eso, regreso y gan\u00f3 la alcald\u00eda de Atoyac&#8230;<\/p>\n<p>Pese a militar en el PAN, Mollinedo mantuvo una buena relaci\u00f3n con Fidel Herrera Beltr\u00e1n&#8230; Era uno de sus \u00abmensajeros\u00bb panistas veracruzanos con el gobierno de Felipe Calder\u00f3n&#8230; Despu\u00e9s apoy\u00f3 a Javier Duarte en su zona de influencia en C\u00f3rdoba.. Lo cual le permiti\u00f3 gobernar Atoyac sin problema y con ayuda del gobierno estatal&#8230; Ahora, Gutyco cambi\u00f3 de \u00abaires\u00bb y se va con MORENA a jugarla con el equipo de Cuitl\u00e1huac&#8230; Como a AMLO, le pusieron \u00aba bola y bateo de -jon ron-\u00bb sobre los Morenos que aspiraban&#8230; \u00bfDerrotar\u00e1 a Polo?&#8230; AMEN&#8230;<\/p>\n<p>XALAPA, CON O CONTRA MORENA&#8230; Seg\u00fan \u00abGarganta Profunda Xalape\u00f1o\u00bb en la capital del Estado en su lucha por la alcald\u00eda&#8230; El problema no es la nominaci\u00f3n de Ricardo Ahued a este cargo de elecci\u00f3n popular.. Si no el desgaste que vive el partido MORENA&#8230; Lo que lo jalar\u00eda a una posible derrota&#8230; As\u00ed como lo leen&#8230; Ahued est\u00e1 en riesgo de perder&#8230; Por eso, hay versiones que Cuitl\u00e1huac Garc\u00eda ha acordado, presuntamente, desplegar un MEGAOPERATIVO para ganar esta ciudad a como de lugar&#8230;. HAIGA COMO HAIGA SIDO..<\/p>\n<p>Ya que en Xalapa a diferencia del Estado, en el tema de las alcald\u00edas, s\u00f3lo \u00abhay de dos sopas\u00bb&#8230; Estas con MORENA o en contra de MORENA&#8230; Ya la postulaci\u00f3n de Ahued, se debe a que es el \u00fanico que tiene atractivo electoral ante los xalape\u00f1os para ganar&#8230; A pesar que algunos digan, que se \u00abprest\u00f3\u00bb a ese \u00abjuego\u00bb y que no le quede de otra&#8230; Sobre todo porque \u00e9l tendr\u00e1 que cargar con todo el \u00ablastre\u00bb que significa el desgaste de los Morenos como gobierno federal, estatal y municipal&#8230; Pone el senador su figura en riesgo&#8230;<\/p>\n<p>Adem\u00e1s comentan que otro \u00ablastre\u00bb que tendr\u00e1 el legislador es su planilla de s\u00edndico y regidores.. Tambi\u00e9n Ahued le \u00abcobraran\u00bb las \u00abfacturas\u00bb de los intentos de reelecci\u00f3n de los diputados locales y federales por este distrito&#8230; Ricardo Ahued tiene que cargar con todo eso y aunado al VOTO DE CASTIGO a la 4T en Xalapa&#8230; Por eso, es el riesgo de perder con David Velasco Chedraui y m\u00e1s si concretan la alianza con el PAN-PRD-PRI, es alto&#8230;<\/p>\n<p>La postulaci\u00f3n de Ricardo Ahued como alcalde es porque MORENA, se dio cuenta junto con los inquilinos de Palacio de Gobierno, que si no es con \u00e9l, pues, pierden m\u00e1s f\u00e1cil la alcald\u00eda&#8230; Por ello, es que buscaron al senador y no lanzaron una CANDIDATURA PROPIA con alguien que haya formado Hipo-Crito o alg\u00fan otro sector de Morenos&#8230; Ni siquiera Juan Vergel, ni Villalpando&#8230; Las diputadas de Morena de la capital, mejor prefieren buscar la reelecci\u00f3n, que ser impulsadas a la alcald\u00eda&#8230; ES EL TEMOR&#8230;<\/p>\n<p>La propia oficina de Cuitl\u00e1huac Garc\u00eda ten\u00eda el informe completo y sondeos realizados meses antes, de que si no lanzaban a Ahued&#8230; La oposici\u00f3n los iba arrasar en la elecci\u00f3n municipal&#8230; No quisieron correr riesgos y decidieron \u00abpresionar\u00bb al senador para traerlo de vuelta a Xalapa&#8230; Por ello, fueron las diputadas m\u00e1s cercanas al gobernador, las que \u00abinvitaron\u00bb a Ricardo Ahued a que fuera su candidato a la alcald\u00eda&#8230; No ten\u00edan de otra y con todo su pesar lo hicieron&#8230; Sin \u00e9l, no compiten, de ganar ya se ver\u00e1 en junio venidero&#8230;<\/p>\n<p>Por eso, MORENA manda a Ahued para ver si es que con su figura pol\u00edtica les puede rescatar la presidencia municipal&#8230; Pero quiz\u00e1s el \u00abh\u00e1ndicap\u00bb en contra del senador, sea su planilla de s\u00edndico y regidores&#8230; Ya que todo lo que metan a la misma y que la ciudadan\u00eda \u00abhuela\u00bb que Ahued s\u00f3lo se prest\u00f3 al juego para ganar e irse unos meses despu\u00e9s al Senado&#8230; Ser\u00e1 algo brutal en su contra&#8230;<\/p>\n<p>EN RESUMEN&#8230; Por estas razones, es que la elecci\u00f3n de Xalapa se va a POLARIZAR.., Los que est\u00e1n en contra de MORENA (No contra Ahued) o a favor de MORENA&#8230; Es por ello, que el ex rector de la UV y que pretendi\u00f3 ser candidato independiente a la alcald\u00eda, Ra\u00fal Arias Lovillo, mejor se \u00abbajo\u00bb de la contienda&#8230; Se dio cuenta, que en este proceso no hay condiciones para participar&#8230; Ser\u00e1 una pelea s\u00f3lo entre el PRI-PAN-PD contra la 4T de Andr\u00e9s Manuel L\u00f3pez Obrador&#8230;<\/p>\n<p>As\u00ed que no hay que buscarle mucho&#8230; Los que est\u00e1n con L\u00f3pez Obrador votar\u00e1n por Ahued aun con todo y MORENA&#8230; Mientras los que tengan cuentas pendientes que cobrarle a Los Morenos, Hipo-Crito, Cuitl\u00e1huac, Patrocinio o est\u00e9n con alg\u00fan otro tipo de odios y resentimientos contra la \u00abCuarta Tranformaci\u00f3n\u00bb por lo hecho en Xalapa&#8230; Sin duda, ir\u00e1n con David Velasco Chedraui y el PRI-PRD esperando la alianza con el PAN&#8230; NO HAY DE OTRA \u00abSOPA\u00bb&#8230;<\/p>\n","protected":false},"excerpt":{"rendered":"<p>Ricardo Ch\u00faa Sale y Vale VA GUTYCO&#8230; Ya empezaron a conocerse los primeros nombres de personajes, que encabezaran las candidaturas a diputados locales en Veracruz por la alianza MORENA-PVEM-PT y uno de esos postulados ser\u00e1 Agust\u00edn Mollinedo, conocido como \u00abGutyco\u00bb, un popular personaje de la zona de C\u00f3rdoba, ex alcalde de Atoyac&#8230; Y que ser\u00e1 [&hellip;]<\/p>\n","protected":false},"author":2,"featured_media":0,"comment_status":"open","ping_status":"open","sticky":false,"template":"","format":"standard","meta":{"tdm_status":"","tdm_grid_status":"","footnotes":""},"categories":[70],"tags":[751,407,410,162,13427,13812,1420,1026,266,107,251,2289,264,876,195],"class_list":{"0":"post-68475","1":"post","2":"type-post","3":"status-publish","4":"format-standard","6":"category-de-opinion","7":"tag-cordoba","8":"tag-david-velasco-chedraui","9":"tag-fidel-herrera-beltran","10":"tag-javier-duarte","11":"tag-juan-camilo-mourino","12":"tag-maleno-rosales","13":"tag-medellin-de-bravo","14":"tag-morena","15":"tag-pan","16":"tag-prd","17":"tag-pri","18":"tag-pt","19":"tag-pvem","20":"tag-ricardo-ahued","21":"tag-veracruz"},"yoast_head":"<!-- This site is optimized with the Yoast SEO plugin v27.4 - https:\/\/yoast.com\/product\/yoast-seo-wordpress\/ -->\n<title>Va Gutyco - Los pol\u00edticos Veracruz<\/title>\n<meta name=\"robots\" content=\"index, follow, max-snippet:-1, max-image-preview:large, max-video-preview:-1\" \/>\n<link rel=\"canonical\" href=\"https:\/\/lospoliticosveracruz.com\/?p=68475\" \/>\n<meta property=\"og:locale\" content=\"es_ES\" \/>\n<meta property=\"og:type\" content=\"article\" \/>\n<meta property=\"og:title\" content=\"Va Gutyco - Los pol\u00edticos Veracruz\" \/>\n<meta property=\"og:description\" content=\"Ricardo Ch\u00faa Sale y Vale VA GUTYCO&#8230; Ya empezaron a conocerse los primeros nombres de personajes, que encabezaran las candidaturas a diputados locales en Veracruz por la alianza MORENA-PVEM-PT y uno de esos postulados ser\u00e1 Agust\u00edn Mollinedo, conocido como \u00abGutyco\u00bb, un popular personaje de la zona de C\u00f3rdoba, ex alcalde de Atoyac&#8230; Y que ser\u00e1 [&hellip;]\" \/>\n<meta property=\"og:url\" content=\"https:\/\/lospoliticosveracruz.com\/?p=68475\" \/>\n<meta property=\"og:site_name\" content=\"Los pol\u00edticos Veracruz\" \/>\n<meta property=\"article:publisher\" content=\"https:\/\/www.facebook.com\/people\/Notimemes-de-los-Polticos\/61565672886568\/\" \/>\n<meta property=\"article:published_time\" content=\"2021-02-21T15:55:36+00:00\" \/>\n<meta property=\"og:image\" content=\"https:\/\/lospoliticosveracruz.com\/wp-content\/uploads\/2016\/07\/Logo-Dor.jpg\" \/>\n\t<meta property=\"og:image:width\" content=\"200\" \/>\n\t<meta property=\"og:image:height\" content=\"200\" \/>\n\t<meta property=\"og:image:type\" content=\"image\/jpeg\" \/>\n<meta name=\"author\" content=\"Lo viste en Los Pol\u00edticos\" \/>\n<meta name=\"twitter:card\" content=\"summary_large_image\" \/>\n<meta name=\"twitter:creator\" content=\"@LosPoliticosVer\" \/>\n<meta name=\"twitter:site\" content=\"@LosPoliticosVer\" \/>\n<meta name=\"twitter:label1\" content=\"Escrito por\" \/>\n\t<meta name=\"twitter:data1\" content=\"Lo viste en Los Pol\u00edticos\" \/>\n\t<meta name=\"twitter:label2\" content=\"Tiempo de lectura\" \/>\n\t<meta name=\"twitter:data2\" content=\"5 minutos\" \/>\n<script type=\"application\/ld+json\" class=\"yoast-schema-graph\">{\"@context\":\"https:\\\/\\\/schema.org\",\"@graph\":[{\"@type\":\"Article\",\"@id\":\"https:\\\/\\\/lospoliticosveracruz.com\\\/?p=68475#article\",\"isPartOf\":{\"@id\":\"https:\\\/\\\/lospoliticosveracruz.com\\\/?p=68475\"},\"author\":{\"name\":\"Lo viste en Los Pol\u00edticos\",\"@id\":\"https:\\\/\\\/lospoliticosveracruz.com\\\/#\\\/schema\\\/person\\\/b8702bb0e538456e6efd07080bf2a4a2\"},\"headline\":\"Va Gutyco\",\"datePublished\":\"2021-02-21T15:55:36+00:00\",\"mainEntityOfPage\":{\"@id\":\"https:\\\/\\\/lospoliticosveracruz.com\\\/?p=68475\"},\"wordCount\":1098,\"commentCount\":0,\"publisher\":{\"@id\":\"https:\\\/\\\/lospoliticosveracruz.com\\\/#organization\"},\"keywords\":[\"C\u00f3rdoba\",\"David Velasco Chedraui\",\"Fidel Herrera Beltr\u00e1n\",\"Javier Duarte\",\"Juan Camilo Mouri\u00f1o\",\"Maleno Rosales\",\"Medell\u00edn de Bravo\",\"Morena\",\"PAN\",\"PRD\",\"PRI\",\"PT\",\"PVEM\",\"Ricardo Ahued\",\"Veracruz\"],\"articleSection\":[\"De Opini\u00f3n\"],\"inLanguage\":\"es\",\"potentialAction\":[{\"@type\":\"CommentAction\",\"name\":\"Comment\",\"target\":[\"https:\\\/\\\/lospoliticosveracruz.com\\\/?p=68475#respond\"]}]},{\"@type\":\"WebPage\",\"@id\":\"https:\\\/\\\/lospoliticosveracruz.com\\\/?p=68475\",\"url\":\"https:\\\/\\\/lospoliticosveracruz.com\\\/?p=68475\",\"name\":\"Va Gutyco - Los pol\u00edticos Veracruz\",\"isPartOf\":{\"@id\":\"https:\\\/\\\/lospoliticosveracruz.com\\\/#website\"},\"datePublished\":\"2021-02-21T15:55:36+00:00\",\"breadcrumb\":{\"@id\":\"https:\\\/\\\/lospoliticosveracruz.com\\\/?p=68475#breadcrumb\"},\"inLanguage\":\"es\",\"potentialAction\":[{\"@type\":\"ReadAction\",\"target\":[\"https:\\\/\\\/lospoliticosveracruz.com\\\/?p=68475\"]}]},{\"@type\":\"BreadcrumbList\",\"@id\":\"https:\\\/\\\/lospoliticosveracruz.com\\\/?p=68475#breadcrumb\",\"itemListElement\":[{\"@type\":\"ListItem\",\"position\":1,\"name\":\"Portada\",\"item\":\"https:\\\/\\\/lospoliticosveracruz.com\\\/\"},{\"@type\":\"ListItem\",\"position\":2,\"name\":\"Va Gutyco\"}]},{\"@type\":\"WebSite\",\"@id\":\"https:\\\/\\\/lospoliticosveracruz.com\\\/#website\",\"url\":\"https:\\\/\\\/lospoliticosveracruz.com\\\/\",\"name\":\"Los pol\u00edticos Veracruz\",\"description\":\"\",\"publisher\":{\"@id\":\"https:\\\/\\\/lospoliticosveracruz.com\\\/#organization\"},\"potentialAction\":[{\"@type\":\"SearchAction\",\"target\":{\"@type\":\"EntryPoint\",\"urlTemplate\":\"https:\\\/\\\/lospoliticosveracruz.com\\\/?s={search_term_string}\"},\"query-input\":{\"@type\":\"PropertyValueSpecification\",\"valueRequired\":true,\"valueName\":\"search_term_string\"}}],\"inLanguage\":\"es\"},{\"@type\":\"Organization\",\"@id\":\"https:\\\/\\\/lospoliticosveracruz.com\\\/#organization\",\"name\":\"Los pol\u00edticos Veracruz\",\"url\":\"https:\\\/\\\/lospoliticosveracruz.com\\\/\",\"logo\":{\"@type\":\"ImageObject\",\"inLanguage\":\"es\",\"@id\":\"https:\\\/\\\/lospoliticosveracruz.com\\\/#\\\/schema\\\/logo\\\/image\\\/\",\"url\":\"https:\\\/\\\/lospoliticosveracruz.com\\\/wp-content\\\/uploads\\\/2025\\\/12\\\/Logo-Nuevo-LOS-POLITICOS-1.jpg\",\"contentUrl\":\"https:\\\/\\\/lospoliticosveracruz.com\\\/wp-content\\\/uploads\\\/2025\\\/12\\\/Logo-Nuevo-LOS-POLITICOS-1.jpg\",\"width\":260,\"height\":70,\"caption\":\"Los pol\u00edticos Veracruz\"},\"image\":{\"@id\":\"https:\\\/\\\/lospoliticosveracruz.com\\\/#\\\/schema\\\/logo\\\/image\\\/\"},\"sameAs\":[\"https:\\\/\\\/www.facebook.com\\\/people\\\/Notimemes-de-los-Polticos\\\/61565672886568\\\/\",\"https:\\\/\\\/x.com\\\/LosPoliticosVer\"]},{\"@type\":\"Person\",\"@id\":\"https:\\\/\\\/lospoliticosveracruz.com\\\/#\\\/schema\\\/person\\\/b8702bb0e538456e6efd07080bf2a4a2\",\"name\":\"Lo viste en Los Pol\u00edticos\",\"image\":{\"@type\":\"ImageObject\",\"inLanguage\":\"es\",\"@id\":\"https:\\\/\\\/secure.gravatar.com\\\/avatar\\\/3a8de04a2656d44082be478bd6c086daa447c4651605818287b9532d3d0bd435?s=96&d=mm&r=g\",\"url\":\"https:\\\/\\\/secure.gravatar.com\\\/avatar\\\/3a8de04a2656d44082be478bd6c086daa447c4651605818287b9532d3d0bd435?s=96&d=mm&r=g\",\"contentUrl\":\"https:\\\/\\\/secure.gravatar.com\\\/avatar\\\/3a8de04a2656d44082be478bd6c086daa447c4651605818287b9532d3d0bd435?s=96&d=mm&r=g\",\"caption\":\"Lo viste en Los Pol\u00edticos\"},\"url\":\"https:\\\/\\\/lospoliticosveracruz.com\\\/?author=2\"}]}<\/script>\n<!-- \/ Yoast SEO plugin. -->","yoast_head_json":{"title":"Va Gutyco - Los pol\u00edticos Veracruz","robots":{"index":"index","follow":"follow","max-snippet":"max-snippet:-1","max-image-preview":"max-image-preview:large","max-video-preview":"max-video-preview:-1"},"canonical":"https:\/\/lospoliticosveracruz.com\/?p=68475","og_locale":"es_ES","og_type":"article","og_title":"Va Gutyco - Los pol\u00edticos Veracruz","og_description":"Ricardo Ch\u00faa Sale y Vale VA GUTYCO&#8230; Ya empezaron a conocerse los primeros nombres de personajes, que encabezaran las candidaturas a diputados locales en Veracruz por la alianza MORENA-PVEM-PT y uno de esos postulados ser\u00e1 Agust\u00edn Mollinedo, conocido como \u00abGutyco\u00bb, un popular personaje de la zona de C\u00f3rdoba, ex alcalde de Atoyac&#8230; Y que ser\u00e1 [&hellip;]","og_url":"https:\/\/lospoliticosveracruz.com\/?p=68475","og_site_name":"Los pol\u00edticos Veracruz","article_publisher":"https:\/\/www.facebook.com\/people\/Notimemes-de-los-Polticos\/61565672886568\/","article_published_time":"2021-02-21T15:55:36+00:00","og_image":[{"width":200,"height":200,"url":"https:\/\/lospoliticosveracruz.com\/wp-content\/uploads\/2016\/07\/Logo-Dor.jpg","type":"image\/jpeg"}],"author":"Lo viste en Los Pol\u00edticos","twitter_card":"summary_large_image","twitter_creator":"@LosPoliticosVer","twitter_site":"@LosPoliticosVer","twitter_misc":{"Escrito por":"Lo viste en Los Pol\u00edticos","Tiempo de lectura":"5 minutos"},"schema":{"@context":"https:\/\/schema.org","@graph":[{"@type":"Article","@id":"https:\/\/lospoliticosveracruz.com\/?p=68475#article","isPartOf":{"@id":"https:\/\/lospoliticosveracruz.com\/?p=68475"},"author":{"name":"Lo viste en Los Pol\u00edticos","@id":"https:\/\/lospoliticosveracruz.com\/#\/schema\/person\/b8702bb0e538456e6efd07080bf2a4a2"},"headline":"Va Gutyco","datePublished":"2021-02-21T15:55:36+00:00","mainEntityOfPage":{"@id":"https:\/\/lospoliticosveracruz.com\/?p=68475"},"wordCount":1098,"commentCount":0,"publisher":{"@id":"https:\/\/lospoliticosveracruz.com\/#organization"},"keywords":["C\u00f3rdoba","David Velasco Chedraui","Fidel Herrera Beltr\u00e1n","Javier Duarte","Juan Camilo Mouri\u00f1o","Maleno Rosales","Medell\u00edn de Bravo","Morena","PAN","PRD","PRI","PT","PVEM","Ricardo Ahued","Veracruz"],"articleSection":["De Opini\u00f3n"],"inLanguage":"es","potentialAction":[{"@type":"CommentAction","name":"Comment","target":["https:\/\/lospoliticosveracruz.com\/?p=68475#respond"]}]},{"@type":"WebPage","@id":"https:\/\/lospoliticosveracruz.com\/?p=68475","url":"https:\/\/lospoliticosveracruz.com\/?p=68475","name":"Va Gutyco - Los pol\u00edticos Veracruz","isPartOf":{"@id":"https:\/\/lospoliticosveracruz.com\/#website"},"datePublished":"2021-02-21T15:55:36+00:00","breadcrumb":{"@id":"https:\/\/lospoliticosveracruz.com\/?p=68475#breadcrumb"},"inLanguage":"es","potentialAction":[{"@type":"ReadAction","target":["https:\/\/lospoliticosveracruz.com\/?p=68475"]}]},{"@type":"BreadcrumbList","@id":"https:\/\/lospoliticosveracruz.com\/?p=68475#breadcrumb","itemListElement":[{"@type":"ListItem","position":1,"name":"Portada","item":"https:\/\/lospoliticosveracruz.com\/"},{"@type":"ListItem","position":2,"name":"Va Gutyco"}]},{"@type":"WebSite","@id":"https:\/\/lospoliticosveracruz.com\/#website","url":"https:\/\/lospoliticosveracruz.com\/","name":"Los pol\u00edticos Veracruz","description":"","publisher":{"@id":"https:\/\/lospoliticosveracruz.com\/#organization"},"potentialAction":[{"@type":"SearchAction","target":{"@type":"EntryPoint","urlTemplate":"https:\/\/lospoliticosveracruz.com\/?s={search_term_string}"},"query-input":{"@type":"PropertyValueSpecification","valueRequired":true,"valueName":"search_term_string"}}],"inLanguage":"es"},{"@type":"Organization","@id":"https:\/\/lospoliticosveracruz.com\/#organization","name":"Los pol\u00edticos Veracruz","url":"https:\/\/lospoliticosveracruz.com\/","logo":{"@type":"ImageObject","inLanguage":"es","@id":"https:\/\/lospoliticosveracruz.com\/#\/schema\/logo\/image\/","url":"https:\/\/lospoliticosveracruz.com\/wp-content\/uploads\/2025\/12\/Logo-Nuevo-LOS-POLITICOS-1.jpg","contentUrl":"https:\/\/lospoliticosveracruz.com\/wp-content\/uploads\/2025\/12\/Logo-Nuevo-LOS-POLITICOS-1.jpg","width":260,"height":70,"caption":"Los pol\u00edticos Veracruz"},"image":{"@id":"https:\/\/lospoliticosveracruz.com\/#\/schema\/logo\/image\/"},"sameAs":["https:\/\/www.facebook.com\/people\/Notimemes-de-los-Polticos\/61565672886568\/","https:\/\/x.com\/LosPoliticosVer"]},{"@type":"Person","@id":"https:\/\/lospoliticosveracruz.com\/#\/schema\/person\/b8702bb0e538456e6efd07080bf2a4a2","name":"Lo viste en Los Pol\u00edticos","image":{"@type":"ImageObject","inLanguage":"es","@id":"https:\/\/secure.gravatar.com\/avatar\/3a8de04a2656d44082be478bd6c086daa447c4651605818287b9532d3d0bd435?s=96&d=mm&r=g","url":"https:\/\/secure.gravatar.com\/avatar\/3a8de04a2656d44082be478bd6c086daa447c4651605818287b9532d3d0bd435?s=96&d=mm&r=g","contentUrl":"https:\/\/secure.gravatar.com\/avatar\/3a8de04a2656d44082be478bd6c086daa447c4651605818287b9532d3d0bd435?s=96&d=mm&r=g","caption":"Lo viste en Los Pol\u00edticos"},"url":"https:\/\/lospoliticosveracruz.com\/?author=2"}]}},"_links":{"self":[{"href":"https:\/\/lospoliticosveracruz.com\/index.php?rest_route=\/wp\/v2\/posts\/68475","targetHints":{"allow":["GET"]}}],"collection":[{"href":"https:\/\/lospoliticosveracruz.com\/index.php?rest_route=\/wp\/v2\/posts"}],"about":[{"href":"https:\/\/lospoliticosveracruz.com\/index.php?rest_route=\/wp\/v2\/types\/post"}],"author":[{"embeddable":true,"href":"https:\/\/lospoliticosveracruz.com\/index.php?rest_route=\/wp\/v2\/users\/2"}],"replies":[{"embeddable":true,"href":"https:\/\/lospoliticosveracruz.com\/index.php?rest_route=%2Fwp%2Fv2%2Fcomments&post=68475"}],"version-history":[{"count":1,"href":"https:\/\/lospoliticosveracruz.com\/index.php?rest_route=\/wp\/v2\/posts\/68475\/revisions"}],"predecessor-version":[{"id":68477,"href":"https:\/\/lospoliticosveracruz.com\/index.php?rest_route=\/wp\/v2\/posts\/68475\/revisions\/68477"}],"wp:attachment":[{"href":"https:\/\/lospoliticosveracruz.com\/index.php?rest_route=%2Fwp%2Fv2%2Fmedia&parent=68475"}],"wp:term":[{"taxonomy":"category","embeddable":true,"href":"https:\/\/lospoliticosveracruz.com\/index.php?rest_route=%2Fwp%2Fv2%2Fcategories&post=68475"},{"taxonomy":"post_tag","embeddable":true,"href":"https:\/\/lospoliticosveracruz.com\/index.php?rest_route=%2Fwp%2Fv2%2Ftags&post=68475"}],"curies":[{"name":"wp","href":"https:\/\/api.w.org\/{rel}","templated":true}]}}