{"id":68502,"date":"2021-02-21T21:15:44","date_gmt":"2021-02-22T03:15:44","guid":{"rendered":"http:\/\/www.lospoliticosveracruz.com.mx\/?p=68502"},"modified":"2021-02-21T21:15:44","modified_gmt":"2021-02-22T03:15:44","slug":"cecan","status":"publish","type":"post","link":"https:\/\/lospoliticosveracruz.com\/?p=68502","title":{"rendered":"CECAN"},"content":{"rendered":"<p><strong>Brenda Caballero<\/strong><\/p>\n<p><em>N\u00fameros Rojos<\/em><\/p>\n<p>&nbsp;<\/p>\n<p>De acuerdo a datos de la Organizaci\u00f3n Mundial de la Salud (OMS), el c\u00e1ncer de mama es el tipo de tumor maligno m\u00e1s frecuente en las mujeres con m\u00e1s de un mill\u00f3n de casos al a\u00f1o. En 2020 contabilizaron en nuestro pa\u00eds alrededor de 16 mil 500 casos nuevos que se agregan a los ya existentes.<br \/>\nSi bien Veracruz tiene una tasa de mortalidad intermedia, no podemos pasar por alto la muerte de una mujer diariamente por c\u00e1ncer de mama en el estado.<br \/>\nA ello agreguemos los diversos tipos de c\u00e1ncer que padecen los veracruzanos que hace que m\u00e1s de 12 mil pacientes lleguen mensualmente al Centro Estatal de Cancerolog\u00eda (CECAN) Doctor Miguel Dorantes Meza, para recibir atenci\u00f3n oncol\u00f3gica.<br \/>\n<a href=\"http:\/\/www.lospoliticosveracruz.com.mx\/?p=67915\"><em><strong>En mi columna del 8 de febrero<\/strong><\/em><\/a> escrib\u00ed que tambi\u00e9n dejar\u00eda de funcionar el \u00e1rea de fisioterapia oncol\u00f3gica en el CECAN, dejando en la indefensi\u00f3n a las mujeres, como usuarias principales del servicio pues supuestamente por la pandemia del Covid, no hab\u00eda jefes en las \u00e1reas de oncolog\u00eda m\u00e9dica y cirug\u00eda oncol\u00f3gica, situaci\u00f3n que complicaba la atenci\u00f3n a pacientes por primera vez.<br \/>\nDe acuerdo a voces internas del CECAN, la falta de jefes en esas \u00e1reas responde a un \u201cberrinche\u201d de su director Jorge Ortiz Gonz\u00e1lez, o a un acto de servilismo hacia su jefe, Roberto Ramos Alor, pues no esper\u00f3 a escuchar voces y resolver el problema. La queja constante es que el doctor Ortiz ni llama al personal, ni hace reuniones, ni los escucha&#8230; Todo lo quiere resolver a trav\u00e9s de su celular con puro whatsapp por lo que el CECAN navega sin rumbo, pues no hay jefes, y parece que tampoco director pues nadie coordina \u00e1reas que son primordiales para los veracruzanos y veracruzanas que padecen c\u00e1ncer y necesitan tratamiento, y esto por supuesto, repercute en la familia de cada enfermo.<br \/>\nEs interesante la declaraci\u00f3n que hace el doctor Ortiz a medios de comunicaci\u00f3n donde cita que en el CECAN hacen una labor tit\u00e1nica para ofrecer tratamientos paliativos y curativos a los pacientes, pero tambi\u00e9n para evitar que haya un brote de coronavirus en las instalaciones; sin embargo, los trabajadores afirman que est\u00e1 bloqueada un \u00e1rea de la planta baja del hospital donde se encuentra \u201cun \u00e1rea COVID informal\u201d, porque no est\u00e1 reportada ante SESVER. All\u00ed se atienden pacientes con c\u00e1ncer y COVID, y funciona como transici\u00f3n para su referencia al Centro de Alta Especialidad (CAE) o su alta domiciliaria.<br \/>\nEsa \u00e1rea, que tiene la funci\u00f3n de ser \u00abatenci\u00f3n inmediata\u00bb en otros hospitales llamado \u00aburgencias\u00bb, y el \u00e1rea de unidad de c\u00e1ncer ginecol\u00f3gico, desarrollan actividades de manera \u00abamontonada\u00bb, pues a pesar de las recomendaciones de espacios cerrados y sana distancia contra el COVID, en el tercer piso trabajan de 6 a 7 personas hacinadas en un espacio de 3x3m.<br \/>\nEs urgente regular el flujo de pacientes COVID a otro espacio con mayor acceso a los servicios de imagen y de laboratorio; se deber\u00eda liberar el \u00e1rea y facilitar la atenci\u00f3n de pacientes que llegan a Urgencias y con padecimientos de tumores ginecol\u00f3gicos, afirman los empleados.<br \/>\nAl no haber coordinaci\u00f3n en el hospital, pues no hay jefes con quien acudir para quejarse de alg\u00fan servicio y con la intenci\u00f3n de cumplir con un m\u00ednimo de consultas, su director quiere implementar consultas virtuales mediante una plataforma en internet.<br \/>\nNo s\u00e9 usted, pero yo no me imagino consultar virtualmente a una mujer con c\u00e1ncer de mama, c\u00e1ncer cervicouterino, a un hombre con c\u00e1ncer de pr\u00f3stata o a un ni\u00f1o con leucemia. \u00bfD\u00f3nde queda la exploraci\u00f3n f\u00edsica adecuada o la revisi\u00f3n de sus estudios?<br \/>\nAhora bien, nos comentan que el CECAN no tiene internet inal\u00e1mbrico, ni equipos de c\u00f3mputo suficientes, \u00a1pues as\u00ed c\u00f3mo!<br \/>\nAhora que si nos ponemos del lado del paciente, muchos y muchas pertenecen en su mayor\u00eda a comunidades alejadas en las cuales no hay acceso a internet ni poseen una computadora.<br \/>\nEs terrible tambi\u00e9n que Rehabilitaci\u00f3n y Dental que realiza profilaxis en pacientes que reciben radioterapia en cara y cuello, sea considerado servicio \u00abno indispensable\u00bb y se haya suspendido y mandado su personal a tomar la temperatura de la gente que ingresa al hospital.<br \/>\nSi bien la pandemia de COVID la tenemos encima, debemos ver la realidad de que el c\u00e1ncer no para y se incrementan los casos d\u00eda con d\u00eda, por lo que al menos deber\u00eda haber coordinaci\u00f3n en el CECAN para atenderlos pues cualquiera que tenga c\u00e1ncer lo que quiere es una pronta atenci\u00f3n sin importar la contingencia. Todos y todas tenemos derecho a la salud.<\/p>\n<p>@NumerosRojos_BC<br \/>\ncaballero_brenda@hotmail.com<\/p>\n","protected":false},"excerpt":{"rendered":"<p>Brenda Caballero N\u00fameros Rojos &nbsp; De acuerdo a datos de la Organizaci\u00f3n Mundial de la Salud (OMS), el c\u00e1ncer de mama es el tipo de tumor maligno m\u00e1s frecuente en las mujeres con m\u00e1s de un mill\u00f3n de casos al a\u00f1o. En 2020 contabilizaron en nuestro pa\u00eds alrededor de 16 mil 500 casos nuevos que [&hellip;]<\/p>\n","protected":false},"author":2,"featured_media":0,"comment_status":"open","ping_status":"open","sticky":false,"template":"","format":"standard","meta":{"tdm_status":"","tdm_grid_status":"","footnotes":""},"categories":[70],"tags":[2687,26311,4884,297,298,26310,26312,23124,26308,26032,8741,6369,14426,16929,12606,998],"class_list":{"0":"post-68502","1":"post","2":"type-post","3":"status-publish","4":"format-standard","6":"category-de-opinion","7":"tag-brenda-caballero","8":"tag-cae","9":"tag-cancer-de-mama","10":"tag-cecan","11":"tag-centro-estatal-de-cancerologia","12":"tag-cirugia-oncologica","13":"tag-consultas-virtuales","14":"tag-derecho-a-la-salud","15":"tag-doctor-miguel-dorantes-meza","16":"tag-fisioterapia-oncologica","17":"tag-jorge-ortiz-gonzalez","18":"tag-oms","19":"tag-oncologia-medica","20":"tag-pandemia","21":"tag-roberto-ramos-alor","22":"tag-sesver"},"yoast_head":"<!-- This site is optimized with the Yoast SEO plugin v27.4 - https:\/\/yoast.com\/product\/yoast-seo-wordpress\/ -->\n<title>CECAN - Los pol\u00edticos Veracruz<\/title>\n<meta name=\"robots\" content=\"index, follow, max-snippet:-1, max-image-preview:large, max-video-preview:-1\" \/>\n<link rel=\"canonical\" href=\"https:\/\/lospoliticosveracruz.com\/?p=68502\" \/>\n<meta property=\"og:locale\" content=\"es_ES\" \/>\n<meta property=\"og:type\" content=\"article\" \/>\n<meta property=\"og:title\" content=\"CECAN - Los pol\u00edticos Veracruz\" \/>\n<meta property=\"og:description\" content=\"Brenda Caballero N\u00fameros Rojos &nbsp; De acuerdo a datos de la Organizaci\u00f3n Mundial de la Salud (OMS), el c\u00e1ncer de mama es el tipo de tumor maligno m\u00e1s frecuente en las mujeres con m\u00e1s de un mill\u00f3n de casos al a\u00f1o. En 2020 contabilizaron en nuestro pa\u00eds alrededor de 16 mil 500 casos nuevos que [&hellip;]\" \/>\n<meta property=\"og:url\" content=\"https:\/\/lospoliticosveracruz.com\/?p=68502\" \/>\n<meta property=\"og:site_name\" content=\"Los pol\u00edticos Veracruz\" \/>\n<meta property=\"article:publisher\" content=\"https:\/\/www.facebook.com\/people\/Notimemes-de-los-Polticos\/61565672886568\/\" \/>\n<meta property=\"article:published_time\" content=\"2021-02-22T03:15:44+00:00\" \/>\n<meta property=\"og:image\" content=\"https:\/\/lospoliticosveracruz.com\/wp-content\/uploads\/2016\/07\/Logo-Dor.jpg\" \/>\n\t<meta property=\"og:image:width\" content=\"200\" \/>\n\t<meta property=\"og:image:height\" content=\"200\" \/>\n\t<meta property=\"og:image:type\" content=\"image\/jpeg\" \/>\n<meta name=\"author\" content=\"Lo viste en Los Pol\u00edticos\" \/>\n<meta name=\"twitter:card\" content=\"summary_large_image\" \/>\n<meta name=\"twitter:creator\" content=\"@LosPoliticosVer\" \/>\n<meta name=\"twitter:site\" content=\"@LosPoliticosVer\" \/>\n<meta name=\"twitter:label1\" content=\"Escrito por\" \/>\n\t<meta name=\"twitter:data1\" content=\"Lo viste en Los Pol\u00edticos\" \/>\n\t<meta name=\"twitter:label2\" content=\"Tiempo de lectura\" \/>\n\t<meta name=\"twitter:data2\" content=\"4 minutos\" \/>\n<script type=\"application\/ld+json\" class=\"yoast-schema-graph\">{\"@context\":\"https:\\\/\\\/schema.org\",\"@graph\":[{\"@type\":\"Article\",\"@id\":\"https:\\\/\\\/lospoliticosveracruz.com\\\/?p=68502#article\",\"isPartOf\":{\"@id\":\"https:\\\/\\\/lospoliticosveracruz.com\\\/?p=68502\"},\"author\":{\"name\":\"Lo viste en Los Pol\u00edticos\",\"@id\":\"https:\\\/\\\/lospoliticosveracruz.com\\\/#\\\/schema\\\/person\\\/b8702bb0e538456e6efd07080bf2a4a2\"},\"headline\":\"CECAN\",\"datePublished\":\"2021-02-22T03:15:44+00:00\",\"mainEntityOfPage\":{\"@id\":\"https:\\\/\\\/lospoliticosveracruz.com\\\/?p=68502\"},\"wordCount\":822,\"commentCount\":0,\"publisher\":{\"@id\":\"https:\\\/\\\/lospoliticosveracruz.com\\\/#organization\"},\"keywords\":[\"Brenda Caballero\",\"CAE\",\"c\u00e1ncer de mama\",\"Cecan\",\"Centro Estatal de Cancerolog\u00eda\",\"Cirug\u00eda oncol\u00f3gica\",\"consultas virtuales\",\"Derecho a la salud\",\"Doctor Miguel Dorantes Meza\",\"Fisioterapia Oncol\u00f3gica\",\"Jorge Ortiz Gonz\u00e1lez\",\"OMS\",\"Oncolog\u00eda M\u00e9dica\",\"pandemia\",\"Roberto Ramos Alor\",\"Sesver\"],\"articleSection\":[\"De Opini\u00f3n\"],\"inLanguage\":\"es\",\"potentialAction\":[{\"@type\":\"CommentAction\",\"name\":\"Comment\",\"target\":[\"https:\\\/\\\/lospoliticosveracruz.com\\\/?p=68502#respond\"]}]},{\"@type\":\"WebPage\",\"@id\":\"https:\\\/\\\/lospoliticosveracruz.com\\\/?p=68502\",\"url\":\"https:\\\/\\\/lospoliticosveracruz.com\\\/?p=68502\",\"name\":\"CECAN - Los pol\u00edticos Veracruz\",\"isPartOf\":{\"@id\":\"https:\\\/\\\/lospoliticosveracruz.com\\\/#website\"},\"datePublished\":\"2021-02-22T03:15:44+00:00\",\"breadcrumb\":{\"@id\":\"https:\\\/\\\/lospoliticosveracruz.com\\\/?p=68502#breadcrumb\"},\"inLanguage\":\"es\",\"potentialAction\":[{\"@type\":\"ReadAction\",\"target\":[\"https:\\\/\\\/lospoliticosveracruz.com\\\/?p=68502\"]}]},{\"@type\":\"BreadcrumbList\",\"@id\":\"https:\\\/\\\/lospoliticosveracruz.com\\\/?p=68502#breadcrumb\",\"itemListElement\":[{\"@type\":\"ListItem\",\"position\":1,\"name\":\"Portada\",\"item\":\"https:\\\/\\\/lospoliticosveracruz.com\\\/\"},{\"@type\":\"ListItem\",\"position\":2,\"name\":\"CECAN\"}]},{\"@type\":\"WebSite\",\"@id\":\"https:\\\/\\\/lospoliticosveracruz.com\\\/#website\",\"url\":\"https:\\\/\\\/lospoliticosveracruz.com\\\/\",\"name\":\"Los pol\u00edticos Veracruz\",\"description\":\"\",\"publisher\":{\"@id\":\"https:\\\/\\\/lospoliticosveracruz.com\\\/#organization\"},\"potentialAction\":[{\"@type\":\"SearchAction\",\"target\":{\"@type\":\"EntryPoint\",\"urlTemplate\":\"https:\\\/\\\/lospoliticosveracruz.com\\\/?s={search_term_string}\"},\"query-input\":{\"@type\":\"PropertyValueSpecification\",\"valueRequired\":true,\"valueName\":\"search_term_string\"}}],\"inLanguage\":\"es\"},{\"@type\":\"Organization\",\"@id\":\"https:\\\/\\\/lospoliticosveracruz.com\\\/#organization\",\"name\":\"Los pol\u00edticos Veracruz\",\"url\":\"https:\\\/\\\/lospoliticosveracruz.com\\\/\",\"logo\":{\"@type\":\"ImageObject\",\"inLanguage\":\"es\",\"@id\":\"https:\\\/\\\/lospoliticosveracruz.com\\\/#\\\/schema\\\/logo\\\/image\\\/\",\"url\":\"https:\\\/\\\/lospoliticosveracruz.com\\\/wp-content\\\/uploads\\\/2025\\\/12\\\/Logo-Nuevo-LOS-POLITICOS-1.jpg\",\"contentUrl\":\"https:\\\/\\\/lospoliticosveracruz.com\\\/wp-content\\\/uploads\\\/2025\\\/12\\\/Logo-Nuevo-LOS-POLITICOS-1.jpg\",\"width\":260,\"height\":70,\"caption\":\"Los pol\u00edticos Veracruz\"},\"image\":{\"@id\":\"https:\\\/\\\/lospoliticosveracruz.com\\\/#\\\/schema\\\/logo\\\/image\\\/\"},\"sameAs\":[\"https:\\\/\\\/www.facebook.com\\\/people\\\/Notimemes-de-los-Polticos\\\/61565672886568\\\/\",\"https:\\\/\\\/x.com\\\/LosPoliticosVer\"]},{\"@type\":\"Person\",\"@id\":\"https:\\\/\\\/lospoliticosveracruz.com\\\/#\\\/schema\\\/person\\\/b8702bb0e538456e6efd07080bf2a4a2\",\"name\":\"Lo viste en Los Pol\u00edticos\",\"image\":{\"@type\":\"ImageObject\",\"inLanguage\":\"es\",\"@id\":\"https:\\\/\\\/secure.gravatar.com\\\/avatar\\\/3a8de04a2656d44082be478bd6c086daa447c4651605818287b9532d3d0bd435?s=96&d=mm&r=g\",\"url\":\"https:\\\/\\\/secure.gravatar.com\\\/avatar\\\/3a8de04a2656d44082be478bd6c086daa447c4651605818287b9532d3d0bd435?s=96&d=mm&r=g\",\"contentUrl\":\"https:\\\/\\\/secure.gravatar.com\\\/avatar\\\/3a8de04a2656d44082be478bd6c086daa447c4651605818287b9532d3d0bd435?s=96&d=mm&r=g\",\"caption\":\"Lo viste en Los Pol\u00edticos\"},\"url\":\"https:\\\/\\\/lospoliticosveracruz.com\\\/?author=2\"}]}<\/script>\n<!-- \/ Yoast SEO plugin. -->","yoast_head_json":{"title":"CECAN - Los pol\u00edticos Veracruz","robots":{"index":"index","follow":"follow","max-snippet":"max-snippet:-1","max-image-preview":"max-image-preview:large","max-video-preview":"max-video-preview:-1"},"canonical":"https:\/\/lospoliticosveracruz.com\/?p=68502","og_locale":"es_ES","og_type":"article","og_title":"CECAN - Los pol\u00edticos Veracruz","og_description":"Brenda Caballero N\u00fameros Rojos &nbsp; De acuerdo a datos de la Organizaci\u00f3n Mundial de la Salud (OMS), el c\u00e1ncer de mama es el tipo de tumor maligno m\u00e1s frecuente en las mujeres con m\u00e1s de un mill\u00f3n de casos al a\u00f1o. En 2020 contabilizaron en nuestro pa\u00eds alrededor de 16 mil 500 casos nuevos que [&hellip;]","og_url":"https:\/\/lospoliticosveracruz.com\/?p=68502","og_site_name":"Los pol\u00edticos Veracruz","article_publisher":"https:\/\/www.facebook.com\/people\/Notimemes-de-los-Polticos\/61565672886568\/","article_published_time":"2021-02-22T03:15:44+00:00","og_image":[{"width":200,"height":200,"url":"https:\/\/lospoliticosveracruz.com\/wp-content\/uploads\/2016\/07\/Logo-Dor.jpg","type":"image\/jpeg"}],"author":"Lo viste en Los Pol\u00edticos","twitter_card":"summary_large_image","twitter_creator":"@LosPoliticosVer","twitter_site":"@LosPoliticosVer","twitter_misc":{"Escrito por":"Lo viste en Los Pol\u00edticos","Tiempo de lectura":"4 minutos"},"schema":{"@context":"https:\/\/schema.org","@graph":[{"@type":"Article","@id":"https:\/\/lospoliticosveracruz.com\/?p=68502#article","isPartOf":{"@id":"https:\/\/lospoliticosveracruz.com\/?p=68502"},"author":{"name":"Lo viste en Los Pol\u00edticos","@id":"https:\/\/lospoliticosveracruz.com\/#\/schema\/person\/b8702bb0e538456e6efd07080bf2a4a2"},"headline":"CECAN","datePublished":"2021-02-22T03:15:44+00:00","mainEntityOfPage":{"@id":"https:\/\/lospoliticosveracruz.com\/?p=68502"},"wordCount":822,"commentCount":0,"publisher":{"@id":"https:\/\/lospoliticosveracruz.com\/#organization"},"keywords":["Brenda Caballero","CAE","c\u00e1ncer de mama","Cecan","Centro Estatal de Cancerolog\u00eda","Cirug\u00eda oncol\u00f3gica","consultas virtuales","Derecho a la salud","Doctor Miguel Dorantes Meza","Fisioterapia Oncol\u00f3gica","Jorge Ortiz Gonz\u00e1lez","OMS","Oncolog\u00eda M\u00e9dica","pandemia","Roberto Ramos Alor","Sesver"],"articleSection":["De Opini\u00f3n"],"inLanguage":"es","potentialAction":[{"@type":"CommentAction","name":"Comment","target":["https:\/\/lospoliticosveracruz.com\/?p=68502#respond"]}]},{"@type":"WebPage","@id":"https:\/\/lospoliticosveracruz.com\/?p=68502","url":"https:\/\/lospoliticosveracruz.com\/?p=68502","name":"CECAN - Los pol\u00edticos Veracruz","isPartOf":{"@id":"https:\/\/lospoliticosveracruz.com\/#website"},"datePublished":"2021-02-22T03:15:44+00:00","breadcrumb":{"@id":"https:\/\/lospoliticosveracruz.com\/?p=68502#breadcrumb"},"inLanguage":"es","potentialAction":[{"@type":"ReadAction","target":["https:\/\/lospoliticosveracruz.com\/?p=68502"]}]},{"@type":"BreadcrumbList","@id":"https:\/\/lospoliticosveracruz.com\/?p=68502#breadcrumb","itemListElement":[{"@type":"ListItem","position":1,"name":"Portada","item":"https:\/\/lospoliticosveracruz.com\/"},{"@type":"ListItem","position":2,"name":"CECAN"}]},{"@type":"WebSite","@id":"https:\/\/lospoliticosveracruz.com\/#website","url":"https:\/\/lospoliticosveracruz.com\/","name":"Los pol\u00edticos Veracruz","description":"","publisher":{"@id":"https:\/\/lospoliticosveracruz.com\/#organization"},"potentialAction":[{"@type":"SearchAction","target":{"@type":"EntryPoint","urlTemplate":"https:\/\/lospoliticosveracruz.com\/?s={search_term_string}"},"query-input":{"@type":"PropertyValueSpecification","valueRequired":true,"valueName":"search_term_string"}}],"inLanguage":"es"},{"@type":"Organization","@id":"https:\/\/lospoliticosveracruz.com\/#organization","name":"Los pol\u00edticos Veracruz","url":"https:\/\/lospoliticosveracruz.com\/","logo":{"@type":"ImageObject","inLanguage":"es","@id":"https:\/\/lospoliticosveracruz.com\/#\/schema\/logo\/image\/","url":"https:\/\/lospoliticosveracruz.com\/wp-content\/uploads\/2025\/12\/Logo-Nuevo-LOS-POLITICOS-1.jpg","contentUrl":"https:\/\/lospoliticosveracruz.com\/wp-content\/uploads\/2025\/12\/Logo-Nuevo-LOS-POLITICOS-1.jpg","width":260,"height":70,"caption":"Los pol\u00edticos Veracruz"},"image":{"@id":"https:\/\/lospoliticosveracruz.com\/#\/schema\/logo\/image\/"},"sameAs":["https:\/\/www.facebook.com\/people\/Notimemes-de-los-Polticos\/61565672886568\/","https:\/\/x.com\/LosPoliticosVer"]},{"@type":"Person","@id":"https:\/\/lospoliticosveracruz.com\/#\/schema\/person\/b8702bb0e538456e6efd07080bf2a4a2","name":"Lo viste en Los Pol\u00edticos","image":{"@type":"ImageObject","inLanguage":"es","@id":"https:\/\/secure.gravatar.com\/avatar\/3a8de04a2656d44082be478bd6c086daa447c4651605818287b9532d3d0bd435?s=96&d=mm&r=g","url":"https:\/\/secure.gravatar.com\/avatar\/3a8de04a2656d44082be478bd6c086daa447c4651605818287b9532d3d0bd435?s=96&d=mm&r=g","contentUrl":"https:\/\/secure.gravatar.com\/avatar\/3a8de04a2656d44082be478bd6c086daa447c4651605818287b9532d3d0bd435?s=96&d=mm&r=g","caption":"Lo viste en Los Pol\u00edticos"},"url":"https:\/\/lospoliticosveracruz.com\/?author=2"}]}},"_links":{"self":[{"href":"https:\/\/lospoliticosveracruz.com\/index.php?rest_route=\/wp\/v2\/posts\/68502","targetHints":{"allow":["GET"]}}],"collection":[{"href":"https:\/\/lospoliticosveracruz.com\/index.php?rest_route=\/wp\/v2\/posts"}],"about":[{"href":"https:\/\/lospoliticosveracruz.com\/index.php?rest_route=\/wp\/v2\/types\/post"}],"author":[{"embeddable":true,"href":"https:\/\/lospoliticosveracruz.com\/index.php?rest_route=\/wp\/v2\/users\/2"}],"replies":[{"embeddable":true,"href":"https:\/\/lospoliticosveracruz.com\/index.php?rest_route=%2Fwp%2Fv2%2Fcomments&post=68502"}],"version-history":[{"count":1,"href":"https:\/\/lospoliticosveracruz.com\/index.php?rest_route=\/wp\/v2\/posts\/68502\/revisions"}],"predecessor-version":[{"id":68505,"href":"https:\/\/lospoliticosveracruz.com\/index.php?rest_route=\/wp\/v2\/posts\/68502\/revisions\/68505"}],"wp:attachment":[{"href":"https:\/\/lospoliticosveracruz.com\/index.php?rest_route=%2Fwp%2Fv2%2Fmedia&parent=68502"}],"wp:term":[{"taxonomy":"category","embeddable":true,"href":"https:\/\/lospoliticosveracruz.com\/index.php?rest_route=%2Fwp%2Fv2%2Fcategories&post=68502"},{"taxonomy":"post_tag","embeddable":true,"href":"https:\/\/lospoliticosveracruz.com\/index.php?rest_route=%2Fwp%2Fv2%2Ftags&post=68502"}],"curies":[{"name":"wp","href":"https:\/\/api.w.org\/{rel}","templated":true}]}}