{"id":68579,"date":"2021-02-23T08:25:24","date_gmt":"2021-02-23T14:25:24","guid":{"rendered":"http:\/\/www.lospoliticosveracruz.com.mx\/?p=68579"},"modified":"2021-02-23T08:25:24","modified_gmt":"2021-02-23T14:25:24","slug":"ahued-busca-suplente","status":"publish","type":"post","link":"https:\/\/lospoliticosveracruz.com\/?p=68579","title":{"rendered":"Ahued busca suplente"},"content":{"rendered":"<p>&nbsp;<\/p>\n<p><strong>Ricardo Ch\u00faa<\/strong><br \/>\n<em>Sale y Vale<\/em><\/p>\n<p>&nbsp;<\/p>\n<p>COPARMEX \u00abDIPINTO DI BLU\u00bb&#8230; Despu\u00e9s de los \u00abmameyazos\u00bb que propinaron a Ricado Exsome porque como diputado federal de MORENA se \u00ababstuvo\u00bb a votar en contra de la Ley de la Industria El\u00e9ctrica porque se presume aumentar\u00e1 el costo de su servicio, por lo cual lo \u00abtupieron\u00bb organismos empresariales por redes sociales&#8230; Pero el \u00abGarganta Profunda\u00bb Moreno dijo que estos ataques son tintes pol\u00edticos porque Coparmex est\u00e1 \u00abjugando\u00bb con el PAN con 5 precandidatos a diputados federales adheridos al organismo&#8230; Al menos, esa es la sospecha&#8230;<\/p>\n<p>Lo que el \u00aboscuro\u00bb personaje sostiene es que llama la atenci\u00f3n que COPARMEX Veracruz \u00ablinch\u00f3\u00bb a diputados de MORENA, que integran la Comisi\u00f3n de Energ\u00eda, exhibiendo el sentido de sus votos&#8230; Ya que los empresarios se dijeron afectados por la iniciativa y r\u00e1pidamente quisieron buscar culpables&#8230; Pero, PRESUNTAMENTE, lo que no dijeron es que en el caso particular, de Exsome Zapata, es que este no se abstuvo sino que vot\u00f3 A FAVOR de la iniciativa.. Desde ah\u00ed se presume que tergiversaron dolosamente el dato para atacar&#8230;<br \/>\nPero \u00abGarganta Profunda\u00bb Moreno se\u00f1ala que todo esto cobra especial sentido&#8230; Despu\u00e9s de la publicaci\u00f3n de la encuestadora de Francisco Abundis, \u00abPARAMETR\u00cdA\u00bb, que public\u00f3 supuestos resultados, este fin de semana, en el sentido que rumbo a la alcald\u00eda de Veracruz, esta empresa coloca arriba a MORENA sobre la alianza PRI-PAN-PRD&#8230; \u00bfEn serio?&#8230; Adem\u00e1s, da por ganador al propio Exsome Zapata&#8230; Pero se\u00f1alan que si sigue haci\u00e9ndose del rogar&#8230; Todos sus temores del diputado, se pueden hacer realidad&#8230; PALABRA DEL SE\u00d1OR..<br \/>\nEl caso era que sal\u00eda por arriba de Miguel Yunes hijo&#8230;. UMMMM JA JA JA&#8230; Sin embargo, pese a esos datos&#8230; La fuente oscura dice que para nadie es un secreto, que el organismo empresarial hist\u00f3ricamente, ha sido un \u00abap\u00e9ndice\u00bb del PAN&#8230; Por lo que sostuvo que no sorprende que afiliados a COPARMEX, iniciaran una campa\u00f1a de desprestigio contra MORENA y Ricardo Exsome&#8230; Haciendo que el organismo, presuntamente, quedar\u00e1 exhibido del servilismo a favor del PAN&#8230;<br \/>\nPor este tema es que \u00abGarganta Profunda\u00bb se\u00f1ala que a nadie sorprende, que al menos CINCO distinguidos consejeros de COPARMEX, se registraron hace semanas como flamantes precandidatos a diputados federales por el PAN: Manolo Lia\u00f1o, Luis Alberto Mart\u00edn Capistran, Ana Mar\u00eda Herrera y Ram\u00f3n Pineda y obvio el actual candidato por el distrito de Veracruz puerto, Francisco Guti\u00e9rrez de Velasco&#8230; As\u00ed que m\u00e1s claro, ni el agua&#8230;. VOLARE, OH OH&#8230; CANTAR\u00c9 OH OH OH&#8230; DI BLU&#8230; DIPINTO DI BLU&#8230;<\/p>\n<p>EL FACTOR LOVILLO&#8230; Si bien es cierto Movimiento Ciudadano sigue teniendo fuerza en Xalapa, dado que como partido, ha tenido alcaldes desde Rafael Hern\u00e1ndez Villalpando y luego Reynaldo Escobar.. Todo gracias a que el senador, Dante Delgado sigue estando vigente entre el electorado&#8230; Lo que es real, es que al invitar como su aspirante a la alcald\u00eda, al ex rector de la Universidad Veracruzana, Ra\u00fal Ar\u00edas Lovillo&#8230; Las cosas pueden ser distintas a 1997 y 2000 cuando ganaron el municipio con Villalpando y El Rey&#8230;<br \/>\nYa que con la invitaci\u00f3n a Ar\u00edas Lovillo, intentan construir un proyecto, que puede ser FALLIDO&#8230; No porque el ex Rector sea mala persona o no tenga buena imagen&#8230; Si no que al electorado, no le interes\u00f3 su candidatura independiente&#8230; As\u00ed de claro.. Ya que en todo este tiempo desde que anunci\u00f3 su intenci\u00f3n de postularse como candidato, s\u00f3lo logr\u00f3 juntar MIL 500 firmas&#8230; Algunos de sus malquerientes m\u00e1s intensos, dijo que hasta qued\u00f3 en rid\u00edculo&#8230; As\u00ed como lo leen&#8230;<br \/>\nEl argumento que dan para ese calificativo, se puede tomar como v\u00e1lido, s\u00f3lo logr\u00f3 reunir el 10 por ciento de firmas requeridas para ser candidato independiente&#8230; Cuando fue por m\u00e1s de 10 a\u00f1os, rector de la Universidad Veracruzana&#8230; D\u00f3nde est\u00e1n las firmas de profesionistas que t\u00edtulo, los estudiantes que form\u00f3, maestros, liderazgos y personal administrativo de la UV de la zona de Xalapa&#8230; Con ellos, hubiera alcanzado por lo menos reunir el 50 por ciento&#8230; Hay quien dice, que lo \u00absoltaron de la mano\u00bb para irse con Ricardo Ahued&#8230;<br \/>\nDe postularlo Movimiento Ciudadano, nos dicen, que lo \u00fanico que podr\u00edan lograr, si acepta, es que el Ex Rector, le alcance para una regidur\u00eda con la votaci\u00f3n que obtendr\u00e1&#8230; Ya que MC de lograr que Lovillo sea nominado, tambi\u00e9n podr\u00edan estar evitando que la oposici\u00f3n (PAN-PRD-PRI) lograr\u00e1 ganar la alcald\u00eda con David Velasco Chedraui porque el partido \u00abnaranja\u00bb hace que se \u00abfraccione\u00bb el voto y hace ganar al candidato oficial: Ricardo Ahued, de MORENA&#8230; \u00bfACASO HAY OTRA LECTURA?&#8230; CONSUMATUM EST&#8230;<br \/>\nPD XALAPA&#8230; Rafael Hern\u00e1ndez Villalpando ser\u00e1 finalmente el candidato a diputado federal por el distrito de Xalapa&#8230; El legislador buscar\u00e1, como era ya conocido por todo el \u00abc\u00edrculo rojo\u00bb, su REELECCI\u00d3N v\u00eda uninominal y plurinominal, para no fallar, o por una o por otra&#8230; Pero de que llega, llega de nuevo a la c\u00e1mara baja del Congreso de la Uni\u00f3n&#8230; Ya que hay informes de que por la v\u00eda uninominal, seg\u00fan las encuestas de MORENA, el ex Rector de la Universidad Veracruzana podr\u00eda ser mandado al TERCER LUGAR en esa demarcaci\u00f3n de la capital&#8230;<br \/>\nObvio esto es debido a las \u00abgrillas\u00bb y su poco trabajo legislativo que lo est\u00e1n mandando a ese sitio&#8230; Por eso la juega de forma \u00abduplex\u00bb para no quedar fuera del pr\u00f3ximo Congreso Federal de M\u00e9xico y con ello entrar en las negociaciones del 2024 en la sucesi\u00f3n estatal de Veracruz y la federal en el pa\u00eds&#8230; El tema es que con Villalpando de candidato de MORENA&#8230; Se la ponen a Am\u00e9rico Z\u00fa\u00f1iga m\u00e1s f\u00e1cil para que se quede con ese distrito y lo gane para el PRI&#8230;<br \/>\nEsto se debe, sin duda, a que el trabajo en el municipio del priista, est\u00e1 m\u00e1s \u00abfresco\u00bb para la ciudadan\u00eda de la capital y por razones l\u00f3gicas, muchos de sus electores de Xalapa, ya no se acuerdan del trabajo de Villapando como alcalde, primera porque muchos de ellos, ni nac\u00edan&#8230; Adem\u00e1s de aquella administraci\u00f3n qued\u00f3 la fama p\u00fablica, s\u00f3lo de como sali\u00f3 de Xalapa, que fue presuntamente en la cajuela del carro de El Rey cuando fue desaforado como presidente municipal por el Congreso Local en el sexenio de Miguel Alem\u00e1n Velasco&#8230; AS\u00cd DE F\u00c1CIL&#8230;<\/p>\n","protected":false},"excerpt":{"rendered":"<p>&nbsp; Ricardo Ch\u00faa Sale y Vale &nbsp; COPARMEX \u00abDIPINTO DI BLU\u00bb&#8230; Despu\u00e9s de los \u00abmameyazos\u00bb que propinaron a Ricado Exsome porque como diputado federal de MORENA se \u00ababstuvo\u00bb a votar en contra de la Ley de la Industria El\u00e9ctrica porque se presume aumentar\u00e1 el costo de su servicio, por lo cual lo \u00abtupieron\u00bb organismos empresariales [&hellip;]<\/p>\n","protected":false},"author":2,"featured_media":0,"comment_status":"open","ping_status":"open","sticky":false,"template":"","format":"standard","meta":{"tdm_status":"","tdm_grid_status":"","footnotes":""},"categories":[70],"tags":[483,6293,407,2802,25846,7441,26340,536,1026,2327,26339,1483,11992,26342,12621,876,14721,195],"class_list":{"0":"post-68579","1":"post","2":"type-post","3":"status-publish","4":"format-standard","6":"category-de-opinion","7":"tag-americo-zuniga","8":"tag-coparmex","9":"tag-david-velasco-chedraui","10":"tag-francisco-gutierrez-de-velasco","11":"tag-ley-de-la-industria-electrica","12":"tag-luis-alberto-martin-capistran","13":"tag-manolo-liano","14":"tag-miguel-angel-yunes-marquez","15":"tag-morena","16":"tag-movimiento-ciudadano","17":"tag-pan-prd-pri","18":"tag-parametria","19":"tag-rafael-hernandez-villalpando","20":"tag-ramon-pineda","21":"tag-raul-arias-lovillo","22":"tag-ricardo-ahued","23":"tag-ricardo-exsome","24":"tag-veracruz"},"yoast_head":"<!-- This site is optimized with the Yoast SEO plugin v27.4 - https:\/\/yoast.com\/product\/yoast-seo-wordpress\/ -->\n<title>Ahued busca suplente - Los pol\u00edticos Veracruz<\/title>\n<meta name=\"robots\" content=\"index, follow, max-snippet:-1, max-image-preview:large, max-video-preview:-1\" \/>\n<link rel=\"canonical\" href=\"https:\/\/lospoliticosveracruz.com\/?p=68579\" \/>\n<meta property=\"og:locale\" content=\"es_ES\" \/>\n<meta property=\"og:type\" content=\"article\" \/>\n<meta property=\"og:title\" content=\"Ahued busca suplente - Los pol\u00edticos Veracruz\" \/>\n<meta property=\"og:description\" content=\"&nbsp; Ricardo Ch\u00faa Sale y Vale &nbsp; COPARMEX \u00abDIPINTO DI BLU\u00bb&#8230; Despu\u00e9s de los \u00abmameyazos\u00bb que propinaron a Ricado Exsome porque como diputado federal de MORENA se \u00ababstuvo\u00bb a votar en contra de la Ley de la Industria El\u00e9ctrica porque se presume aumentar\u00e1 el costo de su servicio, por lo cual lo \u00abtupieron\u00bb organismos empresariales [&hellip;]\" \/>\n<meta property=\"og:url\" content=\"https:\/\/lospoliticosveracruz.com\/?p=68579\" \/>\n<meta property=\"og:site_name\" content=\"Los pol\u00edticos Veracruz\" \/>\n<meta property=\"article:publisher\" content=\"https:\/\/www.facebook.com\/people\/Notimemes-de-los-Polticos\/61565672886568\/\" \/>\n<meta property=\"article:published_time\" content=\"2021-02-23T14:25:24+00:00\" \/>\n<meta property=\"og:image\" content=\"https:\/\/lospoliticosveracruz.com\/wp-content\/uploads\/2016\/07\/Logo-Dor.jpg\" \/>\n\t<meta property=\"og:image:width\" content=\"200\" \/>\n\t<meta property=\"og:image:height\" content=\"200\" \/>\n\t<meta property=\"og:image:type\" content=\"image\/jpeg\" \/>\n<meta name=\"author\" content=\"Lo viste en Los Pol\u00edticos\" \/>\n<meta name=\"twitter:card\" content=\"summary_large_image\" \/>\n<meta name=\"twitter:creator\" content=\"@LosPoliticosVer\" \/>\n<meta name=\"twitter:site\" content=\"@LosPoliticosVer\" \/>\n<meta name=\"twitter:label1\" content=\"Escrito por\" \/>\n\t<meta name=\"twitter:data1\" content=\"Lo viste en Los Pol\u00edticos\" \/>\n\t<meta name=\"twitter:label2\" content=\"Tiempo de lectura\" \/>\n\t<meta name=\"twitter:data2\" content=\"5 minutos\" \/>\n<script type=\"application\/ld+json\" class=\"yoast-schema-graph\">{\"@context\":\"https:\\\/\\\/schema.org\",\"@graph\":[{\"@type\":\"Article\",\"@id\":\"https:\\\/\\\/lospoliticosveracruz.com\\\/?p=68579#article\",\"isPartOf\":{\"@id\":\"https:\\\/\\\/lospoliticosveracruz.com\\\/?p=68579\"},\"author\":{\"name\":\"Lo viste en Los Pol\u00edticos\",\"@id\":\"https:\\\/\\\/lospoliticosveracruz.com\\\/#\\\/schema\\\/person\\\/b8702bb0e538456e6efd07080bf2a4a2\"},\"headline\":\"Ahued busca suplente\",\"datePublished\":\"2021-02-23T14:25:24+00:00\",\"mainEntityOfPage\":{\"@id\":\"https:\\\/\\\/lospoliticosveracruz.com\\\/?p=68579\"},\"wordCount\":1100,\"commentCount\":0,\"publisher\":{\"@id\":\"https:\\\/\\\/lospoliticosveracruz.com\\\/#organization\"},\"keywords\":[\"Am\u00e9rico Z\u00fa\u00f1iga\",\"Coparmex\",\"David Velasco Chedraui\",\"Francisco Guti\u00e9rrez de Velasco\",\"Ley de la industria el\u00e9ctrica\",\"Luis Alberto Martin Capistran\",\"Manolo Lia\u00f1o\",\"Miguel \u00c1ngel Yunes M\u00e1rquez\",\"Morena\",\"Movimiento Ciudadano\",\"PAN-PRD-PRI\",\"Parametr\u00eda\",\"Rafael Hern\u00e1ndez Villalpando\",\"Ram\u00f3n Pineda\",\"Ra\u00fal Arias Lovillo\",\"Ricardo Ahued\",\"Ricardo Exsome\",\"Veracruz\"],\"articleSection\":[\"De Opini\u00f3n\"],\"inLanguage\":\"es\",\"potentialAction\":[{\"@type\":\"CommentAction\",\"name\":\"Comment\",\"target\":[\"https:\\\/\\\/lospoliticosveracruz.com\\\/?p=68579#respond\"]}]},{\"@type\":\"WebPage\",\"@id\":\"https:\\\/\\\/lospoliticosveracruz.com\\\/?p=68579\",\"url\":\"https:\\\/\\\/lospoliticosveracruz.com\\\/?p=68579\",\"name\":\"Ahued busca suplente - Los pol\u00edticos Veracruz\",\"isPartOf\":{\"@id\":\"https:\\\/\\\/lospoliticosveracruz.com\\\/#website\"},\"datePublished\":\"2021-02-23T14:25:24+00:00\",\"breadcrumb\":{\"@id\":\"https:\\\/\\\/lospoliticosveracruz.com\\\/?p=68579#breadcrumb\"},\"inLanguage\":\"es\",\"potentialAction\":[{\"@type\":\"ReadAction\",\"target\":[\"https:\\\/\\\/lospoliticosveracruz.com\\\/?p=68579\"]}]},{\"@type\":\"BreadcrumbList\",\"@id\":\"https:\\\/\\\/lospoliticosveracruz.com\\\/?p=68579#breadcrumb\",\"itemListElement\":[{\"@type\":\"ListItem\",\"position\":1,\"name\":\"Portada\",\"item\":\"https:\\\/\\\/lospoliticosveracruz.com\\\/\"},{\"@type\":\"ListItem\",\"position\":2,\"name\":\"Ahued busca suplente\"}]},{\"@type\":\"WebSite\",\"@id\":\"https:\\\/\\\/lospoliticosveracruz.com\\\/#website\",\"url\":\"https:\\\/\\\/lospoliticosveracruz.com\\\/\",\"name\":\"Los pol\u00edticos Veracruz\",\"description\":\"\",\"publisher\":{\"@id\":\"https:\\\/\\\/lospoliticosveracruz.com\\\/#organization\"},\"potentialAction\":[{\"@type\":\"SearchAction\",\"target\":{\"@type\":\"EntryPoint\",\"urlTemplate\":\"https:\\\/\\\/lospoliticosveracruz.com\\\/?s={search_term_string}\"},\"query-input\":{\"@type\":\"PropertyValueSpecification\",\"valueRequired\":true,\"valueName\":\"search_term_string\"}}],\"inLanguage\":\"es\"},{\"@type\":\"Organization\",\"@id\":\"https:\\\/\\\/lospoliticosveracruz.com\\\/#organization\",\"name\":\"Los pol\u00edticos Veracruz\",\"url\":\"https:\\\/\\\/lospoliticosveracruz.com\\\/\",\"logo\":{\"@type\":\"ImageObject\",\"inLanguage\":\"es\",\"@id\":\"https:\\\/\\\/lospoliticosveracruz.com\\\/#\\\/schema\\\/logo\\\/image\\\/\",\"url\":\"https:\\\/\\\/lospoliticosveracruz.com\\\/wp-content\\\/uploads\\\/2025\\\/12\\\/Logo-Nuevo-LOS-POLITICOS-1.jpg\",\"contentUrl\":\"https:\\\/\\\/lospoliticosveracruz.com\\\/wp-content\\\/uploads\\\/2025\\\/12\\\/Logo-Nuevo-LOS-POLITICOS-1.jpg\",\"width\":260,\"height\":70,\"caption\":\"Los pol\u00edticos Veracruz\"},\"image\":{\"@id\":\"https:\\\/\\\/lospoliticosveracruz.com\\\/#\\\/schema\\\/logo\\\/image\\\/\"},\"sameAs\":[\"https:\\\/\\\/www.facebook.com\\\/people\\\/Notimemes-de-los-Polticos\\\/61565672886568\\\/\",\"https:\\\/\\\/x.com\\\/LosPoliticosVer\"]},{\"@type\":\"Person\",\"@id\":\"https:\\\/\\\/lospoliticosveracruz.com\\\/#\\\/schema\\\/person\\\/b8702bb0e538456e6efd07080bf2a4a2\",\"name\":\"Lo viste en Los Pol\u00edticos\",\"image\":{\"@type\":\"ImageObject\",\"inLanguage\":\"es\",\"@id\":\"https:\\\/\\\/secure.gravatar.com\\\/avatar\\\/3a8de04a2656d44082be478bd6c086daa447c4651605818287b9532d3d0bd435?s=96&d=mm&r=g\",\"url\":\"https:\\\/\\\/secure.gravatar.com\\\/avatar\\\/3a8de04a2656d44082be478bd6c086daa447c4651605818287b9532d3d0bd435?s=96&d=mm&r=g\",\"contentUrl\":\"https:\\\/\\\/secure.gravatar.com\\\/avatar\\\/3a8de04a2656d44082be478bd6c086daa447c4651605818287b9532d3d0bd435?s=96&d=mm&r=g\",\"caption\":\"Lo viste en Los Pol\u00edticos\"},\"url\":\"https:\\\/\\\/lospoliticosveracruz.com\\\/?author=2\"}]}<\/script>\n<!-- \/ Yoast SEO plugin. -->","yoast_head_json":{"title":"Ahued busca suplente - Los pol\u00edticos Veracruz","robots":{"index":"index","follow":"follow","max-snippet":"max-snippet:-1","max-image-preview":"max-image-preview:large","max-video-preview":"max-video-preview:-1"},"canonical":"https:\/\/lospoliticosveracruz.com\/?p=68579","og_locale":"es_ES","og_type":"article","og_title":"Ahued busca suplente - Los pol\u00edticos Veracruz","og_description":"&nbsp; Ricardo Ch\u00faa Sale y Vale &nbsp; COPARMEX \u00abDIPINTO DI BLU\u00bb&#8230; Despu\u00e9s de los \u00abmameyazos\u00bb que propinaron a Ricado Exsome porque como diputado federal de MORENA se \u00ababstuvo\u00bb a votar en contra de la Ley de la Industria El\u00e9ctrica porque se presume aumentar\u00e1 el costo de su servicio, por lo cual lo \u00abtupieron\u00bb organismos empresariales [&hellip;]","og_url":"https:\/\/lospoliticosveracruz.com\/?p=68579","og_site_name":"Los pol\u00edticos Veracruz","article_publisher":"https:\/\/www.facebook.com\/people\/Notimemes-de-los-Polticos\/61565672886568\/","article_published_time":"2021-02-23T14:25:24+00:00","og_image":[{"width":200,"height":200,"url":"https:\/\/lospoliticosveracruz.com\/wp-content\/uploads\/2016\/07\/Logo-Dor.jpg","type":"image\/jpeg"}],"author":"Lo viste en Los Pol\u00edticos","twitter_card":"summary_large_image","twitter_creator":"@LosPoliticosVer","twitter_site":"@LosPoliticosVer","twitter_misc":{"Escrito por":"Lo viste en Los Pol\u00edticos","Tiempo de lectura":"5 minutos"},"schema":{"@context":"https:\/\/schema.org","@graph":[{"@type":"Article","@id":"https:\/\/lospoliticosveracruz.com\/?p=68579#article","isPartOf":{"@id":"https:\/\/lospoliticosveracruz.com\/?p=68579"},"author":{"name":"Lo viste en Los Pol\u00edticos","@id":"https:\/\/lospoliticosveracruz.com\/#\/schema\/person\/b8702bb0e538456e6efd07080bf2a4a2"},"headline":"Ahued busca suplente","datePublished":"2021-02-23T14:25:24+00:00","mainEntityOfPage":{"@id":"https:\/\/lospoliticosveracruz.com\/?p=68579"},"wordCount":1100,"commentCount":0,"publisher":{"@id":"https:\/\/lospoliticosveracruz.com\/#organization"},"keywords":["Am\u00e9rico Z\u00fa\u00f1iga","Coparmex","David Velasco Chedraui","Francisco Guti\u00e9rrez de Velasco","Ley de la industria el\u00e9ctrica","Luis Alberto Martin Capistran","Manolo Lia\u00f1o","Miguel \u00c1ngel Yunes M\u00e1rquez","Morena","Movimiento Ciudadano","PAN-PRD-PRI","Parametr\u00eda","Rafael Hern\u00e1ndez Villalpando","Ram\u00f3n Pineda","Ra\u00fal Arias Lovillo","Ricardo Ahued","Ricardo Exsome","Veracruz"],"articleSection":["De Opini\u00f3n"],"inLanguage":"es","potentialAction":[{"@type":"CommentAction","name":"Comment","target":["https:\/\/lospoliticosveracruz.com\/?p=68579#respond"]}]},{"@type":"WebPage","@id":"https:\/\/lospoliticosveracruz.com\/?p=68579","url":"https:\/\/lospoliticosveracruz.com\/?p=68579","name":"Ahued busca suplente - Los pol\u00edticos Veracruz","isPartOf":{"@id":"https:\/\/lospoliticosveracruz.com\/#website"},"datePublished":"2021-02-23T14:25:24+00:00","breadcrumb":{"@id":"https:\/\/lospoliticosveracruz.com\/?p=68579#breadcrumb"},"inLanguage":"es","potentialAction":[{"@type":"ReadAction","target":["https:\/\/lospoliticosveracruz.com\/?p=68579"]}]},{"@type":"BreadcrumbList","@id":"https:\/\/lospoliticosveracruz.com\/?p=68579#breadcrumb","itemListElement":[{"@type":"ListItem","position":1,"name":"Portada","item":"https:\/\/lospoliticosveracruz.com\/"},{"@type":"ListItem","position":2,"name":"Ahued busca suplente"}]},{"@type":"WebSite","@id":"https:\/\/lospoliticosveracruz.com\/#website","url":"https:\/\/lospoliticosveracruz.com\/","name":"Los pol\u00edticos Veracruz","description":"","publisher":{"@id":"https:\/\/lospoliticosveracruz.com\/#organization"},"potentialAction":[{"@type":"SearchAction","target":{"@type":"EntryPoint","urlTemplate":"https:\/\/lospoliticosveracruz.com\/?s={search_term_string}"},"query-input":{"@type":"PropertyValueSpecification","valueRequired":true,"valueName":"search_term_string"}}],"inLanguage":"es"},{"@type":"Organization","@id":"https:\/\/lospoliticosveracruz.com\/#organization","name":"Los pol\u00edticos Veracruz","url":"https:\/\/lospoliticosveracruz.com\/","logo":{"@type":"ImageObject","inLanguage":"es","@id":"https:\/\/lospoliticosveracruz.com\/#\/schema\/logo\/image\/","url":"https:\/\/lospoliticosveracruz.com\/wp-content\/uploads\/2025\/12\/Logo-Nuevo-LOS-POLITICOS-1.jpg","contentUrl":"https:\/\/lospoliticosveracruz.com\/wp-content\/uploads\/2025\/12\/Logo-Nuevo-LOS-POLITICOS-1.jpg","width":260,"height":70,"caption":"Los pol\u00edticos Veracruz"},"image":{"@id":"https:\/\/lospoliticosveracruz.com\/#\/schema\/logo\/image\/"},"sameAs":["https:\/\/www.facebook.com\/people\/Notimemes-de-los-Polticos\/61565672886568\/","https:\/\/x.com\/LosPoliticosVer"]},{"@type":"Person","@id":"https:\/\/lospoliticosveracruz.com\/#\/schema\/person\/b8702bb0e538456e6efd07080bf2a4a2","name":"Lo viste en Los Pol\u00edticos","image":{"@type":"ImageObject","inLanguage":"es","@id":"https:\/\/secure.gravatar.com\/avatar\/3a8de04a2656d44082be478bd6c086daa447c4651605818287b9532d3d0bd435?s=96&d=mm&r=g","url":"https:\/\/secure.gravatar.com\/avatar\/3a8de04a2656d44082be478bd6c086daa447c4651605818287b9532d3d0bd435?s=96&d=mm&r=g","contentUrl":"https:\/\/secure.gravatar.com\/avatar\/3a8de04a2656d44082be478bd6c086daa447c4651605818287b9532d3d0bd435?s=96&d=mm&r=g","caption":"Lo viste en Los Pol\u00edticos"},"url":"https:\/\/lospoliticosveracruz.com\/?author=2"}]}},"_links":{"self":[{"href":"https:\/\/lospoliticosveracruz.com\/index.php?rest_route=\/wp\/v2\/posts\/68579","targetHints":{"allow":["GET"]}}],"collection":[{"href":"https:\/\/lospoliticosveracruz.com\/index.php?rest_route=\/wp\/v2\/posts"}],"about":[{"href":"https:\/\/lospoliticosveracruz.com\/index.php?rest_route=\/wp\/v2\/types\/post"}],"author":[{"embeddable":true,"href":"https:\/\/lospoliticosveracruz.com\/index.php?rest_route=\/wp\/v2\/users\/2"}],"replies":[{"embeddable":true,"href":"https:\/\/lospoliticosveracruz.com\/index.php?rest_route=%2Fwp%2Fv2%2Fcomments&post=68579"}],"version-history":[{"count":1,"href":"https:\/\/lospoliticosveracruz.com\/index.php?rest_route=\/wp\/v2\/posts\/68579\/revisions"}],"predecessor-version":[{"id":68581,"href":"https:\/\/lospoliticosveracruz.com\/index.php?rest_route=\/wp\/v2\/posts\/68579\/revisions\/68581"}],"wp:attachment":[{"href":"https:\/\/lospoliticosveracruz.com\/index.php?rest_route=%2Fwp%2Fv2%2Fmedia&parent=68579"}],"wp:term":[{"taxonomy":"category","embeddable":true,"href":"https:\/\/lospoliticosveracruz.com\/index.php?rest_route=%2Fwp%2Fv2%2Fcategories&post=68579"},{"taxonomy":"post_tag","embeddable":true,"href":"https:\/\/lospoliticosveracruz.com\/index.php?rest_route=%2Fwp%2Fv2%2Ftags&post=68579"}],"curies":[{"name":"wp","href":"https:\/\/api.w.org\/{rel}","templated":true}]}}