{"id":68593,"date":"2021-02-23T10:54:09","date_gmt":"2021-02-23T16:54:09","guid":{"rendered":"http:\/\/www.lospoliticosveracruz.com.mx\/?p=68593"},"modified":"2021-02-23T10:54:09","modified_gmt":"2021-02-23T16:54:09","slug":"pais-de-pobres-y-beneficiarios","status":"publish","type":"post","link":"https:\/\/lospoliticosveracruz.com\/?p=68593","title":{"rendered":"Pa\u00eds de pobres y beneficiarios"},"content":{"rendered":"<p><strong>Rafael Arias Hern\u00e1ndez<\/strong><\/p>\n<p><em>Mutatis mutandis<\/em><\/p>\n<p>En 2018 elegimos y decidimos el cambio. \u00bfLo hay?<br \/>\nDe inmediato, de la realidad surgen las respuestas y, por sus alcances, una sobresale: s\u00ed, se han generado millones y millones de beneficiarios de programas gubernamentales.<br \/>\nEs un hecho, que solo en las Secretarias de Bienestar y del Trabajo, del gobierno federal, se reportan m\u00e1s de 40 millones de favorecidos. Sin duda, se tiene que informar el total-total de todos los \u00e1mbitos de gobierno: y tambi\u00e9n, se deben precisar, actualizar e informar, sobre los responsables a cargo. \u00bfLlega a 50 millones, total de beneficiarios?<br \/>\nObjetivamente, aunque con mucho que hacer, corregir y mejorar, el intento y sus logros son inocultables y deben ser considerados y valorados. Cierto, primero los pobres, que son mayor\u00eda en aumento.<br \/>\nDebe advertirse, que consolidar y mejorar este hecho, considerado justo, efectivo y consistente, no es f\u00e1cil, ni r\u00e1pido. Mucho menos ante resistencias e intereses opuestos; o ante retrasos, burocratismo y retrocesos, propios de improvisaci\u00f3n, ocurrencias, complicidades y complacencias.<br \/>\nEn d\u00e9cadas pasamos del \u00abcuerno de la abundancia, a la ventanilla del no me alcanza\u00bb.<\/p>\n<p><strong>ANCESTRAL RETO, PRESENTE Y CRECIENTE.<\/strong><br \/>\nLargo padecer y lento aprender. No hay peor ciego que el que ve, lo que quiere ver.<br \/>\nPara empezar, bajo una evaluaci\u00f3n objetiva. Deben considerarse la magnitud y complejidad de reto heredado, las condiciones actuales y los propios errores y equivocaciones, que agravan la problem\u00e1tica.<br \/>\nLa pobreza genera inocultables mayor\u00edas limitadas y sacrificadas; situaci\u00f3n, agravada por insuficiencias y deficiencias gubernamentales, particularmente del sector salud, que deber\u00eda ser tratado, revalorado y apoyado con mejores estructuras y funciones, sueldos y apoyos.<br \/>\nLa historia muestra y demuestra, una y otra vez, los alcances de la operaci\u00f3n de sistemas econ\u00f3micos depredadores, propensos a injusticia y explotaci\u00f3n de seres humanos, medio ambiente y organizaciones p\u00fablicas.<br \/>\nEn la actualidad, debe tenerse en cuenta que, seg\u00fan fuentes oficiales, para 2020 se estima, que casi 7 de cada 10 mexicanos son considerados en pobreza por ingreso; y uno de cada 4, en pobreza extrema. M\u00e1s lo que sigan agregando los efectos pand\u00e9micos y las crisis econ\u00f3mica y de finanzas p\u00fablicas.<br \/>\n<a href=\"https:\/\/www.coneval.org.mx\/Medicion\/Paginas\/ITLP-IS_resultados_a_nivel_nacional.aspx\"><em><strong>https:\/\/www.coneval.org.mx\/Medicion\/Paginas\/ITLP-IS_resultados_a_nivel_nacional.aspx<\/strong><\/em><\/a><br \/>\nEn todo caso, es cada vez m\u00e1s necesario, aprender y reaccionar con capacidad y efectividad, con resultados positivos verdaderos. De lo contrario, la realidad se vuelve m\u00e1s dif\u00edcil, compleja e imponente.<br \/>\nInaceptable ignorar, minimizar o manipular los hechos. Se trata de la vida y sobrevivencia de millones y millones de seres humanos. Hoy por hoy, primero las personas.<br \/>\nUrge contar con buenos y mejores gobiernos, responsables y generadores de acertadas acciones sociales, pol\u00edticas y econ\u00f3micas. Gobiernos de suficiencia, eficiencia y efectividad. De verdaderos resultados positivos, no caracterizados por repetidas justificaciones, pretextos y buenas intenciones; y mucho menos, dominados por ineficientes y delincuentes, por ineptos y corruptos.<br \/>\nAnte inminentes elecciones, importante y oportuno abordar, analizar y dialogar sobre temas centrales del inter\u00e9s p\u00fablico. En lo social, sobresalen pobreza, hambre y marginaci\u00f3n; en lo pol\u00edtico, los da\u00f1os causados por desgobiernos, anacr\u00f3nicos y disfuncionales.<br \/>\nY tambi\u00e9n, imprescindible reconocer que hay acciones y logros, intentos y esfuerzos gubernamentales que considerar y valorar<\/p>\n<p><strong>MILLONES Y MILLONES DE BENEFICIARIOS.<\/strong><br \/>\nEn dos a\u00f1os, la orientaci\u00f3n del gobierno ha cambiado. Las mayor\u00edas empiezan a ser consideradas y atendidas. Conveniente reconocerlo, as\u00ed como aceptar que hay limitaciones, errores y pendientes. Una vez m\u00e1s, insistir que cambiar no es f\u00e1cil, r\u00e1pido y autom\u00e1tico.<br \/>\nImportante considerar, que tan solo la Secretaria de Bienestar, consigna para 2020, un total de 38, 873,886 beneficiarios; incluidos estado por estado, m\u00e1s 180, 331 como \u00abno especificados\u00bb \u00bfAcaso beneficiarios fantasmas?<br \/>\nTan solo en 7 entidades federativas, suman m\u00e1s de 20.8 millones.; representando m\u00e1s de la mitad, 53.70%. Estos son:<br \/>\nEdo. M\u00e9xico (4, 390,184); Chiapas (3, 367,476); Veracruz (3, 211,203)<br \/>\nOaxaca (2, 876,127); CDMX (2, 532,128); Puebla (2, 402,476): y<br \/>\nMichoac\u00e1n (2, 097,887).<br \/>\nEl resto de los beneficiarios, de la citada Secretaria de Bienestar del gobierno federal, se localiza, en 25 entidades, con poco m\u00e1s de 18 millones, 46%.<br \/>\nOtras Secretarias, como la del Trabajo, tan solo en \u00abj\u00f3venes construyendo el futuro\u00bb, reporta 2.5 millones de beneficiarios (de entre 18 y 29 a\u00f1os).<br \/>\nY as\u00ed, en otras Secretarias y Organismos del Gobierno Federal. Un an\u00e1lisis m\u00e1s profundo y minucioso, ayudar\u00eda a detectar m\u00e1s programas y acciones orientadas al combate a la pobreza, el hambre y la marginaci\u00f3n.<br \/>\nRespecto a los gobiernos Estatales y Municipales, tambi\u00e9n hay mucho que comentar, tanto en responsabilidades y obligaciones, como objetivos y resultaos; tanto en logros y avances, como en p\u00e9rdidas, retrocesos y pendientes. Tema a desarrollar en otra ocasi\u00f3n.<\/p>\n<p><strong>M\u00c1S Y MEJOR EVALUACI\u00d3N P\u00daBLICA.<\/strong><br \/>\nLos nuevos tiempos reclaman, como pr\u00e1cticas imprescindibles, la Transparencia, y el Acceso P\u00fablico a la Informaci\u00f3n; y la Rendici\u00f3n de Cuentas, la Fiscalizaci\u00f3n y la evaluaci\u00f3n p\u00fablica. Quienes gobiernan sin estos instrumentos de la democracia moderna, pertenecen a otro sistema; al basado en simulaci\u00f3n y enga\u00f1o, ineficiencia y corrupci\u00f3n gubernamental.<br \/>\nSe\u00f1alar y denunciar, para corregir y mejorar.<br \/>\nComo ejemplo, vale la pena citar resultados, recientemente presentados, por la ASF (Auditoria Superior de la Federaci\u00f3n).<br \/>\n\u00abEl \u00f3rgano fiscalizador consign\u00f3 que entre las irregularidades se encuentran pagos a beneficiaros fallecidos, servicios de los que no se pudo comprobar su realizaci\u00f3n, trabajadores por honorarios que desconocieron las firmas en los contratos, pagos duplicados y recursos que no se reintegraron pese a que no se pagaron\u2026Las Becas del Bienestar est\u00e1n dirigidas a poblaci\u00f3n que se encuentre en situaci\u00f3n de pobreza o condiciones de vulnerabilidad con el fin de disminuir el nivel de deserci\u00f3n escolar\u2026 El programa Sembrando Vida tiene 1,832 millones 710,896 pesos sin aclarar y carencias en su dise\u00f1o&#8230;\u00bb (EXPANSION. 20y210221)<br \/>\n<a href=\"https:\/\/politica.expansion.mx\/mexico\/2021\/02\/20\/pagos-duplicados-y-a-fallecidos-las-becas-del-bienestar-deben-aclarar-263-6-mdp?utm_source=push_notification\"><em><strong>https:\/\/politica.expansion.mx\/mexico\/2021\/02\/20\/pagos-duplicados-y-a-fallecidos-las-becas-del-bienestar-deben-aclarar-263-6-mdp?utm_source=push_notification <\/strong><\/em><\/a><br \/>\n<a href=\"https:\/\/politica.expansion.mx\/mexico\/2021\/02\/20\/pagos-duplicados-y-a-fallecidos-las-becas-del-bienestar-deben-aclarar-263-6-mdp?utm_source=push_notification\"><em><strong>https:\/\/politica.expansion.mx\/mexico\/2021\/02\/21\/la-primera-mala-cosecha-de-sembrando-vida-1-832-mdp-sin-aclarar-en-2019?utm_source=push_notification<\/strong><\/em><\/a><\/p>\n<p>En fin, hay que insistir y exigir que se atiendan, bien y a tiempo, problemas, conflictos y oportunidades; y adem\u00e1s, cambiar lo que se deba cambiar, porque actualizarse y mejorar, es tambi\u00e9n, un deber ineludible del gobierno. Si no lo hace, entonces hay que cambiarlo y, desde luego, se\u00f1alar responsables y culpables, para denunciar, enjuiciar y aplicar las sanciones correspondientes. De lo contrario gobernar\u00e1n irresponsabilidad, corrupci\u00f3n e impunidad.<\/p>\n<p>-Acad\u00e9mico.IIESESUVTwitter@RafaelAriasH,Facebook:VeracruzHoy deRafaelAriasH<\/p>\n","protected":false},"excerpt":{"rendered":"<p>Rafael Arias Hern\u00e1ndez Mutatis mutandis En 2018 elegimos y decidimos el cambio. \u00bfLo hay? De inmediato, de la realidad surgen las respuestas y, por sus alcances, una sobresale: s\u00ed, se han generado millones y millones de beneficiarios de programas gubernamentales. Es un hecho, que solo en las Secretarias de Bienestar y del Trabajo, del gobierno [&hellip;]<\/p>\n","protected":false},"author":2,"featured_media":0,"comment_status":"open","ping_status":"open","sticky":false,"template":"","format":"standard","meta":{"tdm_status":"","tdm_grid_status":"","footnotes":""},"categories":[70],"tags":[1917,26348,26347,8643,13209,14126,12573,25115,8032,5887,14248,1067],"class_list":{"0":"post-68593","1":"post","2":"type-post","3":"status-publish","4":"format-standard","6":"category-de-opinion","7":"tag-auditoria-superior-de-la-federacion","8":"tag-becas-del-bienestar","9":"tag-burocratismo","10":"tag-corrupcion-gubernamental","11":"tag-finanzas-publicas","12":"tag-jovenes-construyendo-el-futuro","13":"tag-pobreza-extrema","14":"tag-programas-gubernamentales","15":"tag-rafael-arias-hernandez","16":"tag-rendicion-de-cuentas","17":"tag-secretaria-de-bienestar","18":"tag-transparencia"},"yoast_head":"<!-- This site is optimized with the Yoast SEO plugin v27.4 - https:\/\/yoast.com\/product\/yoast-seo-wordpress\/ -->\n<title>Pa\u00eds de pobres y beneficiarios - Los pol\u00edticos Veracruz<\/title>\n<meta name=\"robots\" content=\"index, follow, max-snippet:-1, max-image-preview:large, max-video-preview:-1\" \/>\n<link rel=\"canonical\" href=\"https:\/\/lospoliticosveracruz.com\/?p=68593\" \/>\n<meta property=\"og:locale\" content=\"es_ES\" \/>\n<meta property=\"og:type\" content=\"article\" \/>\n<meta property=\"og:title\" content=\"Pa\u00eds de pobres y beneficiarios - Los pol\u00edticos Veracruz\" \/>\n<meta property=\"og:description\" content=\"Rafael Arias Hern\u00e1ndez Mutatis mutandis En 2018 elegimos y decidimos el cambio. \u00bfLo hay? De inmediato, de la realidad surgen las respuestas y, por sus alcances, una sobresale: s\u00ed, se han generado millones y millones de beneficiarios de programas gubernamentales. Es un hecho, que solo en las Secretarias de Bienestar y del Trabajo, del gobierno [&hellip;]\" \/>\n<meta property=\"og:url\" content=\"https:\/\/lospoliticosveracruz.com\/?p=68593\" \/>\n<meta property=\"og:site_name\" content=\"Los pol\u00edticos Veracruz\" \/>\n<meta property=\"article:publisher\" content=\"https:\/\/www.facebook.com\/people\/Notimemes-de-los-Polticos\/61565672886568\/\" \/>\n<meta property=\"article:published_time\" content=\"2021-02-23T16:54:09+00:00\" \/>\n<meta property=\"og:image\" content=\"https:\/\/lospoliticosveracruz.com\/wp-content\/uploads\/2016\/07\/Logo-Dor.jpg\" \/>\n\t<meta property=\"og:image:width\" content=\"200\" \/>\n\t<meta property=\"og:image:height\" content=\"200\" \/>\n\t<meta property=\"og:image:type\" content=\"image\/jpeg\" \/>\n<meta name=\"author\" content=\"Lo viste en Los Pol\u00edticos\" \/>\n<meta name=\"twitter:card\" content=\"summary_large_image\" \/>\n<meta name=\"twitter:creator\" content=\"@LosPoliticosVer\" \/>\n<meta name=\"twitter:site\" content=\"@LosPoliticosVer\" \/>\n<meta name=\"twitter:label1\" content=\"Escrito por\" \/>\n\t<meta name=\"twitter:data1\" content=\"Lo viste en Los Pol\u00edticos\" \/>\n\t<meta name=\"twitter:label2\" content=\"Tiempo de lectura\" \/>\n\t<meta name=\"twitter:data2\" content=\"5 minutos\" \/>\n<script type=\"application\/ld+json\" class=\"yoast-schema-graph\">{\"@context\":\"https:\\\/\\\/schema.org\",\"@graph\":[{\"@type\":\"Article\",\"@id\":\"https:\\\/\\\/lospoliticosveracruz.com\\\/?p=68593#article\",\"isPartOf\":{\"@id\":\"https:\\\/\\\/lospoliticosveracruz.com\\\/?p=68593\"},\"author\":{\"name\":\"Lo viste en Los Pol\u00edticos\",\"@id\":\"https:\\\/\\\/lospoliticosveracruz.com\\\/#\\\/schema\\\/person\\\/b8702bb0e538456e6efd07080bf2a4a2\"},\"headline\":\"Pa\u00eds de pobres y beneficiarios\",\"datePublished\":\"2021-02-23T16:54:09+00:00\",\"mainEntityOfPage\":{\"@id\":\"https:\\\/\\\/lospoliticosveracruz.com\\\/?p=68593\"},\"wordCount\":1085,\"commentCount\":0,\"publisher\":{\"@id\":\"https:\\\/\\\/lospoliticosveracruz.com\\\/#organization\"},\"keywords\":[\"Auditor\u00eda Superior de la Federaci\u00f3n\",\"Becas del Bienestar\",\"burocratismo\",\"Corrupci\u00f3n gubernamental\",\"Finanzas P\u00fablicas\",\"J\u00f3venes Construyendo el Futuro\",\"pobreza extrema\",\"Programas gubernamentales\",\"Rafael Arias Hern\u00e1ndez\",\"Rendici\u00f3n de cuentas\",\"Secretar\u00eda de Bienestar\",\"transparencia\"],\"articleSection\":[\"De Opini\u00f3n\"],\"inLanguage\":\"es\",\"potentialAction\":[{\"@type\":\"CommentAction\",\"name\":\"Comment\",\"target\":[\"https:\\\/\\\/lospoliticosveracruz.com\\\/?p=68593#respond\"]}]},{\"@type\":\"WebPage\",\"@id\":\"https:\\\/\\\/lospoliticosveracruz.com\\\/?p=68593\",\"url\":\"https:\\\/\\\/lospoliticosveracruz.com\\\/?p=68593\",\"name\":\"Pa\u00eds de pobres y beneficiarios - Los pol\u00edticos Veracruz\",\"isPartOf\":{\"@id\":\"https:\\\/\\\/lospoliticosveracruz.com\\\/#website\"},\"datePublished\":\"2021-02-23T16:54:09+00:00\",\"breadcrumb\":{\"@id\":\"https:\\\/\\\/lospoliticosveracruz.com\\\/?p=68593#breadcrumb\"},\"inLanguage\":\"es\",\"potentialAction\":[{\"@type\":\"ReadAction\",\"target\":[\"https:\\\/\\\/lospoliticosveracruz.com\\\/?p=68593\"]}]},{\"@type\":\"BreadcrumbList\",\"@id\":\"https:\\\/\\\/lospoliticosveracruz.com\\\/?p=68593#breadcrumb\",\"itemListElement\":[{\"@type\":\"ListItem\",\"position\":1,\"name\":\"Portada\",\"item\":\"https:\\\/\\\/lospoliticosveracruz.com\\\/\"},{\"@type\":\"ListItem\",\"position\":2,\"name\":\"Pa\u00eds de pobres y beneficiarios\"}]},{\"@type\":\"WebSite\",\"@id\":\"https:\\\/\\\/lospoliticosveracruz.com\\\/#website\",\"url\":\"https:\\\/\\\/lospoliticosveracruz.com\\\/\",\"name\":\"Los pol\u00edticos Veracruz\",\"description\":\"\",\"publisher\":{\"@id\":\"https:\\\/\\\/lospoliticosveracruz.com\\\/#organization\"},\"potentialAction\":[{\"@type\":\"SearchAction\",\"target\":{\"@type\":\"EntryPoint\",\"urlTemplate\":\"https:\\\/\\\/lospoliticosveracruz.com\\\/?s={search_term_string}\"},\"query-input\":{\"@type\":\"PropertyValueSpecification\",\"valueRequired\":true,\"valueName\":\"search_term_string\"}}],\"inLanguage\":\"es\"},{\"@type\":\"Organization\",\"@id\":\"https:\\\/\\\/lospoliticosveracruz.com\\\/#organization\",\"name\":\"Los pol\u00edticos Veracruz\",\"url\":\"https:\\\/\\\/lospoliticosveracruz.com\\\/\",\"logo\":{\"@type\":\"ImageObject\",\"inLanguage\":\"es\",\"@id\":\"https:\\\/\\\/lospoliticosveracruz.com\\\/#\\\/schema\\\/logo\\\/image\\\/\",\"url\":\"https:\\\/\\\/lospoliticosveracruz.com\\\/wp-content\\\/uploads\\\/2025\\\/12\\\/Logo-Nuevo-LOS-POLITICOS-1.jpg\",\"contentUrl\":\"https:\\\/\\\/lospoliticosveracruz.com\\\/wp-content\\\/uploads\\\/2025\\\/12\\\/Logo-Nuevo-LOS-POLITICOS-1.jpg\",\"width\":260,\"height\":70,\"caption\":\"Los pol\u00edticos Veracruz\"},\"image\":{\"@id\":\"https:\\\/\\\/lospoliticosveracruz.com\\\/#\\\/schema\\\/logo\\\/image\\\/\"},\"sameAs\":[\"https:\\\/\\\/www.facebook.com\\\/people\\\/Notimemes-de-los-Polticos\\\/61565672886568\\\/\",\"https:\\\/\\\/x.com\\\/LosPoliticosVer\"]},{\"@type\":\"Person\",\"@id\":\"https:\\\/\\\/lospoliticosveracruz.com\\\/#\\\/schema\\\/person\\\/b8702bb0e538456e6efd07080bf2a4a2\",\"name\":\"Lo viste en Los Pol\u00edticos\",\"image\":{\"@type\":\"ImageObject\",\"inLanguage\":\"es\",\"@id\":\"https:\\\/\\\/secure.gravatar.com\\\/avatar\\\/3a8de04a2656d44082be478bd6c086daa447c4651605818287b9532d3d0bd435?s=96&d=mm&r=g\",\"url\":\"https:\\\/\\\/secure.gravatar.com\\\/avatar\\\/3a8de04a2656d44082be478bd6c086daa447c4651605818287b9532d3d0bd435?s=96&d=mm&r=g\",\"contentUrl\":\"https:\\\/\\\/secure.gravatar.com\\\/avatar\\\/3a8de04a2656d44082be478bd6c086daa447c4651605818287b9532d3d0bd435?s=96&d=mm&r=g\",\"caption\":\"Lo viste en Los Pol\u00edticos\"},\"url\":\"https:\\\/\\\/lospoliticosveracruz.com\\\/?author=2\"}]}<\/script>\n<!-- \/ Yoast SEO plugin. -->","yoast_head_json":{"title":"Pa\u00eds de pobres y beneficiarios - Los pol\u00edticos Veracruz","robots":{"index":"index","follow":"follow","max-snippet":"max-snippet:-1","max-image-preview":"max-image-preview:large","max-video-preview":"max-video-preview:-1"},"canonical":"https:\/\/lospoliticosveracruz.com\/?p=68593","og_locale":"es_ES","og_type":"article","og_title":"Pa\u00eds de pobres y beneficiarios - Los pol\u00edticos Veracruz","og_description":"Rafael Arias Hern\u00e1ndez Mutatis mutandis En 2018 elegimos y decidimos el cambio. \u00bfLo hay? De inmediato, de la realidad surgen las respuestas y, por sus alcances, una sobresale: s\u00ed, se han generado millones y millones de beneficiarios de programas gubernamentales. Es un hecho, que solo en las Secretarias de Bienestar y del Trabajo, del gobierno [&hellip;]","og_url":"https:\/\/lospoliticosveracruz.com\/?p=68593","og_site_name":"Los pol\u00edticos Veracruz","article_publisher":"https:\/\/www.facebook.com\/people\/Notimemes-de-los-Polticos\/61565672886568\/","article_published_time":"2021-02-23T16:54:09+00:00","og_image":[{"width":200,"height":200,"url":"https:\/\/lospoliticosveracruz.com\/wp-content\/uploads\/2016\/07\/Logo-Dor.jpg","type":"image\/jpeg"}],"author":"Lo viste en Los Pol\u00edticos","twitter_card":"summary_large_image","twitter_creator":"@LosPoliticosVer","twitter_site":"@LosPoliticosVer","twitter_misc":{"Escrito por":"Lo viste en Los Pol\u00edticos","Tiempo de lectura":"5 minutos"},"schema":{"@context":"https:\/\/schema.org","@graph":[{"@type":"Article","@id":"https:\/\/lospoliticosveracruz.com\/?p=68593#article","isPartOf":{"@id":"https:\/\/lospoliticosveracruz.com\/?p=68593"},"author":{"name":"Lo viste en Los Pol\u00edticos","@id":"https:\/\/lospoliticosveracruz.com\/#\/schema\/person\/b8702bb0e538456e6efd07080bf2a4a2"},"headline":"Pa\u00eds de pobres y beneficiarios","datePublished":"2021-02-23T16:54:09+00:00","mainEntityOfPage":{"@id":"https:\/\/lospoliticosveracruz.com\/?p=68593"},"wordCount":1085,"commentCount":0,"publisher":{"@id":"https:\/\/lospoliticosveracruz.com\/#organization"},"keywords":["Auditor\u00eda Superior de la Federaci\u00f3n","Becas del Bienestar","burocratismo","Corrupci\u00f3n gubernamental","Finanzas P\u00fablicas","J\u00f3venes Construyendo el Futuro","pobreza extrema","Programas gubernamentales","Rafael Arias Hern\u00e1ndez","Rendici\u00f3n de cuentas","Secretar\u00eda de Bienestar","transparencia"],"articleSection":["De Opini\u00f3n"],"inLanguage":"es","potentialAction":[{"@type":"CommentAction","name":"Comment","target":["https:\/\/lospoliticosveracruz.com\/?p=68593#respond"]}]},{"@type":"WebPage","@id":"https:\/\/lospoliticosveracruz.com\/?p=68593","url":"https:\/\/lospoliticosveracruz.com\/?p=68593","name":"Pa\u00eds de pobres y beneficiarios - Los pol\u00edticos Veracruz","isPartOf":{"@id":"https:\/\/lospoliticosveracruz.com\/#website"},"datePublished":"2021-02-23T16:54:09+00:00","breadcrumb":{"@id":"https:\/\/lospoliticosveracruz.com\/?p=68593#breadcrumb"},"inLanguage":"es","potentialAction":[{"@type":"ReadAction","target":["https:\/\/lospoliticosveracruz.com\/?p=68593"]}]},{"@type":"BreadcrumbList","@id":"https:\/\/lospoliticosveracruz.com\/?p=68593#breadcrumb","itemListElement":[{"@type":"ListItem","position":1,"name":"Portada","item":"https:\/\/lospoliticosveracruz.com\/"},{"@type":"ListItem","position":2,"name":"Pa\u00eds de pobres y beneficiarios"}]},{"@type":"WebSite","@id":"https:\/\/lospoliticosveracruz.com\/#website","url":"https:\/\/lospoliticosveracruz.com\/","name":"Los pol\u00edticos Veracruz","description":"","publisher":{"@id":"https:\/\/lospoliticosveracruz.com\/#organization"},"potentialAction":[{"@type":"SearchAction","target":{"@type":"EntryPoint","urlTemplate":"https:\/\/lospoliticosveracruz.com\/?s={search_term_string}"},"query-input":{"@type":"PropertyValueSpecification","valueRequired":true,"valueName":"search_term_string"}}],"inLanguage":"es"},{"@type":"Organization","@id":"https:\/\/lospoliticosveracruz.com\/#organization","name":"Los pol\u00edticos Veracruz","url":"https:\/\/lospoliticosveracruz.com\/","logo":{"@type":"ImageObject","inLanguage":"es","@id":"https:\/\/lospoliticosveracruz.com\/#\/schema\/logo\/image\/","url":"https:\/\/lospoliticosveracruz.com\/wp-content\/uploads\/2025\/12\/Logo-Nuevo-LOS-POLITICOS-1.jpg","contentUrl":"https:\/\/lospoliticosveracruz.com\/wp-content\/uploads\/2025\/12\/Logo-Nuevo-LOS-POLITICOS-1.jpg","width":260,"height":70,"caption":"Los pol\u00edticos Veracruz"},"image":{"@id":"https:\/\/lospoliticosveracruz.com\/#\/schema\/logo\/image\/"},"sameAs":["https:\/\/www.facebook.com\/people\/Notimemes-de-los-Polticos\/61565672886568\/","https:\/\/x.com\/LosPoliticosVer"]},{"@type":"Person","@id":"https:\/\/lospoliticosveracruz.com\/#\/schema\/person\/b8702bb0e538456e6efd07080bf2a4a2","name":"Lo viste en Los Pol\u00edticos","image":{"@type":"ImageObject","inLanguage":"es","@id":"https:\/\/secure.gravatar.com\/avatar\/3a8de04a2656d44082be478bd6c086daa447c4651605818287b9532d3d0bd435?s=96&d=mm&r=g","url":"https:\/\/secure.gravatar.com\/avatar\/3a8de04a2656d44082be478bd6c086daa447c4651605818287b9532d3d0bd435?s=96&d=mm&r=g","contentUrl":"https:\/\/secure.gravatar.com\/avatar\/3a8de04a2656d44082be478bd6c086daa447c4651605818287b9532d3d0bd435?s=96&d=mm&r=g","caption":"Lo viste en Los Pol\u00edticos"},"url":"https:\/\/lospoliticosveracruz.com\/?author=2"}]}},"_links":{"self":[{"href":"https:\/\/lospoliticosveracruz.com\/index.php?rest_route=\/wp\/v2\/posts\/68593","targetHints":{"allow":["GET"]}}],"collection":[{"href":"https:\/\/lospoliticosveracruz.com\/index.php?rest_route=\/wp\/v2\/posts"}],"about":[{"href":"https:\/\/lospoliticosveracruz.com\/index.php?rest_route=\/wp\/v2\/types\/post"}],"author":[{"embeddable":true,"href":"https:\/\/lospoliticosveracruz.com\/index.php?rest_route=\/wp\/v2\/users\/2"}],"replies":[{"embeddable":true,"href":"https:\/\/lospoliticosveracruz.com\/index.php?rest_route=%2Fwp%2Fv2%2Fcomments&post=68593"}],"version-history":[{"count":2,"href":"https:\/\/lospoliticosveracruz.com\/index.php?rest_route=\/wp\/v2\/posts\/68593\/revisions"}],"predecessor-version":[{"id":68595,"href":"https:\/\/lospoliticosveracruz.com\/index.php?rest_route=\/wp\/v2\/posts\/68593\/revisions\/68595"}],"wp:attachment":[{"href":"https:\/\/lospoliticosveracruz.com\/index.php?rest_route=%2Fwp%2Fv2%2Fmedia&parent=68593"}],"wp:term":[{"taxonomy":"category","embeddable":true,"href":"https:\/\/lospoliticosveracruz.com\/index.php?rest_route=%2Fwp%2Fv2%2Fcategories&post=68593"},{"taxonomy":"post_tag","embeddable":true,"href":"https:\/\/lospoliticosveracruz.com\/index.php?rest_route=%2Fwp%2Fv2%2Ftags&post=68593"}],"curies":[{"name":"wp","href":"https:\/\/api.w.org\/{rel}","templated":true}]}}