{"id":68629,"date":"2021-02-24T07:53:21","date_gmt":"2021-02-24T13:53:21","guid":{"rendered":"http:\/\/www.lospoliticosveracruz.com.mx\/?p=68629"},"modified":"2021-02-24T07:53:21","modified_gmt":"2021-02-24T13:53:21","slug":"chiquinando-claroscuros","status":"publish","type":"post","link":"https:\/\/lospoliticosveracruz.com\/?p=68629","title":{"rendered":"Chiquinando, claroscuros"},"content":{"rendered":"\n<p><strong>Ricardo Ch\u00faa<\/strong><br \/>\n<em>Sale y Vale<\/em><\/p>\n<p>FERNANDO YUNES, SUS \u00c1NGELES Y DEMONIOS&#8230; Nadie puede negar que el alcalde de Veracruz, Fernando Yunes M\u00e1rquez, es su mejor relacionista p\u00fablico&#8230; Se adapta con todos&#8230; Es el \u00fanico de ellos que transita con el PRI&#8230; Hasta con los Morenos del gobierno del Estado&#8230; Saluda a Cuitl\u00e1huac y es \u00abcuatacho\u00bb de Hugo Guti\u00e9rrez&#8230; Movi\u00f3 la elecci\u00f3n del PAN porte\u00f1o a su antojo&#8230; Subi\u00f3 y baj\u00f3 aspirantes a sucederlo&#8230; Y por un lado, la federaci\u00f3n lo reconoce, pero por otro, las encuestas dicen que sale mal calificado como mun\u00edcipe&#8230; CIELO E INFIERNO&#8230;<br \/>\nAyer mismo la Auditor\u00eda Superior de la Federaci\u00f3n (ASF), la misma que L\u00f3pez Obrador desde\u00f1o por hacer ver irregularidades en la cancelaci\u00f3n del proyecto del aeropuerto de Texcoco y sucumbi\u00f3 ante el rega\u00f1o Presidencial&#8230; Reconoci\u00f3 a Yunes M\u00e1rquez, que su cuenta p\u00fablica del 2019, no tuvo una sola observaci\u00f3n en el manejo de recursos federales.. Obvio un mensaje de ChiquiFer al gobierno de Cuitl\u00e1huac Garc\u00eda, el cual tiene que solventar observaciones de presunto da\u00f1o patrimonial de su administraci\u00f3n&#8230; MOCOS PETRA&#8230; GOL DE LOS YUNES&#8230;<br \/>\nPero porque en esta vida siempre hay un \u00abpinche\u00bb pero&#8230; A Fernando Yunes, una encuesta de la empresa Parametr\u00eda, le atiz\u00f3 que su gobierno fue mal calificado por la ciudadan\u00eda porte\u00f1a y por esa situaci\u00f3n electoralmente, el municipio es un \u00abfoco rojo\u00bb para el PAN aunque su hermano, Miguel \u00c1ngel o Bingen Rementeria sea el candidato a la alcald\u00eda&#8230; El sondeo le eval\u00fao los servicios p\u00fablicos prestados y ah\u00ed fue donde el presidente municipal, seg\u00fan, sali\u00f3 muy mal parado ante la sociedad&#8230; Lo que dar\u00eda pie a una derrota electoral&#8230; \u00bfSerr\u00e1?&#8230;<br \/>\nLo cual provoca que ponga en riesgo la hegemon\u00eda electoral del PAN&#8230; Seg\u00fan la empresa encuestadora, que en d\u00edas pasados dio el triunfo a MORENA en Veracruz puerto (Ja Ja Ja y m\u00e1s ja ja ja)&#8230; Lo \u00fanico real es que Parametr\u00eda fue de las pocas encuestadoras que en 2018, le dio el triunfo en Veracruz a Cuitl\u00e1huac Garc\u00eda&#8230; Por eso, merece el beneficio de la duda&#8230; Finalmente esto se ver\u00e1 en unos meses&#8230; Qu\u00e9 peso m\u00e1s&#8230; Si el dictamen de la ASF o la encuesta&#8230; PENA NEGRA&#8230; SI JUDAS MINTI\u00d3 BESANDO Y DIOS PERDON\u00d3 LLORANDO&#8230; <\/p>\n<p>NENISIMA VS YUNES&#8230; Quienes pensaban que el grupo de \u00abLos Yunes Azules\u00bb, pues, tendr\u00edan v\u00eda libre para seguir manteniendo el control del municipio Boca del R\u00edo, al parecer, fueron sorprendidos con el anuncio de que la conocida \u00absocialit\u00e9\u00bb veracruzana, La Nena de la Reguera, fungir\u00e1 como aspirante a la candidatura de la alcald\u00eda de boque\u00f1a por MORENA&#8230; Les puso m\u00e1s dif\u00edcil el camino&#8230;<br \/>\nSi bien, en su momento, el \u00abdestape\u00bb caus\u00f3 burla entre quienes s\u00f3lo saben de Nenisima  por lo que se muestra en las revistas de espect\u00e1culos, aquellos que est\u00e1n tras bambalinas en el tema de la pol\u00edtica electoral&#8230; Le reconocen que es una gran apuesta de la \u00abCuarta Transformaci\u00f3n\u00bb para el principal basti\u00f3n panista del Estado&#8230; Que lo gane es otra cosa&#8230; La aspirante ha conseguido lo que tiene por sus propios fueros&#8230;<br \/>\nYa que m\u00e1s all\u00e1 de su belleza, La Nena ha trabajado en distintos \u00e1mbitos profesionales entre los que destacan su etapa como docente donde conoci\u00f3 las distintas problem\u00e1ticas que enfrenta la ciudadan\u00eda&#8230; Es cierto que nunca desempe\u00f1\u00f3 cargo de elecci\u00f3n popular, pero es conocida su capacidad para moverse en c\u00edrculos pol\u00edticos veracruzanos; fue cercana a Cuitl\u00e1huac en su campa\u00f1a a gobernador, ella es respaldada por Rocio Nahle y Andres Manuel Lopez Obrador, Nena podr\u00eda ser una molestia para Los Yunes Azules..  AMEN&#8230;. <\/p>\n<p>LOS TUXTLAS, EL ESC\u00c1NDALO Y LA ILEGALIDAD&#8230; Vaya batalla campal al interior del ayuntamiento de San Andr\u00e9s Tuxtla entre el alcalde, Octavio P\u00e9rez Garay y la S\u00edndica \u00danica, Mar\u00eda Elena Cadena Bustamante&#8230; Ya que el motivo o la \u00abmanzana de la discordia\u00bb que provoc\u00f3 la \u00abruptura\u00bb pol\u00edtica entre ambos funcionarios municipales&#8230; Comenz\u00f3 el pasado 14 de febrero, cuando se llev\u00f3 a cabo la elecci\u00f3n interna del partido Acci\u00f3n Nacional, en este municipio para elegir el aspirante a la alcald\u00eda&#8230; Ambos \u00abjugaron\u00bb con candidatos diferentes..<br \/>\nYa que hab\u00edan dos planillas participando&#8230; Una integrada por Guillermo Hern\u00e1ndez Jim\u00e9nez, el candidato de Tavo P\u00e9rez&#8230; Y el otro era Salvador Antonio Monroy Cosme, el aspirante de la S\u00edndica, mismo que estaba llevando en su planilla a No\u00e9 Dom\u00ednguez Cadena, hijo de Cadena Bustamante, quien con el resultado final, perdi\u00f3 la oportunidad de llegar a ser candidato a regidor por el PAN&#8230; .<br \/>\nEsa fue la raz\u00f3n por la cual, la s\u00edndica reclam\u00f3 euf\u00f3ricamente al alcalde, el pasado lunes 15 de febrero, al interior del Palacio Municipal, donde algunos ediles fueron testigos de ese desencuentro entre ambos funcionarios.. .Ah\u00ed Cadena Bustamente acus\u00f3 a P\u00e9rez Garay, de haberse metido en el proceso interno del PAN, ya que hab\u00edan operadores del ayuntamiento presentes en ese proceso interno<br \/>\nAnte tal situaci\u00f3n, el martes 16 de febrero, se llev\u00f3 a cabo una sesi\u00f3n de Cabildo extraordinaria donde P\u00e9rez Garay, en contubernio con 8 regidores le retir\u00f3 su presencia jur\u00eddica y dem\u00e1s comisiones a Mar\u00eda Elena cadena Bustamante, misma que busc\u00f3 la asesor\u00eda jur\u00eddica de Salvador Antonio Monroy Cosme, qui\u00e9n denunci\u00f3 ante el Tribunal Electoral de Veracruz por violencia pol\u00edtica as\u00ed como por abuso de poder ante las instancias judiciales&#8230;. S le vienen \u00abtardes negras\u00bb a Tavo P\u00e9rez Garay&#8230; \u00bfQu\u00e9 esperaba flores?&#8230;. M\u00c1S AM\u00c9N&#8230;<\/p>\n","protected":false},"excerpt":{"rendered":"<p>Ricardo Ch\u00faa Sale y Vale FERNANDO YUNES, SUS \u00c1NGELES Y DEMONIOS&#8230; Nadie puede negar que el alcalde de Veracruz, Fernando Yunes M\u00e1rquez, es su mejor relacionista p\u00fablico&#8230; Se adapta con todos&#8230; Es el \u00fanico de ellos que transita con el PRI&#8230; Hasta con los Morenos del gobierno del Estado&#8230; Saluda a Cuitl\u00e1huac y es \u00abcuatacho\u00bb [&hellip;]<\/p>\n","protected":false},"author":2,"featured_media":0,"comment_status":"open","ping_status":"open","sticky":false,"template":"","format":"standard","meta":{"tdm_status":"","tdm_grid_status":"","footnotes":""},"categories":[70],"tags":[2823,13561,709,721,535,3662,1026,26366,261,266,195],"class_list":{"0":"post-68629","1":"post","2":"type-post","3":"status-publish","4":"format-standard","6":"category-de-opinion","7":"tag-cuenta-publica","8":"tag-cuitlahauc-garcia-jimenez","9":"tag-dano-patrimonial","10":"tag-elecciones","11":"tag-fernando-yunes","12":"tag-foco-rojo","13":"tag-morena","14":"tag-nena-de-la-reguera","15":"tag-octavio-perez-garay","16":"tag-pan","17":"tag-veracruz"},"yoast_head":"<!-- This site is optimized with the Yoast SEO plugin v27.4 - https:\/\/yoast.com\/product\/yoast-seo-wordpress\/ -->\n<title>Chiquinando, claroscuros - Los pol\u00edticos Veracruz<\/title>\n<meta name=\"robots\" content=\"index, follow, max-snippet:-1, max-image-preview:large, max-video-preview:-1\" \/>\n<link rel=\"canonical\" href=\"https:\/\/lospoliticosveracruz.com\/?p=68629\" \/>\n<meta property=\"og:locale\" content=\"es_ES\" \/>\n<meta property=\"og:type\" content=\"article\" \/>\n<meta property=\"og:title\" content=\"Chiquinando, claroscuros - Los pol\u00edticos Veracruz\" \/>\n<meta property=\"og:description\" content=\"Ricardo Ch\u00faa Sale y Vale FERNANDO YUNES, SUS \u00c1NGELES Y DEMONIOS&#8230; Nadie puede negar que el alcalde de Veracruz, Fernando Yunes M\u00e1rquez, es su mejor relacionista p\u00fablico&#8230; Se adapta con todos&#8230; Es el \u00fanico de ellos que transita con el PRI&#8230; Hasta con los Morenos del gobierno del Estado&#8230; Saluda a Cuitl\u00e1huac y es \u00abcuatacho\u00bb [&hellip;]\" \/>\n<meta property=\"og:url\" content=\"https:\/\/lospoliticosveracruz.com\/?p=68629\" \/>\n<meta property=\"og:site_name\" content=\"Los pol\u00edticos Veracruz\" \/>\n<meta property=\"article:publisher\" content=\"https:\/\/www.facebook.com\/people\/Notimemes-de-los-Polticos\/61565672886568\/\" \/>\n<meta property=\"article:published_time\" content=\"2021-02-24T13:53:21+00:00\" \/>\n<meta property=\"og:image\" content=\"https:\/\/lospoliticosveracruz.com\/wp-content\/uploads\/2016\/07\/Logo-Dor.jpg\" \/>\n\t<meta property=\"og:image:width\" content=\"200\" \/>\n\t<meta property=\"og:image:height\" content=\"200\" \/>\n\t<meta property=\"og:image:type\" content=\"image\/jpeg\" \/>\n<meta name=\"author\" content=\"Lo viste en Los Pol\u00edticos\" \/>\n<meta name=\"twitter:card\" content=\"summary_large_image\" \/>\n<meta name=\"twitter:creator\" content=\"@LosPoliticosVer\" \/>\n<meta name=\"twitter:site\" content=\"@LosPoliticosVer\" \/>\n<meta name=\"twitter:label1\" content=\"Escrito por\" \/>\n\t<meta name=\"twitter:data1\" content=\"Lo viste en Los Pol\u00edticos\" \/>\n\t<meta name=\"twitter:label2\" content=\"Tiempo de lectura\" \/>\n\t<meta name=\"twitter:data2\" content=\"5 minutos\" \/>\n<script type=\"application\/ld+json\" class=\"yoast-schema-graph\">{\"@context\":\"https:\\\/\\\/schema.org\",\"@graph\":[{\"@type\":\"Article\",\"@id\":\"https:\\\/\\\/lospoliticosveracruz.com\\\/?p=68629#article\",\"isPartOf\":{\"@id\":\"https:\\\/\\\/lospoliticosveracruz.com\\\/?p=68629\"},\"author\":{\"name\":\"Lo viste en Los Pol\u00edticos\",\"@id\":\"https:\\\/\\\/lospoliticosveracruz.com\\\/#\\\/schema\\\/person\\\/b8702bb0e538456e6efd07080bf2a4a2\"},\"headline\":\"Chiquinando, claroscuros\",\"datePublished\":\"2021-02-24T13:53:21+00:00\",\"mainEntityOfPage\":{\"@id\":\"https:\\\/\\\/lospoliticosveracruz.com\\\/?p=68629\"},\"wordCount\":967,\"commentCount\":0,\"publisher\":{\"@id\":\"https:\\\/\\\/lospoliticosveracruz.com\\\/#organization\"},\"keywords\":[\"Cuenta P\u00fablica\",\"Cuitl\u00e1hauc Garc\u00eda Jim\u00e9nez\",\"da\u00f1o patrimonial\",\"elecciones\",\"Fernando Yunes\",\"foco rojo\",\"Morena\",\"Nena de la Reguera\",\"Octavio P\u00e9rez Garay\",\"PAN\",\"Veracruz\"],\"articleSection\":[\"De Opini\u00f3n\"],\"inLanguage\":\"es\",\"potentialAction\":[{\"@type\":\"CommentAction\",\"name\":\"Comment\",\"target\":[\"https:\\\/\\\/lospoliticosveracruz.com\\\/?p=68629#respond\"]}]},{\"@type\":\"WebPage\",\"@id\":\"https:\\\/\\\/lospoliticosveracruz.com\\\/?p=68629\",\"url\":\"https:\\\/\\\/lospoliticosveracruz.com\\\/?p=68629\",\"name\":\"Chiquinando, claroscuros - Los pol\u00edticos Veracruz\",\"isPartOf\":{\"@id\":\"https:\\\/\\\/lospoliticosveracruz.com\\\/#website\"},\"datePublished\":\"2021-02-24T13:53:21+00:00\",\"breadcrumb\":{\"@id\":\"https:\\\/\\\/lospoliticosveracruz.com\\\/?p=68629#breadcrumb\"},\"inLanguage\":\"es\",\"potentialAction\":[{\"@type\":\"ReadAction\",\"target\":[\"https:\\\/\\\/lospoliticosveracruz.com\\\/?p=68629\"]}]},{\"@type\":\"BreadcrumbList\",\"@id\":\"https:\\\/\\\/lospoliticosveracruz.com\\\/?p=68629#breadcrumb\",\"itemListElement\":[{\"@type\":\"ListItem\",\"position\":1,\"name\":\"Portada\",\"item\":\"https:\\\/\\\/lospoliticosveracruz.com\\\/\"},{\"@type\":\"ListItem\",\"position\":2,\"name\":\"Chiquinando, claroscuros\"}]},{\"@type\":\"WebSite\",\"@id\":\"https:\\\/\\\/lospoliticosveracruz.com\\\/#website\",\"url\":\"https:\\\/\\\/lospoliticosveracruz.com\\\/\",\"name\":\"Los pol\u00edticos Veracruz\",\"description\":\"\",\"publisher\":{\"@id\":\"https:\\\/\\\/lospoliticosveracruz.com\\\/#organization\"},\"potentialAction\":[{\"@type\":\"SearchAction\",\"target\":{\"@type\":\"EntryPoint\",\"urlTemplate\":\"https:\\\/\\\/lospoliticosveracruz.com\\\/?s={search_term_string}\"},\"query-input\":{\"@type\":\"PropertyValueSpecification\",\"valueRequired\":true,\"valueName\":\"search_term_string\"}}],\"inLanguage\":\"es\"},{\"@type\":\"Organization\",\"@id\":\"https:\\\/\\\/lospoliticosveracruz.com\\\/#organization\",\"name\":\"Los pol\u00edticos Veracruz\",\"url\":\"https:\\\/\\\/lospoliticosveracruz.com\\\/\",\"logo\":{\"@type\":\"ImageObject\",\"inLanguage\":\"es\",\"@id\":\"https:\\\/\\\/lospoliticosveracruz.com\\\/#\\\/schema\\\/logo\\\/image\\\/\",\"url\":\"https:\\\/\\\/lospoliticosveracruz.com\\\/wp-content\\\/uploads\\\/2025\\\/12\\\/Logo-Nuevo-LOS-POLITICOS-1.jpg\",\"contentUrl\":\"https:\\\/\\\/lospoliticosveracruz.com\\\/wp-content\\\/uploads\\\/2025\\\/12\\\/Logo-Nuevo-LOS-POLITICOS-1.jpg\",\"width\":260,\"height\":70,\"caption\":\"Los pol\u00edticos Veracruz\"},\"image\":{\"@id\":\"https:\\\/\\\/lospoliticosveracruz.com\\\/#\\\/schema\\\/logo\\\/image\\\/\"},\"sameAs\":[\"https:\\\/\\\/www.facebook.com\\\/people\\\/Notimemes-de-los-Polticos\\\/61565672886568\\\/\",\"https:\\\/\\\/x.com\\\/LosPoliticosVer\"]},{\"@type\":\"Person\",\"@id\":\"https:\\\/\\\/lospoliticosveracruz.com\\\/#\\\/schema\\\/person\\\/b8702bb0e538456e6efd07080bf2a4a2\",\"name\":\"Lo viste en Los Pol\u00edticos\",\"image\":{\"@type\":\"ImageObject\",\"inLanguage\":\"es\",\"@id\":\"https:\\\/\\\/secure.gravatar.com\\\/avatar\\\/3a8de04a2656d44082be478bd6c086daa447c4651605818287b9532d3d0bd435?s=96&d=mm&r=g\",\"url\":\"https:\\\/\\\/secure.gravatar.com\\\/avatar\\\/3a8de04a2656d44082be478bd6c086daa447c4651605818287b9532d3d0bd435?s=96&d=mm&r=g\",\"contentUrl\":\"https:\\\/\\\/secure.gravatar.com\\\/avatar\\\/3a8de04a2656d44082be478bd6c086daa447c4651605818287b9532d3d0bd435?s=96&d=mm&r=g\",\"caption\":\"Lo viste en Los Pol\u00edticos\"},\"url\":\"https:\\\/\\\/lospoliticosveracruz.com\\\/?author=2\"}]}<\/script>\n<!-- \/ Yoast SEO plugin. -->","yoast_head_json":{"title":"Chiquinando, claroscuros - Los pol\u00edticos Veracruz","robots":{"index":"index","follow":"follow","max-snippet":"max-snippet:-1","max-image-preview":"max-image-preview:large","max-video-preview":"max-video-preview:-1"},"canonical":"https:\/\/lospoliticosveracruz.com\/?p=68629","og_locale":"es_ES","og_type":"article","og_title":"Chiquinando, claroscuros - Los pol\u00edticos Veracruz","og_description":"Ricardo Ch\u00faa Sale y Vale FERNANDO YUNES, SUS \u00c1NGELES Y DEMONIOS&#8230; Nadie puede negar que el alcalde de Veracruz, Fernando Yunes M\u00e1rquez, es su mejor relacionista p\u00fablico&#8230; Se adapta con todos&#8230; Es el \u00fanico de ellos que transita con el PRI&#8230; Hasta con los Morenos del gobierno del Estado&#8230; Saluda a Cuitl\u00e1huac y es \u00abcuatacho\u00bb [&hellip;]","og_url":"https:\/\/lospoliticosveracruz.com\/?p=68629","og_site_name":"Los pol\u00edticos Veracruz","article_publisher":"https:\/\/www.facebook.com\/people\/Notimemes-de-los-Polticos\/61565672886568\/","article_published_time":"2021-02-24T13:53:21+00:00","og_image":[{"width":200,"height":200,"url":"https:\/\/lospoliticosveracruz.com\/wp-content\/uploads\/2016\/07\/Logo-Dor.jpg","type":"image\/jpeg"}],"author":"Lo viste en Los Pol\u00edticos","twitter_card":"summary_large_image","twitter_creator":"@LosPoliticosVer","twitter_site":"@LosPoliticosVer","twitter_misc":{"Escrito por":"Lo viste en Los Pol\u00edticos","Tiempo de lectura":"5 minutos"},"schema":{"@context":"https:\/\/schema.org","@graph":[{"@type":"Article","@id":"https:\/\/lospoliticosveracruz.com\/?p=68629#article","isPartOf":{"@id":"https:\/\/lospoliticosveracruz.com\/?p=68629"},"author":{"name":"Lo viste en Los Pol\u00edticos","@id":"https:\/\/lospoliticosveracruz.com\/#\/schema\/person\/b8702bb0e538456e6efd07080bf2a4a2"},"headline":"Chiquinando, claroscuros","datePublished":"2021-02-24T13:53:21+00:00","mainEntityOfPage":{"@id":"https:\/\/lospoliticosveracruz.com\/?p=68629"},"wordCount":967,"commentCount":0,"publisher":{"@id":"https:\/\/lospoliticosveracruz.com\/#organization"},"keywords":["Cuenta P\u00fablica","Cuitl\u00e1hauc Garc\u00eda Jim\u00e9nez","da\u00f1o patrimonial","elecciones","Fernando Yunes","foco rojo","Morena","Nena de la Reguera","Octavio P\u00e9rez Garay","PAN","Veracruz"],"articleSection":["De Opini\u00f3n"],"inLanguage":"es","potentialAction":[{"@type":"CommentAction","name":"Comment","target":["https:\/\/lospoliticosveracruz.com\/?p=68629#respond"]}]},{"@type":"WebPage","@id":"https:\/\/lospoliticosveracruz.com\/?p=68629","url":"https:\/\/lospoliticosveracruz.com\/?p=68629","name":"Chiquinando, claroscuros - Los pol\u00edticos Veracruz","isPartOf":{"@id":"https:\/\/lospoliticosveracruz.com\/#website"},"datePublished":"2021-02-24T13:53:21+00:00","breadcrumb":{"@id":"https:\/\/lospoliticosveracruz.com\/?p=68629#breadcrumb"},"inLanguage":"es","potentialAction":[{"@type":"ReadAction","target":["https:\/\/lospoliticosveracruz.com\/?p=68629"]}]},{"@type":"BreadcrumbList","@id":"https:\/\/lospoliticosveracruz.com\/?p=68629#breadcrumb","itemListElement":[{"@type":"ListItem","position":1,"name":"Portada","item":"https:\/\/lospoliticosveracruz.com\/"},{"@type":"ListItem","position":2,"name":"Chiquinando, claroscuros"}]},{"@type":"WebSite","@id":"https:\/\/lospoliticosveracruz.com\/#website","url":"https:\/\/lospoliticosveracruz.com\/","name":"Los pol\u00edticos Veracruz","description":"","publisher":{"@id":"https:\/\/lospoliticosveracruz.com\/#organization"},"potentialAction":[{"@type":"SearchAction","target":{"@type":"EntryPoint","urlTemplate":"https:\/\/lospoliticosveracruz.com\/?s={search_term_string}"},"query-input":{"@type":"PropertyValueSpecification","valueRequired":true,"valueName":"search_term_string"}}],"inLanguage":"es"},{"@type":"Organization","@id":"https:\/\/lospoliticosveracruz.com\/#organization","name":"Los pol\u00edticos Veracruz","url":"https:\/\/lospoliticosveracruz.com\/","logo":{"@type":"ImageObject","inLanguage":"es","@id":"https:\/\/lospoliticosveracruz.com\/#\/schema\/logo\/image\/","url":"https:\/\/lospoliticosveracruz.com\/wp-content\/uploads\/2025\/12\/Logo-Nuevo-LOS-POLITICOS-1.jpg","contentUrl":"https:\/\/lospoliticosveracruz.com\/wp-content\/uploads\/2025\/12\/Logo-Nuevo-LOS-POLITICOS-1.jpg","width":260,"height":70,"caption":"Los pol\u00edticos Veracruz"},"image":{"@id":"https:\/\/lospoliticosveracruz.com\/#\/schema\/logo\/image\/"},"sameAs":["https:\/\/www.facebook.com\/people\/Notimemes-de-los-Polticos\/61565672886568\/","https:\/\/x.com\/LosPoliticosVer"]},{"@type":"Person","@id":"https:\/\/lospoliticosveracruz.com\/#\/schema\/person\/b8702bb0e538456e6efd07080bf2a4a2","name":"Lo viste en Los Pol\u00edticos","image":{"@type":"ImageObject","inLanguage":"es","@id":"https:\/\/secure.gravatar.com\/avatar\/3a8de04a2656d44082be478bd6c086daa447c4651605818287b9532d3d0bd435?s=96&d=mm&r=g","url":"https:\/\/secure.gravatar.com\/avatar\/3a8de04a2656d44082be478bd6c086daa447c4651605818287b9532d3d0bd435?s=96&d=mm&r=g","contentUrl":"https:\/\/secure.gravatar.com\/avatar\/3a8de04a2656d44082be478bd6c086daa447c4651605818287b9532d3d0bd435?s=96&d=mm&r=g","caption":"Lo viste en Los Pol\u00edticos"},"url":"https:\/\/lospoliticosveracruz.com\/?author=2"}]}},"_links":{"self":[{"href":"https:\/\/lospoliticosveracruz.com\/index.php?rest_route=\/wp\/v2\/posts\/68629","targetHints":{"allow":["GET"]}}],"collection":[{"href":"https:\/\/lospoliticosveracruz.com\/index.php?rest_route=\/wp\/v2\/posts"}],"about":[{"href":"https:\/\/lospoliticosveracruz.com\/index.php?rest_route=\/wp\/v2\/types\/post"}],"author":[{"embeddable":true,"href":"https:\/\/lospoliticosveracruz.com\/index.php?rest_route=\/wp\/v2\/users\/2"}],"replies":[{"embeddable":true,"href":"https:\/\/lospoliticosveracruz.com\/index.php?rest_route=%2Fwp%2Fv2%2Fcomments&post=68629"}],"version-history":[{"count":1,"href":"https:\/\/lospoliticosveracruz.com\/index.php?rest_route=\/wp\/v2\/posts\/68629\/revisions"}],"predecessor-version":[{"id":68630,"href":"https:\/\/lospoliticosveracruz.com\/index.php?rest_route=\/wp\/v2\/posts\/68629\/revisions\/68630"}],"wp:attachment":[{"href":"https:\/\/lospoliticosveracruz.com\/index.php?rest_route=%2Fwp%2Fv2%2Fmedia&parent=68629"}],"wp:term":[{"taxonomy":"category","embeddable":true,"href":"https:\/\/lospoliticosveracruz.com\/index.php?rest_route=%2Fwp%2Fv2%2Fcategories&post=68629"},{"taxonomy":"post_tag","embeddable":true,"href":"https:\/\/lospoliticosveracruz.com\/index.php?rest_route=%2Fwp%2Fv2%2Ftags&post=68629"}],"curies":[{"name":"wp","href":"https:\/\/api.w.org\/{rel}","templated":true}]}}