{"id":68634,"date":"2021-02-24T08:24:04","date_gmt":"2021-02-24T14:24:04","guid":{"rendered":"http:\/\/www.lospoliticosveracruz.com.mx\/?p=68634"},"modified":"2021-02-24T08:24:04","modified_gmt":"2021-02-24T14:24:04","slug":"xalapa-debe-recuperar-su-dignidad-de-gran-capital-lovillo","status":"publish","type":"post","link":"https:\/\/lospoliticosveracruz.com\/?p=68634","title":{"rendered":"Xalapa debe recuperar su dignidad de gran capital: Lovillo"},"content":{"rendered":"<p><strong>Enrique Yasser Pompeyo<\/strong><br \/>\n<em>Xalapa<\/em><\/p>\n<p>Xalapa \u201cdebe tener la dignidad de una capital de un gran estado y no la tiene; Xalapa no puede tener viviendo al cuarenta por ciento de la poblaci\u00f3n en pobreza y marginaci\u00f3n\u201d, manifest\u00f3 el ex rector de la Universidad Veracruzana, Ra\u00fal Arias Lovillo.<br \/>\nEn entrevista, el acad\u00e9mico, quien podr\u00eda ser abanderado por Movimiento Ciudadano a la presidencia municipal de la ciudad capital, expuso que todo eso hay que cambiarlo, \u201cpero no solamente depende de m\u00ed, de mi voluntad, de mi trabajo, depende de la gente\u201d, por eso dice que quiere contribuir con su experiencia, con sus relaciones nacionales e internacionales a que Xalapa cambie.<br \/>\nSobre su proyecto y plataforma, coment\u00f3 que quieren innovar pol\u00edticamente, \u201cpara empezar porque no tendremos dinero, los apoyos que tendremos ser\u00e1n los que otorgue Movimiento Ciudadano; personalmente no tengo ning\u00fan peso, como otros pol\u00edticos que seguramente s\u00ed tienen una riqueza acumulada que les permite invertir y despu\u00e9s recuperar\u201d.<br \/>\nPor ello, plante\u00f3 que la gente capacitada y experimentada contribuya a nutrir una plataforma ciudadana para tener un programa de gobierno acorde con lo que debe ser una visi\u00f3n de futuro.<br \/>\n\u201cLa ciudadan\u00eda puede tener la seguridad de que vamos a integrar no solamente el mejor programa, sino tambi\u00e9n vamos a integrar el mejor gobierno, con una paridad, de igualdad entre mujeres y hombres, con capacidad y honestidad probadas, que nos garantice eficiencia en el gobierno\u201d.<br \/>\nRa\u00fal Arias Lovillo indic\u00f3 que no podemos seguir con una gesti\u00f3n municipal del siglo XX en el siglo XXI, \u201chay que modernizar toda la gesti\u00f3n municipal, hay que hacer muchos cambios, estoy convencido de ello; pero si hacemos lo que estamos construyendo, puedo asegurarles que Xalapa recuperar\u00e1 esa dignidad de una gran capital, la de Atenas Veracruzana, la de posicionarla como la ciudad de la cultura y el conocimiento\u201d.<\/p>\n<p><strong>LOS RECURSOS PARA XALAPA<\/strong><br \/>\nAl se\u00f1alar que Xalapa depende de un setenta y siete por ciento de aportaciones federales y s\u00f3lo genera un veintid\u00f3s por ciento de ingresos propios, dijo ambos recursos no alcanzan ni siquiera para gasto corriente. \u201cQu\u00e9 significa, que no queda ning\u00fan recurso de inversi\u00f3n para obra p\u00fablica; esa cuenta b\u00e1sica es lo que debe de llevarnos a cambiar esa situaci\u00f3n; en principio, tratar de racionalizar el gasto, tratar de que aumentemos los ingresos y, por supuesto, hay que generar otros recursos externos\u201d.<br \/>\nPor ello refiere que se debe crear empleo que, a su vez, se genera a trav\u00e9s de inversi\u00f3n. \u201cLa cultura por s\u00ed sola no alcanza, es decir, se puede impulsar un proyecto basado en la cultura, s\u00ed, sobre todo con mucha satisfacci\u00f3n para la ciudadan\u00eda, pero ser\u00e1 dif\u00edcil mantener una derrama econ\u00f3mica durante todo el a\u00f1o\u201d.<br \/>\nDe manera que propone apostarle no s\u00f3lo a la cultura, sino tambi\u00e9n al conocimiento, \u201choy el mundo depende cada vez m\u00e1s del conocimiento, quien tiene conocimiento tiene la llave del mundo y ese conocimiento no nos viene del cielo, ni crece con las plantas, hay que construirlo\u201d.<\/p>\n<p><strong>TALENTO HUMANO<\/strong><br \/>\nEn el caso de Xalapa, destaca, en los \u00faltimos a\u00f1os se ha estado formando talento humano, que es la base de todo conocimiento, \u201cpero son j\u00f3venes que no tienen oportunidades hasta el momento en Xalapa, hay que abrirlas y entender que esta industria del conocimiento no solamente su mercado es local o nacional, sino tambi\u00e9n internacional\u201d.<br \/>\n\u201cConstruir aplicaciones m\u00f3viles, construir software, construir programas educativos con herramientas digitalizadas es una realidad y tenemos que aceptar los acad\u00e9micos que ya no somos j\u00f3venes, que los j\u00f3venes tienen una facilidad para eso, sobre todo, hay generaciones que han nacido con herramientas digitalizadas pr\u00e1cticamente en la mano\u201d.<br \/>\nEsto se debe aprovechar, pero subraya que se deben dar las condiciones para que todo mundo tenga internet, \u201chay que tener condiciones para que haya muy buenos acad\u00e9micos fomentando este trabajo; he sido testigo de c\u00f3mo hay j\u00f3venes que ya venden proyectos a nivel internacional, en la India, con China, en Brasil\u201d.<br \/>\nRa\u00fal Arias destac\u00f3 que Xalapa es de las pocas ciudades que cuentan con especialistas en diferentes \u00e1reas del conocimiento, \u201cesta entidad que estamos proponiendo crear, un centro de herramientas digitalizadas no s\u00f3lo es un centro tecnol\u00f3gico, es un centro de formaci\u00f3n, capacitaci\u00f3n y educaci\u00f3n; se formalizar\u00e1, digamos, la capacidad de los oficios para las personas, se van a certificar esos oficios\u201d.<\/p>\n<p><a href=\"http:\/\/www.lospoliticosveracruz.com.mx\/wp-content\/uploads\/2021\/02\/04CCE9DB-BE2F-460B-AA7B-F773F5246E19.jpeg\"><img loading=\"lazy\" decoding=\"async\" src=\"http:\/\/www.lospoliticosveracruz.com.mx\/wp-content\/uploads\/2021\/02\/04CCE9DB-BE2F-460B-AA7B-F773F5246E19-300x225.jpeg\" alt=\"04CCE9DB-BE2F-460B-AA7B-F773F5246E19\" width=\"300\" height=\"225\" class=\"aligncenter size-medium wp-image-68636\" \/><\/a><br \/>\n<strong>LA ADMINISTRACI\u00d3N LOCAL Y FEDERAL<\/strong><br \/>\nAcerca del trabajo del actual alcalde Pedro Hip\u00f3lito Rodr\u00edguez Herrero, respondi\u00f3: \u201ctenemos que ser justos con la presente administraci\u00f3n. Hip\u00f3lito Rodr\u00edguez es un acad\u00e9mico brillante, es una persona preparada, sin embargo, no ten\u00eda ninguna experiencia en la gesti\u00f3n, ni de una gran instituci\u00f3n como puede ser un municipio, ni tampoco en la gesti\u00f3n de proyectos\u201d.<br \/>\nPara Arias Lovillo, el presidente municipal \u201cestuvo muy atado siempre de un partido pol\u00edtico para integrar el gobierno, su visi\u00f3n y eso indudablemente es una gran limitaci\u00f3n. Uno tiene que rodearse de la mejor gente y es la ventaja de tener una candidatura independiente\u201d.<br \/>\nSe\u00f1al\u00f3 que tambi\u00e9n ha pesado mucho el entorno estatal y nacional. \u201cSi yo me he animado a participar es porque estoy convencido que vamos a un desastre profundo. Ah\u00ed est\u00e1n las cuentas, las pruebas, aunque se diga que hay otros datos, pero los datos evidentes es que estamos desperdiciando miles de millones de pesos en un proyecto que no tiene futuro como el petr\u00f3leo\u201d.<br \/>\nAgrega: \u201csi cuando todo el mundo va en un sentido opuesto, prohibiendo, por ejemplo, dentro de diez a\u00f1os o un poco menos, la existencia de automotores de combusti\u00f3n interna y apostando a que habr\u00e1 autom\u00f3viles el\u00e9ctricos, energ\u00edas alternativas, nosotros insistimos con una nueva refiner\u00eda, con el petr\u00f3leo, es como mirar hacia el pasado. Ahora resulta que hay un despilfarro, dicho esto por la Auditor\u00eda Superior de la Federaci\u00f3n (ASF), hay que aclarar\u201d. <\/p>\n<p><strong>LA EDUCACI\u00d3N<\/strong><br \/>\nAlgo que particularmente lamenta el ex rector de la UV es la desaparici\u00f3n de fideicomisos vinculados a la ciencia, \u201chay una disminuci\u00f3n del presupuesto a las universidades p\u00fablicas, no hay un proyecto para la educaci\u00f3n b\u00e1sica todav\u00eda, cuando el futuro de todas las sociedades en el mundo es justamente la educaci\u00f3n. La clave es la educaci\u00f3n de calidad, quien no la tiene, simplemente no cuenta en la sociedad del conocimiento\u201d.<br \/>\nPor eso su propuesta para Xalapa, entre otras, es impulsar, sobre todo para los ni\u00f1os y los j\u00f3venes, que se incorpore el conocimiento de la ciencia, crear condiciones para que todos tengan acceso a las herramientas digitalizadas.<\/p>\n<p><strong>CONVENCER AL CIUDADANO<\/strong><br \/>\nAnte el manejo de recursos millonarios que se entregan a la poblaci\u00f3n a trav\u00e9s de los diferentes programas sociales federales y que podr\u00edan incidir en la pr\u00f3xima jornada electoral, Arias Lovillo considera que cambiar la percepci\u00f3n de los ciudadanos no ser\u00e1 una tarea f\u00e1cil.<br \/>\nPlantea: \u201cc\u00f3mo prohibir que la gente no acepte despensas, materiales diversos para su casa; lo que podemos decir es que la gente tiene que separar el momento en el que vota, del momento en el que recibe todos esos supuestos beneficios\u201d.<br \/>\n\u201cLo que tenemos que decir y convencer a la gente es que lo otro, lo \u00fanico que reproduce son sus condiciones de pobreza y marginaci\u00f3n; esto est\u00e1 plenamente documentado, en los \u00faltimos a\u00f1os es lo que ha venido pasando. En periodo de elecciones, la gente est\u00e1 muy preocupada, los partidos pol\u00edticos, por visitar las colonias, por hablar con la gente, por comprar la voluntad de las personas, que reciban los regalos que les den, pero que voten para cambiar sus condiciones futuras, pensando en sus ni\u00f1os, en los adolescentes\u201d.<\/p>\n<p><strong>LA CANDIDATURA INDEPENDIENTE<\/strong><br \/>\nSobre la b\u00fasqueda de la candidatura independiente coment\u00f3 que fue una experiencia bastante ilustrativa y satisfactoria.<br \/>\nIlustrativa \u201cporque se demostr\u00f3 con hechos, que los estamos documentando para en su momento dejarlo como una experiencia para futuras candidaturas ciudadanas, las enormes dificultades que tiene, desde su inscripci\u00f3n, seguir todas las indicaciones que se hicieron en la convocatoria emitida por el OPLE, hasta toparnos con la parte m\u00e1s dif\u00edcil que era conseguir doce mil firmas que, por cierto, es m\u00e1s de diez veces de lo que se exige a alguien que quiere construir un nuevo partido pol\u00edtico\u201d.<br \/>\nConsider\u00f3 que eso es demasiado, \u201ccompletamente injusto, se hace una legislaci\u00f3n para que no existan candidaturas independientes. Eso lo constatamos a trav\u00e9s de, tenemos muchas pruebas, una ciudadan\u00eda que se topaba con el hecho de que la aplicaci\u00f3n m\u00f3vil Apoyo Ciudadano INE, no funciona\u201d.<br \/>\nNo obstante, dijo que al principio fueron muy optimistas y consider\u00f3 que s\u00ed pod\u00edan juntar las doce mil firmas, pues al estar en la era de las herramientas digitales, a pesar de la pandemia, se hac\u00eda una invitaci\u00f3n virtual con amplia difusi\u00f3n del por qu\u00e9 buscaba la candidatura independiente, a qu\u00e9 aspiraba para cambiar Xalapa, pero se toparon con la \u201ctriste realidad\u201d de que la aplicaci\u00f3n m\u00f3vil no funciona.<br \/>\nExplic\u00f3: \u201csi la credencial de elector tiene el c\u00f3digo QR se facilita, pero tampoco garantiza que se pueda registrar la firma. Si tiene c\u00f3digo de barras es mucho m\u00e1s problema. Ese c\u00f3digo de barras se va deteriorando con el tiempo, simplemente por el hecho de traer la credencial de elector en la cartera, la bolsa, etc\u00e9tera, se va desgastando con el tiempo. Logramos poco m\u00e1s de dos mil\u201d.<br \/>\nDestac\u00f3 el hecho de que, sin un peso de financiamiento, lograron abrir varios m\u00f3dulos de atenci\u00f3n ciudadana para el registro de las firmas, todo con apoyo de la gente, \u201cdesde esa perspectiva es un \u00e9xito, aunque no hayamos logrado levantar las 12 mil, de todas formas, vamos a documentarlo y lo vamos a expresar con nuestros asesores jur\u00eddicos como una queja formal ante las instancias correspondientes\u201d.<br \/>\nLo que van a hacer es exigir un cambio en la legislaci\u00f3n; adem\u00e1s, destac\u00f3 que Movimiento Ciudadano es el \u00fanico partido que est\u00e1 en desacuerdo con todas las restricciones que tienen los candidatos ciudadanos, \u201ceso nos hace m\u00e1s cercanos todav\u00eda\u201d.<\/p>\n<p><strong>LA PROPUESTA NARANJA<\/strong><br \/>\nDesde otra perspectiva, dijo, est\u00e1n muy satisfechos porque lograron movilizar a la sociedad, \u201cesa movilizaci\u00f3n es lo que ha provocado que seis partidos pol\u00edticos me hayan propuesto como su candidato y he dicho que no; estamos pensando lo de Movimiento Ciudadano y lo discutimos con la plataforma que hemos construido\u201d.<br \/>\nReconoci\u00f3 que Movimiento Ciudadano al proponerle que sea su candidato, lo hace respetando toda la autonom\u00eda e independencia \u201cpara que nosotros podamos integrar el gobierno y van a respetar el programa de gobierno que estemos proponiendo. Nos parece fant\u00e1stico. Es pr\u00e1cticamente tener una cobertura de una organizaci\u00f3n pol\u00edtica para impulsar nuestro proyecto. As\u00ed es la lectura de los miembros de nuestra plataforma ciudadana y nos alienta a decir que vamos a sentarnos a discutir los temas espec\u00edficos, pero, de entrada, es una muy buena propuesta\u201d.<br \/>\nRa\u00fal Arias Lovillo reiter\u00f3 que la propuesta del MC es una buena noticia, \u201csobre todo en un momento en el que es urgente demostrar que se puede construir un gobierno con alta capacidad de acci\u00f3n. Vamos a integrar un gobierno con gente muy capacitada, que tenga una probada honestidad, que tenga un fuerte compromiso social por cambiar verdaderamente Xalapa y con una amplia participaci\u00f3n de las mujeres en el gobierno. Ya basta de hablar de dientes para afuera, necesitamos crear condiciones de igualdad y de pleno respeto para la diversidad de las personas\u201d.<\/p>\n","protected":false},"excerpt":{"rendered":"<p>Enrique Yasser Pompeyo Xalapa Xalapa \u201cdebe tener la dignidad de una capital de un gran estado y no la tiene; Xalapa no puede tener viviendo al cuarenta por ciento de la poblaci\u00f3n en pobreza y marginaci\u00f3n\u201d, manifest\u00f3 el ex rector de la Universidad Veracruzana, Ra\u00fal Arias Lovillo. En entrevista, el acad\u00e9mico, quien podr\u00eda ser abanderado [&hellip;]<\/p>\n","protected":false},"author":2,"featured_media":0,"comment_status":"open","ping_status":"open","sticky":false,"template":"","format":"standard","meta":{"tdm_status":"","tdm_grid_status":"","footnotes":""},"categories":[6446],"tags":[26368,554,2327,3272,21134,12621,96],"class_list":{"0":"post-68634","1":"post","2":"type-post","3":"status-publish","4":"format-standard","6":"category-la-nota","7":"tag-candidatura-independiente","8":"tag-ine","9":"tag-movimiento-ciudadano","10":"tag-ople","11":"tag-proceso-electoral-2021","12":"tag-raul-arias-lovillo","13":"tag-xalapa"},"yoast_head":"<!-- This site is optimized with the Yoast SEO plugin v27.4 - https:\/\/yoast.com\/product\/yoast-seo-wordpress\/ -->\n<title>Xalapa debe recuperar su dignidad de gran capital: Lovillo - Los pol\u00edticos Veracruz<\/title>\n<meta name=\"robots\" content=\"index, follow, max-snippet:-1, max-image-preview:large, max-video-preview:-1\" \/>\n<link rel=\"canonical\" href=\"https:\/\/lospoliticosveracruz.com\/?p=68634\" \/>\n<meta property=\"og:locale\" content=\"es_ES\" \/>\n<meta property=\"og:type\" content=\"article\" \/>\n<meta property=\"og:title\" content=\"Xalapa debe recuperar su dignidad de gran capital: Lovillo - Los pol\u00edticos Veracruz\" \/>\n<meta property=\"og:description\" content=\"Enrique Yasser Pompeyo Xalapa Xalapa \u201cdebe tener la dignidad de una capital de un gran estado y no la tiene; Xalapa no puede tener viviendo al cuarenta por ciento de la poblaci\u00f3n en pobreza y marginaci\u00f3n\u201d, manifest\u00f3 el ex rector de la Universidad Veracruzana, Ra\u00fal Arias Lovillo. En entrevista, el acad\u00e9mico, quien podr\u00eda ser abanderado [&hellip;]\" \/>\n<meta property=\"og:url\" content=\"https:\/\/lospoliticosveracruz.com\/?p=68634\" \/>\n<meta property=\"og:site_name\" content=\"Los pol\u00edticos Veracruz\" \/>\n<meta property=\"article:publisher\" content=\"https:\/\/www.facebook.com\/people\/Notimemes-de-los-Polticos\/61565672886568\/\" \/>\n<meta property=\"article:published_time\" content=\"2021-02-24T14:24:04+00:00\" \/>\n<meta property=\"og:image\" content=\"http:\/\/www.lospoliticosveracruz.com.mx\/wp-content\/uploads\/2021\/02\/04CCE9DB-BE2F-460B-AA7B-F773F5246E19-300x225.jpeg\" \/>\n<meta name=\"author\" content=\"Lo viste en Los Pol\u00edticos\" \/>\n<meta name=\"twitter:card\" content=\"summary_large_image\" \/>\n<meta name=\"twitter:creator\" content=\"@LosPoliticosVer\" \/>\n<meta name=\"twitter:site\" content=\"@LosPoliticosVer\" \/>\n<meta name=\"twitter:label1\" content=\"Escrito por\" \/>\n\t<meta name=\"twitter:data1\" content=\"Lo viste en Los Pol\u00edticos\" \/>\n\t<meta name=\"twitter:label2\" content=\"Tiempo de lectura\" \/>\n\t<meta name=\"twitter:data2\" content=\"10 minutos\" \/>\n<script type=\"application\/ld+json\" class=\"yoast-schema-graph\">{\"@context\":\"https:\\\/\\\/schema.org\",\"@graph\":[{\"@type\":\"Article\",\"@id\":\"https:\\\/\\\/lospoliticosveracruz.com\\\/?p=68634#article\",\"isPartOf\":{\"@id\":\"https:\\\/\\\/lospoliticosveracruz.com\\\/?p=68634\"},\"author\":{\"name\":\"Lo viste en Los Pol\u00edticos\",\"@id\":\"https:\\\/\\\/lospoliticosveracruz.com\\\/#\\\/schema\\\/person\\\/b8702bb0e538456e6efd07080bf2a4a2\"},\"headline\":\"Xalapa debe recuperar su dignidad de gran capital: Lovillo\",\"datePublished\":\"2021-02-24T14:24:04+00:00\",\"mainEntityOfPage\":{\"@id\":\"https:\\\/\\\/lospoliticosveracruz.com\\\/?p=68634\"},\"wordCount\":2000,\"commentCount\":0,\"publisher\":{\"@id\":\"https:\\\/\\\/lospoliticosveracruz.com\\\/#organization\"},\"image\":{\"@id\":\"https:\\\/\\\/lospoliticosveracruz.com\\\/?p=68634#primaryimage\"},\"thumbnailUrl\":\"http:\\\/\\\/www.lospoliticosveracruz.com.mx\\\/wp-content\\\/uploads\\\/2021\\\/02\\\/04CCE9DB-BE2F-460B-AA7B-F773F5246E19-300x225.jpeg\",\"keywords\":[\"Candidatura independiente\",\"INE\",\"Movimiento Ciudadano\",\"OPLE\",\"Proceso electoral 2021\",\"Ra\u00fal Arias Lovillo\",\"Xalapa\"],\"articleSection\":[\"La Nota\"],\"inLanguage\":\"es\",\"potentialAction\":[{\"@type\":\"CommentAction\",\"name\":\"Comment\",\"target\":[\"https:\\\/\\\/lospoliticosveracruz.com\\\/?p=68634#respond\"]}]},{\"@type\":\"WebPage\",\"@id\":\"https:\\\/\\\/lospoliticosveracruz.com\\\/?p=68634\",\"url\":\"https:\\\/\\\/lospoliticosveracruz.com\\\/?p=68634\",\"name\":\"Xalapa debe recuperar su dignidad de gran capital: Lovillo - Los pol\u00edticos Veracruz\",\"isPartOf\":{\"@id\":\"https:\\\/\\\/lospoliticosveracruz.com\\\/#website\"},\"primaryImageOfPage\":{\"@id\":\"https:\\\/\\\/lospoliticosveracruz.com\\\/?p=68634#primaryimage\"},\"image\":{\"@id\":\"https:\\\/\\\/lospoliticosveracruz.com\\\/?p=68634#primaryimage\"},\"thumbnailUrl\":\"http:\\\/\\\/www.lospoliticosveracruz.com.mx\\\/wp-content\\\/uploads\\\/2021\\\/02\\\/04CCE9DB-BE2F-460B-AA7B-F773F5246E19-300x225.jpeg\",\"datePublished\":\"2021-02-24T14:24:04+00:00\",\"breadcrumb\":{\"@id\":\"https:\\\/\\\/lospoliticosveracruz.com\\\/?p=68634#breadcrumb\"},\"inLanguage\":\"es\",\"potentialAction\":[{\"@type\":\"ReadAction\",\"target\":[\"https:\\\/\\\/lospoliticosveracruz.com\\\/?p=68634\"]}]},{\"@type\":\"ImageObject\",\"inLanguage\":\"es\",\"@id\":\"https:\\\/\\\/lospoliticosveracruz.com\\\/?p=68634#primaryimage\",\"url\":\"http:\\\/\\\/www.lospoliticosveracruz.com.mx\\\/wp-content\\\/uploads\\\/2021\\\/02\\\/04CCE9DB-BE2F-460B-AA7B-F773F5246E19-300x225.jpeg\",\"contentUrl\":\"http:\\\/\\\/www.lospoliticosveracruz.com.mx\\\/wp-content\\\/uploads\\\/2021\\\/02\\\/04CCE9DB-BE2F-460B-AA7B-F773F5246E19-300x225.jpeg\"},{\"@type\":\"BreadcrumbList\",\"@id\":\"https:\\\/\\\/lospoliticosveracruz.com\\\/?p=68634#breadcrumb\",\"itemListElement\":[{\"@type\":\"ListItem\",\"position\":1,\"name\":\"Portada\",\"item\":\"https:\\\/\\\/lospoliticosveracruz.com\\\/\"},{\"@type\":\"ListItem\",\"position\":2,\"name\":\"Xalapa debe recuperar su dignidad de gran capital: Lovillo\"}]},{\"@type\":\"WebSite\",\"@id\":\"https:\\\/\\\/lospoliticosveracruz.com\\\/#website\",\"url\":\"https:\\\/\\\/lospoliticosveracruz.com\\\/\",\"name\":\"Los pol\u00edticos Veracruz\",\"description\":\"\",\"publisher\":{\"@id\":\"https:\\\/\\\/lospoliticosveracruz.com\\\/#organization\"},\"potentialAction\":[{\"@type\":\"SearchAction\",\"target\":{\"@type\":\"EntryPoint\",\"urlTemplate\":\"https:\\\/\\\/lospoliticosveracruz.com\\\/?s={search_term_string}\"},\"query-input\":{\"@type\":\"PropertyValueSpecification\",\"valueRequired\":true,\"valueName\":\"search_term_string\"}}],\"inLanguage\":\"es\"},{\"@type\":\"Organization\",\"@id\":\"https:\\\/\\\/lospoliticosveracruz.com\\\/#organization\",\"name\":\"Los pol\u00edticos Veracruz\",\"url\":\"https:\\\/\\\/lospoliticosveracruz.com\\\/\",\"logo\":{\"@type\":\"ImageObject\",\"inLanguage\":\"es\",\"@id\":\"https:\\\/\\\/lospoliticosveracruz.com\\\/#\\\/schema\\\/logo\\\/image\\\/\",\"url\":\"https:\\\/\\\/lospoliticosveracruz.com\\\/wp-content\\\/uploads\\\/2025\\\/12\\\/Logo-Nuevo-LOS-POLITICOS-1.jpg\",\"contentUrl\":\"https:\\\/\\\/lospoliticosveracruz.com\\\/wp-content\\\/uploads\\\/2025\\\/12\\\/Logo-Nuevo-LOS-POLITICOS-1.jpg\",\"width\":260,\"height\":70,\"caption\":\"Los pol\u00edticos Veracruz\"},\"image\":{\"@id\":\"https:\\\/\\\/lospoliticosveracruz.com\\\/#\\\/schema\\\/logo\\\/image\\\/\"},\"sameAs\":[\"https:\\\/\\\/www.facebook.com\\\/people\\\/Notimemes-de-los-Polticos\\\/61565672886568\\\/\",\"https:\\\/\\\/x.com\\\/LosPoliticosVer\"]},{\"@type\":\"Person\",\"@id\":\"https:\\\/\\\/lospoliticosveracruz.com\\\/#\\\/schema\\\/person\\\/b8702bb0e538456e6efd07080bf2a4a2\",\"name\":\"Lo viste en Los Pol\u00edticos\",\"image\":{\"@type\":\"ImageObject\",\"inLanguage\":\"es\",\"@id\":\"https:\\\/\\\/secure.gravatar.com\\\/avatar\\\/3a8de04a2656d44082be478bd6c086daa447c4651605818287b9532d3d0bd435?s=96&d=mm&r=g\",\"url\":\"https:\\\/\\\/secure.gravatar.com\\\/avatar\\\/3a8de04a2656d44082be478bd6c086daa447c4651605818287b9532d3d0bd435?s=96&d=mm&r=g\",\"contentUrl\":\"https:\\\/\\\/secure.gravatar.com\\\/avatar\\\/3a8de04a2656d44082be478bd6c086daa447c4651605818287b9532d3d0bd435?s=96&d=mm&r=g\",\"caption\":\"Lo viste en Los Pol\u00edticos\"},\"url\":\"https:\\\/\\\/lospoliticosveracruz.com\\\/?author=2\"}]}<\/script>\n<!-- \/ Yoast SEO plugin. -->","yoast_head_json":{"title":"Xalapa debe recuperar su dignidad de gran capital: Lovillo - Los pol\u00edticos Veracruz","robots":{"index":"index","follow":"follow","max-snippet":"max-snippet:-1","max-image-preview":"max-image-preview:large","max-video-preview":"max-video-preview:-1"},"canonical":"https:\/\/lospoliticosveracruz.com\/?p=68634","og_locale":"es_ES","og_type":"article","og_title":"Xalapa debe recuperar su dignidad de gran capital: Lovillo - Los pol\u00edticos Veracruz","og_description":"Enrique Yasser Pompeyo Xalapa Xalapa \u201cdebe tener la dignidad de una capital de un gran estado y no la tiene; Xalapa no puede tener viviendo al cuarenta por ciento de la poblaci\u00f3n en pobreza y marginaci\u00f3n\u201d, manifest\u00f3 el ex rector de la Universidad Veracruzana, Ra\u00fal Arias Lovillo. En entrevista, el acad\u00e9mico, quien podr\u00eda ser abanderado [&hellip;]","og_url":"https:\/\/lospoliticosveracruz.com\/?p=68634","og_site_name":"Los pol\u00edticos Veracruz","article_publisher":"https:\/\/www.facebook.com\/people\/Notimemes-de-los-Polticos\/61565672886568\/","article_published_time":"2021-02-24T14:24:04+00:00","og_image":[{"url":"http:\/\/www.lospoliticosveracruz.com.mx\/wp-content\/uploads\/2021\/02\/04CCE9DB-BE2F-460B-AA7B-F773F5246E19-300x225.jpeg","type":"","width":"","height":""}],"author":"Lo viste en Los Pol\u00edticos","twitter_card":"summary_large_image","twitter_creator":"@LosPoliticosVer","twitter_site":"@LosPoliticosVer","twitter_misc":{"Escrito por":"Lo viste en Los Pol\u00edticos","Tiempo de lectura":"10 minutos"},"schema":{"@context":"https:\/\/schema.org","@graph":[{"@type":"Article","@id":"https:\/\/lospoliticosveracruz.com\/?p=68634#article","isPartOf":{"@id":"https:\/\/lospoliticosveracruz.com\/?p=68634"},"author":{"name":"Lo viste en Los Pol\u00edticos","@id":"https:\/\/lospoliticosveracruz.com\/#\/schema\/person\/b8702bb0e538456e6efd07080bf2a4a2"},"headline":"Xalapa debe recuperar su dignidad de gran capital: Lovillo","datePublished":"2021-02-24T14:24:04+00:00","mainEntityOfPage":{"@id":"https:\/\/lospoliticosveracruz.com\/?p=68634"},"wordCount":2000,"commentCount":0,"publisher":{"@id":"https:\/\/lospoliticosveracruz.com\/#organization"},"image":{"@id":"https:\/\/lospoliticosveracruz.com\/?p=68634#primaryimage"},"thumbnailUrl":"http:\/\/www.lospoliticosveracruz.com.mx\/wp-content\/uploads\/2021\/02\/04CCE9DB-BE2F-460B-AA7B-F773F5246E19-300x225.jpeg","keywords":["Candidatura independiente","INE","Movimiento Ciudadano","OPLE","Proceso electoral 2021","Ra\u00fal Arias Lovillo","Xalapa"],"articleSection":["La Nota"],"inLanguage":"es","potentialAction":[{"@type":"CommentAction","name":"Comment","target":["https:\/\/lospoliticosveracruz.com\/?p=68634#respond"]}]},{"@type":"WebPage","@id":"https:\/\/lospoliticosveracruz.com\/?p=68634","url":"https:\/\/lospoliticosveracruz.com\/?p=68634","name":"Xalapa debe recuperar su dignidad de gran capital: Lovillo - Los pol\u00edticos Veracruz","isPartOf":{"@id":"https:\/\/lospoliticosveracruz.com\/#website"},"primaryImageOfPage":{"@id":"https:\/\/lospoliticosveracruz.com\/?p=68634#primaryimage"},"image":{"@id":"https:\/\/lospoliticosveracruz.com\/?p=68634#primaryimage"},"thumbnailUrl":"http:\/\/www.lospoliticosveracruz.com.mx\/wp-content\/uploads\/2021\/02\/04CCE9DB-BE2F-460B-AA7B-F773F5246E19-300x225.jpeg","datePublished":"2021-02-24T14:24:04+00:00","breadcrumb":{"@id":"https:\/\/lospoliticosveracruz.com\/?p=68634#breadcrumb"},"inLanguage":"es","potentialAction":[{"@type":"ReadAction","target":["https:\/\/lospoliticosveracruz.com\/?p=68634"]}]},{"@type":"ImageObject","inLanguage":"es","@id":"https:\/\/lospoliticosveracruz.com\/?p=68634#primaryimage","url":"http:\/\/www.lospoliticosveracruz.com.mx\/wp-content\/uploads\/2021\/02\/04CCE9DB-BE2F-460B-AA7B-F773F5246E19-300x225.jpeg","contentUrl":"http:\/\/www.lospoliticosveracruz.com.mx\/wp-content\/uploads\/2021\/02\/04CCE9DB-BE2F-460B-AA7B-F773F5246E19-300x225.jpeg"},{"@type":"BreadcrumbList","@id":"https:\/\/lospoliticosveracruz.com\/?p=68634#breadcrumb","itemListElement":[{"@type":"ListItem","position":1,"name":"Portada","item":"https:\/\/lospoliticosveracruz.com\/"},{"@type":"ListItem","position":2,"name":"Xalapa debe recuperar su dignidad de gran capital: Lovillo"}]},{"@type":"WebSite","@id":"https:\/\/lospoliticosveracruz.com\/#website","url":"https:\/\/lospoliticosveracruz.com\/","name":"Los pol\u00edticos Veracruz","description":"","publisher":{"@id":"https:\/\/lospoliticosveracruz.com\/#organization"},"potentialAction":[{"@type":"SearchAction","target":{"@type":"EntryPoint","urlTemplate":"https:\/\/lospoliticosveracruz.com\/?s={search_term_string}"},"query-input":{"@type":"PropertyValueSpecification","valueRequired":true,"valueName":"search_term_string"}}],"inLanguage":"es"},{"@type":"Organization","@id":"https:\/\/lospoliticosveracruz.com\/#organization","name":"Los pol\u00edticos Veracruz","url":"https:\/\/lospoliticosveracruz.com\/","logo":{"@type":"ImageObject","inLanguage":"es","@id":"https:\/\/lospoliticosveracruz.com\/#\/schema\/logo\/image\/","url":"https:\/\/lospoliticosveracruz.com\/wp-content\/uploads\/2025\/12\/Logo-Nuevo-LOS-POLITICOS-1.jpg","contentUrl":"https:\/\/lospoliticosveracruz.com\/wp-content\/uploads\/2025\/12\/Logo-Nuevo-LOS-POLITICOS-1.jpg","width":260,"height":70,"caption":"Los pol\u00edticos Veracruz"},"image":{"@id":"https:\/\/lospoliticosveracruz.com\/#\/schema\/logo\/image\/"},"sameAs":["https:\/\/www.facebook.com\/people\/Notimemes-de-los-Polticos\/61565672886568\/","https:\/\/x.com\/LosPoliticosVer"]},{"@type":"Person","@id":"https:\/\/lospoliticosveracruz.com\/#\/schema\/person\/b8702bb0e538456e6efd07080bf2a4a2","name":"Lo viste en Los Pol\u00edticos","image":{"@type":"ImageObject","inLanguage":"es","@id":"https:\/\/secure.gravatar.com\/avatar\/3a8de04a2656d44082be478bd6c086daa447c4651605818287b9532d3d0bd435?s=96&d=mm&r=g","url":"https:\/\/secure.gravatar.com\/avatar\/3a8de04a2656d44082be478bd6c086daa447c4651605818287b9532d3d0bd435?s=96&d=mm&r=g","contentUrl":"https:\/\/secure.gravatar.com\/avatar\/3a8de04a2656d44082be478bd6c086daa447c4651605818287b9532d3d0bd435?s=96&d=mm&r=g","caption":"Lo viste en Los Pol\u00edticos"},"url":"https:\/\/lospoliticosveracruz.com\/?author=2"}]}},"_links":{"self":[{"href":"https:\/\/lospoliticosveracruz.com\/index.php?rest_route=\/wp\/v2\/posts\/68634","targetHints":{"allow":["GET"]}}],"collection":[{"href":"https:\/\/lospoliticosveracruz.com\/index.php?rest_route=\/wp\/v2\/posts"}],"about":[{"href":"https:\/\/lospoliticosveracruz.com\/index.php?rest_route=\/wp\/v2\/types\/post"}],"author":[{"embeddable":true,"href":"https:\/\/lospoliticosveracruz.com\/index.php?rest_route=\/wp\/v2\/users\/2"}],"replies":[{"embeddable":true,"href":"https:\/\/lospoliticosveracruz.com\/index.php?rest_route=%2Fwp%2Fv2%2Fcomments&post=68634"}],"version-history":[{"count":1,"href":"https:\/\/lospoliticosveracruz.com\/index.php?rest_route=\/wp\/v2\/posts\/68634\/revisions"}],"predecessor-version":[{"id":68637,"href":"https:\/\/lospoliticosveracruz.com\/index.php?rest_route=\/wp\/v2\/posts\/68634\/revisions\/68637"}],"wp:attachment":[{"href":"https:\/\/lospoliticosveracruz.com\/index.php?rest_route=%2Fwp%2Fv2%2Fmedia&parent=68634"}],"wp:term":[{"taxonomy":"category","embeddable":true,"href":"https:\/\/lospoliticosveracruz.com\/index.php?rest_route=%2Fwp%2Fv2%2Fcategories&post=68634"},{"taxonomy":"post_tag","embeddable":true,"href":"https:\/\/lospoliticosveracruz.com\/index.php?rest_route=%2Fwp%2Fv2%2Ftags&post=68634"}],"curies":[{"name":"wp","href":"https:\/\/api.w.org\/{rel}","templated":true}]}}