{"id":68744,"date":"2021-02-25T14:40:24","date_gmt":"2021-02-25T20:40:24","guid":{"rendered":"http:\/\/www.lospoliticosveracruz.com.mx\/?p=68744"},"modified":"2021-02-25T14:53:56","modified_gmt":"2021-02-25T20:53:56","slug":"cubrebocas-a-chaleco-pri-pvem","status":"publish","type":"post","link":"https:\/\/lospoliticosveracruz.com\/?p=68744","title":{"rendered":"Cubrebocas, a chaleco: PRI-PVEM"},"content":{"rendered":"\n<p><strong>Xalapa<\/strong><\/p>\n\n\n\n<p><br>Ante el incremento de casos de coronavirus, la fracci\u00f3n legislativa mixta PRI- PVEM, present\u00f3 este jueves ante el congreso local una iniciativa para hacer obligatorio el uso del cubrebocas en Veracruz.<br>El diputado pri\u00edsta Jorge Moreno Salinas explic\u00f3 que no se contempla sanci\u00f3n alguna \u00abpero que m\u00e1s sanci\u00f3n puede tener alguien que no lo use que se muera\u00bb.<br>Este jueves en la sesi\u00f3n de la Diputaci\u00f3n Permanente del congreso local se le dar\u00e1 entrada a la Iniciativa de Ley que regula el uso de<br>cubrebocas y dem\u00e1s medidas para prevenir la<br>transmisi\u00f3n de la enfermedad provocada por el<br>virus SARS-CoV2 (COVID-19), en el Estado de<br>Veracruz de Ignacio de la Llave, presentada por<br>los Diputados integrantes del Grupo Legislativo<br>Mixto \u201cPartido Revolucionario Institucional \u2013<br>Partido Verde Ecologista de M\u00e9xico.<br>Al respecto, el diputado local pri\u00edsta expuso que no se preven castigos \u00abestamos previendo impulsar una cultura del uso del cubrebocas, como no ser atendidos en lugares que asistan si no lo portan, pedirle a los comercios que no les permita la entrada\u00bb.<br>Se trata, dijo, de crear una obligatoriedad \u00abno pensemos en castigos, porque no hay mayor castigo que alguien infecte a un familiar y lo mate o se autoelimine de este mundo\u00bb.<br>Moreno Salinas, insisti\u00f3 en que esa ley impulsar el uso del cubrebocas \u00aby que sea obligatorio, que se cumpla\u00bb.<br>La iniciativa en el art\u00edculo 22 contempla en materia de infracciones y sanciones no podr\u00e1 aplicarse ninguna disposici\u00f3n por<br>analog\u00eda ni por mayor\u00eda de raz\u00f3n. Si el infractor<br>fuere jornalero, obrero o trabajador y se le sancio-nara con multa, \u00e9sta no deber\u00e1 exceder del impor-<br>te de un d\u00eda de salario y trat\u00e1ndose de personas<br>no asalariadas, el equivalente a un d\u00eda de su ingreso.<br>ART\u00cdCULO 23. La entrega de material m\u00e9dico ser\u00e1<br>hasta por el equivalente a veinticinco Unidades de<br>Medida y Actualizaci\u00f3n; se llevar\u00e1 en favor de la<br>autoridad que haya impuesto esta sanci\u00f3n, la cual<br>determinar\u00e1 su destino.<br>Esta sanci\u00f3n no podr\u00e1 ser<br>impuesta sin que previamente se haya amonestado con apercibimiento al infractor.<br>ART\u00cdCULO 24. La multa consiste en el pago de<br>una cantidad de dinero de hasta 35 Unidades de<br>Medida y Actualizaci\u00f3n, que se impone al infractor<br>en beneficio del Estado, y se har\u00e1 efectiva mediante el procedimiento econ\u00f3mico coactivo que co-<br>rresponda.<br>Esta sanci\u00f3n no podr\u00e1 ser impuesta sin<br>que previamente se haya amonestado con apercibimiento al infractor.<br>ART\u00cdCULO 25. La aplicaci\u00f3n de las sanciones de<br>entrega de material m\u00e9dico y multa s\u00f3lo podr\u00e1n<br>tener como destinatarios a: permisionarios de las unidades<br>del servicio de transporte p\u00fablico;<br>II. Los propietarios o administradores de los estable-<br>cimientos comerciales, industriales, empresariales, de<br>negocios o de servicios, y<br>III. Los servidores p\u00fablicos de los poderes Ejecutivo,<br>Legislativo y Judicial, as\u00ed como de cualquier otro ente<br>p\u00fablico; la aplicaci\u00f3n de las multas ser\u00e1 sin perjuicio<br>de que se dicten las medidas de seguridad sanitaria<br>que procedan, hasta en tanto se subsanen las irregu-<br>laridades.<br>En caso de reincidencia, se duplicar\u00e1 el monto de la<br>multa que corresponda. Para los efectos de este ar-<br>t\u00edculo, se entiende por reincidencia al hecho de que el<br>infractor cometa la misma violaci\u00f3n a las disposiciones<br>de esta Ley dos o m\u00e1s veces, dentro del per\u00edodo de un<br>a\u00f1o, contado a partir de la fecha en que se le hubiera<br>notificado la sanci\u00f3n.<br>ART\u00cdCULO 26. Para la aplicaci\u00f3n de las sanciones<br>previstas en el art\u00edculo 20 de esta Ley, la autoridad<br>sancionadora se sujetar\u00e1 al procedimiento previsto en<br>la Ley de Salud del Estado y, supletoriamente, en el<br>C\u00f3digo de Procedimientos Administrativos para el<br>Estado.<br>ART\u00cdCULO 27. Las autoridades podr\u00e1n hacer uso de<br>las medidas legales, incluyendo el auxilio de la fuerza<br>p\u00fablica, para lograr la ejecuci\u00f3n de las sanciones y<br>medidas de seguridad.<\/p>\n\n\n\n<p><\/p>\n","protected":false},"excerpt":{"rendered":"<p>Xalapa Ante el incremento de casos de coronavirus, la fracci\u00f3n legislativa mixta PRI- PVEM, present\u00f3 este jueves ante el congreso local una iniciativa para hacer obligatorio el uso del cubrebocas en Veracruz.El diputado pri\u00edsta Jorge Moreno Salinas explic\u00f3 que no se contempla sanci\u00f3n alguna \u00abpero que m\u00e1s sanci\u00f3n puede tener alguien que no lo use [&hellip;]<\/p>\n","protected":false},"author":2,"featured_media":0,"comment_status":"open","ping_status":"open","sticky":false,"template":"","format":"standard","meta":{"tdm_status":"","tdm_grid_status":"","footnotes":""},"categories":[6446],"tags":[17389,4619,26418],"class_list":{"0":"post-68744","1":"post","2":"type-post","3":"status-publish","4":"format-standard","6":"category-la-nota","7":"tag-cubrebocas","8":"tag-jorge-moreno-salinas","9":"tag-obligatorio"},"yoast_head":"<!-- This site is optimized with the Yoast SEO plugin v27.4 - https:\/\/yoast.com\/product\/yoast-seo-wordpress\/ -->\n<title>Cubrebocas, a chaleco: PRI-PVEM - Los pol\u00edticos Veracruz<\/title>\n<meta name=\"robots\" content=\"index, follow, max-snippet:-1, max-image-preview:large, max-video-preview:-1\" \/>\n<link rel=\"canonical\" href=\"https:\/\/lospoliticosveracruz.com\/?p=68744\" \/>\n<meta property=\"og:locale\" content=\"es_ES\" \/>\n<meta property=\"og:type\" content=\"article\" \/>\n<meta property=\"og:title\" content=\"Cubrebocas, a chaleco: PRI-PVEM - Los pol\u00edticos Veracruz\" \/>\n<meta property=\"og:description\" content=\"Xalapa Ante el incremento de casos de coronavirus, la fracci\u00f3n legislativa mixta PRI- PVEM, present\u00f3 este jueves ante el congreso local una iniciativa para hacer obligatorio el uso del cubrebocas en Veracruz.El diputado pri\u00edsta Jorge Moreno Salinas explic\u00f3 que no se contempla sanci\u00f3n alguna \u00abpero que m\u00e1s sanci\u00f3n puede tener alguien que no lo use [&hellip;]\" \/>\n<meta property=\"og:url\" content=\"https:\/\/lospoliticosveracruz.com\/?p=68744\" \/>\n<meta property=\"og:site_name\" content=\"Los pol\u00edticos Veracruz\" \/>\n<meta property=\"article:publisher\" content=\"https:\/\/www.facebook.com\/people\/Notimemes-de-los-Polticos\/61565672886568\/\" \/>\n<meta property=\"article:published_time\" content=\"2021-02-25T20:40:24+00:00\" \/>\n<meta property=\"article:modified_time\" content=\"2021-02-25T20:53:56+00:00\" \/>\n<meta property=\"og:image\" content=\"https:\/\/lospoliticosveracruz.com\/wp-content\/uploads\/2016\/07\/Logo-Dor.jpg\" \/>\n\t<meta property=\"og:image:width\" content=\"200\" \/>\n\t<meta property=\"og:image:height\" content=\"200\" \/>\n\t<meta property=\"og:image:type\" content=\"image\/jpeg\" \/>\n<meta name=\"author\" content=\"Lo viste en Los Pol\u00edticos\" \/>\n<meta name=\"twitter:card\" content=\"summary_large_image\" \/>\n<meta name=\"twitter:creator\" content=\"@LosPoliticosVer\" \/>\n<meta name=\"twitter:site\" content=\"@LosPoliticosVer\" \/>\n<meta name=\"twitter:label1\" content=\"Escrito por\" \/>\n\t<meta name=\"twitter:data1\" content=\"Lo viste en Los Pol\u00edticos\" \/>\n\t<meta name=\"twitter:label2\" content=\"Tiempo de lectura\" \/>\n\t<meta name=\"twitter:data2\" content=\"3 minutos\" \/>\n<script type=\"application\/ld+json\" class=\"yoast-schema-graph\">{\"@context\":\"https:\\\/\\\/schema.org\",\"@graph\":[{\"@type\":\"Article\",\"@id\":\"https:\\\/\\\/lospoliticosveracruz.com\\\/?p=68744#article\",\"isPartOf\":{\"@id\":\"https:\\\/\\\/lospoliticosveracruz.com\\\/?p=68744\"},\"author\":{\"name\":\"Lo viste en Los Pol\u00edticos\",\"@id\":\"https:\\\/\\\/lospoliticosveracruz.com\\\/#\\\/schema\\\/person\\\/b8702bb0e538456e6efd07080bf2a4a2\"},\"headline\":\"Cubrebocas, a chaleco: PRI-PVEM\",\"datePublished\":\"2021-02-25T20:40:24+00:00\",\"dateModified\":\"2021-02-25T20:53:56+00:00\",\"mainEntityOfPage\":{\"@id\":\"https:\\\/\\\/lospoliticosveracruz.com\\\/?p=68744\"},\"wordCount\":628,\"commentCount\":0,\"publisher\":{\"@id\":\"https:\\\/\\\/lospoliticosveracruz.com\\\/#organization\"},\"keywords\":[\"cubrebocas\",\"Jorge Moreno Salinas\",\"obligatorio\"],\"articleSection\":[\"La Nota\"],\"inLanguage\":\"es\",\"potentialAction\":[{\"@type\":\"CommentAction\",\"name\":\"Comment\",\"target\":[\"https:\\\/\\\/lospoliticosveracruz.com\\\/?p=68744#respond\"]}]},{\"@type\":\"WebPage\",\"@id\":\"https:\\\/\\\/lospoliticosveracruz.com\\\/?p=68744\",\"url\":\"https:\\\/\\\/lospoliticosveracruz.com\\\/?p=68744\",\"name\":\"Cubrebocas, a chaleco: PRI-PVEM - Los pol\u00edticos Veracruz\",\"isPartOf\":{\"@id\":\"https:\\\/\\\/lospoliticosveracruz.com\\\/#website\"},\"datePublished\":\"2021-02-25T20:40:24+00:00\",\"dateModified\":\"2021-02-25T20:53:56+00:00\",\"breadcrumb\":{\"@id\":\"https:\\\/\\\/lospoliticosveracruz.com\\\/?p=68744#breadcrumb\"},\"inLanguage\":\"es\",\"potentialAction\":[{\"@type\":\"ReadAction\",\"target\":[\"https:\\\/\\\/lospoliticosveracruz.com\\\/?p=68744\"]}]},{\"@type\":\"BreadcrumbList\",\"@id\":\"https:\\\/\\\/lospoliticosveracruz.com\\\/?p=68744#breadcrumb\",\"itemListElement\":[{\"@type\":\"ListItem\",\"position\":1,\"name\":\"Portada\",\"item\":\"https:\\\/\\\/lospoliticosveracruz.com\\\/\"},{\"@type\":\"ListItem\",\"position\":2,\"name\":\"Cubrebocas, a chaleco: PRI-PVEM\"}]},{\"@type\":\"WebSite\",\"@id\":\"https:\\\/\\\/lospoliticosveracruz.com\\\/#website\",\"url\":\"https:\\\/\\\/lospoliticosveracruz.com\\\/\",\"name\":\"Los pol\u00edticos Veracruz\",\"description\":\"\",\"publisher\":{\"@id\":\"https:\\\/\\\/lospoliticosveracruz.com\\\/#organization\"},\"potentialAction\":[{\"@type\":\"SearchAction\",\"target\":{\"@type\":\"EntryPoint\",\"urlTemplate\":\"https:\\\/\\\/lospoliticosveracruz.com\\\/?s={search_term_string}\"},\"query-input\":{\"@type\":\"PropertyValueSpecification\",\"valueRequired\":true,\"valueName\":\"search_term_string\"}}],\"inLanguage\":\"es\"},{\"@type\":\"Organization\",\"@id\":\"https:\\\/\\\/lospoliticosveracruz.com\\\/#organization\",\"name\":\"Los pol\u00edticos Veracruz\",\"url\":\"https:\\\/\\\/lospoliticosveracruz.com\\\/\",\"logo\":{\"@type\":\"ImageObject\",\"inLanguage\":\"es\",\"@id\":\"https:\\\/\\\/lospoliticosveracruz.com\\\/#\\\/schema\\\/logo\\\/image\\\/\",\"url\":\"https:\\\/\\\/lospoliticosveracruz.com\\\/wp-content\\\/uploads\\\/2025\\\/12\\\/Logo-Nuevo-LOS-POLITICOS-1.jpg\",\"contentUrl\":\"https:\\\/\\\/lospoliticosveracruz.com\\\/wp-content\\\/uploads\\\/2025\\\/12\\\/Logo-Nuevo-LOS-POLITICOS-1.jpg\",\"width\":260,\"height\":70,\"caption\":\"Los pol\u00edticos Veracruz\"},\"image\":{\"@id\":\"https:\\\/\\\/lospoliticosveracruz.com\\\/#\\\/schema\\\/logo\\\/image\\\/\"},\"sameAs\":[\"https:\\\/\\\/www.facebook.com\\\/people\\\/Notimemes-de-los-Polticos\\\/61565672886568\\\/\",\"https:\\\/\\\/x.com\\\/LosPoliticosVer\"]},{\"@type\":\"Person\",\"@id\":\"https:\\\/\\\/lospoliticosveracruz.com\\\/#\\\/schema\\\/person\\\/b8702bb0e538456e6efd07080bf2a4a2\",\"name\":\"Lo viste en Los Pol\u00edticos\",\"image\":{\"@type\":\"ImageObject\",\"inLanguage\":\"es\",\"@id\":\"https:\\\/\\\/secure.gravatar.com\\\/avatar\\\/3a8de04a2656d44082be478bd6c086daa447c4651605818287b9532d3d0bd435?s=96&d=mm&r=g\",\"url\":\"https:\\\/\\\/secure.gravatar.com\\\/avatar\\\/3a8de04a2656d44082be478bd6c086daa447c4651605818287b9532d3d0bd435?s=96&d=mm&r=g\",\"contentUrl\":\"https:\\\/\\\/secure.gravatar.com\\\/avatar\\\/3a8de04a2656d44082be478bd6c086daa447c4651605818287b9532d3d0bd435?s=96&d=mm&r=g\",\"caption\":\"Lo viste en Los Pol\u00edticos\"},\"url\":\"https:\\\/\\\/lospoliticosveracruz.com\\\/?author=2\"}]}<\/script>\n<!-- \/ Yoast SEO plugin. -->","yoast_head_json":{"title":"Cubrebocas, a chaleco: PRI-PVEM - Los pol\u00edticos Veracruz","robots":{"index":"index","follow":"follow","max-snippet":"max-snippet:-1","max-image-preview":"max-image-preview:large","max-video-preview":"max-video-preview:-1"},"canonical":"https:\/\/lospoliticosveracruz.com\/?p=68744","og_locale":"es_ES","og_type":"article","og_title":"Cubrebocas, a chaleco: PRI-PVEM - Los pol\u00edticos Veracruz","og_description":"Xalapa Ante el incremento de casos de coronavirus, la fracci\u00f3n legislativa mixta PRI- PVEM, present\u00f3 este jueves ante el congreso local una iniciativa para hacer obligatorio el uso del cubrebocas en Veracruz.El diputado pri\u00edsta Jorge Moreno Salinas explic\u00f3 que no se contempla sanci\u00f3n alguna \u00abpero que m\u00e1s sanci\u00f3n puede tener alguien que no lo use [&hellip;]","og_url":"https:\/\/lospoliticosveracruz.com\/?p=68744","og_site_name":"Los pol\u00edticos Veracruz","article_publisher":"https:\/\/www.facebook.com\/people\/Notimemes-de-los-Polticos\/61565672886568\/","article_published_time":"2021-02-25T20:40:24+00:00","article_modified_time":"2021-02-25T20:53:56+00:00","og_image":[{"width":200,"height":200,"url":"https:\/\/lospoliticosveracruz.com\/wp-content\/uploads\/2016\/07\/Logo-Dor.jpg","type":"image\/jpeg"}],"author":"Lo viste en Los Pol\u00edticos","twitter_card":"summary_large_image","twitter_creator":"@LosPoliticosVer","twitter_site":"@LosPoliticosVer","twitter_misc":{"Escrito por":"Lo viste en Los Pol\u00edticos","Tiempo de lectura":"3 minutos"},"schema":{"@context":"https:\/\/schema.org","@graph":[{"@type":"Article","@id":"https:\/\/lospoliticosveracruz.com\/?p=68744#article","isPartOf":{"@id":"https:\/\/lospoliticosveracruz.com\/?p=68744"},"author":{"name":"Lo viste en Los Pol\u00edticos","@id":"https:\/\/lospoliticosveracruz.com\/#\/schema\/person\/b8702bb0e538456e6efd07080bf2a4a2"},"headline":"Cubrebocas, a chaleco: PRI-PVEM","datePublished":"2021-02-25T20:40:24+00:00","dateModified":"2021-02-25T20:53:56+00:00","mainEntityOfPage":{"@id":"https:\/\/lospoliticosveracruz.com\/?p=68744"},"wordCount":628,"commentCount":0,"publisher":{"@id":"https:\/\/lospoliticosveracruz.com\/#organization"},"keywords":["cubrebocas","Jorge Moreno Salinas","obligatorio"],"articleSection":["La Nota"],"inLanguage":"es","potentialAction":[{"@type":"CommentAction","name":"Comment","target":["https:\/\/lospoliticosveracruz.com\/?p=68744#respond"]}]},{"@type":"WebPage","@id":"https:\/\/lospoliticosveracruz.com\/?p=68744","url":"https:\/\/lospoliticosveracruz.com\/?p=68744","name":"Cubrebocas, a chaleco: PRI-PVEM - Los pol\u00edticos Veracruz","isPartOf":{"@id":"https:\/\/lospoliticosveracruz.com\/#website"},"datePublished":"2021-02-25T20:40:24+00:00","dateModified":"2021-02-25T20:53:56+00:00","breadcrumb":{"@id":"https:\/\/lospoliticosveracruz.com\/?p=68744#breadcrumb"},"inLanguage":"es","potentialAction":[{"@type":"ReadAction","target":["https:\/\/lospoliticosveracruz.com\/?p=68744"]}]},{"@type":"BreadcrumbList","@id":"https:\/\/lospoliticosveracruz.com\/?p=68744#breadcrumb","itemListElement":[{"@type":"ListItem","position":1,"name":"Portada","item":"https:\/\/lospoliticosveracruz.com\/"},{"@type":"ListItem","position":2,"name":"Cubrebocas, a chaleco: PRI-PVEM"}]},{"@type":"WebSite","@id":"https:\/\/lospoliticosveracruz.com\/#website","url":"https:\/\/lospoliticosveracruz.com\/","name":"Los pol\u00edticos Veracruz","description":"","publisher":{"@id":"https:\/\/lospoliticosveracruz.com\/#organization"},"potentialAction":[{"@type":"SearchAction","target":{"@type":"EntryPoint","urlTemplate":"https:\/\/lospoliticosveracruz.com\/?s={search_term_string}"},"query-input":{"@type":"PropertyValueSpecification","valueRequired":true,"valueName":"search_term_string"}}],"inLanguage":"es"},{"@type":"Organization","@id":"https:\/\/lospoliticosveracruz.com\/#organization","name":"Los pol\u00edticos Veracruz","url":"https:\/\/lospoliticosveracruz.com\/","logo":{"@type":"ImageObject","inLanguage":"es","@id":"https:\/\/lospoliticosveracruz.com\/#\/schema\/logo\/image\/","url":"https:\/\/lospoliticosveracruz.com\/wp-content\/uploads\/2025\/12\/Logo-Nuevo-LOS-POLITICOS-1.jpg","contentUrl":"https:\/\/lospoliticosveracruz.com\/wp-content\/uploads\/2025\/12\/Logo-Nuevo-LOS-POLITICOS-1.jpg","width":260,"height":70,"caption":"Los pol\u00edticos Veracruz"},"image":{"@id":"https:\/\/lospoliticosveracruz.com\/#\/schema\/logo\/image\/"},"sameAs":["https:\/\/www.facebook.com\/people\/Notimemes-de-los-Polticos\/61565672886568\/","https:\/\/x.com\/LosPoliticosVer"]},{"@type":"Person","@id":"https:\/\/lospoliticosveracruz.com\/#\/schema\/person\/b8702bb0e538456e6efd07080bf2a4a2","name":"Lo viste en Los Pol\u00edticos","image":{"@type":"ImageObject","inLanguage":"es","@id":"https:\/\/secure.gravatar.com\/avatar\/3a8de04a2656d44082be478bd6c086daa447c4651605818287b9532d3d0bd435?s=96&d=mm&r=g","url":"https:\/\/secure.gravatar.com\/avatar\/3a8de04a2656d44082be478bd6c086daa447c4651605818287b9532d3d0bd435?s=96&d=mm&r=g","contentUrl":"https:\/\/secure.gravatar.com\/avatar\/3a8de04a2656d44082be478bd6c086daa447c4651605818287b9532d3d0bd435?s=96&d=mm&r=g","caption":"Lo viste en Los Pol\u00edticos"},"url":"https:\/\/lospoliticosveracruz.com\/?author=2"}]}},"_links":{"self":[{"href":"https:\/\/lospoliticosveracruz.com\/index.php?rest_route=\/wp\/v2\/posts\/68744","targetHints":{"allow":["GET"]}}],"collection":[{"href":"https:\/\/lospoliticosveracruz.com\/index.php?rest_route=\/wp\/v2\/posts"}],"about":[{"href":"https:\/\/lospoliticosveracruz.com\/index.php?rest_route=\/wp\/v2\/types\/post"}],"author":[{"embeddable":true,"href":"https:\/\/lospoliticosveracruz.com\/index.php?rest_route=\/wp\/v2\/users\/2"}],"replies":[{"embeddable":true,"href":"https:\/\/lospoliticosveracruz.com\/index.php?rest_route=%2Fwp%2Fv2%2Fcomments&post=68744"}],"version-history":[{"count":2,"href":"https:\/\/lospoliticosveracruz.com\/index.php?rest_route=\/wp\/v2\/posts\/68744\/revisions"}],"predecessor-version":[{"id":68747,"href":"https:\/\/lospoliticosveracruz.com\/index.php?rest_route=\/wp\/v2\/posts\/68744\/revisions\/68747"}],"wp:attachment":[{"href":"https:\/\/lospoliticosveracruz.com\/index.php?rest_route=%2Fwp%2Fv2%2Fmedia&parent=68744"}],"wp:term":[{"taxonomy":"category","embeddable":true,"href":"https:\/\/lospoliticosveracruz.com\/index.php?rest_route=%2Fwp%2Fv2%2Fcategories&post=68744"},{"taxonomy":"post_tag","embeddable":true,"href":"https:\/\/lospoliticosveracruz.com\/index.php?rest_route=%2Fwp%2Fv2%2Ftags&post=68744"}],"curies":[{"name":"wp","href":"https:\/\/api.w.org\/{rel}","templated":true}]}}