{"id":68751,"date":"2021-02-25T16:14:25","date_gmt":"2021-02-25T22:14:25","guid":{"rendered":"http:\/\/www.lospoliticosveracruz.com.mx\/?p=68751"},"modified":"2021-02-25T16:14:33","modified_gmt":"2021-02-25T22:14:33","slug":"la-fiscalizacion-fallida-y-la-opacidad-en-el-uso-de-los-recursos-publicos","status":"publish","type":"post","link":"https:\/\/lospoliticosveracruz.com\/?p=68751","title":{"rendered":"La fiscalizaci\u00f3n fallida y la opacidad en el uso de los recursos p\u00fablicos"},"content":{"rendered":"\n<p><strong>Emilio C\u00e1rdenas Escobosa<\/strong><\/p>\n\n\n\n<p><em>Inter\u00e9s P\u00fablico<\/em><br><br><\/p>\n\n\n\n<p>En el sector p\u00fablico, la fiscalizaci\u00f3n o funci\u00f3n fiscalizadora tiene como objetivo que la actividad econ\u00f3mico-financiera del aparato estatal se sujete a los principios de legalidad, eficiencia y econom\u00eda, a trav\u00e9s de \u00f3rganos p\u00fablicos denominados entidades fiscalizadoras superiores, como es el caso de la Auditor\u00eda Superior de la Federaci\u00f3n (ASF), creada en 1999 y dependiente de la C\u00e1mara de Diputados del Congreso de la Uni\u00f3n, y en las entidades federativas como Veracruz con el \u00d3rgano de Fiscalizaci\u00f3n Superior (ORFIS), en funciones desde el a\u00f1o 2000 y que rinde cuentas al Congreso local.<br>Hoy la ASF est\u00e1 en el ojo del hurac\u00e1n luego de que tras la presentaci\u00f3n del Informe del resultado de la fiscalizaci\u00f3n superior de la cuenta p\u00fablica 2019, que audita el primer a\u00f1o de gobierno de Andr\u00e9s Manuel L\u00f3pez Obrador, concluy\u00f3 que la cancelaci\u00f3n del Nuevo Aeropuerto Internacional de M\u00e9xico (NAIM), obra insignia de la administraci\u00f3n del ex presidente Enrique Pe\u00f1a Nieto, represent\u00f3 un costo estimado de 331 mil 996 millones 517 mil pesos, el triple de lo previsto por el administraci\u00f3n federal en abril de 2019.<br>Como era previsible este Informe gener\u00f3 la molestia del Primer Mandatario, que fiel a su estilo acus\u00f3 a la ASF de alimentar con datos falsos a sus adversarios pol\u00edticos y le exigi\u00f3 una aclaraci\u00f3n p\u00fablica que lleg\u00f3 de inmediato al admitir la Auditor\u00eda que existen \u201cinconsistencias\u201d en la cuantificaci\u00f3n del monto de cancelaci\u00f3n, por lo que el contenido de esta auditor\u00eda es objeto de \u201cuna revisi\u00f3n exhaustiva, en particular en relaci\u00f3n con la metodolog\u00eda utilizada\u201d para determinar este costo. En suma, reconocieron que el monto de m\u00e1s de 331 mil millones de pesos era exagerado y l\u00f3gicamente ardi\u00f3 Troya.<br>Los adversarios pol\u00edticos del presidente acusaron al titular de la ASF, David Colmenares P\u00e1ramo, de ceder a la presi\u00f3n del presidente L\u00f3pez Obrador, en tanto que los afines al lopezobradorismo lo fustigan por supuestamente haber hecho su trabajo con un sesgo pol\u00edtico encaminado a da\u00f1ar la imagen del gobierno de la pretendida Cuarta Transformaci\u00f3n. A\u00fan m\u00e1s, L\u00f3pez Obrador anunci\u00f3 que pedir\u00e1 a la C\u00e1mara de Diputados investigar a la Auditor\u00eda por estos hechos y el presidente de la Comisi\u00f3n de Vigilancia de la misma, el diputado Mario Alberto Rodr\u00edguez, ya adelant\u00f3 que citar\u00e1n al Auditor Superior y a los auditores especiales que tuvieron a su cargo la revisi\u00f3n del caso del aeropuerto de Texcoco.<br>Lo que es un hecho es que la rectificaci\u00f3n que hizo la ASF revela dos cosas: incompetencia y mala fe o sujeci\u00f3n a dictados o presiones pol\u00edticas. Le cuento:<br>En el primer caso el error est\u00e1 desde el punto de partida, esto es, que la revisi\u00f3n corresponde a una auditor\u00eda de desempe\u00f1o donde s\u00f3lo se analizan los alcances de los programas de gobierno, pero deja de lado examinar el gasto y ello es fundamental sobre todo en obras como el del aeropuerto donde, de acuerdo al discurso del presidente L\u00f3pez Obrador que lo llev\u00f3 a cancelar el proyecto de Texcoco, hubo hechos de corrupci\u00f3n. Entonces lo conveniente era realizar una auditor\u00eda forense, que hace una fiscalizaci\u00f3n rigurosa del empleo de los recursos p\u00fablicos. Haberlo hecho as\u00ed nos lleva hoy a que el debate se centre en el sobrecosto que representa la cancelaci\u00f3n y no el conocer si existieron y por qu\u00e9 monto desviaciones de recursos, favoritismos en los contratos para beneficiar a determinadas empresas o sobornos a funcionarios p\u00fablicos.<br>De hecho la t\u00f3nica de la gesti\u00f3n de David Colmenares al frente de la ASF ha sido relegar las auditor\u00edas de cumplimiento financiero y forenses, que tienen por objeto revisar el ejercicio del presupuesto asignado y sus desviaciones, para centrarse en las auditor\u00edas de desempe\u00f1o. Craso error o ganas de bajar la presi\u00f3n en los an\u00e1lisis del gasto, sea para cuidar a ex funcionarios del anterior gobierno o para evitar choques con el presidente L\u00f3pez Obrador. Nada de eso le sali\u00f3 bien.<br>Basta con ver como la ASF tambi\u00e9n dio marcha atr\u00e1s en sus conclusiones de que en el caso de la auditor\u00eda a la Secretar\u00eda de la Funci\u00f3n P\u00fablica la dependencia a cargo de Irma Er\u00e9ndira Sandoval Ballesteros se resisti\u00f3 al proceso de fiscalizaci\u00f3n y se neg\u00f3 a entregar informaci\u00f3n y documentaci\u00f3n que se le solicit\u00f3 como parte de la revisi\u00f3n. En este caso Colmenares P\u00e1ramo asegur\u00f3 en diversos medios de comunicaci\u00f3n que la SFP no obstaculiz\u00f3 la labor de los auditores y que contaron con toda la informaci\u00f3n para realizar sus funciones.<br>Y ahora, como es l\u00f3gico, luego del esc\u00e1ndalo, r\u00e1pidamente empiezan a surgir declaraciones de funcionarios con observaciones sobre presunto da\u00f1o patrimonial se\u00f1alados en el Informe de Resultados de la Cuenta P\u00fablica 2019, como es el caso de la Secretaria de Energ\u00eda Roc\u00edo Nahle, que califican de absurdas las observaciones al ejercicio de recursos en proyectos bajo su responsabilidad, como la refiner\u00eda de Dos Bocas.<br>Como es previsible, as\u00ed ir\u00e1n descalific\u00e1ndose todos los datos y conclusiones del Informe de la ASF.<br>Peor, imposible. Las horas de Colmenares al frente de la ASF est\u00e1n contadas. Saldr\u00e1 por la puerta trasera.<br>Sin embargo, lo relevante de toda esta historia es que la fiscalizaci\u00f3n del primer a\u00f1o de gobierno de L\u00f3pez Obrador queda bajo sospecha, se tendr\u00e1 que realizarse nuevamente o deberemos esperar hasta despu\u00e9s de las elecciones para conocer los datos reales, con lo que ello supone en t\u00e9rminos de opacidad sobre el real ejercicio de los recursos del gobierno federal y alentar\u00e1 a gobiernos estatales y a todo ente fiscalizado a rechazar los informes.<br>La conclusi\u00f3n de este penoso episodio es confirmar como los procesos de fiscalizaci\u00f3n por m\u00e1s t\u00e9cnicos que se pretendan, de acuerdo con la ley, no dejan de contaminarse ante la coyuntura pol\u00edtica, y m\u00e1s en a\u00f1o de elecciones. Recordemos como en Veracruz, el ORFIS de plano va de pr\u00f3rroga en pr\u00f3rroga autorizada por el Congreso local para presentar la revisi\u00f3n de la Cuenta P\u00fablica del primer a\u00f1o de ejercicio del gobierno de Cuitl\u00e1huac Garc\u00eda Jim\u00e9nez, la que si bien van las cosas conoceremos hacia el segundo semestre de este 2021, una vez pasadas, claro est\u00e1, las elecciones locales y federales.<br>Ello sin dejar de recordar los arreglos en lo oscurito que se hacen en el Congreso cuando se presentan los Informes del ORFIS y donde la Comisi\u00f3n de Vigilancia se arregla con los ayuntamientos observados para limpiar sus cuentas o apretar a las autoridades municipales con fines electorales, como ha sucedido siempre.<br>Cuando el horizonte de los pol\u00edticos y de los gobiernos se circunscribe a lo electoral y a los arreglos pol\u00edticos no hay fiscalizaci\u00f3n que sirva. El ORFIS con un presupuesto de casi 183 millones de pesos en 2020 no puede concluir su trabajo y la ASF que manej\u00f3 en ese a\u00f1o m\u00e1s de 2 mil millones de pesos lo hizo mal. Vaya cosa. Seguimos en la simulaci\u00f3n de que el pa\u00eds y nuestro estado han cambiado.<\/p>\n\n\n\n<p>jecesco@hotmail.com<br>www.deinterespublico.com<\/p>\n","protected":false},"excerpt":{"rendered":"<p>Emilio C\u00e1rdenas Escobosa Inter\u00e9s P\u00fablico En el sector p\u00fablico, la fiscalizaci\u00f3n o funci\u00f3n fiscalizadora tiene como objetivo que la actividad econ\u00f3mico-financiera del aparato estatal se sujete a los principios de legalidad, eficiencia y econom\u00eda, a trav\u00e9s de \u00f3rganos p\u00fablicos denominados entidades fiscalizadoras superiores, como es el caso de la Auditor\u00eda Superior de la Federaci\u00f3n (ASF), [&hellip;]<\/p>\n","protected":false},"author":2,"featured_media":0,"comment_status":"open","ping_status":"open","sticky":false,"template":"","format":"standard","meta":{"tdm_status":"","tdm_grid_status":"","footnotes":""},"categories":[70],"tags":[2180,20000,552,26420,26421,135],"class_list":{"0":"post-68751","1":"post","2":"type-post","3":"status-publish","4":"format-standard","6":"category-de-opinion","7":"tag-asf","8":"tag-cuenta-publica-2019","9":"tag-fiscalizacion","10":"tag-funcion-fiscalizadora","11":"tag-naim","12":"tag-orfis"},"yoast_head":"<!-- This site is optimized with the Yoast SEO plugin v27.4 - https:\/\/yoast.com\/product\/yoast-seo-wordpress\/ -->\n<title>La fiscalizaci\u00f3n fallida y la opacidad en el uso de los recursos p\u00fablicos - Los pol\u00edticos Veracruz<\/title>\n<meta name=\"robots\" content=\"index, follow, max-snippet:-1, max-image-preview:large, max-video-preview:-1\" \/>\n<link rel=\"canonical\" href=\"https:\/\/lospoliticosveracruz.com\/?p=68751\" \/>\n<meta property=\"og:locale\" content=\"es_ES\" \/>\n<meta property=\"og:type\" content=\"article\" \/>\n<meta property=\"og:title\" content=\"La fiscalizaci\u00f3n fallida y la opacidad en el uso de los recursos p\u00fablicos - Los pol\u00edticos Veracruz\" \/>\n<meta property=\"og:description\" content=\"Emilio C\u00e1rdenas Escobosa Inter\u00e9s P\u00fablico En el sector p\u00fablico, la fiscalizaci\u00f3n o funci\u00f3n fiscalizadora tiene como objetivo que la actividad econ\u00f3mico-financiera del aparato estatal se sujete a los principios de legalidad, eficiencia y econom\u00eda, a trav\u00e9s de \u00f3rganos p\u00fablicos denominados entidades fiscalizadoras superiores, como es el caso de la Auditor\u00eda Superior de la Federaci\u00f3n (ASF), [&hellip;]\" \/>\n<meta property=\"og:url\" content=\"https:\/\/lospoliticosveracruz.com\/?p=68751\" \/>\n<meta property=\"og:site_name\" content=\"Los pol\u00edticos Veracruz\" \/>\n<meta property=\"article:publisher\" content=\"https:\/\/www.facebook.com\/people\/Notimemes-de-los-Polticos\/61565672886568\/\" \/>\n<meta property=\"article:published_time\" content=\"2021-02-25T22:14:25+00:00\" \/>\n<meta property=\"article:modified_time\" content=\"2021-02-25T22:14:33+00:00\" \/>\n<meta property=\"og:image\" content=\"https:\/\/lospoliticosveracruz.com\/wp-content\/uploads\/2016\/07\/Logo-Dor.jpg\" \/>\n\t<meta property=\"og:image:width\" content=\"200\" \/>\n\t<meta property=\"og:image:height\" content=\"200\" \/>\n\t<meta property=\"og:image:type\" content=\"image\/jpeg\" \/>\n<meta name=\"author\" content=\"Lo viste en Los Pol\u00edticos\" \/>\n<meta name=\"twitter:card\" content=\"summary_large_image\" \/>\n<meta name=\"twitter:creator\" content=\"@LosPoliticosVer\" \/>\n<meta name=\"twitter:site\" content=\"@LosPoliticosVer\" \/>\n<meta name=\"twitter:label1\" content=\"Escrito por\" \/>\n\t<meta name=\"twitter:data1\" content=\"Lo viste en Los Pol\u00edticos\" \/>\n\t<meta name=\"twitter:label2\" content=\"Tiempo de lectura\" \/>\n\t<meta name=\"twitter:data2\" content=\"6 minutos\" \/>\n<script type=\"application\/ld+json\" class=\"yoast-schema-graph\">{\"@context\":\"https:\\\/\\\/schema.org\",\"@graph\":[{\"@type\":\"Article\",\"@id\":\"https:\\\/\\\/lospoliticosveracruz.com\\\/?p=68751#article\",\"isPartOf\":{\"@id\":\"https:\\\/\\\/lospoliticosveracruz.com\\\/?p=68751\"},\"author\":{\"name\":\"Lo viste en Los Pol\u00edticos\",\"@id\":\"https:\\\/\\\/lospoliticosveracruz.com\\\/#\\\/schema\\\/person\\\/b8702bb0e538456e6efd07080bf2a4a2\"},\"headline\":\"La fiscalizaci\u00f3n fallida y la opacidad en el uso de los recursos p\u00fablicos\",\"datePublished\":\"2021-02-25T22:14:25+00:00\",\"dateModified\":\"2021-02-25T22:14:33+00:00\",\"mainEntityOfPage\":{\"@id\":\"https:\\\/\\\/lospoliticosveracruz.com\\\/?p=68751\"},\"wordCount\":1279,\"commentCount\":0,\"publisher\":{\"@id\":\"https:\\\/\\\/lospoliticosveracruz.com\\\/#organization\"},\"keywords\":[\"ASF\",\"Cuenta P\u00fablica 2019\",\"fiscalizaci\u00f3n\",\"Funci\u00f3n fiscalizadora\",\"NAIM\",\"Orfis\"],\"articleSection\":[\"De Opini\u00f3n\"],\"inLanguage\":\"es\",\"potentialAction\":[{\"@type\":\"CommentAction\",\"name\":\"Comment\",\"target\":[\"https:\\\/\\\/lospoliticosveracruz.com\\\/?p=68751#respond\"]}]},{\"@type\":\"WebPage\",\"@id\":\"https:\\\/\\\/lospoliticosveracruz.com\\\/?p=68751\",\"url\":\"https:\\\/\\\/lospoliticosveracruz.com\\\/?p=68751\",\"name\":\"La fiscalizaci\u00f3n fallida y la opacidad en el uso de los recursos p\u00fablicos - Los pol\u00edticos Veracruz\",\"isPartOf\":{\"@id\":\"https:\\\/\\\/lospoliticosveracruz.com\\\/#website\"},\"datePublished\":\"2021-02-25T22:14:25+00:00\",\"dateModified\":\"2021-02-25T22:14:33+00:00\",\"breadcrumb\":{\"@id\":\"https:\\\/\\\/lospoliticosveracruz.com\\\/?p=68751#breadcrumb\"},\"inLanguage\":\"es\",\"potentialAction\":[{\"@type\":\"ReadAction\",\"target\":[\"https:\\\/\\\/lospoliticosveracruz.com\\\/?p=68751\"]}]},{\"@type\":\"BreadcrumbList\",\"@id\":\"https:\\\/\\\/lospoliticosveracruz.com\\\/?p=68751#breadcrumb\",\"itemListElement\":[{\"@type\":\"ListItem\",\"position\":1,\"name\":\"Portada\",\"item\":\"https:\\\/\\\/lospoliticosveracruz.com\\\/\"},{\"@type\":\"ListItem\",\"position\":2,\"name\":\"La fiscalizaci\u00f3n fallida y la opacidad en el uso de los recursos p\u00fablicos\"}]},{\"@type\":\"WebSite\",\"@id\":\"https:\\\/\\\/lospoliticosveracruz.com\\\/#website\",\"url\":\"https:\\\/\\\/lospoliticosveracruz.com\\\/\",\"name\":\"Los pol\u00edticos Veracruz\",\"description\":\"\",\"publisher\":{\"@id\":\"https:\\\/\\\/lospoliticosveracruz.com\\\/#organization\"},\"potentialAction\":[{\"@type\":\"SearchAction\",\"target\":{\"@type\":\"EntryPoint\",\"urlTemplate\":\"https:\\\/\\\/lospoliticosveracruz.com\\\/?s={search_term_string}\"},\"query-input\":{\"@type\":\"PropertyValueSpecification\",\"valueRequired\":true,\"valueName\":\"search_term_string\"}}],\"inLanguage\":\"es\"},{\"@type\":\"Organization\",\"@id\":\"https:\\\/\\\/lospoliticosveracruz.com\\\/#organization\",\"name\":\"Los pol\u00edticos Veracruz\",\"url\":\"https:\\\/\\\/lospoliticosveracruz.com\\\/\",\"logo\":{\"@type\":\"ImageObject\",\"inLanguage\":\"es\",\"@id\":\"https:\\\/\\\/lospoliticosveracruz.com\\\/#\\\/schema\\\/logo\\\/image\\\/\",\"url\":\"https:\\\/\\\/lospoliticosveracruz.com\\\/wp-content\\\/uploads\\\/2025\\\/12\\\/Logo-Nuevo-LOS-POLITICOS-1.jpg\",\"contentUrl\":\"https:\\\/\\\/lospoliticosveracruz.com\\\/wp-content\\\/uploads\\\/2025\\\/12\\\/Logo-Nuevo-LOS-POLITICOS-1.jpg\",\"width\":260,\"height\":70,\"caption\":\"Los pol\u00edticos Veracruz\"},\"image\":{\"@id\":\"https:\\\/\\\/lospoliticosveracruz.com\\\/#\\\/schema\\\/logo\\\/image\\\/\"},\"sameAs\":[\"https:\\\/\\\/www.facebook.com\\\/people\\\/Notimemes-de-los-Polticos\\\/61565672886568\\\/\",\"https:\\\/\\\/x.com\\\/LosPoliticosVer\"]},{\"@type\":\"Person\",\"@id\":\"https:\\\/\\\/lospoliticosveracruz.com\\\/#\\\/schema\\\/person\\\/b8702bb0e538456e6efd07080bf2a4a2\",\"name\":\"Lo viste en Los Pol\u00edticos\",\"image\":{\"@type\":\"ImageObject\",\"inLanguage\":\"es\",\"@id\":\"https:\\\/\\\/secure.gravatar.com\\\/avatar\\\/3a8de04a2656d44082be478bd6c086daa447c4651605818287b9532d3d0bd435?s=96&d=mm&r=g\",\"url\":\"https:\\\/\\\/secure.gravatar.com\\\/avatar\\\/3a8de04a2656d44082be478bd6c086daa447c4651605818287b9532d3d0bd435?s=96&d=mm&r=g\",\"contentUrl\":\"https:\\\/\\\/secure.gravatar.com\\\/avatar\\\/3a8de04a2656d44082be478bd6c086daa447c4651605818287b9532d3d0bd435?s=96&d=mm&r=g\",\"caption\":\"Lo viste en Los Pol\u00edticos\"},\"url\":\"https:\\\/\\\/lospoliticosveracruz.com\\\/?author=2\"}]}<\/script>\n<!-- \/ Yoast SEO plugin. -->","yoast_head_json":{"title":"La fiscalizaci\u00f3n fallida y la opacidad en el uso de los recursos p\u00fablicos - Los pol\u00edticos Veracruz","robots":{"index":"index","follow":"follow","max-snippet":"max-snippet:-1","max-image-preview":"max-image-preview:large","max-video-preview":"max-video-preview:-1"},"canonical":"https:\/\/lospoliticosveracruz.com\/?p=68751","og_locale":"es_ES","og_type":"article","og_title":"La fiscalizaci\u00f3n fallida y la opacidad en el uso de los recursos p\u00fablicos - Los pol\u00edticos Veracruz","og_description":"Emilio C\u00e1rdenas Escobosa Inter\u00e9s P\u00fablico En el sector p\u00fablico, la fiscalizaci\u00f3n o funci\u00f3n fiscalizadora tiene como objetivo que la actividad econ\u00f3mico-financiera del aparato estatal se sujete a los principios de legalidad, eficiencia y econom\u00eda, a trav\u00e9s de \u00f3rganos p\u00fablicos denominados entidades fiscalizadoras superiores, como es el caso de la Auditor\u00eda Superior de la Federaci\u00f3n (ASF), [&hellip;]","og_url":"https:\/\/lospoliticosveracruz.com\/?p=68751","og_site_name":"Los pol\u00edticos Veracruz","article_publisher":"https:\/\/www.facebook.com\/people\/Notimemes-de-los-Polticos\/61565672886568\/","article_published_time":"2021-02-25T22:14:25+00:00","article_modified_time":"2021-02-25T22:14:33+00:00","og_image":[{"width":200,"height":200,"url":"https:\/\/lospoliticosveracruz.com\/wp-content\/uploads\/2016\/07\/Logo-Dor.jpg","type":"image\/jpeg"}],"author":"Lo viste en Los Pol\u00edticos","twitter_card":"summary_large_image","twitter_creator":"@LosPoliticosVer","twitter_site":"@LosPoliticosVer","twitter_misc":{"Escrito por":"Lo viste en Los Pol\u00edticos","Tiempo de lectura":"6 minutos"},"schema":{"@context":"https:\/\/schema.org","@graph":[{"@type":"Article","@id":"https:\/\/lospoliticosveracruz.com\/?p=68751#article","isPartOf":{"@id":"https:\/\/lospoliticosveracruz.com\/?p=68751"},"author":{"name":"Lo viste en Los Pol\u00edticos","@id":"https:\/\/lospoliticosveracruz.com\/#\/schema\/person\/b8702bb0e538456e6efd07080bf2a4a2"},"headline":"La fiscalizaci\u00f3n fallida y la opacidad en el uso de los recursos p\u00fablicos","datePublished":"2021-02-25T22:14:25+00:00","dateModified":"2021-02-25T22:14:33+00:00","mainEntityOfPage":{"@id":"https:\/\/lospoliticosveracruz.com\/?p=68751"},"wordCount":1279,"commentCount":0,"publisher":{"@id":"https:\/\/lospoliticosveracruz.com\/#organization"},"keywords":["ASF","Cuenta P\u00fablica 2019","fiscalizaci\u00f3n","Funci\u00f3n fiscalizadora","NAIM","Orfis"],"articleSection":["De Opini\u00f3n"],"inLanguage":"es","potentialAction":[{"@type":"CommentAction","name":"Comment","target":["https:\/\/lospoliticosveracruz.com\/?p=68751#respond"]}]},{"@type":"WebPage","@id":"https:\/\/lospoliticosveracruz.com\/?p=68751","url":"https:\/\/lospoliticosveracruz.com\/?p=68751","name":"La fiscalizaci\u00f3n fallida y la opacidad en el uso de los recursos p\u00fablicos - Los pol\u00edticos Veracruz","isPartOf":{"@id":"https:\/\/lospoliticosveracruz.com\/#website"},"datePublished":"2021-02-25T22:14:25+00:00","dateModified":"2021-02-25T22:14:33+00:00","breadcrumb":{"@id":"https:\/\/lospoliticosveracruz.com\/?p=68751#breadcrumb"},"inLanguage":"es","potentialAction":[{"@type":"ReadAction","target":["https:\/\/lospoliticosveracruz.com\/?p=68751"]}]},{"@type":"BreadcrumbList","@id":"https:\/\/lospoliticosveracruz.com\/?p=68751#breadcrumb","itemListElement":[{"@type":"ListItem","position":1,"name":"Portada","item":"https:\/\/lospoliticosveracruz.com\/"},{"@type":"ListItem","position":2,"name":"La fiscalizaci\u00f3n fallida y la opacidad en el uso de los recursos p\u00fablicos"}]},{"@type":"WebSite","@id":"https:\/\/lospoliticosveracruz.com\/#website","url":"https:\/\/lospoliticosveracruz.com\/","name":"Los pol\u00edticos Veracruz","description":"","publisher":{"@id":"https:\/\/lospoliticosveracruz.com\/#organization"},"potentialAction":[{"@type":"SearchAction","target":{"@type":"EntryPoint","urlTemplate":"https:\/\/lospoliticosveracruz.com\/?s={search_term_string}"},"query-input":{"@type":"PropertyValueSpecification","valueRequired":true,"valueName":"search_term_string"}}],"inLanguage":"es"},{"@type":"Organization","@id":"https:\/\/lospoliticosveracruz.com\/#organization","name":"Los pol\u00edticos Veracruz","url":"https:\/\/lospoliticosveracruz.com\/","logo":{"@type":"ImageObject","inLanguage":"es","@id":"https:\/\/lospoliticosveracruz.com\/#\/schema\/logo\/image\/","url":"https:\/\/lospoliticosveracruz.com\/wp-content\/uploads\/2025\/12\/Logo-Nuevo-LOS-POLITICOS-1.jpg","contentUrl":"https:\/\/lospoliticosveracruz.com\/wp-content\/uploads\/2025\/12\/Logo-Nuevo-LOS-POLITICOS-1.jpg","width":260,"height":70,"caption":"Los pol\u00edticos Veracruz"},"image":{"@id":"https:\/\/lospoliticosveracruz.com\/#\/schema\/logo\/image\/"},"sameAs":["https:\/\/www.facebook.com\/people\/Notimemes-de-los-Polticos\/61565672886568\/","https:\/\/x.com\/LosPoliticosVer"]},{"@type":"Person","@id":"https:\/\/lospoliticosveracruz.com\/#\/schema\/person\/b8702bb0e538456e6efd07080bf2a4a2","name":"Lo viste en Los Pol\u00edticos","image":{"@type":"ImageObject","inLanguage":"es","@id":"https:\/\/secure.gravatar.com\/avatar\/3a8de04a2656d44082be478bd6c086daa447c4651605818287b9532d3d0bd435?s=96&d=mm&r=g","url":"https:\/\/secure.gravatar.com\/avatar\/3a8de04a2656d44082be478bd6c086daa447c4651605818287b9532d3d0bd435?s=96&d=mm&r=g","contentUrl":"https:\/\/secure.gravatar.com\/avatar\/3a8de04a2656d44082be478bd6c086daa447c4651605818287b9532d3d0bd435?s=96&d=mm&r=g","caption":"Lo viste en Los Pol\u00edticos"},"url":"https:\/\/lospoliticosveracruz.com\/?author=2"}]}},"_links":{"self":[{"href":"https:\/\/lospoliticosveracruz.com\/index.php?rest_route=\/wp\/v2\/posts\/68751","targetHints":{"allow":["GET"]}}],"collection":[{"href":"https:\/\/lospoliticosveracruz.com\/index.php?rest_route=\/wp\/v2\/posts"}],"about":[{"href":"https:\/\/lospoliticosveracruz.com\/index.php?rest_route=\/wp\/v2\/types\/post"}],"author":[{"embeddable":true,"href":"https:\/\/lospoliticosveracruz.com\/index.php?rest_route=\/wp\/v2\/users\/2"}],"replies":[{"embeddable":true,"href":"https:\/\/lospoliticosveracruz.com\/index.php?rest_route=%2Fwp%2Fv2%2Fcomments&post=68751"}],"version-history":[{"count":1,"href":"https:\/\/lospoliticosveracruz.com\/index.php?rest_route=\/wp\/v2\/posts\/68751\/revisions"}],"predecessor-version":[{"id":68753,"href":"https:\/\/lospoliticosveracruz.com\/index.php?rest_route=\/wp\/v2\/posts\/68751\/revisions\/68753"}],"wp:attachment":[{"href":"https:\/\/lospoliticosveracruz.com\/index.php?rest_route=%2Fwp%2Fv2%2Fmedia&parent=68751"}],"wp:term":[{"taxonomy":"category","embeddable":true,"href":"https:\/\/lospoliticosveracruz.com\/index.php?rest_route=%2Fwp%2Fv2%2Fcategories&post=68751"},{"taxonomy":"post_tag","embeddable":true,"href":"https:\/\/lospoliticosveracruz.com\/index.php?rest_route=%2Fwp%2Fv2%2Ftags&post=68751"}],"curies":[{"name":"wp","href":"https:\/\/api.w.org\/{rel}","templated":true}]}}