{"id":68755,"date":"2021-02-25T16:28:55","date_gmt":"2021-02-25T22:28:55","guid":{"rendered":"http:\/\/www.lospoliticosveracruz.com.mx\/?p=68755"},"modified":"2021-02-25T16:29:02","modified_gmt":"2021-02-25T22:29:02","slug":"a-los-de-rsp-igual-los-acalambran","status":"publish","type":"post","link":"https:\/\/lospoliticosveracruz.com\/?p=68755","title":{"rendered":"A los de RSP igual los acalambran!"},"content":{"rendered":"\n<p><\/p>\n\n\n\n<p><\/p>\n\n\n\n<p><strong>Enrique Yasser Pompeyo<\/strong><br><em>Coatepec<\/em><\/p>\n\n\n\n<p>El dirigente estatal de Redes Sociales Progresistas (RSP), Antonio Lagunes Toral manifest\u00f3 que se debe acabar con el cacicazgo en el estado de Veracruz.<br>\u201cSiguen los mismos caciques, los mismos en el poder, nada m\u00e1s se van rolando los puestos entre familia o entre conocidos; sabemos de nombres de familias que hay desde P\u00e1nuco hasta Las Choapas; la ciudadan\u00eda ya est\u00e1 cansada de ello, hay que acabar con el caciquismo en todos los sentidos\u201d.<br>Al reiterar que tres precandidatos de RSP han recibido amenazas, indic\u00f3 que solicitar\u00e1n al secretario Hugo Guti\u00e9rrez Maldonado que se les brinde seguridad.<br>\u201cVamos a solicitar seguridad a nuestros perfiles, en su momento a nuestros candidatos oficiales; pedimos al secretario que en estas elecciones se les d\u00e9 seguridad, pero no s\u00f3lo a nuestros candidatos, la seguridad debe darse a toda la ciudadan\u00eda en general, pues vivimos momentos dif\u00edciles en todo el estado de Veracruz\u201d.<br>Pese a los posibles escenarios de hechos violentos que se pudieran presentar en la jornada comicial y el d\u00eda de las elecciones, los cuales podr\u00edan generar abstencionismo, el l\u00edder partidista confi\u00f3 en que los ciudadanos saldr\u00e1n a emitir su voto.<br>\u201cCuando hay empat\u00eda y como en Redes Sociales Progresistas estamos empoderando a la ciudadan\u00eda, gente fresca, van a salir a votar porque somos diferentes, un partido nuevo y, sobre todo, con muchas reglas para no enga\u00f1ar a nadie\u201d.<br>Acerca del distrito de Coatepec manifest\u00f3 que \u201cest\u00e1 muy bien posicionado, tenemos mucha fe y esperanza\u201d; destac\u00f3 las figuras de Cristian Teczon Viccon y Benjam\u00edn S\u00e1nchez Flores. En el caso del municipio coment\u00f3 que hay tres o cuatro perfiles y se est\u00e1 en busca del mejor, \u201cde hacer la unidad, que nadie salga resentido, enga\u00f1ado, utilizado\u201d.<br>Acerca de la conformaci\u00f3n de las planillas de los candidatos a las presidencias municipales dijo que no habr\u00e1 imposiciones, ni dedazo.<br>\u201cLos partidos tradicionales quieren imponer al s\u00edndico, al regidor, en Redes Sociales son libres las planillas al ciento por ciento; tambi\u00e9n estos partidos quieren poner al tesorero o al de Obras, aqu\u00ed es con trabajo; somos plurales e incluyes, son bienvenidos todos\u201d.<br>Sobre la selecci\u00f3n de sus candidatos, dijo que ya tienen a los veinte para las diputaciones federales, los 30 locales, 160 de 212 para alcald\u00edas y est\u00e1n en busca de las mejores mujeres, \u201cno es f\u00e1cil, a veces, evaluar, hemos tenido mucha empat\u00eda, hay municipios donde hay hasta dos o tres\u201d. Lagunes Toral record\u00f3 que a trav\u00e9s de una aplicaci\u00f3n o APP se eligi\u00f3 a los mejores perfiles.<br>Antonio Lagunes Toral descart\u00f3 la intervenci\u00f3n del gobierno estatal en las elecciones del pr\u00f3ximo 6 de junio. Adem\u00e1s dijo que conf\u00edan en el Organismo P\u00fablico Local Electoral (OPLE) y en el Instituto Nacional Electoral (INE).<br>Con respecto al n\u00famero de espacios que prev\u00e9n ganar, consider\u00f3 que ser\u00edan entre tres y cinco diputaciones federales, entre siete y nueve locales, y entre 40 y 50 municipios, \u201cderivado de que la ciudadan\u00eda ve mal esas alianzas, izquierda-derecha, que siempre se han atacado durante muchos a\u00f1os y ahora se unen con tal de seguir en el poder; no han entendido que la pol\u00edtica a nivel mundial ya cambi\u00f3\u201d.<\/p>\n","protected":false},"excerpt":{"rendered":"<p>Enrique Yasser PompeyoCoatepec El dirigente estatal de Redes Sociales Progresistas (RSP), Antonio Lagunes Toral manifest\u00f3 que se debe acabar con el cacicazgo en el estado de Veracruz.\u201cSiguen los mismos caciques, los mismos en el poder, nada m\u00e1s se van rolando los puestos entre familia o entre conocidos; sabemos de nombres de familias que hay desde [&hellip;]<\/p>\n","protected":false},"author":2,"featured_media":0,"comment_status":"open","ping_status":"open","sticky":false,"template":"","format":"standard","meta":{"tdm_status":"","tdm_grid_status":"","footnotes":""},"categories":[6446],"tags":[14828,8540,26424,23636,554,3272,935,14281,22732],"class_list":{"0":"post-68755","1":"post","2":"type-post","3":"status-publish","4":"format-standard","6":"category-la-nota","7":"tag-benjamin-sanchez-flores","8":"tag-cacicazgo","9":"tag-cristian-teczon-viccon","10":"tag-hechos-violentos","11":"tag-ine","12":"tag-ople","13":"tag-panuco","14":"tag-redes-sociales-progresistas","15":"tag-rsp"},"yoast_head":"<!-- This site is optimized with the Yoast SEO plugin v27.4 - https:\/\/yoast.com\/product\/yoast-seo-wordpress\/ -->\n<title>A los de RSP igual los acalambran! - Los pol\u00edticos Veracruz<\/title>\n<meta name=\"robots\" content=\"index, follow, max-snippet:-1, max-image-preview:large, max-video-preview:-1\" \/>\n<link rel=\"canonical\" href=\"https:\/\/lospoliticosveracruz.com\/?p=68755\" \/>\n<meta property=\"og:locale\" content=\"es_ES\" \/>\n<meta property=\"og:type\" content=\"article\" \/>\n<meta property=\"og:title\" content=\"A los de RSP igual los acalambran! - Los pol\u00edticos Veracruz\" \/>\n<meta property=\"og:description\" content=\"Enrique Yasser PompeyoCoatepec El dirigente estatal de Redes Sociales Progresistas (RSP), Antonio Lagunes Toral manifest\u00f3 que se debe acabar con el cacicazgo en el estado de Veracruz.\u201cSiguen los mismos caciques, los mismos en el poder, nada m\u00e1s se van rolando los puestos entre familia o entre conocidos; sabemos de nombres de familias que hay desde [&hellip;]\" \/>\n<meta property=\"og:url\" content=\"https:\/\/lospoliticosveracruz.com\/?p=68755\" \/>\n<meta property=\"og:site_name\" content=\"Los pol\u00edticos Veracruz\" \/>\n<meta property=\"article:publisher\" content=\"https:\/\/www.facebook.com\/people\/Notimemes-de-los-Polticos\/61565672886568\/\" \/>\n<meta property=\"article:published_time\" content=\"2021-02-25T22:28:55+00:00\" \/>\n<meta property=\"article:modified_time\" content=\"2021-02-25T22:29:02+00:00\" \/>\n<meta property=\"og:image\" content=\"https:\/\/lospoliticosveracruz.com\/wp-content\/uploads\/2016\/07\/Logo-Dor.jpg\" \/>\n\t<meta property=\"og:image:width\" content=\"200\" \/>\n\t<meta property=\"og:image:height\" content=\"200\" \/>\n\t<meta property=\"og:image:type\" content=\"image\/jpeg\" \/>\n<meta name=\"author\" content=\"Lo viste en Los Pol\u00edticos\" \/>\n<meta name=\"twitter:card\" content=\"summary_large_image\" \/>\n<meta name=\"twitter:creator\" content=\"@LosPoliticosVer\" \/>\n<meta name=\"twitter:site\" content=\"@LosPoliticosVer\" \/>\n<meta name=\"twitter:label1\" content=\"Escrito por\" \/>\n\t<meta name=\"twitter:data1\" content=\"Lo viste en Los Pol\u00edticos\" \/>\n\t<meta name=\"twitter:label2\" content=\"Tiempo de lectura\" \/>\n\t<meta name=\"twitter:data2\" content=\"3 minutos\" \/>\n<script type=\"application\/ld+json\" class=\"yoast-schema-graph\">{\"@context\":\"https:\\\/\\\/schema.org\",\"@graph\":[{\"@type\":\"Article\",\"@id\":\"https:\\\/\\\/lospoliticosveracruz.com\\\/?p=68755#article\",\"isPartOf\":{\"@id\":\"https:\\\/\\\/lospoliticosveracruz.com\\\/?p=68755\"},\"author\":{\"name\":\"Lo viste en Los Pol\u00edticos\",\"@id\":\"https:\\\/\\\/lospoliticosveracruz.com\\\/#\\\/schema\\\/person\\\/b8702bb0e538456e6efd07080bf2a4a2\"},\"headline\":\"A los de RSP igual los acalambran!\",\"datePublished\":\"2021-02-25T22:28:55+00:00\",\"dateModified\":\"2021-02-25T22:29:02+00:00\",\"mainEntityOfPage\":{\"@id\":\"https:\\\/\\\/lospoliticosveracruz.com\\\/?p=68755\"},\"wordCount\":561,\"commentCount\":0,\"publisher\":{\"@id\":\"https:\\\/\\\/lospoliticosveracruz.com\\\/#organization\"},\"keywords\":[\"Benjam\u00edn S\u00e1nchez Flores\",\"Cacicazgo\",\"Cristian Teczon Viccon\",\"Hechos violentos\",\"INE\",\"OPLE\",\"P\u00e1nuco\",\"Redes Sociales Progresistas\",\"RSP\"],\"articleSection\":[\"La Nota\"],\"inLanguage\":\"es\",\"potentialAction\":[{\"@type\":\"CommentAction\",\"name\":\"Comment\",\"target\":[\"https:\\\/\\\/lospoliticosveracruz.com\\\/?p=68755#respond\"]}]},{\"@type\":\"WebPage\",\"@id\":\"https:\\\/\\\/lospoliticosveracruz.com\\\/?p=68755\",\"url\":\"https:\\\/\\\/lospoliticosveracruz.com\\\/?p=68755\",\"name\":\"A los de RSP igual los acalambran! - Los pol\u00edticos Veracruz\",\"isPartOf\":{\"@id\":\"https:\\\/\\\/lospoliticosveracruz.com\\\/#website\"},\"datePublished\":\"2021-02-25T22:28:55+00:00\",\"dateModified\":\"2021-02-25T22:29:02+00:00\",\"breadcrumb\":{\"@id\":\"https:\\\/\\\/lospoliticosveracruz.com\\\/?p=68755#breadcrumb\"},\"inLanguage\":\"es\",\"potentialAction\":[{\"@type\":\"ReadAction\",\"target\":[\"https:\\\/\\\/lospoliticosveracruz.com\\\/?p=68755\"]}]},{\"@type\":\"BreadcrumbList\",\"@id\":\"https:\\\/\\\/lospoliticosveracruz.com\\\/?p=68755#breadcrumb\",\"itemListElement\":[{\"@type\":\"ListItem\",\"position\":1,\"name\":\"Portada\",\"item\":\"https:\\\/\\\/lospoliticosveracruz.com\\\/\"},{\"@type\":\"ListItem\",\"position\":2,\"name\":\"A los de RSP igual los acalambran!\"}]},{\"@type\":\"WebSite\",\"@id\":\"https:\\\/\\\/lospoliticosveracruz.com\\\/#website\",\"url\":\"https:\\\/\\\/lospoliticosveracruz.com\\\/\",\"name\":\"Los pol\u00edticos Veracruz\",\"description\":\"\",\"publisher\":{\"@id\":\"https:\\\/\\\/lospoliticosveracruz.com\\\/#organization\"},\"potentialAction\":[{\"@type\":\"SearchAction\",\"target\":{\"@type\":\"EntryPoint\",\"urlTemplate\":\"https:\\\/\\\/lospoliticosveracruz.com\\\/?s={search_term_string}\"},\"query-input\":{\"@type\":\"PropertyValueSpecification\",\"valueRequired\":true,\"valueName\":\"search_term_string\"}}],\"inLanguage\":\"es\"},{\"@type\":\"Organization\",\"@id\":\"https:\\\/\\\/lospoliticosveracruz.com\\\/#organization\",\"name\":\"Los pol\u00edticos Veracruz\",\"url\":\"https:\\\/\\\/lospoliticosveracruz.com\\\/\",\"logo\":{\"@type\":\"ImageObject\",\"inLanguage\":\"es\",\"@id\":\"https:\\\/\\\/lospoliticosveracruz.com\\\/#\\\/schema\\\/logo\\\/image\\\/\",\"url\":\"https:\\\/\\\/lospoliticosveracruz.com\\\/wp-content\\\/uploads\\\/2025\\\/12\\\/Logo-Nuevo-LOS-POLITICOS-1.jpg\",\"contentUrl\":\"https:\\\/\\\/lospoliticosveracruz.com\\\/wp-content\\\/uploads\\\/2025\\\/12\\\/Logo-Nuevo-LOS-POLITICOS-1.jpg\",\"width\":260,\"height\":70,\"caption\":\"Los pol\u00edticos Veracruz\"},\"image\":{\"@id\":\"https:\\\/\\\/lospoliticosveracruz.com\\\/#\\\/schema\\\/logo\\\/image\\\/\"},\"sameAs\":[\"https:\\\/\\\/www.facebook.com\\\/people\\\/Notimemes-de-los-Polticos\\\/61565672886568\\\/\",\"https:\\\/\\\/x.com\\\/LosPoliticosVer\"]},{\"@type\":\"Person\",\"@id\":\"https:\\\/\\\/lospoliticosveracruz.com\\\/#\\\/schema\\\/person\\\/b8702bb0e538456e6efd07080bf2a4a2\",\"name\":\"Lo viste en Los Pol\u00edticos\",\"image\":{\"@type\":\"ImageObject\",\"inLanguage\":\"es\",\"@id\":\"https:\\\/\\\/secure.gravatar.com\\\/avatar\\\/3a8de04a2656d44082be478bd6c086daa447c4651605818287b9532d3d0bd435?s=96&d=mm&r=g\",\"url\":\"https:\\\/\\\/secure.gravatar.com\\\/avatar\\\/3a8de04a2656d44082be478bd6c086daa447c4651605818287b9532d3d0bd435?s=96&d=mm&r=g\",\"contentUrl\":\"https:\\\/\\\/secure.gravatar.com\\\/avatar\\\/3a8de04a2656d44082be478bd6c086daa447c4651605818287b9532d3d0bd435?s=96&d=mm&r=g\",\"caption\":\"Lo viste en Los Pol\u00edticos\"},\"url\":\"https:\\\/\\\/lospoliticosveracruz.com\\\/?author=2\"}]}<\/script>\n<!-- \/ Yoast SEO plugin. -->","yoast_head_json":{"title":"A los de RSP igual los acalambran! - Los pol\u00edticos Veracruz","robots":{"index":"index","follow":"follow","max-snippet":"max-snippet:-1","max-image-preview":"max-image-preview:large","max-video-preview":"max-video-preview:-1"},"canonical":"https:\/\/lospoliticosveracruz.com\/?p=68755","og_locale":"es_ES","og_type":"article","og_title":"A los de RSP igual los acalambran! - Los pol\u00edticos Veracruz","og_description":"Enrique Yasser PompeyoCoatepec El dirigente estatal de Redes Sociales Progresistas (RSP), Antonio Lagunes Toral manifest\u00f3 que se debe acabar con el cacicazgo en el estado de Veracruz.\u201cSiguen los mismos caciques, los mismos en el poder, nada m\u00e1s se van rolando los puestos entre familia o entre conocidos; sabemos de nombres de familias que hay desde [&hellip;]","og_url":"https:\/\/lospoliticosveracruz.com\/?p=68755","og_site_name":"Los pol\u00edticos Veracruz","article_publisher":"https:\/\/www.facebook.com\/people\/Notimemes-de-los-Polticos\/61565672886568\/","article_published_time":"2021-02-25T22:28:55+00:00","article_modified_time":"2021-02-25T22:29:02+00:00","og_image":[{"width":200,"height":200,"url":"https:\/\/lospoliticosveracruz.com\/wp-content\/uploads\/2016\/07\/Logo-Dor.jpg","type":"image\/jpeg"}],"author":"Lo viste en Los Pol\u00edticos","twitter_card":"summary_large_image","twitter_creator":"@LosPoliticosVer","twitter_site":"@LosPoliticosVer","twitter_misc":{"Escrito por":"Lo viste en Los Pol\u00edticos","Tiempo de lectura":"3 minutos"},"schema":{"@context":"https:\/\/schema.org","@graph":[{"@type":"Article","@id":"https:\/\/lospoliticosveracruz.com\/?p=68755#article","isPartOf":{"@id":"https:\/\/lospoliticosveracruz.com\/?p=68755"},"author":{"name":"Lo viste en Los Pol\u00edticos","@id":"https:\/\/lospoliticosveracruz.com\/#\/schema\/person\/b8702bb0e538456e6efd07080bf2a4a2"},"headline":"A los de RSP igual los acalambran!","datePublished":"2021-02-25T22:28:55+00:00","dateModified":"2021-02-25T22:29:02+00:00","mainEntityOfPage":{"@id":"https:\/\/lospoliticosveracruz.com\/?p=68755"},"wordCount":561,"commentCount":0,"publisher":{"@id":"https:\/\/lospoliticosveracruz.com\/#organization"},"keywords":["Benjam\u00edn S\u00e1nchez Flores","Cacicazgo","Cristian Teczon Viccon","Hechos violentos","INE","OPLE","P\u00e1nuco","Redes Sociales Progresistas","RSP"],"articleSection":["La Nota"],"inLanguage":"es","potentialAction":[{"@type":"CommentAction","name":"Comment","target":["https:\/\/lospoliticosveracruz.com\/?p=68755#respond"]}]},{"@type":"WebPage","@id":"https:\/\/lospoliticosveracruz.com\/?p=68755","url":"https:\/\/lospoliticosveracruz.com\/?p=68755","name":"A los de RSP igual los acalambran! - Los pol\u00edticos Veracruz","isPartOf":{"@id":"https:\/\/lospoliticosveracruz.com\/#website"},"datePublished":"2021-02-25T22:28:55+00:00","dateModified":"2021-02-25T22:29:02+00:00","breadcrumb":{"@id":"https:\/\/lospoliticosveracruz.com\/?p=68755#breadcrumb"},"inLanguage":"es","potentialAction":[{"@type":"ReadAction","target":["https:\/\/lospoliticosveracruz.com\/?p=68755"]}]},{"@type":"BreadcrumbList","@id":"https:\/\/lospoliticosveracruz.com\/?p=68755#breadcrumb","itemListElement":[{"@type":"ListItem","position":1,"name":"Portada","item":"https:\/\/lospoliticosveracruz.com\/"},{"@type":"ListItem","position":2,"name":"A los de RSP igual los acalambran!"}]},{"@type":"WebSite","@id":"https:\/\/lospoliticosveracruz.com\/#website","url":"https:\/\/lospoliticosveracruz.com\/","name":"Los pol\u00edticos Veracruz","description":"","publisher":{"@id":"https:\/\/lospoliticosveracruz.com\/#organization"},"potentialAction":[{"@type":"SearchAction","target":{"@type":"EntryPoint","urlTemplate":"https:\/\/lospoliticosveracruz.com\/?s={search_term_string}"},"query-input":{"@type":"PropertyValueSpecification","valueRequired":true,"valueName":"search_term_string"}}],"inLanguage":"es"},{"@type":"Organization","@id":"https:\/\/lospoliticosveracruz.com\/#organization","name":"Los pol\u00edticos Veracruz","url":"https:\/\/lospoliticosveracruz.com\/","logo":{"@type":"ImageObject","inLanguage":"es","@id":"https:\/\/lospoliticosveracruz.com\/#\/schema\/logo\/image\/","url":"https:\/\/lospoliticosveracruz.com\/wp-content\/uploads\/2025\/12\/Logo-Nuevo-LOS-POLITICOS-1.jpg","contentUrl":"https:\/\/lospoliticosveracruz.com\/wp-content\/uploads\/2025\/12\/Logo-Nuevo-LOS-POLITICOS-1.jpg","width":260,"height":70,"caption":"Los pol\u00edticos Veracruz"},"image":{"@id":"https:\/\/lospoliticosveracruz.com\/#\/schema\/logo\/image\/"},"sameAs":["https:\/\/www.facebook.com\/people\/Notimemes-de-los-Polticos\/61565672886568\/","https:\/\/x.com\/LosPoliticosVer"]},{"@type":"Person","@id":"https:\/\/lospoliticosveracruz.com\/#\/schema\/person\/b8702bb0e538456e6efd07080bf2a4a2","name":"Lo viste en Los Pol\u00edticos","image":{"@type":"ImageObject","inLanguage":"es","@id":"https:\/\/secure.gravatar.com\/avatar\/3a8de04a2656d44082be478bd6c086daa447c4651605818287b9532d3d0bd435?s=96&d=mm&r=g","url":"https:\/\/secure.gravatar.com\/avatar\/3a8de04a2656d44082be478bd6c086daa447c4651605818287b9532d3d0bd435?s=96&d=mm&r=g","contentUrl":"https:\/\/secure.gravatar.com\/avatar\/3a8de04a2656d44082be478bd6c086daa447c4651605818287b9532d3d0bd435?s=96&d=mm&r=g","caption":"Lo viste en Los Pol\u00edticos"},"url":"https:\/\/lospoliticosveracruz.com\/?author=2"}]}},"_links":{"self":[{"href":"https:\/\/lospoliticosveracruz.com\/index.php?rest_route=\/wp\/v2\/posts\/68755","targetHints":{"allow":["GET"]}}],"collection":[{"href":"https:\/\/lospoliticosveracruz.com\/index.php?rest_route=\/wp\/v2\/posts"}],"about":[{"href":"https:\/\/lospoliticosveracruz.com\/index.php?rest_route=\/wp\/v2\/types\/post"}],"author":[{"embeddable":true,"href":"https:\/\/lospoliticosveracruz.com\/index.php?rest_route=\/wp\/v2\/users\/2"}],"replies":[{"embeddable":true,"href":"https:\/\/lospoliticosveracruz.com\/index.php?rest_route=%2Fwp%2Fv2%2Fcomments&post=68755"}],"version-history":[{"count":1,"href":"https:\/\/lospoliticosveracruz.com\/index.php?rest_route=\/wp\/v2\/posts\/68755\/revisions"}],"predecessor-version":[{"id":68757,"href":"https:\/\/lospoliticosveracruz.com\/index.php?rest_route=\/wp\/v2\/posts\/68755\/revisions\/68757"}],"wp:attachment":[{"href":"https:\/\/lospoliticosveracruz.com\/index.php?rest_route=%2Fwp%2Fv2%2Fmedia&parent=68755"}],"wp:term":[{"taxonomy":"category","embeddable":true,"href":"https:\/\/lospoliticosveracruz.com\/index.php?rest_route=%2Fwp%2Fv2%2Fcategories&post=68755"},{"taxonomy":"post_tag","embeddable":true,"href":"https:\/\/lospoliticosveracruz.com\/index.php?rest_route=%2Fwp%2Fv2%2Ftags&post=68755"}],"curies":[{"name":"wp","href":"https:\/\/api.w.org\/{rel}","templated":true}]}}