{"id":68758,"date":"2021-02-25T16:51:41","date_gmt":"2021-02-25T22:51:41","guid":{"rendered":"http:\/\/www.lospoliticosveracruz.com.mx\/?p=68758"},"modified":"2021-02-25T16:51:46","modified_gmt":"2021-02-25T22:51:46","slug":"la-cruz-diamante-para-manos-unidas-coatepec","status":"publish","type":"post","link":"https:\/\/lospoliticosveracruz.com\/?p=68758","title":{"rendered":"La Cruz Diamante, para Manos Unidas Coatepec"},"content":{"rendered":"\n<p><\/p>\n\n\n\n<p><\/p>\n\n\n\n<p><strong>Enrique Yasser Pompeyo<\/strong><br><em>Coatepec<\/em><\/p>\n\n\n\n<p><\/p>\n\n\n\n<p>El Galard\u00f3n a la Trayectoria \u201cLa Cruz Diamante\u201d 2021 ser\u00e1 entregado a Dolores Guti\u00e9rrez Trujillo, fundadora de la asociaci\u00f3n civil \u201cManos Unidas Coatepec, es tiempo de ayudar\u201d.<br>El anuncio del reconocimiento se hizo este jueves y se le dar\u00e1 por su labor altruista de casi veinte a\u00f1os en favor de la poblaci\u00f3n coatepecana, xalape\u00f1a, xique\u00f1a y de comunidades aleda\u00f1as, que se encuentra en situaci\u00f3n de vulnerabilidad.<\/p>\n\n\n\n<p>Adem\u00e1s, por atender a ni\u00f1os y adultos mayores que sufren enfermedades como c\u00e1ncer, leucemia, entre otras. As\u00ed como por su arduo quehacer en el fomento del deporte, dirigiendo a una vida sana y libre de vicios, a ni\u00f1os de escasos recursos, dando oportunidades y sembrando valores que tanta falta hacen a la sociedad.<\/p>\n\n\n\n<p>Cabe mencionar que es una presea que nace de la iniciativa del Consejo Mexicano de Empresarios de la Cultura, Arte e Historia, con el objetivo de distinguir a hombres y mujeres de todos los \u00e1mbitos de la sociedad que con su obra, virtud y trayectoria sean parte del legado de valores y beneficios a favor de nuestra patria y de la humanidad.<\/p>\n\n\n\n<p>El galard\u00f3n se otorga a este gran activo humano que desde sus diferentes trincheras se esfuerzan d\u00eda a d\u00eda en la tarea de dejar un mundo mejor a las nuevas generaciones.<\/p>\n\n\n\n<p>El nombre del Galard\u00f3n a la Trayectoria \u201cLa Cruz Diamante\u201d, se compone de dos palabras (LA CRUZ por el d\u00eda de la Santa Cruz, Viernes Santo, en el que arriban naves espa\u00f1olas y al pisar tierra firma bautizan y fundan a la Villa Rica de la Vera Cruz, constituyendo as\u00ed el primer ayuntamiento de la Am\u00e9rica Continental y el inicio de un nueva cultura.<\/p>\n\n\n\n<p>DIAMANTE se agreg\u00f3 al valor del nombre por el grado de calidad de algo que nace de la tierra, una piedra que al someterse a un arduo trabajo de corte y pulimento, la mano del hombre la transforma al grado de llegar a un punto de valor extraordinario.<\/p>\n\n\n\n<p>La Cruz Diamante es un galard\u00f3n que representa el s\u00edmbolo de la excelencia de mujeres y hombres honorables, que con el paso del tiempo han destacado por su labor en favor de nuestra naci\u00f3n. Personalidades de diversos \u00e1mbitos que con su trayectoria profesional, trabajo, acciones y altruismo han logrado causar un fuerte impacto en la sociedad mexicana.<\/p>\n\n\n\n<p>La presea fue creada para galardonar a la excelencia en la pol\u00edtica, la cultura, el espect\u00e1culo, el deporte, la m\u00fasica, el cine, entre otros \u00e1mbitos; es considerado como uno de los galardones m\u00e1s importantes en su g\u00e9nero y las personalidades que lo obtienen son seleccionadas minuciosamente por el Consejo.<\/p>\n\n\n\n<p>El premio se entrega anualmente a trav\u00e9s de una ceremonia de gala donde se encuentran reunidos pol\u00edticos, escritores, historiadores, escultores, pintores, educadores, deportistas, fot\u00f3grafos, arquitectos, empresarios, m\u00fasicos, entre otras personalidades.<\/p>\n\n\n\n<p>En esta ocasi\u00f3n se realizar\u00e1 por primera vez una edici\u00f3n conmemorativa por los festejos de los 700 a\u00f1os de la fundaci\u00f3n de M\u00e9xico-Tenochtitl\u00e1n, los 502 a\u00f1os de la fundaci\u00f3n de Veracruz y los 200 a\u00f1os de la consumaci\u00f3n de la Independencia de M\u00e9xico.<\/p>\n","protected":false},"excerpt":{"rendered":"<p>Enrique Yasser PompeyoCoatepec El Galard\u00f3n a la Trayectoria \u201cLa Cruz Diamante\u201d 2021 ser\u00e1 entregado a Dolores Guti\u00e9rrez Trujillo, fundadora de la asociaci\u00f3n civil \u201cManos Unidas Coatepec, es tiempo de ayudar\u201d.El anuncio del reconocimiento se hizo este jueves y se le dar\u00e1 por su labor altruista de casi veinte a\u00f1os en favor de la poblaci\u00f3n coatepecana, [&hellip;]<\/p>\n","protected":false},"author":2,"featured_media":0,"comment_status":"open","ping_status":"open","sticky":false,"template":"","format":"standard","meta":{"tdm_status":"","tdm_grid_status":"","footnotes":""},"categories":[6446],"tags":[26425,26427,26426],"class_list":{"0":"post-68758","1":"post","2":"type-post","3":"status-publish","4":"format-standard","6":"category-la-nota","7":"tag-dolores-gutierrez-trujillo","8":"tag-la-cruz-diamante","9":"tag-manos-unidas-coatepec"},"yoast_head":"<!-- This site is optimized with the Yoast SEO plugin v27.4 - https:\/\/yoast.com\/product\/yoast-seo-wordpress\/ -->\n<title>La Cruz Diamante, para Manos Unidas Coatepec - Los pol\u00edticos Veracruz<\/title>\n<meta name=\"robots\" content=\"index, follow, max-snippet:-1, max-image-preview:large, max-video-preview:-1\" \/>\n<link rel=\"canonical\" href=\"https:\/\/lospoliticosveracruz.com\/?p=68758\" \/>\n<meta property=\"og:locale\" content=\"es_ES\" \/>\n<meta property=\"og:type\" content=\"article\" \/>\n<meta property=\"og:title\" content=\"La Cruz Diamante, para Manos Unidas Coatepec - Los pol\u00edticos Veracruz\" \/>\n<meta property=\"og:description\" content=\"Enrique Yasser PompeyoCoatepec El Galard\u00f3n a la Trayectoria \u201cLa Cruz Diamante\u201d 2021 ser\u00e1 entregado a Dolores Guti\u00e9rrez Trujillo, fundadora de la asociaci\u00f3n civil \u201cManos Unidas Coatepec, es tiempo de ayudar\u201d.El anuncio del reconocimiento se hizo este jueves y se le dar\u00e1 por su labor altruista de casi veinte a\u00f1os en favor de la poblaci\u00f3n coatepecana, [&hellip;]\" \/>\n<meta property=\"og:url\" content=\"https:\/\/lospoliticosveracruz.com\/?p=68758\" \/>\n<meta property=\"og:site_name\" content=\"Los pol\u00edticos Veracruz\" \/>\n<meta property=\"article:publisher\" content=\"https:\/\/www.facebook.com\/people\/Notimemes-de-los-Polticos\/61565672886568\/\" \/>\n<meta property=\"article:published_time\" content=\"2021-02-25T22:51:41+00:00\" \/>\n<meta property=\"article:modified_time\" content=\"2021-02-25T22:51:46+00:00\" \/>\n<meta property=\"og:image\" content=\"https:\/\/lospoliticosveracruz.com\/wp-content\/uploads\/2016\/07\/Logo-Dor.jpg\" \/>\n\t<meta property=\"og:image:width\" content=\"200\" \/>\n\t<meta property=\"og:image:height\" content=\"200\" \/>\n\t<meta property=\"og:image:type\" content=\"image\/jpeg\" \/>\n<meta name=\"author\" content=\"Lo viste en Los Pol\u00edticos\" \/>\n<meta name=\"twitter:card\" content=\"summary_large_image\" \/>\n<meta name=\"twitter:creator\" content=\"@LosPoliticosVer\" \/>\n<meta name=\"twitter:site\" content=\"@LosPoliticosVer\" \/>\n<meta name=\"twitter:label1\" content=\"Escrito por\" \/>\n\t<meta name=\"twitter:data1\" content=\"Lo viste en Los Pol\u00edticos\" \/>\n\t<meta name=\"twitter:label2\" content=\"Tiempo de lectura\" \/>\n\t<meta name=\"twitter:data2\" content=\"3 minutos\" \/>\n<script type=\"application\/ld+json\" class=\"yoast-schema-graph\">{\"@context\":\"https:\\\/\\\/schema.org\",\"@graph\":[{\"@type\":\"Article\",\"@id\":\"https:\\\/\\\/lospoliticosveracruz.com\\\/?p=68758#article\",\"isPartOf\":{\"@id\":\"https:\\\/\\\/lospoliticosveracruz.com\\\/?p=68758\"},\"author\":{\"name\":\"Lo viste en Los Pol\u00edticos\",\"@id\":\"https:\\\/\\\/lospoliticosveracruz.com\\\/#\\\/schema\\\/person\\\/b8702bb0e538456e6efd07080bf2a4a2\"},\"headline\":\"La Cruz Diamante, para Manos Unidas Coatepec\",\"datePublished\":\"2021-02-25T22:51:41+00:00\",\"dateModified\":\"2021-02-25T22:51:46+00:00\",\"mainEntityOfPage\":{\"@id\":\"https:\\\/\\\/lospoliticosveracruz.com\\\/?p=68758\"},\"wordCount\":553,\"commentCount\":0,\"publisher\":{\"@id\":\"https:\\\/\\\/lospoliticosveracruz.com\\\/#organization\"},\"keywords\":[\"Dolores Guti\u00e9rrez Trujillo\",\"La Cruz Diamante\",\"Manos Unidas Coatepec\"],\"articleSection\":[\"La Nota\"],\"inLanguage\":\"es\",\"potentialAction\":[{\"@type\":\"CommentAction\",\"name\":\"Comment\",\"target\":[\"https:\\\/\\\/lospoliticosveracruz.com\\\/?p=68758#respond\"]}]},{\"@type\":\"WebPage\",\"@id\":\"https:\\\/\\\/lospoliticosveracruz.com\\\/?p=68758\",\"url\":\"https:\\\/\\\/lospoliticosveracruz.com\\\/?p=68758\",\"name\":\"La Cruz Diamante, para Manos Unidas Coatepec - Los pol\u00edticos Veracruz\",\"isPartOf\":{\"@id\":\"https:\\\/\\\/lospoliticosveracruz.com\\\/#website\"},\"datePublished\":\"2021-02-25T22:51:41+00:00\",\"dateModified\":\"2021-02-25T22:51:46+00:00\",\"breadcrumb\":{\"@id\":\"https:\\\/\\\/lospoliticosveracruz.com\\\/?p=68758#breadcrumb\"},\"inLanguage\":\"es\",\"potentialAction\":[{\"@type\":\"ReadAction\",\"target\":[\"https:\\\/\\\/lospoliticosveracruz.com\\\/?p=68758\"]}]},{\"@type\":\"BreadcrumbList\",\"@id\":\"https:\\\/\\\/lospoliticosveracruz.com\\\/?p=68758#breadcrumb\",\"itemListElement\":[{\"@type\":\"ListItem\",\"position\":1,\"name\":\"Portada\",\"item\":\"https:\\\/\\\/lospoliticosveracruz.com\\\/\"},{\"@type\":\"ListItem\",\"position\":2,\"name\":\"La Cruz Diamante, para Manos Unidas Coatepec\"}]},{\"@type\":\"WebSite\",\"@id\":\"https:\\\/\\\/lospoliticosveracruz.com\\\/#website\",\"url\":\"https:\\\/\\\/lospoliticosveracruz.com\\\/\",\"name\":\"Los pol\u00edticos Veracruz\",\"description\":\"\",\"publisher\":{\"@id\":\"https:\\\/\\\/lospoliticosveracruz.com\\\/#organization\"},\"potentialAction\":[{\"@type\":\"SearchAction\",\"target\":{\"@type\":\"EntryPoint\",\"urlTemplate\":\"https:\\\/\\\/lospoliticosveracruz.com\\\/?s={search_term_string}\"},\"query-input\":{\"@type\":\"PropertyValueSpecification\",\"valueRequired\":true,\"valueName\":\"search_term_string\"}}],\"inLanguage\":\"es\"},{\"@type\":\"Organization\",\"@id\":\"https:\\\/\\\/lospoliticosveracruz.com\\\/#organization\",\"name\":\"Los pol\u00edticos Veracruz\",\"url\":\"https:\\\/\\\/lospoliticosveracruz.com\\\/\",\"logo\":{\"@type\":\"ImageObject\",\"inLanguage\":\"es\",\"@id\":\"https:\\\/\\\/lospoliticosveracruz.com\\\/#\\\/schema\\\/logo\\\/image\\\/\",\"url\":\"https:\\\/\\\/lospoliticosveracruz.com\\\/wp-content\\\/uploads\\\/2025\\\/12\\\/Logo-Nuevo-LOS-POLITICOS-1.jpg\",\"contentUrl\":\"https:\\\/\\\/lospoliticosveracruz.com\\\/wp-content\\\/uploads\\\/2025\\\/12\\\/Logo-Nuevo-LOS-POLITICOS-1.jpg\",\"width\":260,\"height\":70,\"caption\":\"Los pol\u00edticos Veracruz\"},\"image\":{\"@id\":\"https:\\\/\\\/lospoliticosveracruz.com\\\/#\\\/schema\\\/logo\\\/image\\\/\"},\"sameAs\":[\"https:\\\/\\\/www.facebook.com\\\/people\\\/Notimemes-de-los-Polticos\\\/61565672886568\\\/\",\"https:\\\/\\\/x.com\\\/LosPoliticosVer\"]},{\"@type\":\"Person\",\"@id\":\"https:\\\/\\\/lospoliticosveracruz.com\\\/#\\\/schema\\\/person\\\/b8702bb0e538456e6efd07080bf2a4a2\",\"name\":\"Lo viste en Los Pol\u00edticos\",\"image\":{\"@type\":\"ImageObject\",\"inLanguage\":\"es\",\"@id\":\"https:\\\/\\\/secure.gravatar.com\\\/avatar\\\/3a8de04a2656d44082be478bd6c086daa447c4651605818287b9532d3d0bd435?s=96&d=mm&r=g\",\"url\":\"https:\\\/\\\/secure.gravatar.com\\\/avatar\\\/3a8de04a2656d44082be478bd6c086daa447c4651605818287b9532d3d0bd435?s=96&d=mm&r=g\",\"contentUrl\":\"https:\\\/\\\/secure.gravatar.com\\\/avatar\\\/3a8de04a2656d44082be478bd6c086daa447c4651605818287b9532d3d0bd435?s=96&d=mm&r=g\",\"caption\":\"Lo viste en Los Pol\u00edticos\"},\"url\":\"https:\\\/\\\/lospoliticosveracruz.com\\\/?author=2\"}]}<\/script>\n<!-- \/ Yoast SEO plugin. -->","yoast_head_json":{"title":"La Cruz Diamante, para Manos Unidas Coatepec - Los pol\u00edticos Veracruz","robots":{"index":"index","follow":"follow","max-snippet":"max-snippet:-1","max-image-preview":"max-image-preview:large","max-video-preview":"max-video-preview:-1"},"canonical":"https:\/\/lospoliticosveracruz.com\/?p=68758","og_locale":"es_ES","og_type":"article","og_title":"La Cruz Diamante, para Manos Unidas Coatepec - Los pol\u00edticos Veracruz","og_description":"Enrique Yasser PompeyoCoatepec El Galard\u00f3n a la Trayectoria \u201cLa Cruz Diamante\u201d 2021 ser\u00e1 entregado a Dolores Guti\u00e9rrez Trujillo, fundadora de la asociaci\u00f3n civil \u201cManos Unidas Coatepec, es tiempo de ayudar\u201d.El anuncio del reconocimiento se hizo este jueves y se le dar\u00e1 por su labor altruista de casi veinte a\u00f1os en favor de la poblaci\u00f3n coatepecana, [&hellip;]","og_url":"https:\/\/lospoliticosveracruz.com\/?p=68758","og_site_name":"Los pol\u00edticos Veracruz","article_publisher":"https:\/\/www.facebook.com\/people\/Notimemes-de-los-Polticos\/61565672886568\/","article_published_time":"2021-02-25T22:51:41+00:00","article_modified_time":"2021-02-25T22:51:46+00:00","og_image":[{"width":200,"height":200,"url":"https:\/\/lospoliticosveracruz.com\/wp-content\/uploads\/2016\/07\/Logo-Dor.jpg","type":"image\/jpeg"}],"author":"Lo viste en Los Pol\u00edticos","twitter_card":"summary_large_image","twitter_creator":"@LosPoliticosVer","twitter_site":"@LosPoliticosVer","twitter_misc":{"Escrito por":"Lo viste en Los Pol\u00edticos","Tiempo de lectura":"3 minutos"},"schema":{"@context":"https:\/\/schema.org","@graph":[{"@type":"Article","@id":"https:\/\/lospoliticosveracruz.com\/?p=68758#article","isPartOf":{"@id":"https:\/\/lospoliticosveracruz.com\/?p=68758"},"author":{"name":"Lo viste en Los Pol\u00edticos","@id":"https:\/\/lospoliticosveracruz.com\/#\/schema\/person\/b8702bb0e538456e6efd07080bf2a4a2"},"headline":"La Cruz Diamante, para Manos Unidas Coatepec","datePublished":"2021-02-25T22:51:41+00:00","dateModified":"2021-02-25T22:51:46+00:00","mainEntityOfPage":{"@id":"https:\/\/lospoliticosveracruz.com\/?p=68758"},"wordCount":553,"commentCount":0,"publisher":{"@id":"https:\/\/lospoliticosveracruz.com\/#organization"},"keywords":["Dolores Guti\u00e9rrez Trujillo","La Cruz Diamante","Manos Unidas Coatepec"],"articleSection":["La Nota"],"inLanguage":"es","potentialAction":[{"@type":"CommentAction","name":"Comment","target":["https:\/\/lospoliticosveracruz.com\/?p=68758#respond"]}]},{"@type":"WebPage","@id":"https:\/\/lospoliticosveracruz.com\/?p=68758","url":"https:\/\/lospoliticosveracruz.com\/?p=68758","name":"La Cruz Diamante, para Manos Unidas Coatepec - Los pol\u00edticos Veracruz","isPartOf":{"@id":"https:\/\/lospoliticosveracruz.com\/#website"},"datePublished":"2021-02-25T22:51:41+00:00","dateModified":"2021-02-25T22:51:46+00:00","breadcrumb":{"@id":"https:\/\/lospoliticosveracruz.com\/?p=68758#breadcrumb"},"inLanguage":"es","potentialAction":[{"@type":"ReadAction","target":["https:\/\/lospoliticosveracruz.com\/?p=68758"]}]},{"@type":"BreadcrumbList","@id":"https:\/\/lospoliticosveracruz.com\/?p=68758#breadcrumb","itemListElement":[{"@type":"ListItem","position":1,"name":"Portada","item":"https:\/\/lospoliticosveracruz.com\/"},{"@type":"ListItem","position":2,"name":"La Cruz Diamante, para Manos Unidas Coatepec"}]},{"@type":"WebSite","@id":"https:\/\/lospoliticosveracruz.com\/#website","url":"https:\/\/lospoliticosveracruz.com\/","name":"Los pol\u00edticos Veracruz","description":"","publisher":{"@id":"https:\/\/lospoliticosveracruz.com\/#organization"},"potentialAction":[{"@type":"SearchAction","target":{"@type":"EntryPoint","urlTemplate":"https:\/\/lospoliticosveracruz.com\/?s={search_term_string}"},"query-input":{"@type":"PropertyValueSpecification","valueRequired":true,"valueName":"search_term_string"}}],"inLanguage":"es"},{"@type":"Organization","@id":"https:\/\/lospoliticosveracruz.com\/#organization","name":"Los pol\u00edticos Veracruz","url":"https:\/\/lospoliticosveracruz.com\/","logo":{"@type":"ImageObject","inLanguage":"es","@id":"https:\/\/lospoliticosveracruz.com\/#\/schema\/logo\/image\/","url":"https:\/\/lospoliticosveracruz.com\/wp-content\/uploads\/2025\/12\/Logo-Nuevo-LOS-POLITICOS-1.jpg","contentUrl":"https:\/\/lospoliticosveracruz.com\/wp-content\/uploads\/2025\/12\/Logo-Nuevo-LOS-POLITICOS-1.jpg","width":260,"height":70,"caption":"Los pol\u00edticos Veracruz"},"image":{"@id":"https:\/\/lospoliticosveracruz.com\/#\/schema\/logo\/image\/"},"sameAs":["https:\/\/www.facebook.com\/people\/Notimemes-de-los-Polticos\/61565672886568\/","https:\/\/x.com\/LosPoliticosVer"]},{"@type":"Person","@id":"https:\/\/lospoliticosveracruz.com\/#\/schema\/person\/b8702bb0e538456e6efd07080bf2a4a2","name":"Lo viste en Los Pol\u00edticos","image":{"@type":"ImageObject","inLanguage":"es","@id":"https:\/\/secure.gravatar.com\/avatar\/3a8de04a2656d44082be478bd6c086daa447c4651605818287b9532d3d0bd435?s=96&d=mm&r=g","url":"https:\/\/secure.gravatar.com\/avatar\/3a8de04a2656d44082be478bd6c086daa447c4651605818287b9532d3d0bd435?s=96&d=mm&r=g","contentUrl":"https:\/\/secure.gravatar.com\/avatar\/3a8de04a2656d44082be478bd6c086daa447c4651605818287b9532d3d0bd435?s=96&d=mm&r=g","caption":"Lo viste en Los Pol\u00edticos"},"url":"https:\/\/lospoliticosveracruz.com\/?author=2"}]}},"_links":{"self":[{"href":"https:\/\/lospoliticosveracruz.com\/index.php?rest_route=\/wp\/v2\/posts\/68758","targetHints":{"allow":["GET"]}}],"collection":[{"href":"https:\/\/lospoliticosveracruz.com\/index.php?rest_route=\/wp\/v2\/posts"}],"about":[{"href":"https:\/\/lospoliticosveracruz.com\/index.php?rest_route=\/wp\/v2\/types\/post"}],"author":[{"embeddable":true,"href":"https:\/\/lospoliticosveracruz.com\/index.php?rest_route=\/wp\/v2\/users\/2"}],"replies":[{"embeddable":true,"href":"https:\/\/lospoliticosveracruz.com\/index.php?rest_route=%2Fwp%2Fv2%2Fcomments&post=68758"}],"version-history":[{"count":1,"href":"https:\/\/lospoliticosveracruz.com\/index.php?rest_route=\/wp\/v2\/posts\/68758\/revisions"}],"predecessor-version":[{"id":68760,"href":"https:\/\/lospoliticosveracruz.com\/index.php?rest_route=\/wp\/v2\/posts\/68758\/revisions\/68760"}],"wp:attachment":[{"href":"https:\/\/lospoliticosveracruz.com\/index.php?rest_route=%2Fwp%2Fv2%2Fmedia&parent=68758"}],"wp:term":[{"taxonomy":"category","embeddable":true,"href":"https:\/\/lospoliticosveracruz.com\/index.php?rest_route=%2Fwp%2Fv2%2Fcategories&post=68758"},{"taxonomy":"post_tag","embeddable":true,"href":"https:\/\/lospoliticosveracruz.com\/index.php?rest_route=%2Fwp%2Fv2%2Ftags&post=68758"}],"curies":[{"name":"wp","href":"https:\/\/api.w.org\/{rel}","templated":true}]}}