{"id":68791,"date":"2021-02-26T08:37:46","date_gmt":"2021-02-26T14:37:46","guid":{"rendered":"http:\/\/www.lospoliticosveracruz.com.mx\/?p=68791"},"modified":"2021-02-26T08:37:50","modified_gmt":"2021-02-26T14:37:50","slug":"la-lucha-sigue","status":"publish","type":"post","link":"https:\/\/lospoliticosveracruz.com\/?p=68791","title":{"rendered":"La lucha sigue&#8230;"},"content":{"rendered":"\n<p><strong>Ricardo Ch\u00faa<\/strong><br><em>Sale y Vale<\/em><\/p>\n\n\n\n<p>OJO\u2026 Tal como lo mencionamos en este espacio\u2026 Ra\u00fal Arias Lovillo fue presentado por Movimiento Ciudadano como candidato a la alcald\u00eda de Xalapa\u2026 Dejan fuera a \u00abCo\u00f1o Loco\u00bb\u2026 El tema es que si Lovillo sigue teniendo como estratega \u00abestrella\u00bb a Rafael Vela Mart\u00ednez y lo hace coordinador de campa\u00f1a, pues, el resultado ser\u00e1 el mismo cuando era independiente\u2026 Si no le pudo juntar firmas\u2026 Menos podr\u00e1 juntar votos\u2026 FRACASO TOTAL.. RAL necesita un estratega tipo Fidel o Yunes para competir a Ricardo Ahued o David Velasco\u2026 No a un \u00abDoctor\u00bb Simi<\/p>\n\n\n\n<p>MIGUEL, BINGEN, TEPJF, LA LUCHA SIGUE\u2026 Si bien es cierto la decisi\u00f3n que tom\u00f3 el Tribunal Electoral del Poder Judicial de la Federaci\u00f3n al REVOCAR la del Tribunal Electoral de Veracruz (TEV), de permitir votar en la pasada contienda del PAN porte\u00f1o el 14 de febrero, a esos famosos 450 nuevos militantes panistas, de la famosa Mesa 9, que fueron conocidos como \u00abLos Cachirules Azules\u00bb\u2026 Fue un GOLPE MIEDI\u00c1TICO a favor de Miguel \u00c1ngel Yunes M\u00e1rquez\u2026 No una DECISI\u00d3N DEIFINITIVA\u2026 .<br>La REALIDAD es que el TEPJF dio una resoluci\u00f3n de una de tantas impugnaciones y fue la que puso el propio Miguel \u00c1ngel junior\u2026 Faltan que se resuelvan las que interpuso la militancia panista ante tribunales electorales y del PAN, adem\u00e1s las que realiz\u00f3 el propio Bingen Rementeria\u2026 ASI QUE NO SE HA GANADO NADA AUN\u2026 Faltan las dem\u00e1s impugnaciones y quiz\u00e1s la decisi\u00f3n de que haya una SEGUNDA VUELTA en la elecci\u00f3n interna\u2026 Y, ah\u00ed, todo puede pasar\u2026<br>Esto s\u00f3lo es APROVECHADO por el equipo medi\u00e1tico de Miguel \u00c1ngel Yunes M\u00e1rquez, para \u00abechar las campanas al vuelo\u00bb\u2026 Como una buena estrategia medi\u00e1tica porque confunde a los que est\u00e1n fuera del \u00abc\u00edrculo rojo\u00bb de la clase pol\u00edtica y medi\u00e1tica\u2026 Y hace ver que si hay una SEGUNDA VUELTA la militancia que aun no sabe a qui\u00e9n le dar\u00eda su apoyo y los que est\u00e1n con Bingen.. Simplemente SE DESMORALICEN porque creen que todo YA SE PERDI\u00d3\u2026 Pero NO ES AS\u00cd\u2026<br>Ya que como se mencion\u00f3 anteriormente faltan todas las dem\u00e1s IMPUGNACIONES por dirimirse y que adem\u00e1s, dice \u00abGarganta Profunda Azul\u00bb falta pasar la traba legal m\u00e1s fuete que tiene Yunes M\u00e1rquez en contra\u2026 Que es el asunto de la RESIDENCIA , ya que la misma se resolver\u00e1 en tribunales electorales\u2026 No en la sede nacional o en el comit\u00e9 estatal del PAN, por lo tanto es la \u00abaduana\u00bb m\u00e1s dif\u00edcil que habr\u00e1 de enfrentar\u2026<br>As\u00ed que de manera concreta\u2026 \u00abGarganta Profunda\u00bb lo se\u00f1ala sin \u00abpelos en la lengua\u00bb\u2026 La elecci\u00f3n interna del PAN a la alcald\u00eda de Veracruz entre Miguel \u00c1ngel junior y Bingen, del pasado 14 de febrero, est\u00e1 impugnada\u2026 No por los 12 votos de diferencia que gan\u00f3 Yunes a Rementeria\u2026 NO\u2026 Si no porque al interior del recinto donde estaban las mesas de votaciones, no dejaron y no pudieron votar todos los militantes\u2026 Por eso, hay sospechas de que el tema del TEPJF fue operado por el CEN del PAN para \u00abarropar\u00bb al ganador\u2026<br>Sin embargo, esta acci\u00f3n es s\u00f3lo una de los elementos por lo cual est\u00e1 IMPUGNADA la elecci\u00f3n interna, que fue la diferencia de votaci\u00f3n\u2026 Pero tambi\u00e9n el mismo proceso interno, fue impugnado por los hechos de violencia, por la inequidad porque no se repartieron las boletas de votaci\u00f3n a toda la militancia interna que ten\u00eda derecho a voto, como muestran los v\u00eddeos\u2026 Hay que recodar que tambi\u00e9n fue impugnada la elecci\u00f3n porque se rompieron boletas de manera p\u00fablica\u2026 La lucha sigue\u2026<br>Desde luego, la decisi\u00f3n que toma el TEPJF ayer por la noche, es un \u00abgolpe demoledor\u00bb para los Rementeria\u2026 No se puede negar\u2026 Pero a Bingen esto no lo hizo \u00abcaer\u00bb dentro del cuadril\u00e1tero\u2026 Ya que todos estos recursos NO est\u00e1n desechados dentro del comit\u00e9 nacional del PAN\u2026 Lo que queda por verse, es que si el equipo de Los Rementeria ganan los otros recursos al interior del PAN y se resuelve que habr\u00e1 una segunda asamblea interna.. Es donde las cosas pueden cambiar en este proceso interno\u2026<br>Esto debido a que por ley, ya no habr\u00eda prohibici\u00f3n para que voten los militantes, los llamados \u00ab450 cachirules\u00bb\u2026 Es donde, se presume que el resultado final entre ambos contendientes puede variar.. Pero pasando este tema y si llegara a ganar de nuevo Miguel \u00c1ngel junior\u2026 Faltar\u00eda aun que resuelva en tribunales electorales, la impugnaci\u00f3n por la residencia y en eso ya no tiene control el CEN del PAN\u2026 As\u00ed que esto es cuesti\u00f3n de enfoques\u2026 El caso es que en el PAN porte\u00f1o, NO TODO EST\u00c1 DICHO\u2026<br>OJO\u2026 La otra interpretaci\u00f3n que le dan a la resoluci\u00f3n del TEPJF sobre el tema de la contienda interna del PAN porte\u00f1o por la candidatura a la presidencia municipal\u2026 Es que este tribunal, NO ANULA LOS VOTOS.., Si no que ya le tocar\u00e1 RESOLVER al respecto de esta convenci\u00f3n al interior del panismo de Veracruz puerto a la Comisi\u00f3n de Justicia Partidaria del comit\u00e9 nacional y estatal\u2026 Es decir, parte de la suerte de Miguel est\u00e1 en manos Marko y \u00abEl Chapito\u00bb Guzm\u00e1n\u2026 AMEN\u2026 LA LUCHA SIGUE\u2026<\/p>\n\n\n\n<p>LA FGE, EL DESORDEN SIGUE.. Hace 10 d\u00edas se\u00f1alamos en este espacio, que la Fiscal\u00eda General de Veracruz adolec\u00eda de peritos expertos para resolver hechos violentos en la entidad, desde la misma escena del crimen\u2026 Y que la Fiscal, Ver\u00f3nica Hern\u00e1ndez, no ten\u00eda a nadie con pericia y experiencia, que le dijera qu\u00e9 pasaba en los sitios, donde estaban las v\u00edctimas en un crimen de alto impacto social como fue el de Gladys Merl\u00edn y su hija, Karla Enr\u00edquez o el de Jamapa con Florisel R\u00edos\u2026<br>El caso es que bast\u00f3 una denuncia de una doctora y perito, en un portal de un medio de comunicaci\u00f3n de Xalapa, para corroborar lo publicado en este espacio.. A la cual presuntamente presionan para cambiar el dictamen de la autopsia hecha a la alcaldesa asesinada el pasado 11 de noviembre del 2020 en Medell\u00edn de Bravo.. Ya que hubo negligencia en la investigaci\u00f3n del crimen y ahora el delegado de servicios periciales de Veracruz puerto, Abel Roa Franco, la presiona para que la FGE no salga da\u00f1ada\u2026 Pero es INEXPERIENCIA DE LOS PERITOS\u2026<br>Ese desorden de Servicios Periciales y fallas denunciadas porque hay incapacidad en los elementos\u2026 Es porque son novatos y por justificar fallas por cuestiones de car\u00e1cter t\u00e9cnicas, presionan a sus subalternos\u2026 S\u00f3lo como dato\u2026 El denunciado Roa Franco, es TOPOGRAFO y era perito para asuntos de topograf\u00eda\u2026 No se sabe si estudio criminal\u00edstica o por lo menos derecho penal\u2026 \u00bf?\u2026 Un top\u00f3grafo experto en medicina forense IMAGENENSE\u2026 Pero si la cabeza no sabe\u2026 Los pies no caminan\u2026 HAY VERO ahora a ti, te echaron el problema\u2026 Y AUN HAY M\u00c1S\u2026 AMEN\u2026<\/p>\n","protected":false},"excerpt":{"rendered":"<p>Ricardo Ch\u00faaSale y Vale OJO\u2026 Tal como lo mencionamos en este espacio\u2026 Ra\u00fal Arias Lovillo fue presentado por Movimiento Ciudadano como candidato a la alcald\u00eda de Xalapa\u2026 Dejan fuera a \u00abCo\u00f1o Loco\u00bb\u2026 El tema es que si Lovillo sigue teniendo como estratega \u00abestrella\u00bb a Rafael Vela Mart\u00ednez y lo hace coordinador de campa\u00f1a, pues, el [&hellip;]<\/p>\n","protected":false},"author":2,"featured_media":0,"comment_status":"open","ping_status":"open","sticky":false,"template":"","format":"standard","meta":{"tdm_status":"","tdm_grid_status":"","footnotes":""},"categories":[70],"tags":[1273,266,8015,12621,876,14196,8317,6753],"class_list":{"0":"post-68791","1":"post","2":"type-post","3":"status-publish","4":"format-standard","6":"category-de-opinion","7":"tag-david-velasco","8":"tag-pan","9":"tag-rafael-vela-martinez","10":"tag-raul-arias-lovillo","11":"tag-ricardo-ahued","12":"tag-tepjf","13":"tag-tev","14":"tag-tribunal-electoral-de-veracruz"},"yoast_head":"<!-- This site is optimized with the Yoast SEO plugin v27.4 - https:\/\/yoast.com\/product\/yoast-seo-wordpress\/ -->\n<title>La lucha sigue... - Los pol\u00edticos Veracruz<\/title>\n<meta name=\"robots\" content=\"index, follow, max-snippet:-1, max-image-preview:large, max-video-preview:-1\" \/>\n<link rel=\"canonical\" href=\"https:\/\/lospoliticosveracruz.com\/?p=68791\" \/>\n<meta property=\"og:locale\" content=\"es_ES\" \/>\n<meta property=\"og:type\" content=\"article\" \/>\n<meta property=\"og:title\" content=\"La lucha sigue... - Los pol\u00edticos Veracruz\" \/>\n<meta property=\"og:description\" content=\"Ricardo Ch\u00faaSale y Vale OJO\u2026 Tal como lo mencionamos en este espacio\u2026 Ra\u00fal Arias Lovillo fue presentado por Movimiento Ciudadano como candidato a la alcald\u00eda de Xalapa\u2026 Dejan fuera a \u00abCo\u00f1o Loco\u00bb\u2026 El tema es que si Lovillo sigue teniendo como estratega \u00abestrella\u00bb a Rafael Vela Mart\u00ednez y lo hace coordinador de campa\u00f1a, pues, el [&hellip;]\" \/>\n<meta property=\"og:url\" content=\"https:\/\/lospoliticosveracruz.com\/?p=68791\" \/>\n<meta property=\"og:site_name\" content=\"Los pol\u00edticos Veracruz\" \/>\n<meta property=\"article:publisher\" content=\"https:\/\/www.facebook.com\/people\/Notimemes-de-los-Polticos\/61565672886568\/\" \/>\n<meta property=\"article:published_time\" content=\"2021-02-26T14:37:46+00:00\" \/>\n<meta property=\"article:modified_time\" content=\"2021-02-26T14:37:50+00:00\" \/>\n<meta property=\"og:image\" content=\"https:\/\/lospoliticosveracruz.com\/wp-content\/uploads\/2016\/07\/Logo-Dor.jpg\" \/>\n\t<meta property=\"og:image:width\" content=\"200\" \/>\n\t<meta property=\"og:image:height\" content=\"200\" \/>\n\t<meta property=\"og:image:type\" content=\"image\/jpeg\" \/>\n<meta name=\"author\" content=\"Lo viste en Los Pol\u00edticos\" \/>\n<meta name=\"twitter:card\" content=\"summary_large_image\" \/>\n<meta name=\"twitter:creator\" content=\"@LosPoliticosVer\" \/>\n<meta name=\"twitter:site\" content=\"@LosPoliticosVer\" \/>\n<meta name=\"twitter:label1\" content=\"Escrito por\" \/>\n\t<meta name=\"twitter:data1\" content=\"Lo viste en Los Pol\u00edticos\" \/>\n\t<meta name=\"twitter:label2\" content=\"Tiempo de lectura\" \/>\n\t<meta name=\"twitter:data2\" content=\"6 minutos\" \/>\n<script type=\"application\/ld+json\" class=\"yoast-schema-graph\">{\"@context\":\"https:\\\/\\\/schema.org\",\"@graph\":[{\"@type\":\"Article\",\"@id\":\"https:\\\/\\\/lospoliticosveracruz.com\\\/?p=68791#article\",\"isPartOf\":{\"@id\":\"https:\\\/\\\/lospoliticosveracruz.com\\\/?p=68791\"},\"author\":{\"name\":\"Lo viste en Los Pol\u00edticos\",\"@id\":\"https:\\\/\\\/lospoliticosveracruz.com\\\/#\\\/schema\\\/person\\\/b8702bb0e538456e6efd07080bf2a4a2\"},\"headline\":\"La lucha sigue&#8230;\",\"datePublished\":\"2021-02-26T14:37:46+00:00\",\"dateModified\":\"2021-02-26T14:37:50+00:00\",\"mainEntityOfPage\":{\"@id\":\"https:\\\/\\\/lospoliticosveracruz.com\\\/?p=68791\"},\"wordCount\":1196,\"commentCount\":0,\"publisher\":{\"@id\":\"https:\\\/\\\/lospoliticosveracruz.com\\\/#organization\"},\"keywords\":[\"David Velasco\",\"PAN\",\"Rafael Vela Mart\u00ednez\",\"Ra\u00fal Arias Lovillo\",\"Ricardo Ahued\",\"TEPJF\",\"TEV\",\"Tribunal Electoral de Veracruz\"],\"articleSection\":[\"De Opini\u00f3n\"],\"inLanguage\":\"es\",\"potentialAction\":[{\"@type\":\"CommentAction\",\"name\":\"Comment\",\"target\":[\"https:\\\/\\\/lospoliticosveracruz.com\\\/?p=68791#respond\"]}]},{\"@type\":\"WebPage\",\"@id\":\"https:\\\/\\\/lospoliticosveracruz.com\\\/?p=68791\",\"url\":\"https:\\\/\\\/lospoliticosveracruz.com\\\/?p=68791\",\"name\":\"La lucha sigue... - Los pol\u00edticos Veracruz\",\"isPartOf\":{\"@id\":\"https:\\\/\\\/lospoliticosveracruz.com\\\/#website\"},\"datePublished\":\"2021-02-26T14:37:46+00:00\",\"dateModified\":\"2021-02-26T14:37:50+00:00\",\"breadcrumb\":{\"@id\":\"https:\\\/\\\/lospoliticosveracruz.com\\\/?p=68791#breadcrumb\"},\"inLanguage\":\"es\",\"potentialAction\":[{\"@type\":\"ReadAction\",\"target\":[\"https:\\\/\\\/lospoliticosveracruz.com\\\/?p=68791\"]}]},{\"@type\":\"BreadcrumbList\",\"@id\":\"https:\\\/\\\/lospoliticosveracruz.com\\\/?p=68791#breadcrumb\",\"itemListElement\":[{\"@type\":\"ListItem\",\"position\":1,\"name\":\"Portada\",\"item\":\"https:\\\/\\\/lospoliticosveracruz.com\\\/\"},{\"@type\":\"ListItem\",\"position\":2,\"name\":\"La lucha sigue&#8230;\"}]},{\"@type\":\"WebSite\",\"@id\":\"https:\\\/\\\/lospoliticosveracruz.com\\\/#website\",\"url\":\"https:\\\/\\\/lospoliticosveracruz.com\\\/\",\"name\":\"Los pol\u00edticos Veracruz\",\"description\":\"\",\"publisher\":{\"@id\":\"https:\\\/\\\/lospoliticosveracruz.com\\\/#organization\"},\"potentialAction\":[{\"@type\":\"SearchAction\",\"target\":{\"@type\":\"EntryPoint\",\"urlTemplate\":\"https:\\\/\\\/lospoliticosveracruz.com\\\/?s={search_term_string}\"},\"query-input\":{\"@type\":\"PropertyValueSpecification\",\"valueRequired\":true,\"valueName\":\"search_term_string\"}}],\"inLanguage\":\"es\"},{\"@type\":\"Organization\",\"@id\":\"https:\\\/\\\/lospoliticosveracruz.com\\\/#organization\",\"name\":\"Los pol\u00edticos Veracruz\",\"url\":\"https:\\\/\\\/lospoliticosveracruz.com\\\/\",\"logo\":{\"@type\":\"ImageObject\",\"inLanguage\":\"es\",\"@id\":\"https:\\\/\\\/lospoliticosveracruz.com\\\/#\\\/schema\\\/logo\\\/image\\\/\",\"url\":\"https:\\\/\\\/lospoliticosveracruz.com\\\/wp-content\\\/uploads\\\/2025\\\/12\\\/Logo-Nuevo-LOS-POLITICOS-1.jpg\",\"contentUrl\":\"https:\\\/\\\/lospoliticosveracruz.com\\\/wp-content\\\/uploads\\\/2025\\\/12\\\/Logo-Nuevo-LOS-POLITICOS-1.jpg\",\"width\":260,\"height\":70,\"caption\":\"Los pol\u00edticos Veracruz\"},\"image\":{\"@id\":\"https:\\\/\\\/lospoliticosveracruz.com\\\/#\\\/schema\\\/logo\\\/image\\\/\"},\"sameAs\":[\"https:\\\/\\\/www.facebook.com\\\/people\\\/Notimemes-de-los-Polticos\\\/61565672886568\\\/\",\"https:\\\/\\\/x.com\\\/LosPoliticosVer\"]},{\"@type\":\"Person\",\"@id\":\"https:\\\/\\\/lospoliticosveracruz.com\\\/#\\\/schema\\\/person\\\/b8702bb0e538456e6efd07080bf2a4a2\",\"name\":\"Lo viste en Los Pol\u00edticos\",\"image\":{\"@type\":\"ImageObject\",\"inLanguage\":\"es\",\"@id\":\"https:\\\/\\\/secure.gravatar.com\\\/avatar\\\/3a8de04a2656d44082be478bd6c086daa447c4651605818287b9532d3d0bd435?s=96&d=mm&r=g\",\"url\":\"https:\\\/\\\/secure.gravatar.com\\\/avatar\\\/3a8de04a2656d44082be478bd6c086daa447c4651605818287b9532d3d0bd435?s=96&d=mm&r=g\",\"contentUrl\":\"https:\\\/\\\/secure.gravatar.com\\\/avatar\\\/3a8de04a2656d44082be478bd6c086daa447c4651605818287b9532d3d0bd435?s=96&d=mm&r=g\",\"caption\":\"Lo viste en Los Pol\u00edticos\"},\"url\":\"https:\\\/\\\/lospoliticosveracruz.com\\\/?author=2\"}]}<\/script>\n<!-- \/ Yoast SEO plugin. -->","yoast_head_json":{"title":"La lucha sigue... - Los pol\u00edticos Veracruz","robots":{"index":"index","follow":"follow","max-snippet":"max-snippet:-1","max-image-preview":"max-image-preview:large","max-video-preview":"max-video-preview:-1"},"canonical":"https:\/\/lospoliticosveracruz.com\/?p=68791","og_locale":"es_ES","og_type":"article","og_title":"La lucha sigue... - Los pol\u00edticos Veracruz","og_description":"Ricardo Ch\u00faaSale y Vale OJO\u2026 Tal como lo mencionamos en este espacio\u2026 Ra\u00fal Arias Lovillo fue presentado por Movimiento Ciudadano como candidato a la alcald\u00eda de Xalapa\u2026 Dejan fuera a \u00abCo\u00f1o Loco\u00bb\u2026 El tema es que si Lovillo sigue teniendo como estratega \u00abestrella\u00bb a Rafael Vela Mart\u00ednez y lo hace coordinador de campa\u00f1a, pues, el [&hellip;]","og_url":"https:\/\/lospoliticosveracruz.com\/?p=68791","og_site_name":"Los pol\u00edticos Veracruz","article_publisher":"https:\/\/www.facebook.com\/people\/Notimemes-de-los-Polticos\/61565672886568\/","article_published_time":"2021-02-26T14:37:46+00:00","article_modified_time":"2021-02-26T14:37:50+00:00","og_image":[{"width":200,"height":200,"url":"https:\/\/lospoliticosveracruz.com\/wp-content\/uploads\/2016\/07\/Logo-Dor.jpg","type":"image\/jpeg"}],"author":"Lo viste en Los Pol\u00edticos","twitter_card":"summary_large_image","twitter_creator":"@LosPoliticosVer","twitter_site":"@LosPoliticosVer","twitter_misc":{"Escrito por":"Lo viste en Los Pol\u00edticos","Tiempo de lectura":"6 minutos"},"schema":{"@context":"https:\/\/schema.org","@graph":[{"@type":"Article","@id":"https:\/\/lospoliticosveracruz.com\/?p=68791#article","isPartOf":{"@id":"https:\/\/lospoliticosveracruz.com\/?p=68791"},"author":{"name":"Lo viste en Los Pol\u00edticos","@id":"https:\/\/lospoliticosveracruz.com\/#\/schema\/person\/b8702bb0e538456e6efd07080bf2a4a2"},"headline":"La lucha sigue&#8230;","datePublished":"2021-02-26T14:37:46+00:00","dateModified":"2021-02-26T14:37:50+00:00","mainEntityOfPage":{"@id":"https:\/\/lospoliticosveracruz.com\/?p=68791"},"wordCount":1196,"commentCount":0,"publisher":{"@id":"https:\/\/lospoliticosveracruz.com\/#organization"},"keywords":["David Velasco","PAN","Rafael Vela Mart\u00ednez","Ra\u00fal Arias Lovillo","Ricardo Ahued","TEPJF","TEV","Tribunal Electoral de Veracruz"],"articleSection":["De Opini\u00f3n"],"inLanguage":"es","potentialAction":[{"@type":"CommentAction","name":"Comment","target":["https:\/\/lospoliticosveracruz.com\/?p=68791#respond"]}]},{"@type":"WebPage","@id":"https:\/\/lospoliticosveracruz.com\/?p=68791","url":"https:\/\/lospoliticosveracruz.com\/?p=68791","name":"La lucha sigue... - Los pol\u00edticos Veracruz","isPartOf":{"@id":"https:\/\/lospoliticosveracruz.com\/#website"},"datePublished":"2021-02-26T14:37:46+00:00","dateModified":"2021-02-26T14:37:50+00:00","breadcrumb":{"@id":"https:\/\/lospoliticosveracruz.com\/?p=68791#breadcrumb"},"inLanguage":"es","potentialAction":[{"@type":"ReadAction","target":["https:\/\/lospoliticosveracruz.com\/?p=68791"]}]},{"@type":"BreadcrumbList","@id":"https:\/\/lospoliticosveracruz.com\/?p=68791#breadcrumb","itemListElement":[{"@type":"ListItem","position":1,"name":"Portada","item":"https:\/\/lospoliticosveracruz.com\/"},{"@type":"ListItem","position":2,"name":"La lucha sigue&#8230;"}]},{"@type":"WebSite","@id":"https:\/\/lospoliticosveracruz.com\/#website","url":"https:\/\/lospoliticosveracruz.com\/","name":"Los pol\u00edticos Veracruz","description":"","publisher":{"@id":"https:\/\/lospoliticosveracruz.com\/#organization"},"potentialAction":[{"@type":"SearchAction","target":{"@type":"EntryPoint","urlTemplate":"https:\/\/lospoliticosveracruz.com\/?s={search_term_string}"},"query-input":{"@type":"PropertyValueSpecification","valueRequired":true,"valueName":"search_term_string"}}],"inLanguage":"es"},{"@type":"Organization","@id":"https:\/\/lospoliticosveracruz.com\/#organization","name":"Los pol\u00edticos Veracruz","url":"https:\/\/lospoliticosveracruz.com\/","logo":{"@type":"ImageObject","inLanguage":"es","@id":"https:\/\/lospoliticosveracruz.com\/#\/schema\/logo\/image\/","url":"https:\/\/lospoliticosveracruz.com\/wp-content\/uploads\/2025\/12\/Logo-Nuevo-LOS-POLITICOS-1.jpg","contentUrl":"https:\/\/lospoliticosveracruz.com\/wp-content\/uploads\/2025\/12\/Logo-Nuevo-LOS-POLITICOS-1.jpg","width":260,"height":70,"caption":"Los pol\u00edticos Veracruz"},"image":{"@id":"https:\/\/lospoliticosveracruz.com\/#\/schema\/logo\/image\/"},"sameAs":["https:\/\/www.facebook.com\/people\/Notimemes-de-los-Polticos\/61565672886568\/","https:\/\/x.com\/LosPoliticosVer"]},{"@type":"Person","@id":"https:\/\/lospoliticosveracruz.com\/#\/schema\/person\/b8702bb0e538456e6efd07080bf2a4a2","name":"Lo viste en Los Pol\u00edticos","image":{"@type":"ImageObject","inLanguage":"es","@id":"https:\/\/secure.gravatar.com\/avatar\/3a8de04a2656d44082be478bd6c086daa447c4651605818287b9532d3d0bd435?s=96&d=mm&r=g","url":"https:\/\/secure.gravatar.com\/avatar\/3a8de04a2656d44082be478bd6c086daa447c4651605818287b9532d3d0bd435?s=96&d=mm&r=g","contentUrl":"https:\/\/secure.gravatar.com\/avatar\/3a8de04a2656d44082be478bd6c086daa447c4651605818287b9532d3d0bd435?s=96&d=mm&r=g","caption":"Lo viste en Los Pol\u00edticos"},"url":"https:\/\/lospoliticosveracruz.com\/?author=2"}]}},"_links":{"self":[{"href":"https:\/\/lospoliticosveracruz.com\/index.php?rest_route=\/wp\/v2\/posts\/68791","targetHints":{"allow":["GET"]}}],"collection":[{"href":"https:\/\/lospoliticosveracruz.com\/index.php?rest_route=\/wp\/v2\/posts"}],"about":[{"href":"https:\/\/lospoliticosveracruz.com\/index.php?rest_route=\/wp\/v2\/types\/post"}],"author":[{"embeddable":true,"href":"https:\/\/lospoliticosveracruz.com\/index.php?rest_route=\/wp\/v2\/users\/2"}],"replies":[{"embeddable":true,"href":"https:\/\/lospoliticosveracruz.com\/index.php?rest_route=%2Fwp%2Fv2%2Fcomments&post=68791"}],"version-history":[{"count":1,"href":"https:\/\/lospoliticosveracruz.com\/index.php?rest_route=\/wp\/v2\/posts\/68791\/revisions"}],"predecessor-version":[{"id":68793,"href":"https:\/\/lospoliticosveracruz.com\/index.php?rest_route=\/wp\/v2\/posts\/68791\/revisions\/68793"}],"wp:attachment":[{"href":"https:\/\/lospoliticosveracruz.com\/index.php?rest_route=%2Fwp%2Fv2%2Fmedia&parent=68791"}],"wp:term":[{"taxonomy":"category","embeddable":true,"href":"https:\/\/lospoliticosveracruz.com\/index.php?rest_route=%2Fwp%2Fv2%2Fcategories&post=68791"},{"taxonomy":"post_tag","embeddable":true,"href":"https:\/\/lospoliticosveracruz.com\/index.php?rest_route=%2Fwp%2Fv2%2Ftags&post=68791"}],"curies":[{"name":"wp","href":"https:\/\/api.w.org\/{rel}","templated":true}]}}