{"id":68846,"date":"2021-02-28T09:15:21","date_gmt":"2021-02-28T15:15:21","guid":{"rendered":"http:\/\/www.lospoliticosveracruz.com.mx\/?p=68846"},"modified":"2021-02-28T09:15:24","modified_gmt":"2021-02-28T15:15:24","slug":"muestran-musculo-maestros","status":"publish","type":"post","link":"https:\/\/lospoliticosveracruz.com\/?p=68846","title":{"rendered":"Muestran m\u00fasculo maestros!"},"content":{"rendered":"\n<p><strong>Enrique Yasser Pompeyo<\/strong><br><em>Xalapa<\/em><\/p>\n\n\n\n<p>Con un estricto control sanitario, siguiendo todos los protocolos que indica la Secretar\u00eda de Salud y Protecci\u00f3n Civil, se llev\u00f3 a cabo en Xalapa la Primera Reuni\u00f3n General de la Coordinaci\u00f3n Estatal de Comit\u00e9s de Afinidad Magisterial que encabeza la maestra Miriam L\u00f3pez Cruz.<br>Con notable orden y respeto, los representantes de todas las regiones de la entidad y de las ciudades m\u00e1s representativas reiteraron su convicci\u00f3n y compromiso con el proyecto pol\u00edtico de la 4T. Destacaron la determinante participaci\u00f3n del magisterio en la consecuci\u00f3n de mayores logros del partido y de los resultados de la pr\u00f3xima contienda electoral que se avecina.<br>En su discurso, destac\u00f3 que con la llegada del nuevo gobierno se promulgaron nuevas leyes que beneficiaron a los trabajadores y a los maestros, se derog\u00f3 la Reforma Educativa, el salario m\u00ednimo aument\u00f3 un 15 %, \u201cas\u00ed como se nos otorg\u00f3 a las organizaciones gremiales el derecho al voto universal, libre y secreto, el peso no se ha devaluado, la recaudaci\u00f3n fiscal s\u00f3lo decreci\u00f3 3%, la inflaci\u00f3n est\u00e1 controlada, no escasean los alimentos, materia prima o combustibles\u201d.<br>Indic\u00f3 que el sistema financiero funciona normalmente, \u201ca estados y municipios se les ha entregado sus partidas completas y puntuales, a los trabajadores del estado se les ha pagado puntualmente sus percepciones, entre muchos otros beneficios de alcance nacional\u201d.<br>Agreg\u00f3 que el sistema de salud no ha colapsado \u201ccomo muchos critican y difaman, se han construido y rehabilitado muchas instalaciones hospitalarias y se ha capacitado a miles de trabajadores de la salud; todo esto, entre muchos otros beneficios, ha podido llevar a cabo el nuevo r\u00e9gimen lopezobradorista, sin endeudarnos con el extranjero\u201d.<br>En el evento en el que se aplicaron todas las medidas sanitarias de prevenci\u00f3n como uso de gel antibacterial, cubrebocas, caretas, medici\u00f3n de temperatura y sana distancia, se destac\u00f3 el respaldo que ha brindado el gobernador Cuitl\u00e1huac Garc\u00eda Jim\u00e9nez.<br>\u201cEs fiel y leal int\u00e9rprete de la ruta de la pol\u00edtica social integral de la Federaci\u00f3n. La Cuarta Transformaci\u00f3n tambi\u00e9n se construye y se palpa en nuestro estado en todos los rubros, por ejemplo, a los trabajadores del estado, activos y jubilados, se les ha entregado puntualmente sus salarios y pensiones, las leyes estatales se ponen a tono con las federales; de los 20 mil millones de pesos que adeuda el gobierno estatal al fisco federal (deuda heredada), en este a\u00f1o se pagar\u00e1n 11 mil millones que se han ahorrado; asimismo, al Instituto de Pensiones del Estado, as\u00ed como el Seguro del Magisterio y muchos otros organismos se est\u00e1n saneando\u201d.<br>Por todo ello, la coordinadora estatal dijo que ahora son testigos de que el nuevo r\u00e9gimen federal y estatal, en tan s\u00f3lo dos a\u00f1os, otorga apoyos econ\u00f3micos \u201csustanciales, mejorados, directos y en efectivo, como nunca antes nos imaginamos siquiera, para las mujeres, adultos mayores, a los j\u00f3venes estudiantes, a los j\u00f3venes que no estudian ni trabajan, discapacitados, a peque\u00f1as empresas y negocios, gente del campo, pescadores\u201d.<br>Tambi\u00e9n \u201cse construye vivienda popular gratuita en todo el territorio, hay precios de garant\u00eda para los productos agr\u00edcolas b\u00e1sicos; a diario se siembran millones de \u00e1rboles, mejorando el medio ambiente, es decir, m\u00e1s de 20 millones de mexicanos se benefician directamente del presupuesto federal. De cada 100 hogares, a 70 les llega un beneficio del programa Bienestar o del presupuesto; nos preguntamos, \u00bfpor qu\u00e9 raz\u00f3n ahora s\u00ed alcanza el dinero?, muy sencillo, se acab\u00f3 la corrupci\u00f3n, la rapi\u00f1a y el saqueo, se aplica una pol\u00edtica de estricta austeridad y ahorro; ahora, el dinero de todos es para todos, no para unos cuantos vivales, que varios de ellos ya duermen en la c\u00e1rcel\u201d.<br>Con respecto a los Comit\u00e9s de Afinidad, Miriam L\u00f3pez Cruz record\u00f3 que el art\u00edculo 14 de los estatutos de Morena establece que estos los pueden conformar diferentes sectores de la sociedad, \u201clas estructuras organizativas de Morena las constituir\u00e1n los comit\u00e9s de las y los protagonistas de cada barrio, colonia, comunidad o pueblo\u201d.<br>Por ello, los comit\u00e9s de afinidad pueden ser magisteriales, de comerciantes, de ganaderos, de m\u00e9dicos, de citricultores, etc\u00e9tera.<br>\u201cEn mi caso, en el 2017, me encargu\u00e9 en aquel momento, cuando el actual gobernador era diputado federal, de organizar los comit\u00e9s de afinidad magisterial de Morena; esto, en plena lucha contra la Reforma Educativa y nos dimos a la tarea de organizar a los maestros\u201d.<br>Esto les permiti\u00f3 participar en las elecciones, cuidar los comicios, as\u00ed como tener candidatos a regidores, apoyarlos, defender la jornada electoral, ser presentantes de partido ante los \u00f3rganos electorales como el INE y \u201corganizamos al magisterio de tal manera que ganamos la elecci\u00f3n, pero tambi\u00e9n defendimos la elecci\u00f3n de 2018\u201d.<br>Los comit\u00e9s se encuentran establecidos en 20 distritos locales y municipales, \u201chemos crecido exponencialmente; tenemos 153 comit\u00e9s de afinidad\u201d.<br>Al evento de este s\u00e1bado acudieron de los municipios de P\u00e1nuco, Tantoyuca, Tempoal, \u00c1lamo, Tuxpan, Poza Rica, Ozuluama, Xalapa, Xico, Coatepec, Zongolica, Mixtla de Altamirano, Altotonga, Apazapan, Sayula de Alem\u00e1n, Tres Valles, Santiago Tuxtla, San Andr\u00e9s Tuxtla, Acayucan, Hueyapan de Ocampo, Catemaco, Cosoleacaque, Playa Vicente y Tierra Blanca. Se cont\u00f3 con la presencia de Hugo Alberto V\u00e1squez Z\u00e1rate, ex secretario general de la Secci\u00f3n 56 del SNTE.<br>La coordinadora estatal subray\u00f3 que \u201ctienen una plataforma organizada para cuando se lleguen los momentos de trabajar\u201d.<br>Algunos maestros, como comit\u00e9 de afinidad, participan cuidando la casilla, algunos como aspirantes, \u201cse inscribieron en la convocatoria de Morena para candidatos a regidores, alcaldes o diputados\u201d.<br>Miriam L\u00f3pez Cruz coment\u00f3 que en la Cuarta Transformaci\u00f3n lograron la derogaci\u00f3n de la Reforma Educativa que da\u00f1aba al sector, \u201cahora vamos por la lucha de la recuperaci\u00f3n de los derechos; estamos convencidos que dentro de la 4T vamos a lograr que las nuevas leyes en el Congreso federal y estatal van a apoyarnos para recuperar nuestros derechos perdidos con la reforma de Pe\u00f1a Nieto\u201d.<br>Ejemplific\u00f3 que hasta antes de la reforma pe\u00f1ista, el SNTE hab\u00eda logrado muchas conquistas laborales, pero despu\u00e9s de esta, lo \u00fanico que lograron recuperar fue la estabilidad laboral al derogarla, \u201cpero no recuperamos el escalaf\u00f3n, ni tampoco recuperamos el derecho a participar a direcciones ni supervisiones por escalaf\u00f3n, tampoco recuperamos carrera magisterial, el derecho de propuesta; entonces, tenemos que seguir participando porque creemos que en la 4T lo vamos a lograr\u201d.<br>Finalmente, dijo: \u201cdebemos valorar la Cuarta Transformaci\u00f3n, es una realidad que beneficia a millones de mexicanos como no se hab\u00eda visto antes, sin los beneficios sociales que nos favorecen. Sin preocuparnos de la oposici\u00f3n que s\u00f3lo le queda difamar, mentir o confundir, como dice el Quijote cuando Sancho Panza le expresa: `los perros ladran se\u00f1or, s\u00ed, los perros ladran Sancho, no te preocupes, es se\u00f1al de que vamos caminando\u00b4\u201d.<\/p>\n","protected":false},"excerpt":{"rendered":"<p>Enrique Yasser PompeyoXalapa Con un estricto control sanitario, siguiendo todos los protocolos que indica la Secretar\u00eda de Salud y Protecci\u00f3n Civil, se llev\u00f3 a cabo en Xalapa la Primera Reuni\u00f3n General de la Coordinaci\u00f3n Estatal de Comit\u00e9s de Afinidad Magisterial que encabeza la maestra Miriam L\u00f3pez Cruz.Con notable orden y respeto, los representantes de todas [&hellip;]<\/p>\n","protected":false},"author":2,"featured_media":0,"comment_status":"open","ping_status":"open","sticky":false,"template":"","format":"standard","meta":{"tdm_status":"","tdm_grid_status":"","footnotes":""},"categories":[6446],"tags":[17426,1563,26468,4165,26469,26467],"class_list":{"0":"post-68846","1":"post","2":"type-post","3":"status-publish","4":"format-standard","6":"category-la-nota","7":"tag-4t","8":"tag-cuitlahuac-garcia-jimenez","9":"tag-miriam-lopez-cruz","10":"tag-reforma-educativa","11":"tag-regimen-lopezobradorista","12":"tag-secretaria-de-salud-y-proteccion-civil"},"yoast_head":"<!-- This site is optimized with the Yoast SEO plugin v27.4 - https:\/\/yoast.com\/product\/yoast-seo-wordpress\/ -->\n<title>Muestran m\u00fasculo maestros! - Los pol\u00edticos Veracruz<\/title>\n<meta name=\"robots\" content=\"index, follow, max-snippet:-1, max-image-preview:large, max-video-preview:-1\" \/>\n<link rel=\"canonical\" href=\"https:\/\/lospoliticosveracruz.com\/?p=68846\" \/>\n<meta property=\"og:locale\" content=\"es_ES\" \/>\n<meta property=\"og:type\" content=\"article\" \/>\n<meta property=\"og:title\" content=\"Muestran m\u00fasculo maestros! - Los pol\u00edticos Veracruz\" \/>\n<meta property=\"og:description\" content=\"Enrique Yasser PompeyoXalapa Con un estricto control sanitario, siguiendo todos los protocolos que indica la Secretar\u00eda de Salud y Protecci\u00f3n Civil, se llev\u00f3 a cabo en Xalapa la Primera Reuni\u00f3n General de la Coordinaci\u00f3n Estatal de Comit\u00e9s de Afinidad Magisterial que encabeza la maestra Miriam L\u00f3pez Cruz.Con notable orden y respeto, los representantes de todas [&hellip;]\" \/>\n<meta property=\"og:url\" content=\"https:\/\/lospoliticosveracruz.com\/?p=68846\" \/>\n<meta property=\"og:site_name\" content=\"Los pol\u00edticos Veracruz\" \/>\n<meta property=\"article:publisher\" content=\"https:\/\/www.facebook.com\/people\/Notimemes-de-los-Polticos\/61565672886568\/\" \/>\n<meta property=\"article:published_time\" content=\"2021-02-28T15:15:21+00:00\" \/>\n<meta property=\"article:modified_time\" content=\"2021-02-28T15:15:24+00:00\" \/>\n<meta property=\"og:image\" content=\"https:\/\/lospoliticosveracruz.com\/wp-content\/uploads\/2016\/07\/Logo-Dor.jpg\" \/>\n\t<meta property=\"og:image:width\" content=\"200\" \/>\n\t<meta property=\"og:image:height\" content=\"200\" \/>\n\t<meta property=\"og:image:type\" content=\"image\/jpeg\" \/>\n<meta name=\"author\" content=\"Lo viste en Los Pol\u00edticos\" \/>\n<meta name=\"twitter:card\" content=\"summary_large_image\" \/>\n<meta name=\"twitter:creator\" content=\"@LosPoliticosVer\" \/>\n<meta name=\"twitter:site\" content=\"@LosPoliticosVer\" \/>\n<meta name=\"twitter:label1\" content=\"Escrito por\" \/>\n\t<meta name=\"twitter:data1\" content=\"Lo viste en Los Pol\u00edticos\" \/>\n\t<meta name=\"twitter:label2\" content=\"Tiempo de lectura\" \/>\n\t<meta name=\"twitter:data2\" content=\"6 minutos\" \/>\n<script type=\"application\/ld+json\" class=\"yoast-schema-graph\">{\"@context\":\"https:\\\/\\\/schema.org\",\"@graph\":[{\"@type\":\"Article\",\"@id\":\"https:\\\/\\\/lospoliticosveracruz.com\\\/?p=68846#article\",\"isPartOf\":{\"@id\":\"https:\\\/\\\/lospoliticosveracruz.com\\\/?p=68846\"},\"author\":{\"name\":\"Lo viste en Los Pol\u00edticos\",\"@id\":\"https:\\\/\\\/lospoliticosveracruz.com\\\/#\\\/schema\\\/person\\\/b8702bb0e538456e6efd07080bf2a4a2\"},\"headline\":\"Muestran m\u00fasculo maestros!\",\"datePublished\":\"2021-02-28T15:15:21+00:00\",\"dateModified\":\"2021-02-28T15:15:24+00:00\",\"mainEntityOfPage\":{\"@id\":\"https:\\\/\\\/lospoliticosveracruz.com\\\/?p=68846\"},\"wordCount\":1178,\"commentCount\":0,\"publisher\":{\"@id\":\"https:\\\/\\\/lospoliticosveracruz.com\\\/#organization\"},\"keywords\":[\"4T\",\"Cuitl\u00e1huac Garc\u00eda Jim\u00e9nez\",\"Miriam L\u00f3pez Cruz\",\"Reforma Educativa\",\"R\u00e9gimen lopezobradorista\",\"Secretar\u00eda de Salud y Protecci\u00f3n Civil\"],\"articleSection\":[\"La Nota\"],\"inLanguage\":\"es\",\"potentialAction\":[{\"@type\":\"CommentAction\",\"name\":\"Comment\",\"target\":[\"https:\\\/\\\/lospoliticosveracruz.com\\\/?p=68846#respond\"]}]},{\"@type\":\"WebPage\",\"@id\":\"https:\\\/\\\/lospoliticosveracruz.com\\\/?p=68846\",\"url\":\"https:\\\/\\\/lospoliticosveracruz.com\\\/?p=68846\",\"name\":\"Muestran m\u00fasculo maestros! - Los pol\u00edticos Veracruz\",\"isPartOf\":{\"@id\":\"https:\\\/\\\/lospoliticosveracruz.com\\\/#website\"},\"datePublished\":\"2021-02-28T15:15:21+00:00\",\"dateModified\":\"2021-02-28T15:15:24+00:00\",\"breadcrumb\":{\"@id\":\"https:\\\/\\\/lospoliticosveracruz.com\\\/?p=68846#breadcrumb\"},\"inLanguage\":\"es\",\"potentialAction\":[{\"@type\":\"ReadAction\",\"target\":[\"https:\\\/\\\/lospoliticosveracruz.com\\\/?p=68846\"]}]},{\"@type\":\"BreadcrumbList\",\"@id\":\"https:\\\/\\\/lospoliticosveracruz.com\\\/?p=68846#breadcrumb\",\"itemListElement\":[{\"@type\":\"ListItem\",\"position\":1,\"name\":\"Portada\",\"item\":\"https:\\\/\\\/lospoliticosveracruz.com\\\/\"},{\"@type\":\"ListItem\",\"position\":2,\"name\":\"Muestran m\u00fasculo maestros!\"}]},{\"@type\":\"WebSite\",\"@id\":\"https:\\\/\\\/lospoliticosveracruz.com\\\/#website\",\"url\":\"https:\\\/\\\/lospoliticosveracruz.com\\\/\",\"name\":\"Los pol\u00edticos Veracruz\",\"description\":\"\",\"publisher\":{\"@id\":\"https:\\\/\\\/lospoliticosveracruz.com\\\/#organization\"},\"potentialAction\":[{\"@type\":\"SearchAction\",\"target\":{\"@type\":\"EntryPoint\",\"urlTemplate\":\"https:\\\/\\\/lospoliticosveracruz.com\\\/?s={search_term_string}\"},\"query-input\":{\"@type\":\"PropertyValueSpecification\",\"valueRequired\":true,\"valueName\":\"search_term_string\"}}],\"inLanguage\":\"es\"},{\"@type\":\"Organization\",\"@id\":\"https:\\\/\\\/lospoliticosveracruz.com\\\/#organization\",\"name\":\"Los pol\u00edticos Veracruz\",\"url\":\"https:\\\/\\\/lospoliticosveracruz.com\\\/\",\"logo\":{\"@type\":\"ImageObject\",\"inLanguage\":\"es\",\"@id\":\"https:\\\/\\\/lospoliticosveracruz.com\\\/#\\\/schema\\\/logo\\\/image\\\/\",\"url\":\"https:\\\/\\\/lospoliticosveracruz.com\\\/wp-content\\\/uploads\\\/2025\\\/12\\\/Logo-Nuevo-LOS-POLITICOS-1.jpg\",\"contentUrl\":\"https:\\\/\\\/lospoliticosveracruz.com\\\/wp-content\\\/uploads\\\/2025\\\/12\\\/Logo-Nuevo-LOS-POLITICOS-1.jpg\",\"width\":260,\"height\":70,\"caption\":\"Los pol\u00edticos Veracruz\"},\"image\":{\"@id\":\"https:\\\/\\\/lospoliticosveracruz.com\\\/#\\\/schema\\\/logo\\\/image\\\/\"},\"sameAs\":[\"https:\\\/\\\/www.facebook.com\\\/people\\\/Notimemes-de-los-Polticos\\\/61565672886568\\\/\",\"https:\\\/\\\/x.com\\\/LosPoliticosVer\"]},{\"@type\":\"Person\",\"@id\":\"https:\\\/\\\/lospoliticosveracruz.com\\\/#\\\/schema\\\/person\\\/b8702bb0e538456e6efd07080bf2a4a2\",\"name\":\"Lo viste en Los Pol\u00edticos\",\"image\":{\"@type\":\"ImageObject\",\"inLanguage\":\"es\",\"@id\":\"https:\\\/\\\/secure.gravatar.com\\\/avatar\\\/3a8de04a2656d44082be478bd6c086daa447c4651605818287b9532d3d0bd435?s=96&d=mm&r=g\",\"url\":\"https:\\\/\\\/secure.gravatar.com\\\/avatar\\\/3a8de04a2656d44082be478bd6c086daa447c4651605818287b9532d3d0bd435?s=96&d=mm&r=g\",\"contentUrl\":\"https:\\\/\\\/secure.gravatar.com\\\/avatar\\\/3a8de04a2656d44082be478bd6c086daa447c4651605818287b9532d3d0bd435?s=96&d=mm&r=g\",\"caption\":\"Lo viste en Los Pol\u00edticos\"},\"url\":\"https:\\\/\\\/lospoliticosveracruz.com\\\/?author=2\"}]}<\/script>\n<!-- \/ Yoast SEO plugin. -->","yoast_head_json":{"title":"Muestran m\u00fasculo maestros! - Los pol\u00edticos Veracruz","robots":{"index":"index","follow":"follow","max-snippet":"max-snippet:-1","max-image-preview":"max-image-preview:large","max-video-preview":"max-video-preview:-1"},"canonical":"https:\/\/lospoliticosveracruz.com\/?p=68846","og_locale":"es_ES","og_type":"article","og_title":"Muestran m\u00fasculo maestros! - Los pol\u00edticos Veracruz","og_description":"Enrique Yasser PompeyoXalapa Con un estricto control sanitario, siguiendo todos los protocolos que indica la Secretar\u00eda de Salud y Protecci\u00f3n Civil, se llev\u00f3 a cabo en Xalapa la Primera Reuni\u00f3n General de la Coordinaci\u00f3n Estatal de Comit\u00e9s de Afinidad Magisterial que encabeza la maestra Miriam L\u00f3pez Cruz.Con notable orden y respeto, los representantes de todas [&hellip;]","og_url":"https:\/\/lospoliticosveracruz.com\/?p=68846","og_site_name":"Los pol\u00edticos Veracruz","article_publisher":"https:\/\/www.facebook.com\/people\/Notimemes-de-los-Polticos\/61565672886568\/","article_published_time":"2021-02-28T15:15:21+00:00","article_modified_time":"2021-02-28T15:15:24+00:00","og_image":[{"width":200,"height":200,"url":"https:\/\/lospoliticosveracruz.com\/wp-content\/uploads\/2016\/07\/Logo-Dor.jpg","type":"image\/jpeg"}],"author":"Lo viste en Los Pol\u00edticos","twitter_card":"summary_large_image","twitter_creator":"@LosPoliticosVer","twitter_site":"@LosPoliticosVer","twitter_misc":{"Escrito por":"Lo viste en Los Pol\u00edticos","Tiempo de lectura":"6 minutos"},"schema":{"@context":"https:\/\/schema.org","@graph":[{"@type":"Article","@id":"https:\/\/lospoliticosveracruz.com\/?p=68846#article","isPartOf":{"@id":"https:\/\/lospoliticosveracruz.com\/?p=68846"},"author":{"name":"Lo viste en Los Pol\u00edticos","@id":"https:\/\/lospoliticosveracruz.com\/#\/schema\/person\/b8702bb0e538456e6efd07080bf2a4a2"},"headline":"Muestran m\u00fasculo maestros!","datePublished":"2021-02-28T15:15:21+00:00","dateModified":"2021-02-28T15:15:24+00:00","mainEntityOfPage":{"@id":"https:\/\/lospoliticosveracruz.com\/?p=68846"},"wordCount":1178,"commentCount":0,"publisher":{"@id":"https:\/\/lospoliticosveracruz.com\/#organization"},"keywords":["4T","Cuitl\u00e1huac Garc\u00eda Jim\u00e9nez","Miriam L\u00f3pez Cruz","Reforma Educativa","R\u00e9gimen lopezobradorista","Secretar\u00eda de Salud y Protecci\u00f3n Civil"],"articleSection":["La Nota"],"inLanguage":"es","potentialAction":[{"@type":"CommentAction","name":"Comment","target":["https:\/\/lospoliticosveracruz.com\/?p=68846#respond"]}]},{"@type":"WebPage","@id":"https:\/\/lospoliticosveracruz.com\/?p=68846","url":"https:\/\/lospoliticosveracruz.com\/?p=68846","name":"Muestran m\u00fasculo maestros! - Los pol\u00edticos Veracruz","isPartOf":{"@id":"https:\/\/lospoliticosveracruz.com\/#website"},"datePublished":"2021-02-28T15:15:21+00:00","dateModified":"2021-02-28T15:15:24+00:00","breadcrumb":{"@id":"https:\/\/lospoliticosveracruz.com\/?p=68846#breadcrumb"},"inLanguage":"es","potentialAction":[{"@type":"ReadAction","target":["https:\/\/lospoliticosveracruz.com\/?p=68846"]}]},{"@type":"BreadcrumbList","@id":"https:\/\/lospoliticosveracruz.com\/?p=68846#breadcrumb","itemListElement":[{"@type":"ListItem","position":1,"name":"Portada","item":"https:\/\/lospoliticosveracruz.com\/"},{"@type":"ListItem","position":2,"name":"Muestran m\u00fasculo maestros!"}]},{"@type":"WebSite","@id":"https:\/\/lospoliticosveracruz.com\/#website","url":"https:\/\/lospoliticosveracruz.com\/","name":"Los pol\u00edticos Veracruz","description":"","publisher":{"@id":"https:\/\/lospoliticosveracruz.com\/#organization"},"potentialAction":[{"@type":"SearchAction","target":{"@type":"EntryPoint","urlTemplate":"https:\/\/lospoliticosveracruz.com\/?s={search_term_string}"},"query-input":{"@type":"PropertyValueSpecification","valueRequired":true,"valueName":"search_term_string"}}],"inLanguage":"es"},{"@type":"Organization","@id":"https:\/\/lospoliticosveracruz.com\/#organization","name":"Los pol\u00edticos Veracruz","url":"https:\/\/lospoliticosveracruz.com\/","logo":{"@type":"ImageObject","inLanguage":"es","@id":"https:\/\/lospoliticosveracruz.com\/#\/schema\/logo\/image\/","url":"https:\/\/lospoliticosveracruz.com\/wp-content\/uploads\/2025\/12\/Logo-Nuevo-LOS-POLITICOS-1.jpg","contentUrl":"https:\/\/lospoliticosveracruz.com\/wp-content\/uploads\/2025\/12\/Logo-Nuevo-LOS-POLITICOS-1.jpg","width":260,"height":70,"caption":"Los pol\u00edticos Veracruz"},"image":{"@id":"https:\/\/lospoliticosveracruz.com\/#\/schema\/logo\/image\/"},"sameAs":["https:\/\/www.facebook.com\/people\/Notimemes-de-los-Polticos\/61565672886568\/","https:\/\/x.com\/LosPoliticosVer"]},{"@type":"Person","@id":"https:\/\/lospoliticosveracruz.com\/#\/schema\/person\/b8702bb0e538456e6efd07080bf2a4a2","name":"Lo viste en Los Pol\u00edticos","image":{"@type":"ImageObject","inLanguage":"es","@id":"https:\/\/secure.gravatar.com\/avatar\/3a8de04a2656d44082be478bd6c086daa447c4651605818287b9532d3d0bd435?s=96&d=mm&r=g","url":"https:\/\/secure.gravatar.com\/avatar\/3a8de04a2656d44082be478bd6c086daa447c4651605818287b9532d3d0bd435?s=96&d=mm&r=g","contentUrl":"https:\/\/secure.gravatar.com\/avatar\/3a8de04a2656d44082be478bd6c086daa447c4651605818287b9532d3d0bd435?s=96&d=mm&r=g","caption":"Lo viste en Los Pol\u00edticos"},"url":"https:\/\/lospoliticosveracruz.com\/?author=2"}]}},"_links":{"self":[{"href":"https:\/\/lospoliticosveracruz.com\/index.php?rest_route=\/wp\/v2\/posts\/68846","targetHints":{"allow":["GET"]}}],"collection":[{"href":"https:\/\/lospoliticosveracruz.com\/index.php?rest_route=\/wp\/v2\/posts"}],"about":[{"href":"https:\/\/lospoliticosveracruz.com\/index.php?rest_route=\/wp\/v2\/types\/post"}],"author":[{"embeddable":true,"href":"https:\/\/lospoliticosveracruz.com\/index.php?rest_route=\/wp\/v2\/users\/2"}],"replies":[{"embeddable":true,"href":"https:\/\/lospoliticosveracruz.com\/index.php?rest_route=%2Fwp%2Fv2%2Fcomments&post=68846"}],"version-history":[{"count":1,"href":"https:\/\/lospoliticosveracruz.com\/index.php?rest_route=\/wp\/v2\/posts\/68846\/revisions"}],"predecessor-version":[{"id":68847,"href":"https:\/\/lospoliticosveracruz.com\/index.php?rest_route=\/wp\/v2\/posts\/68846\/revisions\/68847"}],"wp:attachment":[{"href":"https:\/\/lospoliticosveracruz.com\/index.php?rest_route=%2Fwp%2Fv2%2Fmedia&parent=68846"}],"wp:term":[{"taxonomy":"category","embeddable":true,"href":"https:\/\/lospoliticosveracruz.com\/index.php?rest_route=%2Fwp%2Fv2%2Fcategories&post=68846"},{"taxonomy":"post_tag","embeddable":true,"href":"https:\/\/lospoliticosveracruz.com\/index.php?rest_route=%2Fwp%2Fv2%2Ftags&post=68846"}],"curies":[{"name":"wp","href":"https:\/\/api.w.org\/{rel}","templated":true}]}}