{"id":68864,"date":"2021-02-28T14:29:10","date_gmt":"2021-02-28T20:29:10","guid":{"rendered":"http:\/\/www.lospoliticosveracruz.com.mx\/?p=68864"},"modified":"2021-02-28T14:29:14","modified_gmt":"2021-02-28T20:29:14","slug":"lomas-verdes-rechaza-obra-de-hipolito","status":"publish","type":"post","link":"https:\/\/lospoliticosveracruz.com\/?p=68864","title":{"rendered":"Lomas Verdes rechaza obra de Hip\u00f3lito"},"content":{"rendered":"\n<p><strong>Xalapa<\/strong><\/p>\n\n\n\n<p><br>Vecinos de la Unidad Habitacional Lomas Verdes se reunieron este domingo con Jos\u00e9 Luis Enr\u00edquez Ambell a quien le manifestaron su inconformidad respecto a la obra de un centro de asistencia social para la atenci\u00f3n de ni\u00f1as y adolescentes (mujeres de 12 a 18 a\u00f1os) que el ayuntamiento de Xalapa pretende edificar.<br>En el encuentro donde tambi\u00e9n estuvieron servidores p\u00fablicos municipales de participaci\u00f3n ciudadana, obras p\u00fablicas y jur\u00eddico, -quienes han atendido el tema- los vecinos expresaron su sentir y descontento ya que \u00abpiden informaci\u00f3n no imposici\u00f3n\u00bb respecto a una obra que les deja dudas sobre beneficios, ante la creciente inseguridad en la zona.<br>Enr\u00edquez Ambell ofreci\u00f3 seguir de cerca el desarrollo de esta justificada demanda social para que se cumpla la metodolog\u00eda y las normas de desarrollo urbano, obra p\u00fablica y dem\u00e1s lineamientos que apliquen al tipo de proyecto que se desee implementar, ya que \u2013dijo- la autoridad propone y la comunidad organizada dispone.<br>Cabe mencionar que la unidad habitacional no se encuentra municipalizada y los servidores p\u00fablicos argumentan que han tomado posesi\u00f3n del inmueble y afinan el proyecto de construcci\u00f3n, a lo que se oponen.<br>Se acord\u00f3 una pr\u00f3xima reuni\u00f3n para el siguiente domingo en la que participar\u00e1n, autoridades del ayuntamiento con los argumentos legales que dicen tener y quienes tienen poder de decisi\u00f3n para evaluar de manera conjunta con los residentes de Lomas Verdes la factibilidad de la obra.<br>Los vecinos de Lomas Verdes prefieren que el espacio donde existe el Jard\u00edn de Ni\u00f1os Bertha Hern\u00e1ndez D\u00edaz -en la confluencia de los Andadores Noche Buena y Azucena con la Calle Loma Nueva- se convierta en \u00e1rea de atenci\u00f3n a la salud, deportiva, educativa, recreativa o similar.<br>Actualmente existe un comit\u00e9 vecinal de cuidado de \u00e1reas verdes, estacionamiento y recreaci\u00f3n.<\/p>\n","protected":false},"excerpt":{"rendered":"<p>Xalapa Vecinos de la Unidad Habitacional Lomas Verdes se reunieron este domingo con Jos\u00e9 Luis Enr\u00edquez Ambell a quien le manifestaron su inconformidad respecto a la obra de un centro de asistencia social para la atenci\u00f3n de ni\u00f1as y adolescentes (mujeres de 12 a 18 a\u00f1os) que el ayuntamiento de Xalapa pretende edificar.En el encuentro [&hellip;]<\/p>\n","protected":false},"author":2,"featured_media":0,"comment_status":"open","ping_status":"open","sticky":false,"template":"","format":"standard","meta":{"tdm_status":"","tdm_grid_status":"","footnotes":""},"categories":[6446],"tags":[26477,7620,8383,3771,26478,26476,96],"class_list":{"0":"post-68864","1":"post","2":"type-post","3":"status-publish","4":"format-standard","6":"category-la-nota","7":"tag-centro-de-asistencia-social","8":"tag-hipolito-rodriguez-herrero","9":"tag-jose-luis-enriquez-ambell","10":"tag-obras-publicas","11":"tag-unidad-habitacional","12":"tag-unidad-habitacional-lomas-verdes","13":"tag-xalapa"},"yoast_head":"<!-- This site is optimized with the Yoast SEO plugin v27.4 - https:\/\/yoast.com\/product\/yoast-seo-wordpress\/ -->\n<title>Lomas Verdes rechaza obra de Hip\u00f3lito - Los pol\u00edticos Veracruz<\/title>\n<meta name=\"robots\" content=\"index, follow, max-snippet:-1, max-image-preview:large, max-video-preview:-1\" \/>\n<link rel=\"canonical\" href=\"https:\/\/lospoliticosveracruz.com\/?p=68864\" \/>\n<meta property=\"og:locale\" content=\"es_ES\" \/>\n<meta property=\"og:type\" content=\"article\" \/>\n<meta property=\"og:title\" content=\"Lomas Verdes rechaza obra de Hip\u00f3lito - Los pol\u00edticos Veracruz\" \/>\n<meta property=\"og:description\" content=\"Xalapa Vecinos de la Unidad Habitacional Lomas Verdes se reunieron este domingo con Jos\u00e9 Luis Enr\u00edquez Ambell a quien le manifestaron su inconformidad respecto a la obra de un centro de asistencia social para la atenci\u00f3n de ni\u00f1as y adolescentes (mujeres de 12 a 18 a\u00f1os) que el ayuntamiento de Xalapa pretende edificar.En el encuentro [&hellip;]\" \/>\n<meta property=\"og:url\" content=\"https:\/\/lospoliticosveracruz.com\/?p=68864\" \/>\n<meta property=\"og:site_name\" content=\"Los pol\u00edticos Veracruz\" \/>\n<meta property=\"article:publisher\" content=\"https:\/\/www.facebook.com\/people\/Notimemes-de-los-Polticos\/61565672886568\/\" \/>\n<meta property=\"article:published_time\" content=\"2021-02-28T20:29:10+00:00\" \/>\n<meta property=\"article:modified_time\" content=\"2021-02-28T20:29:14+00:00\" \/>\n<meta property=\"og:image\" content=\"https:\/\/lospoliticosveracruz.com\/wp-content\/uploads\/2016\/07\/Logo-Dor.jpg\" \/>\n\t<meta property=\"og:image:width\" content=\"200\" \/>\n\t<meta property=\"og:image:height\" content=\"200\" \/>\n\t<meta property=\"og:image:type\" content=\"image\/jpeg\" \/>\n<meta name=\"author\" content=\"Lo viste en Los Pol\u00edticos\" \/>\n<meta name=\"twitter:card\" content=\"summary_large_image\" \/>\n<meta name=\"twitter:creator\" content=\"@LosPoliticosVer\" \/>\n<meta name=\"twitter:site\" content=\"@LosPoliticosVer\" \/>\n<meta name=\"twitter:label1\" content=\"Escrito por\" \/>\n\t<meta name=\"twitter:data1\" content=\"Lo viste en Los Pol\u00edticos\" \/>\n\t<meta name=\"twitter:label2\" content=\"Tiempo de lectura\" \/>\n\t<meta name=\"twitter:data2\" content=\"2 minutos\" \/>\n<script type=\"application\/ld+json\" class=\"yoast-schema-graph\">{\"@context\":\"https:\\\/\\\/schema.org\",\"@graph\":[{\"@type\":\"Article\",\"@id\":\"https:\\\/\\\/lospoliticosveracruz.com\\\/?p=68864#article\",\"isPartOf\":{\"@id\":\"https:\\\/\\\/lospoliticosveracruz.com\\\/?p=68864\"},\"author\":{\"name\":\"Lo viste en Los Pol\u00edticos\",\"@id\":\"https:\\\/\\\/lospoliticosveracruz.com\\\/#\\\/schema\\\/person\\\/b8702bb0e538456e6efd07080bf2a4a2\"},\"headline\":\"Lomas Verdes rechaza obra de Hip\u00f3lito\",\"datePublished\":\"2021-02-28T20:29:10+00:00\",\"dateModified\":\"2021-02-28T20:29:14+00:00\",\"mainEntityOfPage\":{\"@id\":\"https:\\\/\\\/lospoliticosveracruz.com\\\/?p=68864\"},\"wordCount\":325,\"commentCount\":0,\"publisher\":{\"@id\":\"https:\\\/\\\/lospoliticosveracruz.com\\\/#organization\"},\"keywords\":[\"centro de asistencia social\",\"Hip\u00f3lito Rodr\u00edguez Herrero\",\"Jos\u00e9 Luis Enr\u00edquez Ambell\",\"Obras P\u00fablicas\",\"unidad habitacional\",\"Unidad Habitacional Lomas Verdes\",\"Xalapa\"],\"articleSection\":[\"La Nota\"],\"inLanguage\":\"es\",\"potentialAction\":[{\"@type\":\"CommentAction\",\"name\":\"Comment\",\"target\":[\"https:\\\/\\\/lospoliticosveracruz.com\\\/?p=68864#respond\"]}]},{\"@type\":\"WebPage\",\"@id\":\"https:\\\/\\\/lospoliticosveracruz.com\\\/?p=68864\",\"url\":\"https:\\\/\\\/lospoliticosveracruz.com\\\/?p=68864\",\"name\":\"Lomas Verdes rechaza obra de Hip\u00f3lito - Los pol\u00edticos Veracruz\",\"isPartOf\":{\"@id\":\"https:\\\/\\\/lospoliticosveracruz.com\\\/#website\"},\"datePublished\":\"2021-02-28T20:29:10+00:00\",\"dateModified\":\"2021-02-28T20:29:14+00:00\",\"breadcrumb\":{\"@id\":\"https:\\\/\\\/lospoliticosveracruz.com\\\/?p=68864#breadcrumb\"},\"inLanguage\":\"es\",\"potentialAction\":[{\"@type\":\"ReadAction\",\"target\":[\"https:\\\/\\\/lospoliticosveracruz.com\\\/?p=68864\"]}]},{\"@type\":\"BreadcrumbList\",\"@id\":\"https:\\\/\\\/lospoliticosveracruz.com\\\/?p=68864#breadcrumb\",\"itemListElement\":[{\"@type\":\"ListItem\",\"position\":1,\"name\":\"Portada\",\"item\":\"https:\\\/\\\/lospoliticosveracruz.com\\\/\"},{\"@type\":\"ListItem\",\"position\":2,\"name\":\"Lomas Verdes rechaza obra de Hip\u00f3lito\"}]},{\"@type\":\"WebSite\",\"@id\":\"https:\\\/\\\/lospoliticosveracruz.com\\\/#website\",\"url\":\"https:\\\/\\\/lospoliticosveracruz.com\\\/\",\"name\":\"Los pol\u00edticos Veracruz\",\"description\":\"\",\"publisher\":{\"@id\":\"https:\\\/\\\/lospoliticosveracruz.com\\\/#organization\"},\"potentialAction\":[{\"@type\":\"SearchAction\",\"target\":{\"@type\":\"EntryPoint\",\"urlTemplate\":\"https:\\\/\\\/lospoliticosveracruz.com\\\/?s={search_term_string}\"},\"query-input\":{\"@type\":\"PropertyValueSpecification\",\"valueRequired\":true,\"valueName\":\"search_term_string\"}}],\"inLanguage\":\"es\"},{\"@type\":\"Organization\",\"@id\":\"https:\\\/\\\/lospoliticosveracruz.com\\\/#organization\",\"name\":\"Los pol\u00edticos Veracruz\",\"url\":\"https:\\\/\\\/lospoliticosveracruz.com\\\/\",\"logo\":{\"@type\":\"ImageObject\",\"inLanguage\":\"es\",\"@id\":\"https:\\\/\\\/lospoliticosveracruz.com\\\/#\\\/schema\\\/logo\\\/image\\\/\",\"url\":\"https:\\\/\\\/lospoliticosveracruz.com\\\/wp-content\\\/uploads\\\/2025\\\/12\\\/Logo-Nuevo-LOS-POLITICOS-1.jpg\",\"contentUrl\":\"https:\\\/\\\/lospoliticosveracruz.com\\\/wp-content\\\/uploads\\\/2025\\\/12\\\/Logo-Nuevo-LOS-POLITICOS-1.jpg\",\"width\":260,\"height\":70,\"caption\":\"Los pol\u00edticos Veracruz\"},\"image\":{\"@id\":\"https:\\\/\\\/lospoliticosveracruz.com\\\/#\\\/schema\\\/logo\\\/image\\\/\"},\"sameAs\":[\"https:\\\/\\\/www.facebook.com\\\/people\\\/Notimemes-de-los-Polticos\\\/61565672886568\\\/\",\"https:\\\/\\\/x.com\\\/LosPoliticosVer\"]},{\"@type\":\"Person\",\"@id\":\"https:\\\/\\\/lospoliticosveracruz.com\\\/#\\\/schema\\\/person\\\/b8702bb0e538456e6efd07080bf2a4a2\",\"name\":\"Lo viste en Los Pol\u00edticos\",\"image\":{\"@type\":\"ImageObject\",\"inLanguage\":\"es\",\"@id\":\"https:\\\/\\\/secure.gravatar.com\\\/avatar\\\/3a8de04a2656d44082be478bd6c086daa447c4651605818287b9532d3d0bd435?s=96&d=mm&r=g\",\"url\":\"https:\\\/\\\/secure.gravatar.com\\\/avatar\\\/3a8de04a2656d44082be478bd6c086daa447c4651605818287b9532d3d0bd435?s=96&d=mm&r=g\",\"contentUrl\":\"https:\\\/\\\/secure.gravatar.com\\\/avatar\\\/3a8de04a2656d44082be478bd6c086daa447c4651605818287b9532d3d0bd435?s=96&d=mm&r=g\",\"caption\":\"Lo viste en Los Pol\u00edticos\"},\"url\":\"https:\\\/\\\/lospoliticosveracruz.com\\\/?author=2\"}]}<\/script>\n<!-- \/ Yoast SEO plugin. -->","yoast_head_json":{"title":"Lomas Verdes rechaza obra de Hip\u00f3lito - Los pol\u00edticos Veracruz","robots":{"index":"index","follow":"follow","max-snippet":"max-snippet:-1","max-image-preview":"max-image-preview:large","max-video-preview":"max-video-preview:-1"},"canonical":"https:\/\/lospoliticosveracruz.com\/?p=68864","og_locale":"es_ES","og_type":"article","og_title":"Lomas Verdes rechaza obra de Hip\u00f3lito - Los pol\u00edticos Veracruz","og_description":"Xalapa Vecinos de la Unidad Habitacional Lomas Verdes se reunieron este domingo con Jos\u00e9 Luis Enr\u00edquez Ambell a quien le manifestaron su inconformidad respecto a la obra de un centro de asistencia social para la atenci\u00f3n de ni\u00f1as y adolescentes (mujeres de 12 a 18 a\u00f1os) que el ayuntamiento de Xalapa pretende edificar.En el encuentro [&hellip;]","og_url":"https:\/\/lospoliticosveracruz.com\/?p=68864","og_site_name":"Los pol\u00edticos Veracruz","article_publisher":"https:\/\/www.facebook.com\/people\/Notimemes-de-los-Polticos\/61565672886568\/","article_published_time":"2021-02-28T20:29:10+00:00","article_modified_time":"2021-02-28T20:29:14+00:00","og_image":[{"width":200,"height":200,"url":"https:\/\/lospoliticosveracruz.com\/wp-content\/uploads\/2016\/07\/Logo-Dor.jpg","type":"image\/jpeg"}],"author":"Lo viste en Los Pol\u00edticos","twitter_card":"summary_large_image","twitter_creator":"@LosPoliticosVer","twitter_site":"@LosPoliticosVer","twitter_misc":{"Escrito por":"Lo viste en Los Pol\u00edticos","Tiempo de lectura":"2 minutos"},"schema":{"@context":"https:\/\/schema.org","@graph":[{"@type":"Article","@id":"https:\/\/lospoliticosveracruz.com\/?p=68864#article","isPartOf":{"@id":"https:\/\/lospoliticosveracruz.com\/?p=68864"},"author":{"name":"Lo viste en Los Pol\u00edticos","@id":"https:\/\/lospoliticosveracruz.com\/#\/schema\/person\/b8702bb0e538456e6efd07080bf2a4a2"},"headline":"Lomas Verdes rechaza obra de Hip\u00f3lito","datePublished":"2021-02-28T20:29:10+00:00","dateModified":"2021-02-28T20:29:14+00:00","mainEntityOfPage":{"@id":"https:\/\/lospoliticosveracruz.com\/?p=68864"},"wordCount":325,"commentCount":0,"publisher":{"@id":"https:\/\/lospoliticosveracruz.com\/#organization"},"keywords":["centro de asistencia social","Hip\u00f3lito Rodr\u00edguez Herrero","Jos\u00e9 Luis Enr\u00edquez Ambell","Obras P\u00fablicas","unidad habitacional","Unidad Habitacional Lomas Verdes","Xalapa"],"articleSection":["La Nota"],"inLanguage":"es","potentialAction":[{"@type":"CommentAction","name":"Comment","target":["https:\/\/lospoliticosveracruz.com\/?p=68864#respond"]}]},{"@type":"WebPage","@id":"https:\/\/lospoliticosveracruz.com\/?p=68864","url":"https:\/\/lospoliticosveracruz.com\/?p=68864","name":"Lomas Verdes rechaza obra de Hip\u00f3lito - Los pol\u00edticos Veracruz","isPartOf":{"@id":"https:\/\/lospoliticosveracruz.com\/#website"},"datePublished":"2021-02-28T20:29:10+00:00","dateModified":"2021-02-28T20:29:14+00:00","breadcrumb":{"@id":"https:\/\/lospoliticosveracruz.com\/?p=68864#breadcrumb"},"inLanguage":"es","potentialAction":[{"@type":"ReadAction","target":["https:\/\/lospoliticosveracruz.com\/?p=68864"]}]},{"@type":"BreadcrumbList","@id":"https:\/\/lospoliticosveracruz.com\/?p=68864#breadcrumb","itemListElement":[{"@type":"ListItem","position":1,"name":"Portada","item":"https:\/\/lospoliticosveracruz.com\/"},{"@type":"ListItem","position":2,"name":"Lomas Verdes rechaza obra de Hip\u00f3lito"}]},{"@type":"WebSite","@id":"https:\/\/lospoliticosveracruz.com\/#website","url":"https:\/\/lospoliticosveracruz.com\/","name":"Los pol\u00edticos Veracruz","description":"","publisher":{"@id":"https:\/\/lospoliticosveracruz.com\/#organization"},"potentialAction":[{"@type":"SearchAction","target":{"@type":"EntryPoint","urlTemplate":"https:\/\/lospoliticosveracruz.com\/?s={search_term_string}"},"query-input":{"@type":"PropertyValueSpecification","valueRequired":true,"valueName":"search_term_string"}}],"inLanguage":"es"},{"@type":"Organization","@id":"https:\/\/lospoliticosveracruz.com\/#organization","name":"Los pol\u00edticos Veracruz","url":"https:\/\/lospoliticosveracruz.com\/","logo":{"@type":"ImageObject","inLanguage":"es","@id":"https:\/\/lospoliticosveracruz.com\/#\/schema\/logo\/image\/","url":"https:\/\/lospoliticosveracruz.com\/wp-content\/uploads\/2025\/12\/Logo-Nuevo-LOS-POLITICOS-1.jpg","contentUrl":"https:\/\/lospoliticosveracruz.com\/wp-content\/uploads\/2025\/12\/Logo-Nuevo-LOS-POLITICOS-1.jpg","width":260,"height":70,"caption":"Los pol\u00edticos Veracruz"},"image":{"@id":"https:\/\/lospoliticosveracruz.com\/#\/schema\/logo\/image\/"},"sameAs":["https:\/\/www.facebook.com\/people\/Notimemes-de-los-Polticos\/61565672886568\/","https:\/\/x.com\/LosPoliticosVer"]},{"@type":"Person","@id":"https:\/\/lospoliticosveracruz.com\/#\/schema\/person\/b8702bb0e538456e6efd07080bf2a4a2","name":"Lo viste en Los Pol\u00edticos","image":{"@type":"ImageObject","inLanguage":"es","@id":"https:\/\/secure.gravatar.com\/avatar\/3a8de04a2656d44082be478bd6c086daa447c4651605818287b9532d3d0bd435?s=96&d=mm&r=g","url":"https:\/\/secure.gravatar.com\/avatar\/3a8de04a2656d44082be478bd6c086daa447c4651605818287b9532d3d0bd435?s=96&d=mm&r=g","contentUrl":"https:\/\/secure.gravatar.com\/avatar\/3a8de04a2656d44082be478bd6c086daa447c4651605818287b9532d3d0bd435?s=96&d=mm&r=g","caption":"Lo viste en Los Pol\u00edticos"},"url":"https:\/\/lospoliticosveracruz.com\/?author=2"}]}},"_links":{"self":[{"href":"https:\/\/lospoliticosveracruz.com\/index.php?rest_route=\/wp\/v2\/posts\/68864","targetHints":{"allow":["GET"]}}],"collection":[{"href":"https:\/\/lospoliticosveracruz.com\/index.php?rest_route=\/wp\/v2\/posts"}],"about":[{"href":"https:\/\/lospoliticosveracruz.com\/index.php?rest_route=\/wp\/v2\/types\/post"}],"author":[{"embeddable":true,"href":"https:\/\/lospoliticosveracruz.com\/index.php?rest_route=\/wp\/v2\/users\/2"}],"replies":[{"embeddable":true,"href":"https:\/\/lospoliticosveracruz.com\/index.php?rest_route=%2Fwp%2Fv2%2Fcomments&post=68864"}],"version-history":[{"count":1,"href":"https:\/\/lospoliticosveracruz.com\/index.php?rest_route=\/wp\/v2\/posts\/68864\/revisions"}],"predecessor-version":[{"id":68866,"href":"https:\/\/lospoliticosveracruz.com\/index.php?rest_route=\/wp\/v2\/posts\/68864\/revisions\/68866"}],"wp:attachment":[{"href":"https:\/\/lospoliticosveracruz.com\/index.php?rest_route=%2Fwp%2Fv2%2Fmedia&parent=68864"}],"wp:term":[{"taxonomy":"category","embeddable":true,"href":"https:\/\/lospoliticosveracruz.com\/index.php?rest_route=%2Fwp%2Fv2%2Fcategories&post=68864"},{"taxonomy":"post_tag","embeddable":true,"href":"https:\/\/lospoliticosveracruz.com\/index.php?rest_route=%2Fwp%2Fv2%2Ftags&post=68864"}],"curies":[{"name":"wp","href":"https:\/\/api.w.org\/{rel}","templated":true}]}}