{"id":68867,"date":"2021-02-28T14:40:10","date_gmt":"2021-02-28T20:40:10","guid":{"rendered":"http:\/\/www.lospoliticosveracruz.com.mx\/?p=68867"},"modified":"2021-03-01T08:41:58","modified_gmt":"2021-03-01T14:41:58","slug":"dos-de-tres","status":"publish","type":"post","link":"https:\/\/lospoliticosveracruz.com\/?p=68867","title":{"rendered":"Dos de Tres"},"content":{"rendered":"\n<p><strong>Brenda Caballero<\/strong><\/p>\n\n\n\n<p><em>N\u00fameros Rojos<\/em><br><\/p>\n\n\n\n<p>Cay\u00f3 Salgado Macedonio\u2026 cay\u00f3 Jes\u00fas Alberto\u2026 \u00bfy Marcos Isle\u00f1o?<\/p>\n\n\n\n<p>El caso de F\u00e9lix Salgado Macedonio es hist\u00f3rico para nuestro pa\u00eds, para las mujeres y aquellos hombres que apoyan la causa del feminismo\u2026 un feminismo que debe entenderse en palabras comunes, como puro, sin politiquer\u00eda de por medio, sin beneficios e intereses.<br>La presi\u00f3n medi\u00e1tica de las feministas, de las colectivas, de la ola morada, de la sociedad civil, de aquellas mujeres que activamente incomodan al poder en turno, las que alzaron la voz diciendo que no quer\u00edan a un violador como gobernador ni agresores en el poder, y las que no se quedaron calladas y denunciaron a Salgado Macedonio, fueron las verdaderas autoras de que se revise el perfil para la selecci\u00f3n de candidata o candidato a la gubernatura del estado de Guerrero. De ellas es el triunfo, de nadie m\u00e1s.<br>Esa revisi\u00f3n de perfil sin duda marca un antes y un despu\u00e9s, ya que todas o todos aquellos que ahora s\u00ed alzan la voz contra Salgado, no ser\u00e1 m\u00e1s del hacer le\u00f1a del \u00e1rbol ca\u00eddo, subirse al tren, valga la expresi\u00f3n: a Toro pasado\u2026<br>Esperemos que esta revisi\u00f3n no sea simulaci\u00f3n y que verdaderamente Salgado Macedonio no sea candidato a la gubernatura. De ser as\u00ed, se estar\u00eda mandando un mensaje de impunidad a todos aquellos hombres que violentan a mujeres, situaci\u00f3n que en nada beneficiar\u00eda a un pa\u00eds donde todos los d\u00edas hay 11 feminicidios.<\/p>\n\n\n\n<p><strong>Movimiento Ciudadano S\u00cd, pero el Partido Verde NO<\/strong><br>El que no esper\u00f3 tanto tiempo para quitar a un precandidato, fue el partido Movimiento Ciudadano en Veracruz, que ante dos denuncias de mujeres violentadas, elimin\u00f3 de su lista a Jes\u00fas Alberto Camacho Carranza, quien aspiraba a ser candidato a la Diputaci\u00f3n Local por el Distrito Quince con cabecera en Veracruz. Sin embargo, el que se ve bastante \u201cverde\u201d en su compromiso de erradicar la violencia de g\u00e9nero contra las mujeres es el Partido Verde Ecologista en Veracruz que sigue teniendo como precandidato a la alcald\u00eda de Medell\u00edn, a Marcos Isle\u00f1o Andrade, se\u00f1alado de golpear a su ex pareja al grado de que le dej\u00f3 heridas de m\u00e1s de 15 d\u00edas en sanar; y a pesar de que las mujeres del PT han levantado la voz en rueda de prensa para que se revise el perfil de los candidatos con los que su partido ir\u00e1n en alianza para este proceso electoral. \u00bfPues cu\u00e1l ser\u00e1 el pacto con Isle\u00f1o? Ojal\u00e1 que las autoridades del Verde contesten (Carlos Marcelo Ruiz S\u00e1nchez, dirigente estatal; Javier Herrera Borunda, l\u00edder moral) pues no han hecho pronunciamiento al respecto. El medio ambiente importa, pero la garant\u00eda de la seguridad a las mujeres a vivir libres de violencia, m\u00e1s. \u00bfVerdad Andrea Yunes Yunes?<\/p>\n\n\n\n<p><strong>Bazar para Juvec\u00e1n<\/strong><br>Con el Covid nos hemos olvidado de otras enfermedades que acechan a la vida de las mujeres. Una de ellas es el c\u00e1ncer de mama, que no ve edad ni g\u00e9nero. Dar apoyo psicol\u00f3gico moral y en algunas ocasiones econ\u00f3mico cuando se puede a mujeres que lo padecen, siempre ha sido la mayor preocupaci\u00f3n del Grupo Juvec\u00e1n; por eso, esta vez se ocupa de recaudar fondos y hace una invitaci\u00f3n a la ciudadan\u00eda a que participen en su Bazar de Objetos y ropa usada que se llevar\u00e1 a cabo el pr\u00f3ximo s\u00e1bado 6 de marzo a las 17:00 por Facebook Live a trav\u00e9s de su p\u00e1gina Juvec\u00e1n Coatepec. \u00a1S\u00edgalas, y si puede cooperar, mejor!<\/p>\n\n\n\n<p><strong>M\u00f3nica y Tania<\/strong><br>En Veracruz tenemos un d\u00fao de mujeres que trabajan con todo para construir un proceso electoral libre de violencia pol\u00edtica en raz\u00f3n de g\u00e9nero. Me refiero a Tania Celina V\u00e1zquez Mu\u00f1oz, magistrada del Tribunal Electoral del Estado de Veracruz, y a M\u00f3nica Mendoza Madrigal, titular del Centro de Estudios para la Igualdad de G\u00e9nero y Derechos Humanos del Congreso del Estado.<br>Ambas nos traen del 1 al 4 de marzo una capacitaci\u00f3n especializada en violencia pol\u00edtica, con panel de especialistas de organizaciones nacionales e internacionales. No se la pierda; es gratuita, solamente con\u00e9ctese a trav\u00e9s de las redes sociales del TEV y del CEIGyDH en punto de las 17 horas.<br>La erradicaci\u00f3n de la violencia es un tema de todas y todos.<\/p>\n\n\n\n<p><strong>Duarte por Karime \u00bfNuevo Pacto?<\/strong><br>Despu\u00e9s de 5 a\u00f1os, s\u00ed, 5 a\u00f1os, la Auditor\u00eda Superior de la Federaci\u00f3n inici\u00f3 un nuevo procedimiento penal contra el ex gobernador Javier Duarte de Ochoa, pues detect\u00f3 un faltante por m\u00e1s de 3 mil 525 millones 51 mil 800 pesos que no fueron reintegrados a la Tesorer\u00eda de la Federaci\u00f3n en 2015. \u00bfSer\u00e1 acaso que Duarte quiere salvar a toda costa que Karime caiga en prisi\u00f3n, no importa que est\u00e9n divorciados?<\/p>\n\n\n\n<p>@NumerosRojos_BC<br>caballero_brenda@hotmail.com<\/p>\n","protected":false},"excerpt":{"rendered":"<p>Brenda Caballero N\u00fameros Rojos Cay\u00f3 Salgado Macedonio\u2026 cay\u00f3 Jes\u00fas Alberto\u2026 \u00bfy Marcos Isle\u00f1o? El caso de F\u00e9lix Salgado Macedonio es hist\u00f3rico para nuestro pa\u00eds, para las mujeres y aquellos hombres que apoyan la causa del feminismo\u2026 un feminismo que debe entenderse en palabras comunes, como puro, sin politiquer\u00eda de por medio, sin beneficios e intereses.La [&hellip;]<\/p>\n","protected":false},"author":2,"featured_media":0,"comment_status":"open","ping_status":"open","sticky":false,"template":"","format":"standard","meta":{"tdm_status":"","tdm_grid_status":"","footnotes":""},"categories":[70],"tags":[5320,1917,2687,26481,1132,826,92,1177,260,1124,26479,26480,231,18727,13921,1026,2289,9132,8317,195],"class_list":{"0":"post-68867","1":"post","2":"type-post","3":"status-publish","4":"format-standard","6":"category-de-opinion","7":"tag-andrea-yunes-yunes","8":"tag-auditoria-superior-de-la-federacion","9":"tag-brenda-caballero","10":"tag-ceigydh","11":"tag-felix-salgado-macedonio","12":"tag-feminicidios","13":"tag-guerrero","14":"tag-impunidad","15":"tag-javier-duarte-de-ochoa","16":"tag-javier-herrera-borunda","17":"tag-jesus-alberto-camacho-carranza","18":"tag-juvecan-2","19":"tag-karime-macias-tubilla","20":"tag-marcos-isleno-andrade","21":"tag-monica-mendoza-madrigal","22":"tag-morena","23":"tag-pt","24":"tag-tania-celina-vazquez-munoz","25":"tag-tev","26":"tag-veracruz"},"yoast_head":"<!-- This site is optimized with the Yoast SEO plugin v27.4 - https:\/\/yoast.com\/product\/yoast-seo-wordpress\/ -->\n<title>Dos de Tres - Los pol\u00edticos Veracruz<\/title>\n<meta name=\"robots\" content=\"index, follow, max-snippet:-1, max-image-preview:large, max-video-preview:-1\" \/>\n<link rel=\"canonical\" href=\"https:\/\/lospoliticosveracruz.com\/?p=68867\" \/>\n<meta property=\"og:locale\" content=\"es_ES\" \/>\n<meta property=\"og:type\" content=\"article\" \/>\n<meta property=\"og:title\" content=\"Dos de Tres - Los pol\u00edticos Veracruz\" \/>\n<meta property=\"og:description\" content=\"Brenda Caballero N\u00fameros Rojos Cay\u00f3 Salgado Macedonio\u2026 cay\u00f3 Jes\u00fas Alberto\u2026 \u00bfy Marcos Isle\u00f1o? El caso de F\u00e9lix Salgado Macedonio es hist\u00f3rico para nuestro pa\u00eds, para las mujeres y aquellos hombres que apoyan la causa del feminismo\u2026 un feminismo que debe entenderse en palabras comunes, como puro, sin politiquer\u00eda de por medio, sin beneficios e intereses.La [&hellip;]\" \/>\n<meta property=\"og:url\" content=\"https:\/\/lospoliticosveracruz.com\/?p=68867\" \/>\n<meta property=\"og:site_name\" content=\"Los pol\u00edticos Veracruz\" \/>\n<meta property=\"article:publisher\" content=\"https:\/\/www.facebook.com\/people\/Notimemes-de-los-Polticos\/61565672886568\/\" \/>\n<meta property=\"article:published_time\" content=\"2021-02-28T20:40:10+00:00\" \/>\n<meta property=\"article:modified_time\" content=\"2021-03-01T14:41:58+00:00\" \/>\n<meta property=\"og:image\" content=\"https:\/\/lospoliticosveracruz.com\/wp-content\/uploads\/2016\/07\/Logo-Dor.jpg\" \/>\n\t<meta property=\"og:image:width\" content=\"200\" \/>\n\t<meta property=\"og:image:height\" content=\"200\" \/>\n\t<meta property=\"og:image:type\" content=\"image\/jpeg\" \/>\n<meta name=\"author\" content=\"Lo viste en Los Pol\u00edticos\" \/>\n<meta name=\"twitter:card\" content=\"summary_large_image\" \/>\n<meta name=\"twitter:creator\" content=\"@LosPoliticosVer\" \/>\n<meta name=\"twitter:site\" content=\"@LosPoliticosVer\" \/>\n<meta name=\"twitter:label1\" content=\"Escrito por\" \/>\n\t<meta name=\"twitter:data1\" content=\"Lo viste en Los Pol\u00edticos\" \/>\n\t<meta name=\"twitter:label2\" content=\"Tiempo de lectura\" \/>\n\t<meta name=\"twitter:data2\" content=\"4 minutos\" \/>\n<script type=\"application\/ld+json\" class=\"yoast-schema-graph\">{\"@context\":\"https:\\\/\\\/schema.org\",\"@graph\":[{\"@type\":\"Article\",\"@id\":\"https:\\\/\\\/lospoliticosveracruz.com\\\/?p=68867#article\",\"isPartOf\":{\"@id\":\"https:\\\/\\\/lospoliticosveracruz.com\\\/?p=68867\"},\"author\":{\"name\":\"Lo viste en Los Pol\u00edticos\",\"@id\":\"https:\\\/\\\/lospoliticosveracruz.com\\\/#\\\/schema\\\/person\\\/b8702bb0e538456e6efd07080bf2a4a2\"},\"headline\":\"Dos de Tres\",\"datePublished\":\"2021-02-28T20:40:10+00:00\",\"dateModified\":\"2021-03-01T14:41:58+00:00\",\"mainEntityOfPage\":{\"@id\":\"https:\\\/\\\/lospoliticosveracruz.com\\\/?p=68867\"},\"wordCount\":847,\"commentCount\":0,\"publisher\":{\"@id\":\"https:\\\/\\\/lospoliticosveracruz.com\\\/#organization\"},\"keywords\":[\"Andrea Yunes Yunes\",\"Auditor\u00eda Superior de la Federaci\u00f3n\",\"Brenda Caballero\",\"CEIGyDH\",\"F\u00e9lix Salgado Macedonio\",\"feminicidios\",\"Guerrero\",\"impunidad\",\"Javier Duarte de Ochoa\",\"Javier Herrera Borunda\",\"Jes\u00fas Alberto Camacho Carranza\",\"Juvec\u00e1n\",\"Karime Mac\u00edas Tubilla\",\"Marcos Isle\u00f1o Andrade\",\"M\u00f3nica Mendoza Madrigal\",\"Morena\",\"PT\",\"Tania Celina V\u00e1zquez Mu\u00f1oz\",\"TEV\",\"Veracruz\"],\"articleSection\":[\"De Opini\u00f3n\"],\"inLanguage\":\"es\",\"potentialAction\":[{\"@type\":\"CommentAction\",\"name\":\"Comment\",\"target\":[\"https:\\\/\\\/lospoliticosveracruz.com\\\/?p=68867#respond\"]}]},{\"@type\":\"WebPage\",\"@id\":\"https:\\\/\\\/lospoliticosveracruz.com\\\/?p=68867\",\"url\":\"https:\\\/\\\/lospoliticosveracruz.com\\\/?p=68867\",\"name\":\"Dos de Tres - Los pol\u00edticos Veracruz\",\"isPartOf\":{\"@id\":\"https:\\\/\\\/lospoliticosveracruz.com\\\/#website\"},\"datePublished\":\"2021-02-28T20:40:10+00:00\",\"dateModified\":\"2021-03-01T14:41:58+00:00\",\"breadcrumb\":{\"@id\":\"https:\\\/\\\/lospoliticosveracruz.com\\\/?p=68867#breadcrumb\"},\"inLanguage\":\"es\",\"potentialAction\":[{\"@type\":\"ReadAction\",\"target\":[\"https:\\\/\\\/lospoliticosveracruz.com\\\/?p=68867\"]}]},{\"@type\":\"BreadcrumbList\",\"@id\":\"https:\\\/\\\/lospoliticosveracruz.com\\\/?p=68867#breadcrumb\",\"itemListElement\":[{\"@type\":\"ListItem\",\"position\":1,\"name\":\"Portada\",\"item\":\"https:\\\/\\\/lospoliticosveracruz.com\\\/\"},{\"@type\":\"ListItem\",\"position\":2,\"name\":\"Dos de Tres\"}]},{\"@type\":\"WebSite\",\"@id\":\"https:\\\/\\\/lospoliticosveracruz.com\\\/#website\",\"url\":\"https:\\\/\\\/lospoliticosveracruz.com\\\/\",\"name\":\"Los pol\u00edticos Veracruz\",\"description\":\"\",\"publisher\":{\"@id\":\"https:\\\/\\\/lospoliticosveracruz.com\\\/#organization\"},\"potentialAction\":[{\"@type\":\"SearchAction\",\"target\":{\"@type\":\"EntryPoint\",\"urlTemplate\":\"https:\\\/\\\/lospoliticosveracruz.com\\\/?s={search_term_string}\"},\"query-input\":{\"@type\":\"PropertyValueSpecification\",\"valueRequired\":true,\"valueName\":\"search_term_string\"}}],\"inLanguage\":\"es\"},{\"@type\":\"Organization\",\"@id\":\"https:\\\/\\\/lospoliticosveracruz.com\\\/#organization\",\"name\":\"Los pol\u00edticos Veracruz\",\"url\":\"https:\\\/\\\/lospoliticosveracruz.com\\\/\",\"logo\":{\"@type\":\"ImageObject\",\"inLanguage\":\"es\",\"@id\":\"https:\\\/\\\/lospoliticosveracruz.com\\\/#\\\/schema\\\/logo\\\/image\\\/\",\"url\":\"https:\\\/\\\/lospoliticosveracruz.com\\\/wp-content\\\/uploads\\\/2025\\\/12\\\/Logo-Nuevo-LOS-POLITICOS-1.jpg\",\"contentUrl\":\"https:\\\/\\\/lospoliticosveracruz.com\\\/wp-content\\\/uploads\\\/2025\\\/12\\\/Logo-Nuevo-LOS-POLITICOS-1.jpg\",\"width\":260,\"height\":70,\"caption\":\"Los pol\u00edticos Veracruz\"},\"image\":{\"@id\":\"https:\\\/\\\/lospoliticosveracruz.com\\\/#\\\/schema\\\/logo\\\/image\\\/\"},\"sameAs\":[\"https:\\\/\\\/www.facebook.com\\\/people\\\/Notimemes-de-los-Polticos\\\/61565672886568\\\/\",\"https:\\\/\\\/x.com\\\/LosPoliticosVer\"]},{\"@type\":\"Person\",\"@id\":\"https:\\\/\\\/lospoliticosveracruz.com\\\/#\\\/schema\\\/person\\\/b8702bb0e538456e6efd07080bf2a4a2\",\"name\":\"Lo viste en Los Pol\u00edticos\",\"image\":{\"@type\":\"ImageObject\",\"inLanguage\":\"es\",\"@id\":\"https:\\\/\\\/secure.gravatar.com\\\/avatar\\\/3a8de04a2656d44082be478bd6c086daa447c4651605818287b9532d3d0bd435?s=96&d=mm&r=g\",\"url\":\"https:\\\/\\\/secure.gravatar.com\\\/avatar\\\/3a8de04a2656d44082be478bd6c086daa447c4651605818287b9532d3d0bd435?s=96&d=mm&r=g\",\"contentUrl\":\"https:\\\/\\\/secure.gravatar.com\\\/avatar\\\/3a8de04a2656d44082be478bd6c086daa447c4651605818287b9532d3d0bd435?s=96&d=mm&r=g\",\"caption\":\"Lo viste en Los Pol\u00edticos\"},\"url\":\"https:\\\/\\\/lospoliticosveracruz.com\\\/?author=2\"}]}<\/script>\n<!-- \/ Yoast SEO plugin. -->","yoast_head_json":{"title":"Dos de Tres - Los pol\u00edticos Veracruz","robots":{"index":"index","follow":"follow","max-snippet":"max-snippet:-1","max-image-preview":"max-image-preview:large","max-video-preview":"max-video-preview:-1"},"canonical":"https:\/\/lospoliticosveracruz.com\/?p=68867","og_locale":"es_ES","og_type":"article","og_title":"Dos de Tres - Los pol\u00edticos Veracruz","og_description":"Brenda Caballero N\u00fameros Rojos Cay\u00f3 Salgado Macedonio\u2026 cay\u00f3 Jes\u00fas Alberto\u2026 \u00bfy Marcos Isle\u00f1o? El caso de F\u00e9lix Salgado Macedonio es hist\u00f3rico para nuestro pa\u00eds, para las mujeres y aquellos hombres que apoyan la causa del feminismo\u2026 un feminismo que debe entenderse en palabras comunes, como puro, sin politiquer\u00eda de por medio, sin beneficios e intereses.La [&hellip;]","og_url":"https:\/\/lospoliticosveracruz.com\/?p=68867","og_site_name":"Los pol\u00edticos Veracruz","article_publisher":"https:\/\/www.facebook.com\/people\/Notimemes-de-los-Polticos\/61565672886568\/","article_published_time":"2021-02-28T20:40:10+00:00","article_modified_time":"2021-03-01T14:41:58+00:00","og_image":[{"width":200,"height":200,"url":"https:\/\/lospoliticosveracruz.com\/wp-content\/uploads\/2016\/07\/Logo-Dor.jpg","type":"image\/jpeg"}],"author":"Lo viste en Los Pol\u00edticos","twitter_card":"summary_large_image","twitter_creator":"@LosPoliticosVer","twitter_site":"@LosPoliticosVer","twitter_misc":{"Escrito por":"Lo viste en Los Pol\u00edticos","Tiempo de lectura":"4 minutos"},"schema":{"@context":"https:\/\/schema.org","@graph":[{"@type":"Article","@id":"https:\/\/lospoliticosveracruz.com\/?p=68867#article","isPartOf":{"@id":"https:\/\/lospoliticosveracruz.com\/?p=68867"},"author":{"name":"Lo viste en Los Pol\u00edticos","@id":"https:\/\/lospoliticosveracruz.com\/#\/schema\/person\/b8702bb0e538456e6efd07080bf2a4a2"},"headline":"Dos de Tres","datePublished":"2021-02-28T20:40:10+00:00","dateModified":"2021-03-01T14:41:58+00:00","mainEntityOfPage":{"@id":"https:\/\/lospoliticosveracruz.com\/?p=68867"},"wordCount":847,"commentCount":0,"publisher":{"@id":"https:\/\/lospoliticosveracruz.com\/#organization"},"keywords":["Andrea Yunes Yunes","Auditor\u00eda Superior de la Federaci\u00f3n","Brenda Caballero","CEIGyDH","F\u00e9lix Salgado Macedonio","feminicidios","Guerrero","impunidad","Javier Duarte de Ochoa","Javier Herrera Borunda","Jes\u00fas Alberto Camacho Carranza","Juvec\u00e1n","Karime Mac\u00edas Tubilla","Marcos Isle\u00f1o Andrade","M\u00f3nica Mendoza Madrigal","Morena","PT","Tania Celina V\u00e1zquez Mu\u00f1oz","TEV","Veracruz"],"articleSection":["De Opini\u00f3n"],"inLanguage":"es","potentialAction":[{"@type":"CommentAction","name":"Comment","target":["https:\/\/lospoliticosveracruz.com\/?p=68867#respond"]}]},{"@type":"WebPage","@id":"https:\/\/lospoliticosveracruz.com\/?p=68867","url":"https:\/\/lospoliticosveracruz.com\/?p=68867","name":"Dos de Tres - Los pol\u00edticos Veracruz","isPartOf":{"@id":"https:\/\/lospoliticosveracruz.com\/#website"},"datePublished":"2021-02-28T20:40:10+00:00","dateModified":"2021-03-01T14:41:58+00:00","breadcrumb":{"@id":"https:\/\/lospoliticosveracruz.com\/?p=68867#breadcrumb"},"inLanguage":"es","potentialAction":[{"@type":"ReadAction","target":["https:\/\/lospoliticosveracruz.com\/?p=68867"]}]},{"@type":"BreadcrumbList","@id":"https:\/\/lospoliticosveracruz.com\/?p=68867#breadcrumb","itemListElement":[{"@type":"ListItem","position":1,"name":"Portada","item":"https:\/\/lospoliticosveracruz.com\/"},{"@type":"ListItem","position":2,"name":"Dos de Tres"}]},{"@type":"WebSite","@id":"https:\/\/lospoliticosveracruz.com\/#website","url":"https:\/\/lospoliticosveracruz.com\/","name":"Los pol\u00edticos Veracruz","description":"","publisher":{"@id":"https:\/\/lospoliticosveracruz.com\/#organization"},"potentialAction":[{"@type":"SearchAction","target":{"@type":"EntryPoint","urlTemplate":"https:\/\/lospoliticosveracruz.com\/?s={search_term_string}"},"query-input":{"@type":"PropertyValueSpecification","valueRequired":true,"valueName":"search_term_string"}}],"inLanguage":"es"},{"@type":"Organization","@id":"https:\/\/lospoliticosveracruz.com\/#organization","name":"Los pol\u00edticos Veracruz","url":"https:\/\/lospoliticosveracruz.com\/","logo":{"@type":"ImageObject","inLanguage":"es","@id":"https:\/\/lospoliticosveracruz.com\/#\/schema\/logo\/image\/","url":"https:\/\/lospoliticosveracruz.com\/wp-content\/uploads\/2025\/12\/Logo-Nuevo-LOS-POLITICOS-1.jpg","contentUrl":"https:\/\/lospoliticosveracruz.com\/wp-content\/uploads\/2025\/12\/Logo-Nuevo-LOS-POLITICOS-1.jpg","width":260,"height":70,"caption":"Los pol\u00edticos Veracruz"},"image":{"@id":"https:\/\/lospoliticosveracruz.com\/#\/schema\/logo\/image\/"},"sameAs":["https:\/\/www.facebook.com\/people\/Notimemes-de-los-Polticos\/61565672886568\/","https:\/\/x.com\/LosPoliticosVer"]},{"@type":"Person","@id":"https:\/\/lospoliticosveracruz.com\/#\/schema\/person\/b8702bb0e538456e6efd07080bf2a4a2","name":"Lo viste en Los Pol\u00edticos","image":{"@type":"ImageObject","inLanguage":"es","@id":"https:\/\/secure.gravatar.com\/avatar\/3a8de04a2656d44082be478bd6c086daa447c4651605818287b9532d3d0bd435?s=96&d=mm&r=g","url":"https:\/\/secure.gravatar.com\/avatar\/3a8de04a2656d44082be478bd6c086daa447c4651605818287b9532d3d0bd435?s=96&d=mm&r=g","contentUrl":"https:\/\/secure.gravatar.com\/avatar\/3a8de04a2656d44082be478bd6c086daa447c4651605818287b9532d3d0bd435?s=96&d=mm&r=g","caption":"Lo viste en Los Pol\u00edticos"},"url":"https:\/\/lospoliticosveracruz.com\/?author=2"}]}},"_links":{"self":[{"href":"https:\/\/lospoliticosveracruz.com\/index.php?rest_route=\/wp\/v2\/posts\/68867","targetHints":{"allow":["GET"]}}],"collection":[{"href":"https:\/\/lospoliticosveracruz.com\/index.php?rest_route=\/wp\/v2\/posts"}],"about":[{"href":"https:\/\/lospoliticosveracruz.com\/index.php?rest_route=\/wp\/v2\/types\/post"}],"author":[{"embeddable":true,"href":"https:\/\/lospoliticosveracruz.com\/index.php?rest_route=\/wp\/v2\/users\/2"}],"replies":[{"embeddable":true,"href":"https:\/\/lospoliticosveracruz.com\/index.php?rest_route=%2Fwp%2Fv2%2Fcomments&post=68867"}],"version-history":[{"count":2,"href":"https:\/\/lospoliticosveracruz.com\/index.php?rest_route=\/wp\/v2\/posts\/68867\/revisions"}],"predecessor-version":[{"id":68888,"href":"https:\/\/lospoliticosveracruz.com\/index.php?rest_route=\/wp\/v2\/posts\/68867\/revisions\/68888"}],"wp:attachment":[{"href":"https:\/\/lospoliticosveracruz.com\/index.php?rest_route=%2Fwp%2Fv2%2Fmedia&parent=68867"}],"wp:term":[{"taxonomy":"category","embeddable":true,"href":"https:\/\/lospoliticosveracruz.com\/index.php?rest_route=%2Fwp%2Fv2%2Fcategories&post=68867"},{"taxonomy":"post_tag","embeddable":true,"href":"https:\/\/lospoliticosveracruz.com\/index.php?rest_route=%2Fwp%2Fv2%2Ftags&post=68867"}],"curies":[{"name":"wp","href":"https:\/\/api.w.org\/{rel}","templated":true}]}}