{"id":68963,"date":"2021-03-02T16:56:24","date_gmt":"2021-03-02T22:56:24","guid":{"rendered":"http:\/\/www.lospoliticosveracruz.com.mx\/?p=68963"},"modified":"2021-03-02T16:56:28","modified_gmt":"2021-03-02T22:56:28","slug":"pachangon-por-los-200","status":"publish","type":"post","link":"https:\/\/lospoliticosveracruz.com\/?p=68963","title":{"rendered":"Pachang\u00f3n por los 200!"},"content":{"rendered":"\n<p><\/p>\n\n\n\n<p><strong>C\u00f3rdoba<\/strong><\/p>\n\n\n\n<p><br>La presidenta municipal, Leticia L\u00f3pez Landero, tom\u00f3 protesta a las y los integrantes del Comit\u00e9 de Festejos de la firma de los Tratados de C\u00f3rdoba, 200 a\u00f1os, que tendr\u00e1 como objetivo coordinar, organizar y difundir las actividades relativas a la conmemoraci\u00f3n del bicentenario de esta fecha.<br>\u201cVamos a hacer que todo el mundo voltee a C\u00f3rdoba y se reconozca a nivel nacional su relevancia y participaci\u00f3n en la construcci\u00f3n del M\u00e9xico independiente\u201d, se\u00f1al\u00f3 la Mun\u00edcipe.<br>El Comit\u00e9 integrar\u00e1 la participaci\u00f3n del Consejo Municipal de la Cr\u00f3nica de C\u00f3rdoba, a las personas titulares de la Direcci\u00f3n de Educaci\u00f3n y Deporte, y Desarrollo Econ\u00f3mico, as\u00ed como de las coordinaciones de Turismo, Cultura y Comunicaci\u00f3n Social; la Presidenta Municipal fungir\u00e1 como Presidenta Honoraria y como miembro el regidor s\u00e9ptimo F\u00e9lix Emilio Sacre Luna.<br>L\u00f3pez Landero instruy\u00f3 a organizar actividades con una visi\u00f3n comunitaria, en la que se incluyan acciones a partir de colonias y localidades. Agradeci\u00f3 el respaldo del gobierno del estado y del secretario de gobierno, Eric Cisneros Burgos, para darle a la firma de los Tratados de C\u00f3rdoba relevancia nacional.<br>Durante la sesi\u00f3n de instalaci\u00f3n celebrada en el Archivo Municipal, el cronista de C\u00f3rdoba, Rafael de la Mora, asegur\u00f3 que las y los integrantes del Consejo de la Cr\u00f3nica buscan que a C\u00f3rdoba se le reconozca por su importancia en la historia de M\u00e9xico. \u201cDebemos trabajar por que se rectifique la historia y que en ella quede asentado quien realmente fue el consumador de la independencia\u201d, dijo de la Mora.<br>En el marco de la sesi\u00f3n, Jorge L\u00f3pez Tress, anticip\u00f3 la conformaci\u00f3n de un Consejo asesor que integre a personas representantes de los sectores social, cultural, productivo y acad\u00e9mico del municipio a fin de enriquecer la agenda de actividades.<br>Se adelant\u00f3 que el municipio se encuentra en tr\u00e1mites con el Servicio Postal Mexicano (SEPOMEX) para la cancelaci\u00f3n de un timbre alusivo a la fecha, se retomar\u00e1n los tr\u00e1mites de hermanamiento con las ciudades con las que C\u00f3rdoba comparte nombre, y se plante\u00f3 la posibilidad de producir una serie hist\u00f3rica que difunda la importancia de los Tratados.<br>Asimismo, se analizaron diferentes propuestas de actividades a realizarse durante el a\u00f1o y que contemplan acciones coordinadas con los sectores productivo y social del municipios, as\u00ed como los diversos \u00f3rdenes de gobierno.<\/p>\n","protected":false},"excerpt":{"rendered":"<p>C\u00f3rdoba La presidenta municipal, Leticia L\u00f3pez Landero, tom\u00f3 protesta a las y los integrantes del Comit\u00e9 de Festejos de la firma de los Tratados de C\u00f3rdoba, 200 a\u00f1os, que tendr\u00e1 como objetivo coordinar, organizar y difundir las actividades relativas a la conmemoraci\u00f3n del bicentenario de esta fecha.\u201cVamos a hacer que todo el mundo voltee a [&hellip;]<\/p>\n","protected":false},"author":2,"featured_media":0,"comment_status":"open","ping_status":"open","sticky":false,"template":"","format":"standard","meta":{"tdm_status":"","tdm_grid_status":"","footnotes":""},"categories":[73],"tags":[12299,26525,7641,26526,9289],"class_list":{"0":"post-68963","1":"post","2":"type-post","3":"status-publish","4":"format-standard","6":"category-de-boleto","7":"tag-eric-cisneros-burgos","8":"tag-felix-emilio-sacre-luna","9":"tag-leticia-lopez-landero","10":"tag-rafael-de-la-mora","11":"tag-tratados-de-cordoba"},"yoast_head":"<!-- This site is optimized with the Yoast SEO plugin v27.4 - https:\/\/yoast.com\/product\/yoast-seo-wordpress\/ -->\n<title>Pachang\u00f3n por los 200! - Los pol\u00edticos Veracruz<\/title>\n<meta name=\"robots\" content=\"index, follow, max-snippet:-1, max-image-preview:large, max-video-preview:-1\" \/>\n<link rel=\"canonical\" href=\"https:\/\/lospoliticosveracruz.com\/?p=68963\" \/>\n<meta property=\"og:locale\" content=\"es_ES\" \/>\n<meta property=\"og:type\" content=\"article\" \/>\n<meta property=\"og:title\" content=\"Pachang\u00f3n por los 200! - Los pol\u00edticos Veracruz\" \/>\n<meta property=\"og:description\" content=\"C\u00f3rdoba La presidenta municipal, Leticia L\u00f3pez Landero, tom\u00f3 protesta a las y los integrantes del Comit\u00e9 de Festejos de la firma de los Tratados de C\u00f3rdoba, 200 a\u00f1os, que tendr\u00e1 como objetivo coordinar, organizar y difundir las actividades relativas a la conmemoraci\u00f3n del bicentenario de esta fecha.\u201cVamos a hacer que todo el mundo voltee a [&hellip;]\" \/>\n<meta property=\"og:url\" content=\"https:\/\/lospoliticosveracruz.com\/?p=68963\" \/>\n<meta property=\"og:site_name\" content=\"Los pol\u00edticos Veracruz\" \/>\n<meta property=\"article:publisher\" content=\"https:\/\/www.facebook.com\/people\/Notimemes-de-los-Polticos\/61565672886568\/\" \/>\n<meta property=\"article:published_time\" content=\"2021-03-02T22:56:24+00:00\" \/>\n<meta property=\"article:modified_time\" content=\"2021-03-02T22:56:28+00:00\" \/>\n<meta property=\"og:image\" content=\"https:\/\/lospoliticosveracruz.com\/wp-content\/uploads\/2016\/07\/Logo-Dor.jpg\" \/>\n\t<meta property=\"og:image:width\" content=\"200\" \/>\n\t<meta property=\"og:image:height\" content=\"200\" \/>\n\t<meta property=\"og:image:type\" content=\"image\/jpeg\" \/>\n<meta name=\"author\" content=\"Lo viste en Los Pol\u00edticos\" \/>\n<meta name=\"twitter:card\" content=\"summary_large_image\" \/>\n<meta name=\"twitter:creator\" content=\"@LosPoliticosVer\" \/>\n<meta name=\"twitter:site\" content=\"@LosPoliticosVer\" \/>\n<meta name=\"twitter:label1\" content=\"Escrito por\" \/>\n\t<meta name=\"twitter:data1\" content=\"Lo viste en Los Pol\u00edticos\" \/>\n\t<meta name=\"twitter:label2\" content=\"Tiempo de lectura\" \/>\n\t<meta name=\"twitter:data2\" content=\"2 minutos\" \/>\n<script type=\"application\/ld+json\" class=\"yoast-schema-graph\">{\"@context\":\"https:\\\/\\\/schema.org\",\"@graph\":[{\"@type\":\"Article\",\"@id\":\"https:\\\/\\\/lospoliticosveracruz.com\\\/?p=68963#article\",\"isPartOf\":{\"@id\":\"https:\\\/\\\/lospoliticosveracruz.com\\\/?p=68963\"},\"author\":{\"name\":\"Lo viste en Los Pol\u00edticos\",\"@id\":\"https:\\\/\\\/lospoliticosveracruz.com\\\/#\\\/schema\\\/person\\\/b8702bb0e538456e6efd07080bf2a4a2\"},\"headline\":\"Pachang\u00f3n por los 200!\",\"datePublished\":\"2021-03-02T22:56:24+00:00\",\"dateModified\":\"2021-03-02T22:56:28+00:00\",\"mainEntityOfPage\":{\"@id\":\"https:\\\/\\\/lospoliticosveracruz.com\\\/?p=68963\"},\"wordCount\":421,\"commentCount\":0,\"publisher\":{\"@id\":\"https:\\\/\\\/lospoliticosveracruz.com\\\/#organization\"},\"keywords\":[\"Eric Cisneros Burgos\",\"F\u00e9lix Emilio Sacre Luna\",\"Leticia L\u00f3pez Landero\",\"Rafael de la Mora\",\"Tratados de C\u00f3rdoba\"],\"articleSection\":[\"De Boleto\"],\"inLanguage\":\"es\",\"potentialAction\":[{\"@type\":\"CommentAction\",\"name\":\"Comment\",\"target\":[\"https:\\\/\\\/lospoliticosveracruz.com\\\/?p=68963#respond\"]}]},{\"@type\":\"WebPage\",\"@id\":\"https:\\\/\\\/lospoliticosveracruz.com\\\/?p=68963\",\"url\":\"https:\\\/\\\/lospoliticosveracruz.com\\\/?p=68963\",\"name\":\"Pachang\u00f3n por los 200! - Los pol\u00edticos Veracruz\",\"isPartOf\":{\"@id\":\"https:\\\/\\\/lospoliticosveracruz.com\\\/#website\"},\"datePublished\":\"2021-03-02T22:56:24+00:00\",\"dateModified\":\"2021-03-02T22:56:28+00:00\",\"breadcrumb\":{\"@id\":\"https:\\\/\\\/lospoliticosveracruz.com\\\/?p=68963#breadcrumb\"},\"inLanguage\":\"es\",\"potentialAction\":[{\"@type\":\"ReadAction\",\"target\":[\"https:\\\/\\\/lospoliticosveracruz.com\\\/?p=68963\"]}]},{\"@type\":\"BreadcrumbList\",\"@id\":\"https:\\\/\\\/lospoliticosveracruz.com\\\/?p=68963#breadcrumb\",\"itemListElement\":[{\"@type\":\"ListItem\",\"position\":1,\"name\":\"Portada\",\"item\":\"https:\\\/\\\/lospoliticosveracruz.com\\\/\"},{\"@type\":\"ListItem\",\"position\":2,\"name\":\"Pachang\u00f3n por los 200!\"}]},{\"@type\":\"WebSite\",\"@id\":\"https:\\\/\\\/lospoliticosveracruz.com\\\/#website\",\"url\":\"https:\\\/\\\/lospoliticosveracruz.com\\\/\",\"name\":\"Los pol\u00edticos Veracruz\",\"description\":\"\",\"publisher\":{\"@id\":\"https:\\\/\\\/lospoliticosveracruz.com\\\/#organization\"},\"potentialAction\":[{\"@type\":\"SearchAction\",\"target\":{\"@type\":\"EntryPoint\",\"urlTemplate\":\"https:\\\/\\\/lospoliticosveracruz.com\\\/?s={search_term_string}\"},\"query-input\":{\"@type\":\"PropertyValueSpecification\",\"valueRequired\":true,\"valueName\":\"search_term_string\"}}],\"inLanguage\":\"es\"},{\"@type\":\"Organization\",\"@id\":\"https:\\\/\\\/lospoliticosveracruz.com\\\/#organization\",\"name\":\"Los pol\u00edticos Veracruz\",\"url\":\"https:\\\/\\\/lospoliticosveracruz.com\\\/\",\"logo\":{\"@type\":\"ImageObject\",\"inLanguage\":\"es\",\"@id\":\"https:\\\/\\\/lospoliticosveracruz.com\\\/#\\\/schema\\\/logo\\\/image\\\/\",\"url\":\"https:\\\/\\\/lospoliticosveracruz.com\\\/wp-content\\\/uploads\\\/2025\\\/12\\\/Logo-Nuevo-LOS-POLITICOS-1.jpg\",\"contentUrl\":\"https:\\\/\\\/lospoliticosveracruz.com\\\/wp-content\\\/uploads\\\/2025\\\/12\\\/Logo-Nuevo-LOS-POLITICOS-1.jpg\",\"width\":260,\"height\":70,\"caption\":\"Los pol\u00edticos Veracruz\"},\"image\":{\"@id\":\"https:\\\/\\\/lospoliticosveracruz.com\\\/#\\\/schema\\\/logo\\\/image\\\/\"},\"sameAs\":[\"https:\\\/\\\/www.facebook.com\\\/people\\\/Notimemes-de-los-Polticos\\\/61565672886568\\\/\",\"https:\\\/\\\/x.com\\\/LosPoliticosVer\"]},{\"@type\":\"Person\",\"@id\":\"https:\\\/\\\/lospoliticosveracruz.com\\\/#\\\/schema\\\/person\\\/b8702bb0e538456e6efd07080bf2a4a2\",\"name\":\"Lo viste en Los Pol\u00edticos\",\"image\":{\"@type\":\"ImageObject\",\"inLanguage\":\"es\",\"@id\":\"https:\\\/\\\/secure.gravatar.com\\\/avatar\\\/3a8de04a2656d44082be478bd6c086daa447c4651605818287b9532d3d0bd435?s=96&d=mm&r=g\",\"url\":\"https:\\\/\\\/secure.gravatar.com\\\/avatar\\\/3a8de04a2656d44082be478bd6c086daa447c4651605818287b9532d3d0bd435?s=96&d=mm&r=g\",\"contentUrl\":\"https:\\\/\\\/secure.gravatar.com\\\/avatar\\\/3a8de04a2656d44082be478bd6c086daa447c4651605818287b9532d3d0bd435?s=96&d=mm&r=g\",\"caption\":\"Lo viste en Los Pol\u00edticos\"},\"url\":\"https:\\\/\\\/lospoliticosveracruz.com\\\/?author=2\"}]}<\/script>\n<!-- \/ Yoast SEO plugin. -->","yoast_head_json":{"title":"Pachang\u00f3n por los 200! - Los pol\u00edticos Veracruz","robots":{"index":"index","follow":"follow","max-snippet":"max-snippet:-1","max-image-preview":"max-image-preview:large","max-video-preview":"max-video-preview:-1"},"canonical":"https:\/\/lospoliticosveracruz.com\/?p=68963","og_locale":"es_ES","og_type":"article","og_title":"Pachang\u00f3n por los 200! - Los pol\u00edticos Veracruz","og_description":"C\u00f3rdoba La presidenta municipal, Leticia L\u00f3pez Landero, tom\u00f3 protesta a las y los integrantes del Comit\u00e9 de Festejos de la firma de los Tratados de C\u00f3rdoba, 200 a\u00f1os, que tendr\u00e1 como objetivo coordinar, organizar y difundir las actividades relativas a la conmemoraci\u00f3n del bicentenario de esta fecha.\u201cVamos a hacer que todo el mundo voltee a [&hellip;]","og_url":"https:\/\/lospoliticosveracruz.com\/?p=68963","og_site_name":"Los pol\u00edticos Veracruz","article_publisher":"https:\/\/www.facebook.com\/people\/Notimemes-de-los-Polticos\/61565672886568\/","article_published_time":"2021-03-02T22:56:24+00:00","article_modified_time":"2021-03-02T22:56:28+00:00","og_image":[{"width":200,"height":200,"url":"https:\/\/lospoliticosveracruz.com\/wp-content\/uploads\/2016\/07\/Logo-Dor.jpg","type":"image\/jpeg"}],"author":"Lo viste en Los Pol\u00edticos","twitter_card":"summary_large_image","twitter_creator":"@LosPoliticosVer","twitter_site":"@LosPoliticosVer","twitter_misc":{"Escrito por":"Lo viste en Los Pol\u00edticos","Tiempo de lectura":"2 minutos"},"schema":{"@context":"https:\/\/schema.org","@graph":[{"@type":"Article","@id":"https:\/\/lospoliticosveracruz.com\/?p=68963#article","isPartOf":{"@id":"https:\/\/lospoliticosveracruz.com\/?p=68963"},"author":{"name":"Lo viste en Los Pol\u00edticos","@id":"https:\/\/lospoliticosveracruz.com\/#\/schema\/person\/b8702bb0e538456e6efd07080bf2a4a2"},"headline":"Pachang\u00f3n por los 200!","datePublished":"2021-03-02T22:56:24+00:00","dateModified":"2021-03-02T22:56:28+00:00","mainEntityOfPage":{"@id":"https:\/\/lospoliticosveracruz.com\/?p=68963"},"wordCount":421,"commentCount":0,"publisher":{"@id":"https:\/\/lospoliticosveracruz.com\/#organization"},"keywords":["Eric Cisneros Burgos","F\u00e9lix Emilio Sacre Luna","Leticia L\u00f3pez Landero","Rafael de la Mora","Tratados de C\u00f3rdoba"],"articleSection":["De Boleto"],"inLanguage":"es","potentialAction":[{"@type":"CommentAction","name":"Comment","target":["https:\/\/lospoliticosveracruz.com\/?p=68963#respond"]}]},{"@type":"WebPage","@id":"https:\/\/lospoliticosveracruz.com\/?p=68963","url":"https:\/\/lospoliticosveracruz.com\/?p=68963","name":"Pachang\u00f3n por los 200! - Los pol\u00edticos Veracruz","isPartOf":{"@id":"https:\/\/lospoliticosveracruz.com\/#website"},"datePublished":"2021-03-02T22:56:24+00:00","dateModified":"2021-03-02T22:56:28+00:00","breadcrumb":{"@id":"https:\/\/lospoliticosveracruz.com\/?p=68963#breadcrumb"},"inLanguage":"es","potentialAction":[{"@type":"ReadAction","target":["https:\/\/lospoliticosveracruz.com\/?p=68963"]}]},{"@type":"BreadcrumbList","@id":"https:\/\/lospoliticosveracruz.com\/?p=68963#breadcrumb","itemListElement":[{"@type":"ListItem","position":1,"name":"Portada","item":"https:\/\/lospoliticosveracruz.com\/"},{"@type":"ListItem","position":2,"name":"Pachang\u00f3n por los 200!"}]},{"@type":"WebSite","@id":"https:\/\/lospoliticosveracruz.com\/#website","url":"https:\/\/lospoliticosveracruz.com\/","name":"Los pol\u00edticos Veracruz","description":"","publisher":{"@id":"https:\/\/lospoliticosveracruz.com\/#organization"},"potentialAction":[{"@type":"SearchAction","target":{"@type":"EntryPoint","urlTemplate":"https:\/\/lospoliticosveracruz.com\/?s={search_term_string}"},"query-input":{"@type":"PropertyValueSpecification","valueRequired":true,"valueName":"search_term_string"}}],"inLanguage":"es"},{"@type":"Organization","@id":"https:\/\/lospoliticosveracruz.com\/#organization","name":"Los pol\u00edticos Veracruz","url":"https:\/\/lospoliticosveracruz.com\/","logo":{"@type":"ImageObject","inLanguage":"es","@id":"https:\/\/lospoliticosveracruz.com\/#\/schema\/logo\/image\/","url":"https:\/\/lospoliticosveracruz.com\/wp-content\/uploads\/2025\/12\/Logo-Nuevo-LOS-POLITICOS-1.jpg","contentUrl":"https:\/\/lospoliticosveracruz.com\/wp-content\/uploads\/2025\/12\/Logo-Nuevo-LOS-POLITICOS-1.jpg","width":260,"height":70,"caption":"Los pol\u00edticos Veracruz"},"image":{"@id":"https:\/\/lospoliticosveracruz.com\/#\/schema\/logo\/image\/"},"sameAs":["https:\/\/www.facebook.com\/people\/Notimemes-de-los-Polticos\/61565672886568\/","https:\/\/x.com\/LosPoliticosVer"]},{"@type":"Person","@id":"https:\/\/lospoliticosveracruz.com\/#\/schema\/person\/b8702bb0e538456e6efd07080bf2a4a2","name":"Lo viste en Los Pol\u00edticos","image":{"@type":"ImageObject","inLanguage":"es","@id":"https:\/\/secure.gravatar.com\/avatar\/3a8de04a2656d44082be478bd6c086daa447c4651605818287b9532d3d0bd435?s=96&d=mm&r=g","url":"https:\/\/secure.gravatar.com\/avatar\/3a8de04a2656d44082be478bd6c086daa447c4651605818287b9532d3d0bd435?s=96&d=mm&r=g","contentUrl":"https:\/\/secure.gravatar.com\/avatar\/3a8de04a2656d44082be478bd6c086daa447c4651605818287b9532d3d0bd435?s=96&d=mm&r=g","caption":"Lo viste en Los Pol\u00edticos"},"url":"https:\/\/lospoliticosveracruz.com\/?author=2"}]}},"_links":{"self":[{"href":"https:\/\/lospoliticosveracruz.com\/index.php?rest_route=\/wp\/v2\/posts\/68963","targetHints":{"allow":["GET"]}}],"collection":[{"href":"https:\/\/lospoliticosveracruz.com\/index.php?rest_route=\/wp\/v2\/posts"}],"about":[{"href":"https:\/\/lospoliticosveracruz.com\/index.php?rest_route=\/wp\/v2\/types\/post"}],"author":[{"embeddable":true,"href":"https:\/\/lospoliticosveracruz.com\/index.php?rest_route=\/wp\/v2\/users\/2"}],"replies":[{"embeddable":true,"href":"https:\/\/lospoliticosveracruz.com\/index.php?rest_route=%2Fwp%2Fv2%2Fcomments&post=68963"}],"version-history":[{"count":1,"href":"https:\/\/lospoliticosveracruz.com\/index.php?rest_route=\/wp\/v2\/posts\/68963\/revisions"}],"predecessor-version":[{"id":68965,"href":"https:\/\/lospoliticosveracruz.com\/index.php?rest_route=\/wp\/v2\/posts\/68963\/revisions\/68965"}],"wp:attachment":[{"href":"https:\/\/lospoliticosveracruz.com\/index.php?rest_route=%2Fwp%2Fv2%2Fmedia&parent=68963"}],"wp:term":[{"taxonomy":"category","embeddable":true,"href":"https:\/\/lospoliticosveracruz.com\/index.php?rest_route=%2Fwp%2Fv2%2Fcategories&post=68963"},{"taxonomy":"post_tag","embeddable":true,"href":"https:\/\/lospoliticosveracruz.com\/index.php?rest_route=%2Fwp%2Fv2%2Ftags&post=68963"}],"curies":[{"name":"wp","href":"https:\/\/api.w.org\/{rel}","templated":true}]}}