{"id":68985,"date":"2021-03-03T07:58:48","date_gmt":"2021-03-03T13:58:48","guid":{"rendered":"http:\/\/www.lospoliticosveracruz.com.mx\/?p=68985"},"modified":"2021-03-03T07:58:51","modified_gmt":"2021-03-03T13:58:51","slug":"valores-humanos-y-educacion","status":"publish","type":"post","link":"https:\/\/lospoliticosveracruz.com\/?p=68985","title":{"rendered":"Valores humanos y educaci\u00f3n"},"content":{"rendered":"\n<p><strong>Maricarmen Garc\u00eda El\u00edas<\/strong><\/p>\n\n\n\n<p><em>Animalia<\/em><\/p>\n\n\n\n<p>Cuando una persona tiene valores humanos y educaci\u00f3n se nota al instante, no importa la clase social a la que pertenezca siempre se percibe lo bien que \u00e9stos le fueron inculcados probablemente desde la infancia, en contraste las personas sin valores humanos tambi\u00e9n se dan a conocer en autom\u00e1tico a la m\u00ednima acci\u00f3n o palabra, carecen de educaci\u00f3n.<\/p>\n\n\n\n<p>En un mundo cada vez m\u00e1s complicado es imprescindible inculcar desde la infancia&nbsp; valores humanos que nos hagan ser buenas personas con los dem\u00e1s y con nosotros mismos porque eso nos har\u00e1 crecer d\u00eda a d\u00eda como sociedad. En esta premisa se basa la iniciativa que hace ya algunos a\u00f1os fue aprobada por la legislatura veracruzana donde se proh\u00edbe la entrada de menores de edad a corridas de toros y espect\u00e1culos taurinos pues la violencia a la que son expuestos los infantes en esos lugares es desmesurada.<\/p>\n\n\n\n<p>Est\u00e1 comprobado cient\u00edficamente que presenciar la violencia desde peque\u00f1os como algo natural hace que una persona al crecer sea insensible con las dem\u00e1s personas o incluso que llegue a imitar acciones de violencia pues es algo con lo que est\u00e1 familiarizado. Casos de lo anterior abundan, de sobra decir que de acuerdo a estudios del FBI (Bur\u00f3 Federal de Investigaciones en Estados Unidos), la mayor\u00eda de asesinos seriales y delincuentes peligrosos vivieron una infancia en un ambiente de violencia y ellos mismos iniciaron maltratando animales como primer alerta de un soci\u00f3pata.<\/p>\n\n\n\n<p>Pero no hay que irse tan lejos, en las redes sociales de grupos defensores de los animales \u2013por ejemplo en la de OPRA- no hay un d\u00eda donde no se reporte un caso de maltrato animal , en la zona centro han ocurrido casos muy graves de maltrato animal donde ha sido necesario presentar denuncias en la Fiscal\u00eda ( a merced del tiempo que tardan en turnarlas a la FEDAYCA en Xalapa) , OPRA A.C. es dirigida por un joven matrimonio de profesionistas y voluntarios, es una asociaci\u00f3n que ha trabajado incansablemente en el rescate de animales y la concientizaci\u00f3n del respeto hacia ellos, en medio de vicisitudes como todo albergue enfrenta a diario, superan el trabajo de las autoridades municipales y han salvado y reubicado a cientos de animales callejeros .<\/p>\n\n\n\n<p>Detr\u00e1s de estos casos de violencia hay gente sin valores humanos que va escalando en el grado de violencia hacia otros, soci\u00f3patas &nbsp;a los que se les debe aplicar todo el peso de la ley para evitar un delito mayor, porque al reclamarles o denunciarlos en medio de su agresividad no ven su mal comportamiento dentro de una sociedad civilizada.<\/p>\n\n\n\n<p>D\u00e9jenme compartirles otro caso muy cercano de violencia extrema hacia un animal, una gatita que me inspir\u00f3 a&nbsp; retomar esta columna luego de un tiempo para darles voz en este espacio; En este mes de marzo se cumple un a\u00f1o de que uno de mis vecinos mat\u00f3 con sa\u00f1a a este felino, este sujeto se presume tiene un amparo por violencia familiar en otro estado, &nbsp;pate\u00f3 y apale\u00f3 a una gatita feral que viv\u00eda en el fraccionamiento porque seg\u00fan \u00e9l y su esposa el animalito atac\u00f3 a la mujer. La gata com\u00eda pero el perro de estas personas se sali\u00f3 y la fue a molestar y fue ah\u00ed donde se arm\u00f3 el pleito entre los animales, &nbsp;al intervenir la se\u00f1ora a separarlos la gata (de no m\u00e1s de 2 kilos) le ara\u00f1\u00f3 las piernas &nbsp;y esto enfureci\u00f3 al sujeto quien incitado por la se\u00f1ora le parti\u00f3 en el lomo un palo de escoba, la pate\u00f3 hasta la carretera para que fuera atropellada y ya cuando se cans\u00f3 de patearla la dej\u00f3 moribunda, dicen los testigos que el sujeto estaba iracundo , hab\u00eda menores de edad que presenciaron todo y automovilistas que le tocaban el claxon para que se detuviera pero no lo hizo, cuando me enter\u00e9 de lo que pas\u00f3 la llev\u00e9 al veterinario, un vigilante la hab\u00eda resguardado, &nbsp;pero tuvieron que dormirla pues ten\u00eda \u00f3rganos internos reventados por tanto golpe, sin embargo hasta su \u00faltimo aliento el animalito mostr\u00f3 su nobleza pues me lami\u00f3 la mano e intentaba acariciarme, la acarici\u00e9 con todo mi amor hasta que se qued\u00f3 dormida y le promet\u00ed que contar\u00eda su historia para que las personas que ven a los animales como simples animales reflexionen y tengan un trato \u00e9tico . Anteriormente vecinos vieron a los hijos de esa pareja apedrear a unos gatitos beb\u00e9s que tuvo esta misma gata y que fueron adoptados por otros vecinos, y es que la violencia se va trasmitiendo desde el hogar.<\/p>\n\n\n\n<p>La gatita a la que algunos vecinos aliment\u00e1bamos, porque as\u00ed como hay personas sin valores tambi\u00e9n las hay con buen coraz\u00f3n, se le brindaron todas sus vacunas, estaba esterilizada y bien alimentada, dorm\u00eda en la caseta de vigilancia en una transportadora que una vecina prest\u00f3 pues nunca quiso vivir en mi casa probablemente por el miedo a mis perros ni en ninguna otra casa. El sujeto no conforme con lo que hizo ped\u00eda gastos m\u00e9dicos para su esposa, enviaron a gente de una dependencia de salud en Xalapa donde se presumen tienen familiares a amedrentar, lamentable que se hayan prestado&nbsp; y adem\u00e1s sin facultad para intervenir en Coatepec donde ocurrieron los hechos.<\/p>\n\n\n\n<p>Finalmente esta persona fue denunciada ante la FEDAYCA y espero alg\u00fan d\u00eda le apliquen todo el peso de la ley como debe ser, porque es as\u00ed como se debe ir creando la cultura de la denuncia por maltrato animal, &nbsp;enviar un mensaje contundente como sociedad de que rechazamos la violencia en todas sus formas y apoyarse en los valores humanos y la educaci\u00f3n desde el hogar para fomentar en los ni\u00f1os la empat\u00eda y el respeto hacia todas las formas de vida.<\/p>\n","protected":false},"excerpt":{"rendered":"<p>Maricarmen Garc\u00eda El\u00edas Animalia Cuando una persona tiene valores humanos y educaci\u00f3n se nota al instante, no importa la clase social a la que pertenezca siempre se percibe lo bien que \u00e9stos le fueron inculcados probablemente desde la infancia, en contraste las personas sin valores humanos tambi\u00e9n se dan a conocer en autom\u00e1tico a la [&hellip;]<\/p>\n","protected":false},"author":2,"featured_media":0,"comment_status":"open","ping_status":"open","sticky":false,"template":"","format":"standard","meta":{"tdm_status":"","tdm_grid_status":"","footnotes":""},"categories":[6451],"tags":[26534,17114,26533,15245,463],"class_list":{"0":"post-68985","1":"post","2":"type-post","3":"status-publish","4":"format-standard","6":"category-historias_de_amigos","7":"tag-buro-federal-de-investigaciones-en-estados-unidos","8":"tag-corridas-de-toros","9":"tag-espectaculos-taurinos","10":"tag-sociopata","11":"tag-violencia"},"yoast_head":"<!-- This site is optimized with the Yoast SEO plugin v27.4 - https:\/\/yoast.com\/product\/yoast-seo-wordpress\/ -->\n<title>Valores humanos y educaci\u00f3n - Los pol\u00edticos Veracruz<\/title>\n<meta name=\"robots\" content=\"index, follow, max-snippet:-1, max-image-preview:large, max-video-preview:-1\" \/>\n<link rel=\"canonical\" href=\"https:\/\/lospoliticosveracruz.com\/?p=68985\" \/>\n<meta property=\"og:locale\" content=\"es_ES\" \/>\n<meta property=\"og:type\" content=\"article\" \/>\n<meta property=\"og:title\" content=\"Valores humanos y educaci\u00f3n - Los pol\u00edticos Veracruz\" \/>\n<meta property=\"og:description\" content=\"Maricarmen Garc\u00eda El\u00edas Animalia Cuando una persona tiene valores humanos y educaci\u00f3n se nota al instante, no importa la clase social a la que pertenezca siempre se percibe lo bien que \u00e9stos le fueron inculcados probablemente desde la infancia, en contraste las personas sin valores humanos tambi\u00e9n se dan a conocer en autom\u00e1tico a la [&hellip;]\" \/>\n<meta property=\"og:url\" content=\"https:\/\/lospoliticosveracruz.com\/?p=68985\" \/>\n<meta property=\"og:site_name\" content=\"Los pol\u00edticos Veracruz\" \/>\n<meta property=\"article:publisher\" content=\"https:\/\/www.facebook.com\/people\/Notimemes-de-los-Polticos\/61565672886568\/\" \/>\n<meta property=\"article:published_time\" content=\"2021-03-03T13:58:48+00:00\" \/>\n<meta property=\"article:modified_time\" content=\"2021-03-03T13:58:51+00:00\" \/>\n<meta property=\"og:image\" content=\"https:\/\/lospoliticosveracruz.com\/wp-content\/uploads\/2016\/07\/Logo-Dor.jpg\" \/>\n\t<meta property=\"og:image:width\" content=\"200\" \/>\n\t<meta property=\"og:image:height\" content=\"200\" \/>\n\t<meta property=\"og:image:type\" content=\"image\/jpeg\" \/>\n<meta name=\"author\" content=\"Lo viste en Los Pol\u00edticos\" \/>\n<meta name=\"twitter:card\" content=\"summary_large_image\" \/>\n<meta name=\"twitter:creator\" content=\"@LosPoliticosVer\" \/>\n<meta name=\"twitter:site\" content=\"@LosPoliticosVer\" \/>\n<meta name=\"twitter:label1\" content=\"Escrito por\" \/>\n\t<meta name=\"twitter:data1\" content=\"Lo viste en Los Pol\u00edticos\" \/>\n\t<meta name=\"twitter:label2\" content=\"Tiempo de lectura\" \/>\n\t<meta name=\"twitter:data2\" content=\"5 minutos\" \/>\n<script type=\"application\/ld+json\" class=\"yoast-schema-graph\">{\"@context\":\"https:\\\/\\\/schema.org\",\"@graph\":[{\"@type\":\"Article\",\"@id\":\"https:\\\/\\\/lospoliticosveracruz.com\\\/?p=68985#article\",\"isPartOf\":{\"@id\":\"https:\\\/\\\/lospoliticosveracruz.com\\\/?p=68985\"},\"author\":{\"name\":\"Lo viste en Los Pol\u00edticos\",\"@id\":\"https:\\\/\\\/lospoliticosveracruz.com\\\/#\\\/schema\\\/person\\\/b8702bb0e538456e6efd07080bf2a4a2\"},\"headline\":\"Valores humanos y educaci\u00f3n\",\"datePublished\":\"2021-03-03T13:58:48+00:00\",\"dateModified\":\"2021-03-03T13:58:51+00:00\",\"mainEntityOfPage\":{\"@id\":\"https:\\\/\\\/lospoliticosveracruz.com\\\/?p=68985\"},\"wordCount\":1010,\"commentCount\":0,\"publisher\":{\"@id\":\"https:\\\/\\\/lospoliticosveracruz.com\\\/#organization\"},\"keywords\":[\"Bur\u00f3 Federal de Investigaciones en Estados Unidos\",\"corridas de toros\",\"espect\u00e1culos taurinos\",\"soci\u00f3pata\",\"violencia\"],\"articleSection\":[\"Historias de Amigos\"],\"inLanguage\":\"es\",\"potentialAction\":[{\"@type\":\"CommentAction\",\"name\":\"Comment\",\"target\":[\"https:\\\/\\\/lospoliticosveracruz.com\\\/?p=68985#respond\"]}]},{\"@type\":\"WebPage\",\"@id\":\"https:\\\/\\\/lospoliticosveracruz.com\\\/?p=68985\",\"url\":\"https:\\\/\\\/lospoliticosveracruz.com\\\/?p=68985\",\"name\":\"Valores humanos y educaci\u00f3n - Los pol\u00edticos Veracruz\",\"isPartOf\":{\"@id\":\"https:\\\/\\\/lospoliticosveracruz.com\\\/#website\"},\"datePublished\":\"2021-03-03T13:58:48+00:00\",\"dateModified\":\"2021-03-03T13:58:51+00:00\",\"breadcrumb\":{\"@id\":\"https:\\\/\\\/lospoliticosveracruz.com\\\/?p=68985#breadcrumb\"},\"inLanguage\":\"es\",\"potentialAction\":[{\"@type\":\"ReadAction\",\"target\":[\"https:\\\/\\\/lospoliticosveracruz.com\\\/?p=68985\"]}]},{\"@type\":\"BreadcrumbList\",\"@id\":\"https:\\\/\\\/lospoliticosveracruz.com\\\/?p=68985#breadcrumb\",\"itemListElement\":[{\"@type\":\"ListItem\",\"position\":1,\"name\":\"Portada\",\"item\":\"https:\\\/\\\/lospoliticosveracruz.com\\\/\"},{\"@type\":\"ListItem\",\"position\":2,\"name\":\"Valores humanos y educaci\u00f3n\"}]},{\"@type\":\"WebSite\",\"@id\":\"https:\\\/\\\/lospoliticosveracruz.com\\\/#website\",\"url\":\"https:\\\/\\\/lospoliticosveracruz.com\\\/\",\"name\":\"Los pol\u00edticos Veracruz\",\"description\":\"\",\"publisher\":{\"@id\":\"https:\\\/\\\/lospoliticosveracruz.com\\\/#organization\"},\"potentialAction\":[{\"@type\":\"SearchAction\",\"target\":{\"@type\":\"EntryPoint\",\"urlTemplate\":\"https:\\\/\\\/lospoliticosveracruz.com\\\/?s={search_term_string}\"},\"query-input\":{\"@type\":\"PropertyValueSpecification\",\"valueRequired\":true,\"valueName\":\"search_term_string\"}}],\"inLanguage\":\"es\"},{\"@type\":\"Organization\",\"@id\":\"https:\\\/\\\/lospoliticosveracruz.com\\\/#organization\",\"name\":\"Los pol\u00edticos Veracruz\",\"url\":\"https:\\\/\\\/lospoliticosveracruz.com\\\/\",\"logo\":{\"@type\":\"ImageObject\",\"inLanguage\":\"es\",\"@id\":\"https:\\\/\\\/lospoliticosveracruz.com\\\/#\\\/schema\\\/logo\\\/image\\\/\",\"url\":\"https:\\\/\\\/lospoliticosveracruz.com\\\/wp-content\\\/uploads\\\/2025\\\/12\\\/Logo-Nuevo-LOS-POLITICOS-1.jpg\",\"contentUrl\":\"https:\\\/\\\/lospoliticosveracruz.com\\\/wp-content\\\/uploads\\\/2025\\\/12\\\/Logo-Nuevo-LOS-POLITICOS-1.jpg\",\"width\":260,\"height\":70,\"caption\":\"Los pol\u00edticos Veracruz\"},\"image\":{\"@id\":\"https:\\\/\\\/lospoliticosveracruz.com\\\/#\\\/schema\\\/logo\\\/image\\\/\"},\"sameAs\":[\"https:\\\/\\\/www.facebook.com\\\/people\\\/Notimemes-de-los-Polticos\\\/61565672886568\\\/\",\"https:\\\/\\\/x.com\\\/LosPoliticosVer\"]},{\"@type\":\"Person\",\"@id\":\"https:\\\/\\\/lospoliticosveracruz.com\\\/#\\\/schema\\\/person\\\/b8702bb0e538456e6efd07080bf2a4a2\",\"name\":\"Lo viste en Los Pol\u00edticos\",\"image\":{\"@type\":\"ImageObject\",\"inLanguage\":\"es\",\"@id\":\"https:\\\/\\\/secure.gravatar.com\\\/avatar\\\/3a8de04a2656d44082be478bd6c086daa447c4651605818287b9532d3d0bd435?s=96&d=mm&r=g\",\"url\":\"https:\\\/\\\/secure.gravatar.com\\\/avatar\\\/3a8de04a2656d44082be478bd6c086daa447c4651605818287b9532d3d0bd435?s=96&d=mm&r=g\",\"contentUrl\":\"https:\\\/\\\/secure.gravatar.com\\\/avatar\\\/3a8de04a2656d44082be478bd6c086daa447c4651605818287b9532d3d0bd435?s=96&d=mm&r=g\",\"caption\":\"Lo viste en Los Pol\u00edticos\"},\"url\":\"https:\\\/\\\/lospoliticosveracruz.com\\\/?author=2\"}]}<\/script>\n<!-- \/ Yoast SEO plugin. -->","yoast_head_json":{"title":"Valores humanos y educaci\u00f3n - Los pol\u00edticos Veracruz","robots":{"index":"index","follow":"follow","max-snippet":"max-snippet:-1","max-image-preview":"max-image-preview:large","max-video-preview":"max-video-preview:-1"},"canonical":"https:\/\/lospoliticosveracruz.com\/?p=68985","og_locale":"es_ES","og_type":"article","og_title":"Valores humanos y educaci\u00f3n - Los pol\u00edticos Veracruz","og_description":"Maricarmen Garc\u00eda El\u00edas Animalia Cuando una persona tiene valores humanos y educaci\u00f3n se nota al instante, no importa la clase social a la que pertenezca siempre se percibe lo bien que \u00e9stos le fueron inculcados probablemente desde la infancia, en contraste las personas sin valores humanos tambi\u00e9n se dan a conocer en autom\u00e1tico a la [&hellip;]","og_url":"https:\/\/lospoliticosveracruz.com\/?p=68985","og_site_name":"Los pol\u00edticos Veracruz","article_publisher":"https:\/\/www.facebook.com\/people\/Notimemes-de-los-Polticos\/61565672886568\/","article_published_time":"2021-03-03T13:58:48+00:00","article_modified_time":"2021-03-03T13:58:51+00:00","og_image":[{"width":200,"height":200,"url":"https:\/\/lospoliticosveracruz.com\/wp-content\/uploads\/2016\/07\/Logo-Dor.jpg","type":"image\/jpeg"}],"author":"Lo viste en Los Pol\u00edticos","twitter_card":"summary_large_image","twitter_creator":"@LosPoliticosVer","twitter_site":"@LosPoliticosVer","twitter_misc":{"Escrito por":"Lo viste en Los Pol\u00edticos","Tiempo de lectura":"5 minutos"},"schema":{"@context":"https:\/\/schema.org","@graph":[{"@type":"Article","@id":"https:\/\/lospoliticosveracruz.com\/?p=68985#article","isPartOf":{"@id":"https:\/\/lospoliticosveracruz.com\/?p=68985"},"author":{"name":"Lo viste en Los Pol\u00edticos","@id":"https:\/\/lospoliticosveracruz.com\/#\/schema\/person\/b8702bb0e538456e6efd07080bf2a4a2"},"headline":"Valores humanos y educaci\u00f3n","datePublished":"2021-03-03T13:58:48+00:00","dateModified":"2021-03-03T13:58:51+00:00","mainEntityOfPage":{"@id":"https:\/\/lospoliticosveracruz.com\/?p=68985"},"wordCount":1010,"commentCount":0,"publisher":{"@id":"https:\/\/lospoliticosveracruz.com\/#organization"},"keywords":["Bur\u00f3 Federal de Investigaciones en Estados Unidos","corridas de toros","espect\u00e1culos taurinos","soci\u00f3pata","violencia"],"articleSection":["Historias de Amigos"],"inLanguage":"es","potentialAction":[{"@type":"CommentAction","name":"Comment","target":["https:\/\/lospoliticosveracruz.com\/?p=68985#respond"]}]},{"@type":"WebPage","@id":"https:\/\/lospoliticosveracruz.com\/?p=68985","url":"https:\/\/lospoliticosveracruz.com\/?p=68985","name":"Valores humanos y educaci\u00f3n - Los pol\u00edticos Veracruz","isPartOf":{"@id":"https:\/\/lospoliticosveracruz.com\/#website"},"datePublished":"2021-03-03T13:58:48+00:00","dateModified":"2021-03-03T13:58:51+00:00","breadcrumb":{"@id":"https:\/\/lospoliticosveracruz.com\/?p=68985#breadcrumb"},"inLanguage":"es","potentialAction":[{"@type":"ReadAction","target":["https:\/\/lospoliticosveracruz.com\/?p=68985"]}]},{"@type":"BreadcrumbList","@id":"https:\/\/lospoliticosveracruz.com\/?p=68985#breadcrumb","itemListElement":[{"@type":"ListItem","position":1,"name":"Portada","item":"https:\/\/lospoliticosveracruz.com\/"},{"@type":"ListItem","position":2,"name":"Valores humanos y educaci\u00f3n"}]},{"@type":"WebSite","@id":"https:\/\/lospoliticosveracruz.com\/#website","url":"https:\/\/lospoliticosveracruz.com\/","name":"Los pol\u00edticos Veracruz","description":"","publisher":{"@id":"https:\/\/lospoliticosveracruz.com\/#organization"},"potentialAction":[{"@type":"SearchAction","target":{"@type":"EntryPoint","urlTemplate":"https:\/\/lospoliticosveracruz.com\/?s={search_term_string}"},"query-input":{"@type":"PropertyValueSpecification","valueRequired":true,"valueName":"search_term_string"}}],"inLanguage":"es"},{"@type":"Organization","@id":"https:\/\/lospoliticosveracruz.com\/#organization","name":"Los pol\u00edticos Veracruz","url":"https:\/\/lospoliticosveracruz.com\/","logo":{"@type":"ImageObject","inLanguage":"es","@id":"https:\/\/lospoliticosveracruz.com\/#\/schema\/logo\/image\/","url":"https:\/\/lospoliticosveracruz.com\/wp-content\/uploads\/2025\/12\/Logo-Nuevo-LOS-POLITICOS-1.jpg","contentUrl":"https:\/\/lospoliticosveracruz.com\/wp-content\/uploads\/2025\/12\/Logo-Nuevo-LOS-POLITICOS-1.jpg","width":260,"height":70,"caption":"Los pol\u00edticos Veracruz"},"image":{"@id":"https:\/\/lospoliticosveracruz.com\/#\/schema\/logo\/image\/"},"sameAs":["https:\/\/www.facebook.com\/people\/Notimemes-de-los-Polticos\/61565672886568\/","https:\/\/x.com\/LosPoliticosVer"]},{"@type":"Person","@id":"https:\/\/lospoliticosveracruz.com\/#\/schema\/person\/b8702bb0e538456e6efd07080bf2a4a2","name":"Lo viste en Los Pol\u00edticos","image":{"@type":"ImageObject","inLanguage":"es","@id":"https:\/\/secure.gravatar.com\/avatar\/3a8de04a2656d44082be478bd6c086daa447c4651605818287b9532d3d0bd435?s=96&d=mm&r=g","url":"https:\/\/secure.gravatar.com\/avatar\/3a8de04a2656d44082be478bd6c086daa447c4651605818287b9532d3d0bd435?s=96&d=mm&r=g","contentUrl":"https:\/\/secure.gravatar.com\/avatar\/3a8de04a2656d44082be478bd6c086daa447c4651605818287b9532d3d0bd435?s=96&d=mm&r=g","caption":"Lo viste en Los Pol\u00edticos"},"url":"https:\/\/lospoliticosveracruz.com\/?author=2"}]}},"_links":{"self":[{"href":"https:\/\/lospoliticosveracruz.com\/index.php?rest_route=\/wp\/v2\/posts\/68985","targetHints":{"allow":["GET"]}}],"collection":[{"href":"https:\/\/lospoliticosveracruz.com\/index.php?rest_route=\/wp\/v2\/posts"}],"about":[{"href":"https:\/\/lospoliticosveracruz.com\/index.php?rest_route=\/wp\/v2\/types\/post"}],"author":[{"embeddable":true,"href":"https:\/\/lospoliticosveracruz.com\/index.php?rest_route=\/wp\/v2\/users\/2"}],"replies":[{"embeddable":true,"href":"https:\/\/lospoliticosveracruz.com\/index.php?rest_route=%2Fwp%2Fv2%2Fcomments&post=68985"}],"version-history":[{"count":1,"href":"https:\/\/lospoliticosveracruz.com\/index.php?rest_route=\/wp\/v2\/posts\/68985\/revisions"}],"predecessor-version":[{"id":68986,"href":"https:\/\/lospoliticosveracruz.com\/index.php?rest_route=\/wp\/v2\/posts\/68985\/revisions\/68986"}],"wp:attachment":[{"href":"https:\/\/lospoliticosveracruz.com\/index.php?rest_route=%2Fwp%2Fv2%2Fmedia&parent=68985"}],"wp:term":[{"taxonomy":"category","embeddable":true,"href":"https:\/\/lospoliticosveracruz.com\/index.php?rest_route=%2Fwp%2Fv2%2Fcategories&post=68985"},{"taxonomy":"post_tag","embeddable":true,"href":"https:\/\/lospoliticosveracruz.com\/index.php?rest_route=%2Fwp%2Fv2%2Ftags&post=68985"}],"curies":[{"name":"wp","href":"https:\/\/api.w.org\/{rel}","templated":true}]}}