{"id":69102,"date":"2021-03-06T09:23:01","date_gmt":"2021-03-06T15:23:01","guid":{"rendered":"http:\/\/www.lospoliticosveracruz.com.mx\/?p=69102"},"modified":"2021-03-06T09:23:06","modified_gmt":"2021-03-06T15:23:06","slug":"maleno-los-doblo","status":"publish","type":"post","link":"https:\/\/lospoliticosveracruz.com\/?p=69102","title":{"rendered":"\u00bfMaleno los dobl\u00f3?"},"content":{"rendered":"\n<p><\/p>\n\n\n\n<p><br><strong>Ricardo Ch\u00faa<\/strong><br><em>Sale y Vale<\/em><\/p>\n\n\n\n<p>Si otra cosa no pasa de aqu\u00ed a los primeros d\u00edas de la pr\u00f3xima semana\u2026 El diputado local por Medell\u00edn de Bravo, de MORENA, Magadaleno Rosales, mejor conocido como \u00abMaleno\u00bb, ser\u00e1 UNGIDO por este partido en su comit\u00e9 estatal, a trav\u00e9s de Esteban Ram\u00edrez Zepeta \u2026 Para que busque la reelecci\u00f3n en este distrito y se enfrente directamente contra el candidato del PRI-PAN-PRD, Polo Deschamps\u2026 Quien tambi\u00e9n la busca por esa demarcaci\u00f3n\u2026 MIRALOOOO\u2026 No que a Maleno, lo ve\u00edan como un \u00abapestado\u00bb\u2026<br>Las preguntas que vale en este comentario\u2026 \u00bfQu\u00e9 hizo Maleno para ser postulado por este distrito y por MORENA?\u2026 Si se supone, que era un militante de este partido pero adversario a la corriente pol\u00edtica que maneja hoy el comit\u00e9 estatal de Los Morenos en Veracruz.. Que es la corriente de Cuitl\u00e1huac Garc\u00eda, v\u00eda Esteban Ram\u00edrez\u2026 C\u00f3mo le hizo Maleno para \u00abdoblegarlos\u00bb y provocar que le dieran PRESUNTAMENTE la candidatura sin chistar\u2026 Aunque usted, no lo crea\u2026 MALENO VA\u2026 Al menos, hasta hoy s\u00e1bado es el candidato oficial\u2026<br>El otro cuestionamiento m\u00e1s severo, sobre esta decisi\u00f3n ser\u00eda: \u00bfQu\u00e9 tanto les sabe Maleno Rosales a Juan Javier G\u00f3mez Cazar\u00edn y Ram\u00edrez Zepeta, para permitirles su postulaci\u00f3n?\u2026 Qu\u00e9 pas\u00f3\u2026 En que los vio, c\u00f3mo los vio o qu\u00e9 se \u00abcomieron\u00bb juntos para haber cedido la candidatura a uno de sus principales contrincantes al interior de MORENA\u2026 No se entiende porque Maleno acus\u00f3 de corrupci\u00f3n al interior de la bancada de MORENA a G\u00f3mez Cazar\u00edn y a su coordinador de comunicaci\u00f3n social, Aldo Valerio Zamudio\u2026 Y PUM\u2026 Que lo hacen candidato\u2026<br>Maleno fue un personaje dentro de MORENA que se la jug\u00f3 contra Zepeta por la dirigencia estatal y aun as\u00ed lo premian\u2026 Si corrieron a Gonzalo Vicencio y a \u00e9l lo hacen de nuevo candidato a diputado\u2026 Adem\u00e1s Rosales tambi\u00e9n es un personaje impresentable para la sociedad medellinense\u2026 Acept\u00f3 ser nepotista con su junior trabajando en el Congreso Local\u2026 Tuvo inmersos en serios esc\u00e1ndalos en su vida privada que la hizo p\u00fablica\u2026. Y aun as\u00ed lo nominan\u2026. \u00bfQU\u00c9 LE SABE A CAZAR\u00cdN O ZEPETA?\u2026<br>No hay que esperar mucho, seguro Maleno los va a \u00abreventar\u00bb y \u00e9l seguir\u00e1 siendo diputado local\u2026 Los otros\u2026 Qui\u00e9n sabe\u2026 Pero Maleno tiene esa personalidad poco cauta y de un protagonismo en exceso\u2026 Por eso, es extra\u00f1a su nominaci\u00f3n\u2026 Al menos, que la \u00abjugada\u00bb sea que Zepeta lo \u00abaviente al ruedo\u00bb para hacerlo PERDER y as\u00ed se deshacen de \u00e9l en MORENA\u2026 \u00abAguas frescas\u00bb Maleno\u2026 Recuerda que Satan\u00e1s antes de ser un demonio, era un \u00e1ngel, se llamaba: Luzbel y traicion\u00f3 a Dios\u2026 REQUIEM\u2026<\/p>\n\n\n\n<p>LA REUNI\u00d3N CUMBRE\u2026 Se prev\u00e9 que la reuni\u00f3n \u00abCumbre\u00bb entre Juan Manuel D\u00edez Francos y Fidel Kuri Grajales, se pueda dar HOY en alg\u00fan sitio de Orizaba o en la zona residencial del \u00abClub de Golf Santa Gertrudis\u00bb\u2026 Ya que esta cita ser\u00eda despu\u00e9s de que el ex diputado federal priista y due\u00f1o de \u00abLos Tiburones Rojos\u00bb de Veracruz, regrese del municipio de La Perla, donde acompa\u00f1ar\u00e1 hoy en su \u00faltimo adi\u00f3s, a su amigo y aliado pol\u00edtico, Melquiades V\u00e1zquez Lucas, alias \u00abEl Pantera\u00bb, acribillado este jueves en el municipio de Mariano Escobedo\u2026<br>Se presume que a estas horas de la ma\u00f1ana, Kuri Grajales, se encuentra ya en camino a La Perla, ya que presumiblemente este personaje arrib\u00f3 al puerto de Veracruz en un vuelo privado a las 03:00 horas de hoy, proveniente de Baja California, donde estaba celebrando su cuarto aniversario de bodas, mismo festejo que suspendi\u00f3 para acudir el sepelio de V\u00e1zquez Lucas, que ser\u00e1 hoy a las 11:00 horas, en el pante\u00f3n municipal ubicado en las \u00abfaldas\u00bb del Pico de Orizaba\u2026\u00bbEl Pantera\u00bb lo entierran en el terru\u00f1o que tanto quiso\u2026 Ah\u00ed va su amigo\u2026<br>Por eso, despu\u00e9s del funeral del ex alcalde de La Perla\u2026 Fidel Kuri regresa a Orizaba para, al parecer, sostener el encuentro con el poderoso empresario automotriz, due\u00f1o del capital pol\u00edtico del PRI en la ciudad, Juan Manuel D\u00edez Francos\u2026. Y ver si pueden a llegar a coincidencias de protegerse y ayudarse en lo que puedan y mutuamente\u2026 Ya que ambos est\u00e1n conscientes, de que afuera tienen un enemigo en com\u00fan\u2026 A uno ya lo jodi\u00f3 en su patrimonio y al otro, estuvo a punto de joderlo en su figura p\u00fablica,,,<br>As\u00ed que puede que esta tarde\u2026 Se haya podido conformar una NUEVA ALIANZA\u2026 Pero NO ETERNA\u2026 S\u00f3lo para poder sacar juntos esta elecci\u00f3n en el distrito y municipio para el PRI\u2026 Ya despu\u00e9s se ver\u00e1 si al t\u00e9rmino de la elecci\u00f3n, contin\u00faan estos acuerdos o ah\u00ed se \u00abrompen\u00bb cuando este proceso termine\u2026 Vaya pero esa ser\u00e1 otra historia\u2026 Por lo pronto,es probable que se re\u00fanan hoy\u2026 Y, ah\u00ed se decidir\u00e1 el futuro pol\u00edtico del distrito y municipio de Orizaba\u2026 Todo lo dem\u00e1s es falacia\u2026 Kuri y D\u00edez Francos ir\u00edan por todas las \u00abcanicas\u00bb\u2026 AMEN\u2026<\/p>\n\n\n\n<p>LAS BUENAS HERENCIAS\u2026. Por lo general cuando se analiza sobre temas de hijos de pol\u00edticos, que se dedican a la misma actividad\u2026 Se dice que son parte de la \u00abjuniorcrasia\u00bb de este pa\u00eds\u2026 Pero a veces da gusto, ver que los hijos se desarrollan en la actividad, que los padres dedican gran tiempo de vida\u2026 Tal es el caso de Luis Felipe S\u00e1nchez Jerezano, mejor conocido como \u201cEl Pipe\u201d, junto con otros j\u00f3venes inici\u00f3 el movimiento \u201cTODOS por VERACRUZ\u2026 Donde el presidente es Jes\u00fas V\u00e1zquez Gonz\u00e1lez, el hermano de Cirilo V\u00e1zquez Lagunes\u2026.<br>S\u00e1nchez Jerenzano, es hijo de Juan de Dios S\u00e1nchez Abreu, comunic\u00f3logo egresado de la FACCYTC en los tiempos de Alberto Ju\u00e1rez, Jos\u00e9 Luis Cerdan, Chuchis Rojas Espinoza\u2026 Pero, al \u00abGordito de Oro\u00bb le gust\u00f3 m\u00e1s \u00abgrilla\u00bb que el periodismo\u2026 En su momento fue considerado el m\u00e1s \u00abFidelista de los carvajalistas\u00bb y fue un operador pol\u00edtico de Erick \u00abEl Chilly Willi\u00bb Lagos\u2026 Ahora su v\u00e1stago \u00abPipe\u00bb S\u00e1nchez, le empezara a seguir sus pasos\u2026<br>La finalidad de estos j\u00f3venes que cursan carreras universitarias es lograr que se abran los espacios a la cultura, deporte y la pol\u00edtica,que actualmente est\u00e1n cerrados y en manos de unos cuantos pol\u00edticos que no atienden a ese sector.. En estos tiempos, es raro ver que a un joven, le interese la pol\u00edtica y los problemas de la gente, porque no les abren espacios para participar, m\u00e1s en este momento que los partidos en M\u00e9xico deben de vivir un proceso de renovaci\u00f3n de militantes, sino se van a ir rezagando hasta extinguirse\u2026<br>Ojal\u00e1 a personajes como Luis Felipe S\u00e1nchez Jerezano, joven, deportista y trabajador, que va a estudiar Ciencias Pol\u00edticas, se le abran puertas para que a temprana edad participe en pol\u00edtica\u2026 Y los formen c\u00f3mo en anta\u00f1o en cuadros juveniles\u2026 De esa manera, se va a profesionalizar la actividad pol\u00edtica en Veracruz\u2026 Que en este momento est\u00e1 para llorar\u2026 Si\u00e9ntete orgulloso \u00abGordo\u00bb\u2026 Tienes la suerte de poder conducir a tu hijo en la actividad que tanto te apasiona\u2026 Eso, no cualquier padre tiene la fortuna de hacerlo\u2026 \u00c9XITO PIPE\u2026 ERES BUEN MUCHACHO\u2026<\/p>\n","protected":false},"excerpt":{"rendered":"<p>Ricardo Ch\u00faaSale y Vale Si otra cosa no pasa de aqu\u00ed a los primeros d\u00edas de la pr\u00f3xima semana\u2026 El diputado local por Medell\u00edn de Bravo, de MORENA, Magadaleno Rosales, mejor conocido como \u00abMaleno\u00bb, ser\u00e1 UNGIDO por este partido en su comit\u00e9 estatal, a trav\u00e9s de Esteban Ram\u00edrez Zepeta \u2026 Para que busque la reelecci\u00f3n [&hellip;]<\/p>\n","protected":false},"author":2,"featured_media":0,"comment_status":"open","ping_status":"open","sticky":false,"template":"","format":"standard","meta":{"tdm_status":"","tdm_grid_status":"","footnotes":""},"categories":[70],"tags":[1563,17053,608,3576,12695,26576,26595,14327,1420,26563,1026,16226],"class_list":{"0":"post-69102","1":"post","2":"type-post","3":"status-publish","4":"format-standard","6":"category-de-opinion","7":"tag-cuitlahuac-garcia-jimenez","8":"tag-esteban-ramirez-zepeta","9":"tag-fidel-kuri-grajales","10":"tag-jesus-vazquez-gonzalez","11":"tag-juan-javier-gomez-cazarin","12":"tag-juan-manuel-diez-francos-2","13":"tag-luis-felipe-sanchez-jerezano","14":"tag-magdaleno-rosales-torres","15":"tag-medellin-de-bravo","16":"tag-melquiades-vazquez-lucas","17":"tag-morena","18":"tag-todos-por-veracruz"},"yoast_head":"<!-- This site is optimized with the Yoast SEO plugin v27.4 - https:\/\/yoast.com\/product\/yoast-seo-wordpress\/ -->\n<title>\u00bfMaleno los dobl\u00f3? - Los pol\u00edticos Veracruz<\/title>\n<meta name=\"robots\" content=\"index, follow, max-snippet:-1, max-image-preview:large, max-video-preview:-1\" \/>\n<link rel=\"canonical\" href=\"https:\/\/lospoliticosveracruz.com\/?p=69102\" \/>\n<meta property=\"og:locale\" content=\"es_ES\" \/>\n<meta property=\"og:type\" content=\"article\" \/>\n<meta property=\"og:title\" content=\"\u00bfMaleno los dobl\u00f3? - Los pol\u00edticos Veracruz\" \/>\n<meta property=\"og:description\" content=\"Ricardo Ch\u00faaSale y Vale Si otra cosa no pasa de aqu\u00ed a los primeros d\u00edas de la pr\u00f3xima semana\u2026 El diputado local por Medell\u00edn de Bravo, de MORENA, Magadaleno Rosales, mejor conocido como \u00abMaleno\u00bb, ser\u00e1 UNGIDO por este partido en su comit\u00e9 estatal, a trav\u00e9s de Esteban Ram\u00edrez Zepeta \u2026 Para que busque la reelecci\u00f3n [&hellip;]\" \/>\n<meta property=\"og:url\" content=\"https:\/\/lospoliticosveracruz.com\/?p=69102\" \/>\n<meta property=\"og:site_name\" content=\"Los pol\u00edticos Veracruz\" \/>\n<meta property=\"article:publisher\" content=\"https:\/\/www.facebook.com\/people\/Notimemes-de-los-Polticos\/61565672886568\/\" \/>\n<meta property=\"article:published_time\" content=\"2021-03-06T15:23:01+00:00\" \/>\n<meta property=\"article:modified_time\" content=\"2021-03-06T15:23:06+00:00\" \/>\n<meta property=\"og:image\" content=\"https:\/\/lospoliticosveracruz.com\/wp-content\/uploads\/2016\/07\/Logo-Dor.jpg\" \/>\n\t<meta property=\"og:image:width\" content=\"200\" \/>\n\t<meta property=\"og:image:height\" content=\"200\" \/>\n\t<meta property=\"og:image:type\" content=\"image\/jpeg\" \/>\n<meta name=\"author\" content=\"Lo viste en Los Pol\u00edticos\" \/>\n<meta name=\"twitter:card\" content=\"summary_large_image\" \/>\n<meta name=\"twitter:creator\" content=\"@LosPoliticosVer\" \/>\n<meta name=\"twitter:site\" content=\"@LosPoliticosVer\" \/>\n<meta name=\"twitter:label1\" content=\"Escrito por\" \/>\n\t<meta name=\"twitter:data1\" content=\"Lo viste en Los Pol\u00edticos\" \/>\n\t<meta name=\"twitter:label2\" content=\"Tiempo de lectura\" \/>\n\t<meta name=\"twitter:data2\" content=\"6 minutos\" \/>\n<script type=\"application\/ld+json\" class=\"yoast-schema-graph\">{\"@context\":\"https:\\\/\\\/schema.org\",\"@graph\":[{\"@type\":\"Article\",\"@id\":\"https:\\\/\\\/lospoliticosveracruz.com\\\/?p=69102#article\",\"isPartOf\":{\"@id\":\"https:\\\/\\\/lospoliticosveracruz.com\\\/?p=69102\"},\"author\":{\"name\":\"Lo viste en Los Pol\u00edticos\",\"@id\":\"https:\\\/\\\/lospoliticosveracruz.com\\\/#\\\/schema\\\/person\\\/b8702bb0e538456e6efd07080bf2a4a2\"},\"headline\":\"\u00bfMaleno los dobl\u00f3?\",\"datePublished\":\"2021-03-06T15:23:01+00:00\",\"dateModified\":\"2021-03-06T15:23:06+00:00\",\"mainEntityOfPage\":{\"@id\":\"https:\\\/\\\/lospoliticosveracruz.com\\\/?p=69102\"},\"wordCount\":1259,\"commentCount\":0,\"publisher\":{\"@id\":\"https:\\\/\\\/lospoliticosveracruz.com\\\/#organization\"},\"keywords\":[\"Cuitl\u00e1huac Garc\u00eda Jim\u00e9nez\",\"Esteban Ram\u00edrez Zepeta\",\"Fidel Kuri Grajales\",\"Jes\u00fas V\u00e1zquez Gonz\u00e1lez\",\"Juan Javier G\u00f3mez Cazar\u00edn\",\"Juan Manuel D\u00edez Francos\",\"Luis Felipe S\u00e1nchez Jerezano\",\"Magdaleno Rosales Torres\",\"Medell\u00edn de Bravo\",\"Melquiades V\u00e1zquez Lucas\",\"Morena\",\"Todos por Veracruz\"],\"articleSection\":[\"De Opini\u00f3n\"],\"inLanguage\":\"es\",\"potentialAction\":[{\"@type\":\"CommentAction\",\"name\":\"Comment\",\"target\":[\"https:\\\/\\\/lospoliticosveracruz.com\\\/?p=69102#respond\"]}]},{\"@type\":\"WebPage\",\"@id\":\"https:\\\/\\\/lospoliticosveracruz.com\\\/?p=69102\",\"url\":\"https:\\\/\\\/lospoliticosveracruz.com\\\/?p=69102\",\"name\":\"\u00bfMaleno los dobl\u00f3? - Los pol\u00edticos Veracruz\",\"isPartOf\":{\"@id\":\"https:\\\/\\\/lospoliticosveracruz.com\\\/#website\"},\"datePublished\":\"2021-03-06T15:23:01+00:00\",\"dateModified\":\"2021-03-06T15:23:06+00:00\",\"breadcrumb\":{\"@id\":\"https:\\\/\\\/lospoliticosveracruz.com\\\/?p=69102#breadcrumb\"},\"inLanguage\":\"es\",\"potentialAction\":[{\"@type\":\"ReadAction\",\"target\":[\"https:\\\/\\\/lospoliticosveracruz.com\\\/?p=69102\"]}]},{\"@type\":\"BreadcrumbList\",\"@id\":\"https:\\\/\\\/lospoliticosveracruz.com\\\/?p=69102#breadcrumb\",\"itemListElement\":[{\"@type\":\"ListItem\",\"position\":1,\"name\":\"Portada\",\"item\":\"https:\\\/\\\/lospoliticosveracruz.com\\\/\"},{\"@type\":\"ListItem\",\"position\":2,\"name\":\"\u00bfMaleno los dobl\u00f3?\"}]},{\"@type\":\"WebSite\",\"@id\":\"https:\\\/\\\/lospoliticosveracruz.com\\\/#website\",\"url\":\"https:\\\/\\\/lospoliticosveracruz.com\\\/\",\"name\":\"Los pol\u00edticos Veracruz\",\"description\":\"\",\"publisher\":{\"@id\":\"https:\\\/\\\/lospoliticosveracruz.com\\\/#organization\"},\"potentialAction\":[{\"@type\":\"SearchAction\",\"target\":{\"@type\":\"EntryPoint\",\"urlTemplate\":\"https:\\\/\\\/lospoliticosveracruz.com\\\/?s={search_term_string}\"},\"query-input\":{\"@type\":\"PropertyValueSpecification\",\"valueRequired\":true,\"valueName\":\"search_term_string\"}}],\"inLanguage\":\"es\"},{\"@type\":\"Organization\",\"@id\":\"https:\\\/\\\/lospoliticosveracruz.com\\\/#organization\",\"name\":\"Los pol\u00edticos Veracruz\",\"url\":\"https:\\\/\\\/lospoliticosveracruz.com\\\/\",\"logo\":{\"@type\":\"ImageObject\",\"inLanguage\":\"es\",\"@id\":\"https:\\\/\\\/lospoliticosveracruz.com\\\/#\\\/schema\\\/logo\\\/image\\\/\",\"url\":\"https:\\\/\\\/lospoliticosveracruz.com\\\/wp-content\\\/uploads\\\/2025\\\/12\\\/Logo-Nuevo-LOS-POLITICOS-1.jpg\",\"contentUrl\":\"https:\\\/\\\/lospoliticosveracruz.com\\\/wp-content\\\/uploads\\\/2025\\\/12\\\/Logo-Nuevo-LOS-POLITICOS-1.jpg\",\"width\":260,\"height\":70,\"caption\":\"Los pol\u00edticos Veracruz\"},\"image\":{\"@id\":\"https:\\\/\\\/lospoliticosveracruz.com\\\/#\\\/schema\\\/logo\\\/image\\\/\"},\"sameAs\":[\"https:\\\/\\\/www.facebook.com\\\/people\\\/Notimemes-de-los-Polticos\\\/61565672886568\\\/\",\"https:\\\/\\\/x.com\\\/LosPoliticosVer\"]},{\"@type\":\"Person\",\"@id\":\"https:\\\/\\\/lospoliticosveracruz.com\\\/#\\\/schema\\\/person\\\/b8702bb0e538456e6efd07080bf2a4a2\",\"name\":\"Lo viste en Los Pol\u00edticos\",\"image\":{\"@type\":\"ImageObject\",\"inLanguage\":\"es\",\"@id\":\"https:\\\/\\\/secure.gravatar.com\\\/avatar\\\/3a8de04a2656d44082be478bd6c086daa447c4651605818287b9532d3d0bd435?s=96&d=mm&r=g\",\"url\":\"https:\\\/\\\/secure.gravatar.com\\\/avatar\\\/3a8de04a2656d44082be478bd6c086daa447c4651605818287b9532d3d0bd435?s=96&d=mm&r=g\",\"contentUrl\":\"https:\\\/\\\/secure.gravatar.com\\\/avatar\\\/3a8de04a2656d44082be478bd6c086daa447c4651605818287b9532d3d0bd435?s=96&d=mm&r=g\",\"caption\":\"Lo viste en Los Pol\u00edticos\"},\"url\":\"https:\\\/\\\/lospoliticosveracruz.com\\\/?author=2\"}]}<\/script>\n<!-- \/ Yoast SEO plugin. -->","yoast_head_json":{"title":"\u00bfMaleno los dobl\u00f3? - Los pol\u00edticos Veracruz","robots":{"index":"index","follow":"follow","max-snippet":"max-snippet:-1","max-image-preview":"max-image-preview:large","max-video-preview":"max-video-preview:-1"},"canonical":"https:\/\/lospoliticosveracruz.com\/?p=69102","og_locale":"es_ES","og_type":"article","og_title":"\u00bfMaleno los dobl\u00f3? - Los pol\u00edticos Veracruz","og_description":"Ricardo Ch\u00faaSale y Vale Si otra cosa no pasa de aqu\u00ed a los primeros d\u00edas de la pr\u00f3xima semana\u2026 El diputado local por Medell\u00edn de Bravo, de MORENA, Magadaleno Rosales, mejor conocido como \u00abMaleno\u00bb, ser\u00e1 UNGIDO por este partido en su comit\u00e9 estatal, a trav\u00e9s de Esteban Ram\u00edrez Zepeta \u2026 Para que busque la reelecci\u00f3n [&hellip;]","og_url":"https:\/\/lospoliticosveracruz.com\/?p=69102","og_site_name":"Los pol\u00edticos Veracruz","article_publisher":"https:\/\/www.facebook.com\/people\/Notimemes-de-los-Polticos\/61565672886568\/","article_published_time":"2021-03-06T15:23:01+00:00","article_modified_time":"2021-03-06T15:23:06+00:00","og_image":[{"width":200,"height":200,"url":"https:\/\/lospoliticosveracruz.com\/wp-content\/uploads\/2016\/07\/Logo-Dor.jpg","type":"image\/jpeg"}],"author":"Lo viste en Los Pol\u00edticos","twitter_card":"summary_large_image","twitter_creator":"@LosPoliticosVer","twitter_site":"@LosPoliticosVer","twitter_misc":{"Escrito por":"Lo viste en Los Pol\u00edticos","Tiempo de lectura":"6 minutos"},"schema":{"@context":"https:\/\/schema.org","@graph":[{"@type":"Article","@id":"https:\/\/lospoliticosveracruz.com\/?p=69102#article","isPartOf":{"@id":"https:\/\/lospoliticosveracruz.com\/?p=69102"},"author":{"name":"Lo viste en Los Pol\u00edticos","@id":"https:\/\/lospoliticosveracruz.com\/#\/schema\/person\/b8702bb0e538456e6efd07080bf2a4a2"},"headline":"\u00bfMaleno los dobl\u00f3?","datePublished":"2021-03-06T15:23:01+00:00","dateModified":"2021-03-06T15:23:06+00:00","mainEntityOfPage":{"@id":"https:\/\/lospoliticosveracruz.com\/?p=69102"},"wordCount":1259,"commentCount":0,"publisher":{"@id":"https:\/\/lospoliticosveracruz.com\/#organization"},"keywords":["Cuitl\u00e1huac Garc\u00eda Jim\u00e9nez","Esteban Ram\u00edrez Zepeta","Fidel Kuri Grajales","Jes\u00fas V\u00e1zquez Gonz\u00e1lez","Juan Javier G\u00f3mez Cazar\u00edn","Juan Manuel D\u00edez Francos","Luis Felipe S\u00e1nchez Jerezano","Magdaleno Rosales Torres","Medell\u00edn de Bravo","Melquiades V\u00e1zquez Lucas","Morena","Todos por Veracruz"],"articleSection":["De Opini\u00f3n"],"inLanguage":"es","potentialAction":[{"@type":"CommentAction","name":"Comment","target":["https:\/\/lospoliticosveracruz.com\/?p=69102#respond"]}]},{"@type":"WebPage","@id":"https:\/\/lospoliticosveracruz.com\/?p=69102","url":"https:\/\/lospoliticosveracruz.com\/?p=69102","name":"\u00bfMaleno los dobl\u00f3? - Los pol\u00edticos Veracruz","isPartOf":{"@id":"https:\/\/lospoliticosveracruz.com\/#website"},"datePublished":"2021-03-06T15:23:01+00:00","dateModified":"2021-03-06T15:23:06+00:00","breadcrumb":{"@id":"https:\/\/lospoliticosveracruz.com\/?p=69102#breadcrumb"},"inLanguage":"es","potentialAction":[{"@type":"ReadAction","target":["https:\/\/lospoliticosveracruz.com\/?p=69102"]}]},{"@type":"BreadcrumbList","@id":"https:\/\/lospoliticosveracruz.com\/?p=69102#breadcrumb","itemListElement":[{"@type":"ListItem","position":1,"name":"Portada","item":"https:\/\/lospoliticosveracruz.com\/"},{"@type":"ListItem","position":2,"name":"\u00bfMaleno los dobl\u00f3?"}]},{"@type":"WebSite","@id":"https:\/\/lospoliticosveracruz.com\/#website","url":"https:\/\/lospoliticosveracruz.com\/","name":"Los pol\u00edticos Veracruz","description":"","publisher":{"@id":"https:\/\/lospoliticosveracruz.com\/#organization"},"potentialAction":[{"@type":"SearchAction","target":{"@type":"EntryPoint","urlTemplate":"https:\/\/lospoliticosveracruz.com\/?s={search_term_string}"},"query-input":{"@type":"PropertyValueSpecification","valueRequired":true,"valueName":"search_term_string"}}],"inLanguage":"es"},{"@type":"Organization","@id":"https:\/\/lospoliticosveracruz.com\/#organization","name":"Los pol\u00edticos Veracruz","url":"https:\/\/lospoliticosveracruz.com\/","logo":{"@type":"ImageObject","inLanguage":"es","@id":"https:\/\/lospoliticosveracruz.com\/#\/schema\/logo\/image\/","url":"https:\/\/lospoliticosveracruz.com\/wp-content\/uploads\/2025\/12\/Logo-Nuevo-LOS-POLITICOS-1.jpg","contentUrl":"https:\/\/lospoliticosveracruz.com\/wp-content\/uploads\/2025\/12\/Logo-Nuevo-LOS-POLITICOS-1.jpg","width":260,"height":70,"caption":"Los pol\u00edticos Veracruz"},"image":{"@id":"https:\/\/lospoliticosveracruz.com\/#\/schema\/logo\/image\/"},"sameAs":["https:\/\/www.facebook.com\/people\/Notimemes-de-los-Polticos\/61565672886568\/","https:\/\/x.com\/LosPoliticosVer"]},{"@type":"Person","@id":"https:\/\/lospoliticosveracruz.com\/#\/schema\/person\/b8702bb0e538456e6efd07080bf2a4a2","name":"Lo viste en Los Pol\u00edticos","image":{"@type":"ImageObject","inLanguage":"es","@id":"https:\/\/secure.gravatar.com\/avatar\/3a8de04a2656d44082be478bd6c086daa447c4651605818287b9532d3d0bd435?s=96&d=mm&r=g","url":"https:\/\/secure.gravatar.com\/avatar\/3a8de04a2656d44082be478bd6c086daa447c4651605818287b9532d3d0bd435?s=96&d=mm&r=g","contentUrl":"https:\/\/secure.gravatar.com\/avatar\/3a8de04a2656d44082be478bd6c086daa447c4651605818287b9532d3d0bd435?s=96&d=mm&r=g","caption":"Lo viste en Los Pol\u00edticos"},"url":"https:\/\/lospoliticosveracruz.com\/?author=2"}]}},"_links":{"self":[{"href":"https:\/\/lospoliticosveracruz.com\/index.php?rest_route=\/wp\/v2\/posts\/69102","targetHints":{"allow":["GET"]}}],"collection":[{"href":"https:\/\/lospoliticosveracruz.com\/index.php?rest_route=\/wp\/v2\/posts"}],"about":[{"href":"https:\/\/lospoliticosveracruz.com\/index.php?rest_route=\/wp\/v2\/types\/post"}],"author":[{"embeddable":true,"href":"https:\/\/lospoliticosveracruz.com\/index.php?rest_route=\/wp\/v2\/users\/2"}],"replies":[{"embeddable":true,"href":"https:\/\/lospoliticosveracruz.com\/index.php?rest_route=%2Fwp%2Fv2%2Fcomments&post=69102"}],"version-history":[{"count":1,"href":"https:\/\/lospoliticosveracruz.com\/index.php?rest_route=\/wp\/v2\/posts\/69102\/revisions"}],"predecessor-version":[{"id":69103,"href":"https:\/\/lospoliticosveracruz.com\/index.php?rest_route=\/wp\/v2\/posts\/69102\/revisions\/69103"}],"wp:attachment":[{"href":"https:\/\/lospoliticosveracruz.com\/index.php?rest_route=%2Fwp%2Fv2%2Fmedia&parent=69102"}],"wp:term":[{"taxonomy":"category","embeddable":true,"href":"https:\/\/lospoliticosveracruz.com\/index.php?rest_route=%2Fwp%2Fv2%2Fcategories&post=69102"},{"taxonomy":"post_tag","embeddable":true,"href":"https:\/\/lospoliticosveracruz.com\/index.php?rest_route=%2Fwp%2Fv2%2Ftags&post=69102"}],"curies":[{"name":"wp","href":"https:\/\/api.w.org\/{rel}","templated":true}]}}