{"id":69199,"date":"2021-03-09T10:35:13","date_gmt":"2021-03-09T16:35:13","guid":{"rendered":"http:\/\/www.lospoliticosveracruz.com.mx\/?p=69199"},"modified":"2021-03-09T10:35:41","modified_gmt":"2021-03-09T16:35:41","slug":"coperacha-a-fuerzas-de-cmas-opaca-y-nada-funcional","status":"publish","type":"post","link":"https:\/\/lospoliticosveracruz.com\/?p=69199","title":{"rendered":"Coperacha a fuerzas de CMAS; opaca y nada funcional!"},"content":{"rendered":"\n<p><strong>Xalapa<\/strong><br>El diputado local Omar Miranda hizo un llamado a la administraci\u00f3n municipal de Xalapa, para implementar otro m\u00e9todo de pago verdaderamente voluntario por el concepto de Servicios Ambientales, no como actualmente lo ejecuta ilegalmente la Comisi\u00f3n Municipal de Agua Potable y Saneamiento de Xalapa (CMAS).<br>Acompa\u00f1ado por Alejandro de la Madrid Presidente de la fundaci\u00f3n Salvemos el Agua, el legislador record\u00f3 que a partir de febrero el Ayuntamiento de Xalapa ha empezado a cobrar una cuota \u201cvoluntaria\u201d por el pago de servicios ambientales que se ve reflejado en el recibo mensual de CMAS, al que calific\u00f3 de opaco, poco funcional y desarticulado.<br>\u201cEste cobro carece de una campa\u00f1a efectiva de promoci\u00f3n para socializar el impacto de una aportaci\u00f3n verdaderamente voluntaria, ya que si bien hay documentos en el portal electr\u00f3nico de CMAS, estos carecen de un sentido l\u00f3gico administrativo, pues obligan pr\u00e1cticamente al ciudadano a pagar este servicio, sin mediar las posibilidades de querer pagarlo o no\u201d dijo el legislador xalape\u00f1o.<br>Hizo un llamado a las autoridades municipales para que esta aportaci\u00f3n pueda realizarse mes con mes, a voluntad absoluta del ciudadano, para facilitar estas aportaciones y no engrosar la ya de por s\u00ed lenta y gruesa burocracia con la que esta administraci\u00f3n se desempe\u00f1a.<br>\u201cNo estamos en contra de que se paguen los servicios ambientales, sino de la forma en que esta administraci\u00f3n lo est\u00e1 haciendo. Porque esta aportaci\u00f3n, supuestamente voluntaria, que est\u00e1n pagando los xalape\u00f1os no es voluntaria, puesto que el monto que se cobra deriva fundamentalmente de su correlaci\u00f3n con el costo que implica el servicio prestado por la administraci\u00f3n p\u00fablica\u201d.<\/p>\n\n\n\n<p>Por \u00faltimo dijo estar en espera de que el Congreso local resuelva su propuesta para exhortar a CMAS con la finalidad de cancelar dicho cobro, para socializar esta disposici\u00f3n y para que en caso de llevarse acabo, sea con la voluntad efectiva de los xalape\u00f1os y no una imposici\u00f3n.<\/p>\n","protected":false},"excerpt":{"rendered":"<p>XalapaEl diputado local Omar Miranda hizo un llamado a la administraci\u00f3n municipal de Xalapa, para implementar otro m\u00e9todo de pago verdaderamente voluntario por el concepto de Servicios Ambientales, no como actualmente lo ejecuta ilegalmente la Comisi\u00f3n Municipal de Agua Potable y Saneamiento de Xalapa (CMAS).Acompa\u00f1ado por Alejandro de la Madrid Presidente de la fundaci\u00f3n Salvemos [&hellip;]<\/p>\n","protected":false},"author":2,"featured_media":0,"comment_status":"open","ping_status":"open","sticky":false,"template":"","format":"standard","meta":{"tdm_status":"","tdm_grid_status":"","footnotes":""},"categories":[73],"tags":[2592,12807,26636,25960,96],"class_list":{"0":"post-69199","1":"post","2":"type-post","3":"status-publish","4":"format-standard","6":"category-de-boleto","7":"tag-cmas-xalapa","8":"tag-omar-miranda","9":"tag-salvemos-el-agua","10":"tag-servicios-ambientales","11":"tag-xalapa"},"yoast_head":"<!-- This site is optimized with the Yoast SEO plugin v27.4 - https:\/\/yoast.com\/product\/yoast-seo-wordpress\/ -->\n<title>Coperacha a fuerzas de CMAS; opaca y nada funcional! - Los pol\u00edticos Veracruz<\/title>\n<meta name=\"robots\" content=\"index, follow, max-snippet:-1, max-image-preview:large, max-video-preview:-1\" \/>\n<link rel=\"canonical\" href=\"https:\/\/lospoliticosveracruz.com\/?p=69199\" \/>\n<meta property=\"og:locale\" content=\"es_ES\" \/>\n<meta property=\"og:type\" content=\"article\" \/>\n<meta property=\"og:title\" content=\"Coperacha a fuerzas de CMAS; opaca y nada funcional! - Los pol\u00edticos Veracruz\" \/>\n<meta property=\"og:description\" content=\"XalapaEl diputado local Omar Miranda hizo un llamado a la administraci\u00f3n municipal de Xalapa, para implementar otro m\u00e9todo de pago verdaderamente voluntario por el concepto de Servicios Ambientales, no como actualmente lo ejecuta ilegalmente la Comisi\u00f3n Municipal de Agua Potable y Saneamiento de Xalapa (CMAS).Acompa\u00f1ado por Alejandro de la Madrid Presidente de la fundaci\u00f3n Salvemos [&hellip;]\" \/>\n<meta property=\"og:url\" content=\"https:\/\/lospoliticosveracruz.com\/?p=69199\" \/>\n<meta property=\"og:site_name\" content=\"Los pol\u00edticos Veracruz\" \/>\n<meta property=\"article:publisher\" content=\"https:\/\/www.facebook.com\/people\/Notimemes-de-los-Polticos\/61565672886568\/\" \/>\n<meta property=\"article:published_time\" content=\"2021-03-09T16:35:13+00:00\" \/>\n<meta property=\"article:modified_time\" content=\"2021-03-09T16:35:41+00:00\" \/>\n<meta property=\"og:image\" content=\"https:\/\/lospoliticosveracruz.com\/wp-content\/uploads\/2016\/07\/Logo-Dor.jpg\" \/>\n\t<meta property=\"og:image:width\" content=\"200\" \/>\n\t<meta property=\"og:image:height\" content=\"200\" \/>\n\t<meta property=\"og:image:type\" content=\"image\/jpeg\" \/>\n<meta name=\"author\" content=\"Lo viste en Los Pol\u00edticos\" \/>\n<meta name=\"twitter:card\" content=\"summary_large_image\" \/>\n<meta name=\"twitter:creator\" content=\"@LosPoliticosVer\" \/>\n<meta name=\"twitter:site\" content=\"@LosPoliticosVer\" \/>\n<meta name=\"twitter:label1\" content=\"Escrito por\" \/>\n\t<meta name=\"twitter:data1\" content=\"Lo viste en Los Pol\u00edticos\" \/>\n\t<meta name=\"twitter:label2\" content=\"Tiempo de lectura\" \/>\n\t<meta name=\"twitter:data2\" content=\"2 minutos\" \/>\n<script type=\"application\/ld+json\" class=\"yoast-schema-graph\">{\"@context\":\"https:\\\/\\\/schema.org\",\"@graph\":[{\"@type\":\"Article\",\"@id\":\"https:\\\/\\\/lospoliticosveracruz.com\\\/?p=69199#article\",\"isPartOf\":{\"@id\":\"https:\\\/\\\/lospoliticosveracruz.com\\\/?p=69199\"},\"author\":{\"name\":\"Lo viste en Los Pol\u00edticos\",\"@id\":\"https:\\\/\\\/lospoliticosveracruz.com\\\/#\\\/schema\\\/person\\\/b8702bb0e538456e6efd07080bf2a4a2\"},\"headline\":\"Coperacha a fuerzas de CMAS; opaca y nada funcional!\",\"datePublished\":\"2021-03-09T16:35:13+00:00\",\"dateModified\":\"2021-03-09T16:35:41+00:00\",\"mainEntityOfPage\":{\"@id\":\"https:\\\/\\\/lospoliticosveracruz.com\\\/?p=69199\"},\"wordCount\":348,\"commentCount\":0,\"publisher\":{\"@id\":\"https:\\\/\\\/lospoliticosveracruz.com\\\/#organization\"},\"keywords\":[\"CMAS Xalapa\",\"Omar Miranda\",\"Salvemos el Agua\",\"servicios ambientales\",\"Xalapa\"],\"articleSection\":[\"De Boleto\"],\"inLanguage\":\"es\",\"potentialAction\":[{\"@type\":\"CommentAction\",\"name\":\"Comment\",\"target\":[\"https:\\\/\\\/lospoliticosveracruz.com\\\/?p=69199#respond\"]}]},{\"@type\":\"WebPage\",\"@id\":\"https:\\\/\\\/lospoliticosveracruz.com\\\/?p=69199\",\"url\":\"https:\\\/\\\/lospoliticosveracruz.com\\\/?p=69199\",\"name\":\"Coperacha a fuerzas de CMAS; opaca y nada funcional! - Los pol\u00edticos Veracruz\",\"isPartOf\":{\"@id\":\"https:\\\/\\\/lospoliticosveracruz.com\\\/#website\"},\"datePublished\":\"2021-03-09T16:35:13+00:00\",\"dateModified\":\"2021-03-09T16:35:41+00:00\",\"breadcrumb\":{\"@id\":\"https:\\\/\\\/lospoliticosveracruz.com\\\/?p=69199#breadcrumb\"},\"inLanguage\":\"es\",\"potentialAction\":[{\"@type\":\"ReadAction\",\"target\":[\"https:\\\/\\\/lospoliticosveracruz.com\\\/?p=69199\"]}]},{\"@type\":\"BreadcrumbList\",\"@id\":\"https:\\\/\\\/lospoliticosveracruz.com\\\/?p=69199#breadcrumb\",\"itemListElement\":[{\"@type\":\"ListItem\",\"position\":1,\"name\":\"Portada\",\"item\":\"https:\\\/\\\/lospoliticosveracruz.com\\\/\"},{\"@type\":\"ListItem\",\"position\":2,\"name\":\"Coperacha a fuerzas de CMAS; opaca y nada funcional!\"}]},{\"@type\":\"WebSite\",\"@id\":\"https:\\\/\\\/lospoliticosveracruz.com\\\/#website\",\"url\":\"https:\\\/\\\/lospoliticosveracruz.com\\\/\",\"name\":\"Los pol\u00edticos Veracruz\",\"description\":\"\",\"publisher\":{\"@id\":\"https:\\\/\\\/lospoliticosveracruz.com\\\/#organization\"},\"potentialAction\":[{\"@type\":\"SearchAction\",\"target\":{\"@type\":\"EntryPoint\",\"urlTemplate\":\"https:\\\/\\\/lospoliticosveracruz.com\\\/?s={search_term_string}\"},\"query-input\":{\"@type\":\"PropertyValueSpecification\",\"valueRequired\":true,\"valueName\":\"search_term_string\"}}],\"inLanguage\":\"es\"},{\"@type\":\"Organization\",\"@id\":\"https:\\\/\\\/lospoliticosveracruz.com\\\/#organization\",\"name\":\"Los pol\u00edticos Veracruz\",\"url\":\"https:\\\/\\\/lospoliticosveracruz.com\\\/\",\"logo\":{\"@type\":\"ImageObject\",\"inLanguage\":\"es\",\"@id\":\"https:\\\/\\\/lospoliticosveracruz.com\\\/#\\\/schema\\\/logo\\\/image\\\/\",\"url\":\"https:\\\/\\\/lospoliticosveracruz.com\\\/wp-content\\\/uploads\\\/2025\\\/12\\\/Logo-Nuevo-LOS-POLITICOS-1.jpg\",\"contentUrl\":\"https:\\\/\\\/lospoliticosveracruz.com\\\/wp-content\\\/uploads\\\/2025\\\/12\\\/Logo-Nuevo-LOS-POLITICOS-1.jpg\",\"width\":260,\"height\":70,\"caption\":\"Los pol\u00edticos Veracruz\"},\"image\":{\"@id\":\"https:\\\/\\\/lospoliticosveracruz.com\\\/#\\\/schema\\\/logo\\\/image\\\/\"},\"sameAs\":[\"https:\\\/\\\/www.facebook.com\\\/people\\\/Notimemes-de-los-Polticos\\\/61565672886568\\\/\",\"https:\\\/\\\/x.com\\\/LosPoliticosVer\"]},{\"@type\":\"Person\",\"@id\":\"https:\\\/\\\/lospoliticosveracruz.com\\\/#\\\/schema\\\/person\\\/b8702bb0e538456e6efd07080bf2a4a2\",\"name\":\"Lo viste en Los Pol\u00edticos\",\"image\":{\"@type\":\"ImageObject\",\"inLanguage\":\"es\",\"@id\":\"https:\\\/\\\/secure.gravatar.com\\\/avatar\\\/3a8de04a2656d44082be478bd6c086daa447c4651605818287b9532d3d0bd435?s=96&d=mm&r=g\",\"url\":\"https:\\\/\\\/secure.gravatar.com\\\/avatar\\\/3a8de04a2656d44082be478bd6c086daa447c4651605818287b9532d3d0bd435?s=96&d=mm&r=g\",\"contentUrl\":\"https:\\\/\\\/secure.gravatar.com\\\/avatar\\\/3a8de04a2656d44082be478bd6c086daa447c4651605818287b9532d3d0bd435?s=96&d=mm&r=g\",\"caption\":\"Lo viste en Los Pol\u00edticos\"},\"url\":\"https:\\\/\\\/lospoliticosveracruz.com\\\/?author=2\"}]}<\/script>\n<!-- \/ Yoast SEO plugin. -->","yoast_head_json":{"title":"Coperacha a fuerzas de CMAS; opaca y nada funcional! - Los pol\u00edticos Veracruz","robots":{"index":"index","follow":"follow","max-snippet":"max-snippet:-1","max-image-preview":"max-image-preview:large","max-video-preview":"max-video-preview:-1"},"canonical":"https:\/\/lospoliticosveracruz.com\/?p=69199","og_locale":"es_ES","og_type":"article","og_title":"Coperacha a fuerzas de CMAS; opaca y nada funcional! - Los pol\u00edticos Veracruz","og_description":"XalapaEl diputado local Omar Miranda hizo un llamado a la administraci\u00f3n municipal de Xalapa, para implementar otro m\u00e9todo de pago verdaderamente voluntario por el concepto de Servicios Ambientales, no como actualmente lo ejecuta ilegalmente la Comisi\u00f3n Municipal de Agua Potable y Saneamiento de Xalapa (CMAS).Acompa\u00f1ado por Alejandro de la Madrid Presidente de la fundaci\u00f3n Salvemos [&hellip;]","og_url":"https:\/\/lospoliticosveracruz.com\/?p=69199","og_site_name":"Los pol\u00edticos Veracruz","article_publisher":"https:\/\/www.facebook.com\/people\/Notimemes-de-los-Polticos\/61565672886568\/","article_published_time":"2021-03-09T16:35:13+00:00","article_modified_time":"2021-03-09T16:35:41+00:00","og_image":[{"width":200,"height":200,"url":"https:\/\/lospoliticosveracruz.com\/wp-content\/uploads\/2016\/07\/Logo-Dor.jpg","type":"image\/jpeg"}],"author":"Lo viste en Los Pol\u00edticos","twitter_card":"summary_large_image","twitter_creator":"@LosPoliticosVer","twitter_site":"@LosPoliticosVer","twitter_misc":{"Escrito por":"Lo viste en Los Pol\u00edticos","Tiempo de lectura":"2 minutos"},"schema":{"@context":"https:\/\/schema.org","@graph":[{"@type":"Article","@id":"https:\/\/lospoliticosveracruz.com\/?p=69199#article","isPartOf":{"@id":"https:\/\/lospoliticosveracruz.com\/?p=69199"},"author":{"name":"Lo viste en Los Pol\u00edticos","@id":"https:\/\/lospoliticosveracruz.com\/#\/schema\/person\/b8702bb0e538456e6efd07080bf2a4a2"},"headline":"Coperacha a fuerzas de CMAS; opaca y nada funcional!","datePublished":"2021-03-09T16:35:13+00:00","dateModified":"2021-03-09T16:35:41+00:00","mainEntityOfPage":{"@id":"https:\/\/lospoliticosveracruz.com\/?p=69199"},"wordCount":348,"commentCount":0,"publisher":{"@id":"https:\/\/lospoliticosveracruz.com\/#organization"},"keywords":["CMAS Xalapa","Omar Miranda","Salvemos el Agua","servicios ambientales","Xalapa"],"articleSection":["De Boleto"],"inLanguage":"es","potentialAction":[{"@type":"CommentAction","name":"Comment","target":["https:\/\/lospoliticosveracruz.com\/?p=69199#respond"]}]},{"@type":"WebPage","@id":"https:\/\/lospoliticosveracruz.com\/?p=69199","url":"https:\/\/lospoliticosveracruz.com\/?p=69199","name":"Coperacha a fuerzas de CMAS; opaca y nada funcional! - Los pol\u00edticos Veracruz","isPartOf":{"@id":"https:\/\/lospoliticosveracruz.com\/#website"},"datePublished":"2021-03-09T16:35:13+00:00","dateModified":"2021-03-09T16:35:41+00:00","breadcrumb":{"@id":"https:\/\/lospoliticosveracruz.com\/?p=69199#breadcrumb"},"inLanguage":"es","potentialAction":[{"@type":"ReadAction","target":["https:\/\/lospoliticosveracruz.com\/?p=69199"]}]},{"@type":"BreadcrumbList","@id":"https:\/\/lospoliticosveracruz.com\/?p=69199#breadcrumb","itemListElement":[{"@type":"ListItem","position":1,"name":"Portada","item":"https:\/\/lospoliticosveracruz.com\/"},{"@type":"ListItem","position":2,"name":"Coperacha a fuerzas de CMAS; opaca y nada funcional!"}]},{"@type":"WebSite","@id":"https:\/\/lospoliticosveracruz.com\/#website","url":"https:\/\/lospoliticosveracruz.com\/","name":"Los pol\u00edticos Veracruz","description":"","publisher":{"@id":"https:\/\/lospoliticosveracruz.com\/#organization"},"potentialAction":[{"@type":"SearchAction","target":{"@type":"EntryPoint","urlTemplate":"https:\/\/lospoliticosveracruz.com\/?s={search_term_string}"},"query-input":{"@type":"PropertyValueSpecification","valueRequired":true,"valueName":"search_term_string"}}],"inLanguage":"es"},{"@type":"Organization","@id":"https:\/\/lospoliticosveracruz.com\/#organization","name":"Los pol\u00edticos Veracruz","url":"https:\/\/lospoliticosveracruz.com\/","logo":{"@type":"ImageObject","inLanguage":"es","@id":"https:\/\/lospoliticosveracruz.com\/#\/schema\/logo\/image\/","url":"https:\/\/lospoliticosveracruz.com\/wp-content\/uploads\/2025\/12\/Logo-Nuevo-LOS-POLITICOS-1.jpg","contentUrl":"https:\/\/lospoliticosveracruz.com\/wp-content\/uploads\/2025\/12\/Logo-Nuevo-LOS-POLITICOS-1.jpg","width":260,"height":70,"caption":"Los pol\u00edticos Veracruz"},"image":{"@id":"https:\/\/lospoliticosveracruz.com\/#\/schema\/logo\/image\/"},"sameAs":["https:\/\/www.facebook.com\/people\/Notimemes-de-los-Polticos\/61565672886568\/","https:\/\/x.com\/LosPoliticosVer"]},{"@type":"Person","@id":"https:\/\/lospoliticosveracruz.com\/#\/schema\/person\/b8702bb0e538456e6efd07080bf2a4a2","name":"Lo viste en Los Pol\u00edticos","image":{"@type":"ImageObject","inLanguage":"es","@id":"https:\/\/secure.gravatar.com\/avatar\/3a8de04a2656d44082be478bd6c086daa447c4651605818287b9532d3d0bd435?s=96&d=mm&r=g","url":"https:\/\/secure.gravatar.com\/avatar\/3a8de04a2656d44082be478bd6c086daa447c4651605818287b9532d3d0bd435?s=96&d=mm&r=g","contentUrl":"https:\/\/secure.gravatar.com\/avatar\/3a8de04a2656d44082be478bd6c086daa447c4651605818287b9532d3d0bd435?s=96&d=mm&r=g","caption":"Lo viste en Los Pol\u00edticos"},"url":"https:\/\/lospoliticosveracruz.com\/?author=2"}]}},"_links":{"self":[{"href":"https:\/\/lospoliticosveracruz.com\/index.php?rest_route=\/wp\/v2\/posts\/69199","targetHints":{"allow":["GET"]}}],"collection":[{"href":"https:\/\/lospoliticosveracruz.com\/index.php?rest_route=\/wp\/v2\/posts"}],"about":[{"href":"https:\/\/lospoliticosveracruz.com\/index.php?rest_route=\/wp\/v2\/types\/post"}],"author":[{"embeddable":true,"href":"https:\/\/lospoliticosveracruz.com\/index.php?rest_route=\/wp\/v2\/users\/2"}],"replies":[{"embeddable":true,"href":"https:\/\/lospoliticosveracruz.com\/index.php?rest_route=%2Fwp%2Fv2%2Fcomments&post=69199"}],"version-history":[{"count":1,"href":"https:\/\/lospoliticosveracruz.com\/index.php?rest_route=\/wp\/v2\/posts\/69199\/revisions"}],"predecessor-version":[{"id":69201,"href":"https:\/\/lospoliticosveracruz.com\/index.php?rest_route=\/wp\/v2\/posts\/69199\/revisions\/69201"}],"wp:attachment":[{"href":"https:\/\/lospoliticosveracruz.com\/index.php?rest_route=%2Fwp%2Fv2%2Fmedia&parent=69199"}],"wp:term":[{"taxonomy":"category","embeddable":true,"href":"https:\/\/lospoliticosveracruz.com\/index.php?rest_route=%2Fwp%2Fv2%2Fcategories&post=69199"},{"taxonomy":"post_tag","embeddable":true,"href":"https:\/\/lospoliticosveracruz.com\/index.php?rest_route=%2Fwp%2Fv2%2Ftags&post=69199"}],"curies":[{"name":"wp","href":"https:\/\/api.w.org\/{rel}","templated":true}]}}