{"id":69222,"date":"2021-03-09T22:40:43","date_gmt":"2021-03-10T04:40:43","guid":{"rendered":"http:\/\/www.lospoliticosveracruz.com.mx\/?p=69222"},"modified":"2021-03-09T22:40:48","modified_gmt":"2021-03-10T04:40:48","slug":"la-propuesta-azul-de-americo","status":"publish","type":"post","link":"https:\/\/lospoliticosveracruz.com\/?p=69222","title":{"rendered":"La propuesta azul de Am\u00e9rico"},"content":{"rendered":"\n<p><strong>Salvador Mu\u00f1oz<\/strong><\/p>\n\n\n\n<p><em>Los Pol\u00edticos<\/em><br><\/p>\n\n\n\n<p>La pretensi\u00f3n del candidato del PRI a diputado federal, Am\u00e9rico Z\u00fa\u00f1iga Mart\u00ednez, de llevar en la suplencia a un panista de hueso col\u2026 no, de sangre azul, tiene las interpretaciones que uno quiera para justificar o expresar el quehacer pol\u00edtico de este ex alcalde.<br>Ah, cierto\u2026 se habla de que Am\u00e9rico busca que su suplente en la curul federal sea Agust\u00edn Basilio de la Vega, un panista con trayectoria pol\u00edtica dentro del Acci\u00f3n Nacional, adem\u00e1s de camino recorrido en la administraci\u00f3n p\u00fablica\u2026 y por supuesto, conocido y reconocido en Xalapa.<br>Entonces, \u00bfqu\u00e9 pretende Am\u00e9rico buscando hacer mancuerna con Basilio de la Vega?<br>La respuesta simplista es sumar votos que en pol\u00edtica, la suma multiplica mientras que la resta, divide.<br>Otra respuesta similar a la anterior podr\u00eda ser que busca con Basilio, jalar ese voto azul a favor de un candidato que por decanto, era \u201csu enemigo\u201d natural\u2026 claro, a estas alturas, bien vale la expresi\u00f3n \u00e1rabe que reza: el enemigo de mi enemigo es mi amigo\u2026 por eso la Alianza.<br>Conociendo a Am\u00e9rico, conociendo la escuela que tuvo al lado de su padre, don Guillermo Z\u00fa\u00f1iga Mart\u00ednez, sabiendo que apuesta siempre a la pol\u00edtica del tejido fino, es seguro que entienda en estos momentos mejor que nadie (porque no s\u00e9 de otro candidato de la Alianza que pretenda lo que \u00e9l quiere) la circunstancia que rodea la elecci\u00f3n venidera\u2026 no ser\u00e1 f\u00e1cil.<br>Y no es f\u00e1cil desde el momento en que se unen fuerzas en aras de vencer a un enemigo en com\u00fan bajo el riesgo de herir la susceptibilidad de la militancia\u2026<br>Si bien ya no es nueva la uni\u00f3n de fuerzas con ideolog\u00edas opuestas, pues ya lo vivimos con PAN-PRD, creo que no debe sorprender que hoy, a estas dos unidades, se al\u00ede el PRI, porque no se trata de una uni\u00f3n en pos de obtener el poder por el poder\u2026 al contrario: en una alianza que busca quitar poder al poder\u2026 el famoso contrapeso.<br>Si el militante antepone eso por encima de sus querencias, hay un paso adelante hacia el objetivo trazado en la alianza. Si el militante se resiente, se frustra, alimenta encono, cuidado\u2026<br>La alianza est\u00e1 ideada para ganar, para generar una oposici\u00f3n que le ponga alto a una mayor\u00eda burda, ajena a los intereses sociales, ciudadanos, pero servil al Ejecutivo.<br>La derrota de la alianza en estas pr\u00f3ximas elecciones alimentar\u00eda m\u00e1s al ego del Poder y posiblemente, complicar\u00eda el siguiente paso enfocado al 2024.<br>Por eso, ojal\u00e1 que la pretensi\u00f3n de Am\u00e9rico Z\u00fa\u00f1iga de sumar a su f\u00f3rmula, en la suplencia, a un panista, se multiplique en otros candidatos\u2026 que en verdad esa alianza se tome tan en serio como la pretende Z\u00fa\u00f1iga Mart\u00ednez y se apueste a la idea primaria que dio origen a esta Alianza: ser una oposici\u00f3n con peso y dejar de serlo de palabra.<br>Al final, Am\u00e9rico muestra como siempre, como ha sido su carrera pol\u00edtica, la firme convicci\u00f3n de tender puentes, primero, con Acci\u00f3n Nacional\u2026 y una vez conseguido el objetivo, ampliarlos hacia la sociedad, hacia los xalape\u00f1os y quienes conforman el distrito\u2026 ojal\u00e1 que cunda en el resto de los candidatos a diputados federales, esta iniciativa de Am\u00e9rico\u2026 \u00bfy por qu\u00e9 no? visualizarla tambi\u00e9n en las curules locales y en una de \u00e9sas, hasta en las presidencias municipales\u2026<\/p>\n\n\n\n<p>smcainito@gmail.com<\/p>\n","protected":false},"excerpt":{"rendered":"<p>Salvador Mu\u00f1oz Los Pol\u00edticos La pretensi\u00f3n del candidato del PRI a diputado federal, Am\u00e9rico Z\u00fa\u00f1iga Mart\u00ednez, de llevar en la suplencia a un panista de hueso col\u2026 no, de sangre azul, tiene las interpretaciones que uno quiera para justificar o expresar el quehacer pol\u00edtico de este ex alcalde.Ah, cierto\u2026 se habla de que Am\u00e9rico busca [&hellip;]<\/p>\n","protected":false},"author":2,"featured_media":0,"comment_status":"open","ping_status":"open","sticky":false,"template":"","format":"standard","meta":{"tdm_status":"","tdm_grid_status":"","footnotes":""},"categories":[70],"tags":[18665,3199,539,251,2646,96],"class_list":{"0":"post-69222","1":"post","2":"type-post","3":"status-publish","4":"format-standard","6":"category-de-opinion","7":"tag-agustin-basilio-de-la-vega","8":"tag-alianza","9":"tag-americo-zuniga-martinez","10":"tag-pri","11":"tag-salvador-munoz","12":"tag-xalapa"},"yoast_head":"<!-- This site is optimized with the Yoast SEO plugin v27.4 - https:\/\/yoast.com\/product\/yoast-seo-wordpress\/ -->\n<title>La propuesta azul de Am\u00e9rico - Los pol\u00edticos Veracruz<\/title>\n<meta name=\"robots\" content=\"index, follow, max-snippet:-1, max-image-preview:large, max-video-preview:-1\" \/>\n<link rel=\"canonical\" href=\"https:\/\/lospoliticosveracruz.com\/?p=69222\" \/>\n<meta property=\"og:locale\" content=\"es_ES\" \/>\n<meta property=\"og:type\" content=\"article\" \/>\n<meta property=\"og:title\" content=\"La propuesta azul de Am\u00e9rico - Los pol\u00edticos Veracruz\" \/>\n<meta property=\"og:description\" content=\"Salvador Mu\u00f1oz Los Pol\u00edticos La pretensi\u00f3n del candidato del PRI a diputado federal, Am\u00e9rico Z\u00fa\u00f1iga Mart\u00ednez, de llevar en la suplencia a un panista de hueso col\u2026 no, de sangre azul, tiene las interpretaciones que uno quiera para justificar o expresar el quehacer pol\u00edtico de este ex alcalde.Ah, cierto\u2026 se habla de que Am\u00e9rico busca [&hellip;]\" \/>\n<meta property=\"og:url\" content=\"https:\/\/lospoliticosveracruz.com\/?p=69222\" \/>\n<meta property=\"og:site_name\" content=\"Los pol\u00edticos Veracruz\" \/>\n<meta property=\"article:publisher\" content=\"https:\/\/www.facebook.com\/people\/Notimemes-de-los-Polticos\/61565672886568\/\" \/>\n<meta property=\"article:published_time\" content=\"2021-03-10T04:40:43+00:00\" \/>\n<meta property=\"article:modified_time\" content=\"2021-03-10T04:40:48+00:00\" \/>\n<meta property=\"og:image\" content=\"https:\/\/lospoliticosveracruz.com\/wp-content\/uploads\/2016\/07\/Logo-Dor.jpg\" \/>\n\t<meta property=\"og:image:width\" content=\"200\" \/>\n\t<meta property=\"og:image:height\" content=\"200\" \/>\n\t<meta property=\"og:image:type\" content=\"image\/jpeg\" \/>\n<meta name=\"author\" content=\"Lo viste en Los Pol\u00edticos\" \/>\n<meta name=\"twitter:card\" content=\"summary_large_image\" \/>\n<meta name=\"twitter:creator\" content=\"@LosPoliticosVer\" \/>\n<meta name=\"twitter:site\" content=\"@LosPoliticosVer\" \/>\n<meta name=\"twitter:label1\" content=\"Escrito por\" \/>\n\t<meta name=\"twitter:data1\" content=\"Lo viste en Los Pol\u00edticos\" \/>\n\t<meta name=\"twitter:label2\" content=\"Tiempo de lectura\" \/>\n\t<meta name=\"twitter:data2\" content=\"3 minutos\" \/>\n<script type=\"application\/ld+json\" class=\"yoast-schema-graph\">{\"@context\":\"https:\\\/\\\/schema.org\",\"@graph\":[{\"@type\":\"Article\",\"@id\":\"https:\\\/\\\/lospoliticosveracruz.com\\\/?p=69222#article\",\"isPartOf\":{\"@id\":\"https:\\\/\\\/lospoliticosveracruz.com\\\/?p=69222\"},\"author\":{\"name\":\"Lo viste en Los Pol\u00edticos\",\"@id\":\"https:\\\/\\\/lospoliticosveracruz.com\\\/#\\\/schema\\\/person\\\/b8702bb0e538456e6efd07080bf2a4a2\"},\"headline\":\"La propuesta azul de Am\u00e9rico\",\"datePublished\":\"2021-03-10T04:40:43+00:00\",\"dateModified\":\"2021-03-10T04:40:48+00:00\",\"mainEntityOfPage\":{\"@id\":\"https:\\\/\\\/lospoliticosveracruz.com\\\/?p=69222\"},\"wordCount\":612,\"commentCount\":0,\"publisher\":{\"@id\":\"https:\\\/\\\/lospoliticosveracruz.com\\\/#organization\"},\"keywords\":[\"Agust\u00edn Basilio de la Vega\",\"alianza\",\"Am\u00e9rico Z\u00fa\u00f1iga Mart\u00ednez\",\"PRI\",\"Salvador Mu\u00f1oz\",\"Xalapa\"],\"articleSection\":[\"De Opini\u00f3n\"],\"inLanguage\":\"es\",\"potentialAction\":[{\"@type\":\"CommentAction\",\"name\":\"Comment\",\"target\":[\"https:\\\/\\\/lospoliticosveracruz.com\\\/?p=69222#respond\"]}]},{\"@type\":\"WebPage\",\"@id\":\"https:\\\/\\\/lospoliticosveracruz.com\\\/?p=69222\",\"url\":\"https:\\\/\\\/lospoliticosveracruz.com\\\/?p=69222\",\"name\":\"La propuesta azul de Am\u00e9rico - Los pol\u00edticos Veracruz\",\"isPartOf\":{\"@id\":\"https:\\\/\\\/lospoliticosveracruz.com\\\/#website\"},\"datePublished\":\"2021-03-10T04:40:43+00:00\",\"dateModified\":\"2021-03-10T04:40:48+00:00\",\"breadcrumb\":{\"@id\":\"https:\\\/\\\/lospoliticosveracruz.com\\\/?p=69222#breadcrumb\"},\"inLanguage\":\"es\",\"potentialAction\":[{\"@type\":\"ReadAction\",\"target\":[\"https:\\\/\\\/lospoliticosveracruz.com\\\/?p=69222\"]}]},{\"@type\":\"BreadcrumbList\",\"@id\":\"https:\\\/\\\/lospoliticosveracruz.com\\\/?p=69222#breadcrumb\",\"itemListElement\":[{\"@type\":\"ListItem\",\"position\":1,\"name\":\"Portada\",\"item\":\"https:\\\/\\\/lospoliticosveracruz.com\\\/\"},{\"@type\":\"ListItem\",\"position\":2,\"name\":\"La propuesta azul de Am\u00e9rico\"}]},{\"@type\":\"WebSite\",\"@id\":\"https:\\\/\\\/lospoliticosveracruz.com\\\/#website\",\"url\":\"https:\\\/\\\/lospoliticosveracruz.com\\\/\",\"name\":\"Los pol\u00edticos Veracruz\",\"description\":\"\",\"publisher\":{\"@id\":\"https:\\\/\\\/lospoliticosveracruz.com\\\/#organization\"},\"potentialAction\":[{\"@type\":\"SearchAction\",\"target\":{\"@type\":\"EntryPoint\",\"urlTemplate\":\"https:\\\/\\\/lospoliticosveracruz.com\\\/?s={search_term_string}\"},\"query-input\":{\"@type\":\"PropertyValueSpecification\",\"valueRequired\":true,\"valueName\":\"search_term_string\"}}],\"inLanguage\":\"es\"},{\"@type\":\"Organization\",\"@id\":\"https:\\\/\\\/lospoliticosveracruz.com\\\/#organization\",\"name\":\"Los pol\u00edticos Veracruz\",\"url\":\"https:\\\/\\\/lospoliticosveracruz.com\\\/\",\"logo\":{\"@type\":\"ImageObject\",\"inLanguage\":\"es\",\"@id\":\"https:\\\/\\\/lospoliticosveracruz.com\\\/#\\\/schema\\\/logo\\\/image\\\/\",\"url\":\"https:\\\/\\\/lospoliticosveracruz.com\\\/wp-content\\\/uploads\\\/2025\\\/12\\\/Logo-Nuevo-LOS-POLITICOS-1.jpg\",\"contentUrl\":\"https:\\\/\\\/lospoliticosveracruz.com\\\/wp-content\\\/uploads\\\/2025\\\/12\\\/Logo-Nuevo-LOS-POLITICOS-1.jpg\",\"width\":260,\"height\":70,\"caption\":\"Los pol\u00edticos Veracruz\"},\"image\":{\"@id\":\"https:\\\/\\\/lospoliticosveracruz.com\\\/#\\\/schema\\\/logo\\\/image\\\/\"},\"sameAs\":[\"https:\\\/\\\/www.facebook.com\\\/people\\\/Notimemes-de-los-Polticos\\\/61565672886568\\\/\",\"https:\\\/\\\/x.com\\\/LosPoliticosVer\"]},{\"@type\":\"Person\",\"@id\":\"https:\\\/\\\/lospoliticosveracruz.com\\\/#\\\/schema\\\/person\\\/b8702bb0e538456e6efd07080bf2a4a2\",\"name\":\"Lo viste en Los Pol\u00edticos\",\"image\":{\"@type\":\"ImageObject\",\"inLanguage\":\"es\",\"@id\":\"https:\\\/\\\/secure.gravatar.com\\\/avatar\\\/3a8de04a2656d44082be478bd6c086daa447c4651605818287b9532d3d0bd435?s=96&d=mm&r=g\",\"url\":\"https:\\\/\\\/secure.gravatar.com\\\/avatar\\\/3a8de04a2656d44082be478bd6c086daa447c4651605818287b9532d3d0bd435?s=96&d=mm&r=g\",\"contentUrl\":\"https:\\\/\\\/secure.gravatar.com\\\/avatar\\\/3a8de04a2656d44082be478bd6c086daa447c4651605818287b9532d3d0bd435?s=96&d=mm&r=g\",\"caption\":\"Lo viste en Los Pol\u00edticos\"},\"url\":\"https:\\\/\\\/lospoliticosveracruz.com\\\/?author=2\"}]}<\/script>\n<!-- \/ Yoast SEO plugin. -->","yoast_head_json":{"title":"La propuesta azul de Am\u00e9rico - Los pol\u00edticos Veracruz","robots":{"index":"index","follow":"follow","max-snippet":"max-snippet:-1","max-image-preview":"max-image-preview:large","max-video-preview":"max-video-preview:-1"},"canonical":"https:\/\/lospoliticosveracruz.com\/?p=69222","og_locale":"es_ES","og_type":"article","og_title":"La propuesta azul de Am\u00e9rico - Los pol\u00edticos Veracruz","og_description":"Salvador Mu\u00f1oz Los Pol\u00edticos La pretensi\u00f3n del candidato del PRI a diputado federal, Am\u00e9rico Z\u00fa\u00f1iga Mart\u00ednez, de llevar en la suplencia a un panista de hueso col\u2026 no, de sangre azul, tiene las interpretaciones que uno quiera para justificar o expresar el quehacer pol\u00edtico de este ex alcalde.Ah, cierto\u2026 se habla de que Am\u00e9rico busca [&hellip;]","og_url":"https:\/\/lospoliticosveracruz.com\/?p=69222","og_site_name":"Los pol\u00edticos Veracruz","article_publisher":"https:\/\/www.facebook.com\/people\/Notimemes-de-los-Polticos\/61565672886568\/","article_published_time":"2021-03-10T04:40:43+00:00","article_modified_time":"2021-03-10T04:40:48+00:00","og_image":[{"width":200,"height":200,"url":"https:\/\/lospoliticosveracruz.com\/wp-content\/uploads\/2016\/07\/Logo-Dor.jpg","type":"image\/jpeg"}],"author":"Lo viste en Los Pol\u00edticos","twitter_card":"summary_large_image","twitter_creator":"@LosPoliticosVer","twitter_site":"@LosPoliticosVer","twitter_misc":{"Escrito por":"Lo viste en Los Pol\u00edticos","Tiempo de lectura":"3 minutos"},"schema":{"@context":"https:\/\/schema.org","@graph":[{"@type":"Article","@id":"https:\/\/lospoliticosveracruz.com\/?p=69222#article","isPartOf":{"@id":"https:\/\/lospoliticosveracruz.com\/?p=69222"},"author":{"name":"Lo viste en Los Pol\u00edticos","@id":"https:\/\/lospoliticosveracruz.com\/#\/schema\/person\/b8702bb0e538456e6efd07080bf2a4a2"},"headline":"La propuesta azul de Am\u00e9rico","datePublished":"2021-03-10T04:40:43+00:00","dateModified":"2021-03-10T04:40:48+00:00","mainEntityOfPage":{"@id":"https:\/\/lospoliticosveracruz.com\/?p=69222"},"wordCount":612,"commentCount":0,"publisher":{"@id":"https:\/\/lospoliticosveracruz.com\/#organization"},"keywords":["Agust\u00edn Basilio de la Vega","alianza","Am\u00e9rico Z\u00fa\u00f1iga Mart\u00ednez","PRI","Salvador Mu\u00f1oz","Xalapa"],"articleSection":["De Opini\u00f3n"],"inLanguage":"es","potentialAction":[{"@type":"CommentAction","name":"Comment","target":["https:\/\/lospoliticosveracruz.com\/?p=69222#respond"]}]},{"@type":"WebPage","@id":"https:\/\/lospoliticosveracruz.com\/?p=69222","url":"https:\/\/lospoliticosveracruz.com\/?p=69222","name":"La propuesta azul de Am\u00e9rico - Los pol\u00edticos Veracruz","isPartOf":{"@id":"https:\/\/lospoliticosveracruz.com\/#website"},"datePublished":"2021-03-10T04:40:43+00:00","dateModified":"2021-03-10T04:40:48+00:00","breadcrumb":{"@id":"https:\/\/lospoliticosveracruz.com\/?p=69222#breadcrumb"},"inLanguage":"es","potentialAction":[{"@type":"ReadAction","target":["https:\/\/lospoliticosveracruz.com\/?p=69222"]}]},{"@type":"BreadcrumbList","@id":"https:\/\/lospoliticosveracruz.com\/?p=69222#breadcrumb","itemListElement":[{"@type":"ListItem","position":1,"name":"Portada","item":"https:\/\/lospoliticosveracruz.com\/"},{"@type":"ListItem","position":2,"name":"La propuesta azul de Am\u00e9rico"}]},{"@type":"WebSite","@id":"https:\/\/lospoliticosveracruz.com\/#website","url":"https:\/\/lospoliticosveracruz.com\/","name":"Los pol\u00edticos Veracruz","description":"","publisher":{"@id":"https:\/\/lospoliticosveracruz.com\/#organization"},"potentialAction":[{"@type":"SearchAction","target":{"@type":"EntryPoint","urlTemplate":"https:\/\/lospoliticosveracruz.com\/?s={search_term_string}"},"query-input":{"@type":"PropertyValueSpecification","valueRequired":true,"valueName":"search_term_string"}}],"inLanguage":"es"},{"@type":"Organization","@id":"https:\/\/lospoliticosveracruz.com\/#organization","name":"Los pol\u00edticos Veracruz","url":"https:\/\/lospoliticosveracruz.com\/","logo":{"@type":"ImageObject","inLanguage":"es","@id":"https:\/\/lospoliticosveracruz.com\/#\/schema\/logo\/image\/","url":"https:\/\/lospoliticosveracruz.com\/wp-content\/uploads\/2025\/12\/Logo-Nuevo-LOS-POLITICOS-1.jpg","contentUrl":"https:\/\/lospoliticosveracruz.com\/wp-content\/uploads\/2025\/12\/Logo-Nuevo-LOS-POLITICOS-1.jpg","width":260,"height":70,"caption":"Los pol\u00edticos Veracruz"},"image":{"@id":"https:\/\/lospoliticosveracruz.com\/#\/schema\/logo\/image\/"},"sameAs":["https:\/\/www.facebook.com\/people\/Notimemes-de-los-Polticos\/61565672886568\/","https:\/\/x.com\/LosPoliticosVer"]},{"@type":"Person","@id":"https:\/\/lospoliticosveracruz.com\/#\/schema\/person\/b8702bb0e538456e6efd07080bf2a4a2","name":"Lo viste en Los Pol\u00edticos","image":{"@type":"ImageObject","inLanguage":"es","@id":"https:\/\/secure.gravatar.com\/avatar\/3a8de04a2656d44082be478bd6c086daa447c4651605818287b9532d3d0bd435?s=96&d=mm&r=g","url":"https:\/\/secure.gravatar.com\/avatar\/3a8de04a2656d44082be478bd6c086daa447c4651605818287b9532d3d0bd435?s=96&d=mm&r=g","contentUrl":"https:\/\/secure.gravatar.com\/avatar\/3a8de04a2656d44082be478bd6c086daa447c4651605818287b9532d3d0bd435?s=96&d=mm&r=g","caption":"Lo viste en Los Pol\u00edticos"},"url":"https:\/\/lospoliticosveracruz.com\/?author=2"}]}},"_links":{"self":[{"href":"https:\/\/lospoliticosveracruz.com\/index.php?rest_route=\/wp\/v2\/posts\/69222","targetHints":{"allow":["GET"]}}],"collection":[{"href":"https:\/\/lospoliticosveracruz.com\/index.php?rest_route=\/wp\/v2\/posts"}],"about":[{"href":"https:\/\/lospoliticosveracruz.com\/index.php?rest_route=\/wp\/v2\/types\/post"}],"author":[{"embeddable":true,"href":"https:\/\/lospoliticosveracruz.com\/index.php?rest_route=\/wp\/v2\/users\/2"}],"replies":[{"embeddable":true,"href":"https:\/\/lospoliticosveracruz.com\/index.php?rest_route=%2Fwp%2Fv2%2Fcomments&post=69222"}],"version-history":[{"count":1,"href":"https:\/\/lospoliticosveracruz.com\/index.php?rest_route=\/wp\/v2\/posts\/69222\/revisions"}],"predecessor-version":[{"id":69225,"href":"https:\/\/lospoliticosveracruz.com\/index.php?rest_route=\/wp\/v2\/posts\/69222\/revisions\/69225"}],"wp:attachment":[{"href":"https:\/\/lospoliticosveracruz.com\/index.php?rest_route=%2Fwp%2Fv2%2Fmedia&parent=69222"}],"wp:term":[{"taxonomy":"category","embeddable":true,"href":"https:\/\/lospoliticosveracruz.com\/index.php?rest_route=%2Fwp%2Fv2%2Fcategories&post=69222"},{"taxonomy":"post_tag","embeddable":true,"href":"https:\/\/lospoliticosveracruz.com\/index.php?rest_route=%2Fwp%2Fv2%2Ftags&post=69222"}],"curies":[{"name":"wp","href":"https:\/\/api.w.org\/{rel}","templated":true}]}}