{"id":69236,"date":"2021-03-10T08:24:49","date_gmt":"2021-03-10T14:24:49","guid":{"rendered":"http:\/\/www.lospoliticosveracruz.com.mx\/?p=69236"},"modified":"2021-03-10T08:24:58","modified_gmt":"2021-03-10T14:24:58","slug":"el-colmillo-de-mota","status":"publish","type":"post","link":"https:\/\/lospoliticosveracruz.com\/?p=69236","title":{"rendered":"El colmillo de Mota"},"content":{"rendered":"\n<p><strong>Ricardo Ch\u00faa<\/strong><br><em>Sale y Vale<\/em><\/p>\n\n\n\n<p>EXCLUSIVA\u2026 Rumores van y rumores vienen\u2026 M\u00e1s en tiempos electorales\u2026 Y hay fuertes versiones al interior del PRI estatal\u2026 De que as\u00ed como paso de \u00faltimo momento para dar a conocer, que la que presuntamente, ocupar\u00e1 la candidatura a diputado local por esta alianza entre PRI-PAN-PRD en el distrito 14 de Veracruz puerto era la regidora priista, Victoria Rebolledo\u2026 Ya tambi\u00e9n se \u00abfiltr\u00f3\u00bb que \u00abEl T\u00edo\u00bb Hector Yunes\u2026 Le dieron la diputaci\u00f3n local plurinominal por el PRI dentro de esta alianza\u2026 ZUCUTUM\u2026<br>S\u00f3lo hay que ver en qu\u00e9 sitio ir\u00eda colocado El T\u00edo H\u00e9ctor.. . En esta lista \u00abpluri\u00bb del PRI para saber si entra o no como diputado local, ya que de estar en los primeros 5 sitios de esta lista \u00abpluri\u00bb del PRI, entrar\u00e1n sin problema alguno.. Por lo pronto, se puede anunciar, salvo cambios de \u00faltima hora\u2026 Que el T\u00edo H\u00e9ctor va de nuevo por una diputaci\u00f3n local plurinominal en el Congreso del Estado\u2026 Ya dej\u00f3 el Congreso Federal ahora para venir a radicar a Xalapa\u2026 Siempre y cuando entre en los primeros lugares\u2026 TAN\u2026 TAN\u2026<\/p>\n\n\n\n<p>LA ESTRATEGIA DE MOTA\u2026 Nos cuenta el \u00abGarganta Profunda Aliancista\u00bb, que tal como se hab\u00eda comentado en espacios pasados, de que se ha visto al candidato de la alianza PRI-PAN-PRD, por el distrito de Xalapa Rural, Adolfo Mota Hern\u00e1ndez, sentado en varias ocasiones en conocidos restaurantes del bulevar de Boca del R\u00edo. con el alcalde de Veracruz,, Fernando Yunes M\u00e1rquez, cenando con \u00e9l, todo tiene un motivo: UN PACTO\u2026<br>Ese PACTO se basar\u00eda en que Fernando Yunes, como alcalde panista, apele a sus hom\u00f3logos del mismo partido en el distrito que encabeza Mota\u2026 Donde de los 23 municipios que abarca esa demarcaci\u00f3n conocida como Xalapa Rural\u2026 Al menos, 16 municipios est\u00e1n gobernados por el PAN y en los 7 ayuntamientos restantes, el panismo en la elecci\u00f3n municipal pasada del 2017, qued\u00f3 como segunda fuerza\u2026 As\u00ed que el triunfo o derrota de Mota ser\u00e1 en gran medida gracias al PAN.. Para bien o para mal\u2026<br>Motivo por el cual, no hay por qu\u00e9 buscarle mucho al tema de las reuniones que sostiene Mota con Fernando Yunes en la conurbaci\u00f3n de Veracruz y Boca del R\u00edo\u2026 El ex funcionario duartista se est\u00e1 sentando con el alcalde porte\u00f1o, para PACTAR que el PAN en ese distrito lo apoye con todo y pueda ganar la elecci\u00f3n federal\u2026 A poco creen que esas reuniones, se deben a que platican mucho de las plantaciones de caf\u00e9 que hay en Coatepec\u2026 REAL POLITIK\u2026<br>Ya se tiene la certeza de que Mota necesita de los Yunes Azules para ganarla demarcaci\u00f3n de Xalapa Rural\u2026 S\u00f3lo y sin ellos, simplemente, no le dan al ex dirigente estatal del PRI\u2026 Necesita que el partido azul, lo apoye.. Hay que recordar que la mayor\u00eda de esos alcaldes panistas del distrito que busca ganar Adolfo Mota, fueron impulsados en 2017 por el grupo de Los Yunes Azules\u2026 V\u00eda Pepe Mancha cuando era el dirigente estatal del PAN\u2026 Cuando PapaYunes estaba en la PLENITUD DEL PODER en Veracruz\u2026 ERA EL GOBERNADOR\u2026<br>Por eso, la gran influencia de Fernando Yunes sobre sus hom\u00f3logos, pues, puede pesar para bien del priista\u2026 Pero qui\u00e9n lo viera, tan serio y correcto que se ve\u2026 Mota Hern\u00e1ndez est\u00e1 resultando m\u00e1s visionario que Jorge Carvallo y \u00abEl Cisne\u00bb Silva\u2026 El problema es que gane el distrito.. Pero ya no cabe duda, Brito y Flavino le ense\u00f1aron a negociar a la buena\u2026 Pero Mota le aprendi\u00f3 m\u00e1s a Fidel Kuri, de negociar a la \u00abmala\u00bb\u2026 Habr\u00e1 convencido a los \u00abYunes Azules\u00bb\u2026 AMEN\u2026<\/p>\n\n\n\n<p>DEANTES Y ZEPETA\u2026 En los pasillos del Palacio de Gobierno en Xalapa comentan que el principal \u00abdefensor\u00bb del ex funcionario duartista, Gabriel Deantes, presuntamente acusado de desviar millonarios recursos federales en ese sexenio\u2026 Es el delegado de MORENA en Veracruz, Esteban Ram\u00edrez Zepata\u2026 Ya que, al parecer, en tiempos electorales y de denuncias en tribunales por las elecciones locales en la entidad\u2026 La \u00abexperiencia\u00bb de Deantes, le ser\u00e1 necesaria al \u00abl\u00edder\u00bb de los Morenos\u2026<br>As\u00ed que posiblemente esta orden de captura contra Deantes vaya \u00abal archivo muerto\u00bb\u2026 A POCO CREEN QUE NO\u2026 Adem\u00e1s los partidos pol\u00edticos y sus dirigentes estatales saben de la val\u00eda de Deantes en tiempos de elecciones y m\u00e1s cuando ser\u00e1n muy disputadas como suceder\u00e1 en Veracruz.. Ram\u00edrez Zepeta est\u00e1 consciente de eso y seguramente desde MORENA lo van a proteger de la justicia federal\u2026 Seguro no faltar\u00e1 quien opere el tema ante la Fiscal\u00eda General de la Rep\u00fablica\u2026<br>Adem\u00e1s es de todos sabido de la influencia que tiene ese personaje ante el Tribunal Electoral de Veracruz (TEV)\u2026 As\u00ed que no se van a arriesgar a \u00abperder\u00bb a \u00abgallito tan fino\u00bb\u2026As\u00ed que seguramente en muchos de los 30 distritos y de los 212 municipios en donde habr\u00e1 elecciones en Veracruz\u2026 Sus procesos electorales se van a judicializar, por los resultados que se presenten el 6 de junio\u2026 Esteban Ram\u00edrez Zepeta necesitar\u00e1 de la probada \u00abexperiencia\u00bb de un personaje como Deantes\u2026 Eso ni dudarlo..<br>De esta manera, Zepeta podr\u00eda \u00abIMPEDIR\u00bb que se le moleste con temas de citatorios judiciales, en este momento, por parte de la FGR a Gabriel Deantes cuando en Veracruz, este personajes es el que PRESUNTAMENTE que cuidar el control de un Congreso Local y de ganar una gran cantidad de ayuntamientos\u2026 En resumen\u2026 A Deantes NO VA A PASARLE NADA\u2026 Algo cotidiano en la 4T con sus aliados aunque sean IMPRESENTABLES ante la sociedad\u2026 AMEN\u2026<\/p>\n","protected":false},"excerpt":{"rendered":"<p>Ricardo Ch\u00faaSale y Vale EXCLUSIVA\u2026 Rumores van y rumores vienen\u2026 M\u00e1s en tiempos electorales\u2026 Y hay fuertes versiones al interior del PRI estatal\u2026 De que as\u00ed como paso de \u00faltimo momento para dar a conocer, que la que presuntamente, ocupar\u00e1 la candidatura a diputado local por esta alianza entre PRI-PAN-PRD en el distrito 14 de [&hellip;]<\/p>\n","protected":false},"author":2,"featured_media":0,"comment_status":"open","ping_status":"open","sticky":false,"template":"","format":"standard","meta":{"tdm_status":"","tdm_grid_status":"","footnotes":""},"categories":[70],"tags":[26656,818,258,1884,26654,1065,26575,13604,6753],"class_list":{"0":"post-69236","1":"post","2":"type-post","3":"status-publish","4":"format-standard","6":"category-de-opinion","7":"tag-esteban-ramirez-zepata","8":"tag-fernando-yunes-marquez","9":"tag-fidel-kuri","10":"tag-gabriel-deantes","11":"tag-hector-yunes-2","12":"tag-pepe-mancha","13":"tag-pri-pan-prd-2","14":"tag-ricardo-chua","15":"tag-tribunal-electoral-de-veracruz"},"yoast_head":"<!-- This site is optimized with the Yoast SEO plugin v27.4 - https:\/\/yoast.com\/product\/yoast-seo-wordpress\/ -->\n<title>El colmillo de Mota - Los pol\u00edticos Veracruz<\/title>\n<meta name=\"robots\" content=\"index, follow, max-snippet:-1, max-image-preview:large, max-video-preview:-1\" \/>\n<link rel=\"canonical\" href=\"https:\/\/lospoliticosveracruz.com\/?p=69236\" \/>\n<meta property=\"og:locale\" content=\"es_ES\" \/>\n<meta property=\"og:type\" content=\"article\" \/>\n<meta property=\"og:title\" content=\"El colmillo de Mota - Los pol\u00edticos Veracruz\" \/>\n<meta property=\"og:description\" content=\"Ricardo Ch\u00faaSale y Vale EXCLUSIVA\u2026 Rumores van y rumores vienen\u2026 M\u00e1s en tiempos electorales\u2026 Y hay fuertes versiones al interior del PRI estatal\u2026 De que as\u00ed como paso de \u00faltimo momento para dar a conocer, que la que presuntamente, ocupar\u00e1 la candidatura a diputado local por esta alianza entre PRI-PAN-PRD en el distrito 14 de [&hellip;]\" \/>\n<meta property=\"og:url\" content=\"https:\/\/lospoliticosveracruz.com\/?p=69236\" \/>\n<meta property=\"og:site_name\" content=\"Los pol\u00edticos Veracruz\" \/>\n<meta property=\"article:publisher\" content=\"https:\/\/www.facebook.com\/people\/Notimemes-de-los-Polticos\/61565672886568\/\" \/>\n<meta property=\"article:published_time\" content=\"2021-03-10T14:24:49+00:00\" \/>\n<meta property=\"article:modified_time\" content=\"2021-03-10T14:24:58+00:00\" \/>\n<meta property=\"og:image\" content=\"https:\/\/lospoliticosveracruz.com\/wp-content\/uploads\/2016\/07\/Logo-Dor.jpg\" \/>\n\t<meta property=\"og:image:width\" content=\"200\" \/>\n\t<meta property=\"og:image:height\" content=\"200\" \/>\n\t<meta property=\"og:image:type\" content=\"image\/jpeg\" \/>\n<meta name=\"author\" content=\"Lo viste en Los Pol\u00edticos\" \/>\n<meta name=\"twitter:card\" content=\"summary_large_image\" \/>\n<meta name=\"twitter:creator\" content=\"@LosPoliticosVer\" \/>\n<meta name=\"twitter:site\" content=\"@LosPoliticosVer\" \/>\n<meta name=\"twitter:label1\" content=\"Escrito por\" \/>\n\t<meta name=\"twitter:data1\" content=\"Lo viste en Los Pol\u00edticos\" \/>\n\t<meta name=\"twitter:label2\" content=\"Tiempo de lectura\" \/>\n\t<meta name=\"twitter:data2\" content=\"5 minutos\" \/>\n<script type=\"application\/ld+json\" class=\"yoast-schema-graph\">{\"@context\":\"https:\\\/\\\/schema.org\",\"@graph\":[{\"@type\":\"Article\",\"@id\":\"https:\\\/\\\/lospoliticosveracruz.com\\\/?p=69236#article\",\"isPartOf\":{\"@id\":\"https:\\\/\\\/lospoliticosveracruz.com\\\/?p=69236\"},\"author\":{\"name\":\"Lo viste en Los Pol\u00edticos\",\"@id\":\"https:\\\/\\\/lospoliticosveracruz.com\\\/#\\\/schema\\\/person\\\/b8702bb0e538456e6efd07080bf2a4a2\"},\"headline\":\"El colmillo de Mota\",\"datePublished\":\"2021-03-10T14:24:49+00:00\",\"dateModified\":\"2021-03-10T14:24:58+00:00\",\"mainEntityOfPage\":{\"@id\":\"https:\\\/\\\/lospoliticosveracruz.com\\\/?p=69236\"},\"wordCount\":949,\"commentCount\":0,\"publisher\":{\"@id\":\"https:\\\/\\\/lospoliticosveracruz.com\\\/#organization\"},\"keywords\":[\"Esteban Ram\u00edrez Zepata\",\"Fernando Yunes M\u00e1rquez\",\"Fidel Kuri\",\"Gabriel Deantes\",\"Hector Yunes\",\"Pepe Mancha\",\"PRI-PAN-PRD\",\"Ricardo Ch\u00faa\",\"Tribunal Electoral de Veracruz\"],\"articleSection\":[\"De Opini\u00f3n\"],\"inLanguage\":\"es\",\"potentialAction\":[{\"@type\":\"CommentAction\",\"name\":\"Comment\",\"target\":[\"https:\\\/\\\/lospoliticosveracruz.com\\\/?p=69236#respond\"]}]},{\"@type\":\"WebPage\",\"@id\":\"https:\\\/\\\/lospoliticosveracruz.com\\\/?p=69236\",\"url\":\"https:\\\/\\\/lospoliticosveracruz.com\\\/?p=69236\",\"name\":\"El colmillo de Mota - Los pol\u00edticos Veracruz\",\"isPartOf\":{\"@id\":\"https:\\\/\\\/lospoliticosveracruz.com\\\/#website\"},\"datePublished\":\"2021-03-10T14:24:49+00:00\",\"dateModified\":\"2021-03-10T14:24:58+00:00\",\"breadcrumb\":{\"@id\":\"https:\\\/\\\/lospoliticosveracruz.com\\\/?p=69236#breadcrumb\"},\"inLanguage\":\"es\",\"potentialAction\":[{\"@type\":\"ReadAction\",\"target\":[\"https:\\\/\\\/lospoliticosveracruz.com\\\/?p=69236\"]}]},{\"@type\":\"BreadcrumbList\",\"@id\":\"https:\\\/\\\/lospoliticosveracruz.com\\\/?p=69236#breadcrumb\",\"itemListElement\":[{\"@type\":\"ListItem\",\"position\":1,\"name\":\"Portada\",\"item\":\"https:\\\/\\\/lospoliticosveracruz.com\\\/\"},{\"@type\":\"ListItem\",\"position\":2,\"name\":\"El colmillo de Mota\"}]},{\"@type\":\"WebSite\",\"@id\":\"https:\\\/\\\/lospoliticosveracruz.com\\\/#website\",\"url\":\"https:\\\/\\\/lospoliticosveracruz.com\\\/\",\"name\":\"Los pol\u00edticos Veracruz\",\"description\":\"\",\"publisher\":{\"@id\":\"https:\\\/\\\/lospoliticosveracruz.com\\\/#organization\"},\"potentialAction\":[{\"@type\":\"SearchAction\",\"target\":{\"@type\":\"EntryPoint\",\"urlTemplate\":\"https:\\\/\\\/lospoliticosveracruz.com\\\/?s={search_term_string}\"},\"query-input\":{\"@type\":\"PropertyValueSpecification\",\"valueRequired\":true,\"valueName\":\"search_term_string\"}}],\"inLanguage\":\"es\"},{\"@type\":\"Organization\",\"@id\":\"https:\\\/\\\/lospoliticosveracruz.com\\\/#organization\",\"name\":\"Los pol\u00edticos Veracruz\",\"url\":\"https:\\\/\\\/lospoliticosveracruz.com\\\/\",\"logo\":{\"@type\":\"ImageObject\",\"inLanguage\":\"es\",\"@id\":\"https:\\\/\\\/lospoliticosveracruz.com\\\/#\\\/schema\\\/logo\\\/image\\\/\",\"url\":\"https:\\\/\\\/lospoliticosveracruz.com\\\/wp-content\\\/uploads\\\/2025\\\/12\\\/Logo-Nuevo-LOS-POLITICOS-1.jpg\",\"contentUrl\":\"https:\\\/\\\/lospoliticosveracruz.com\\\/wp-content\\\/uploads\\\/2025\\\/12\\\/Logo-Nuevo-LOS-POLITICOS-1.jpg\",\"width\":260,\"height\":70,\"caption\":\"Los pol\u00edticos Veracruz\"},\"image\":{\"@id\":\"https:\\\/\\\/lospoliticosveracruz.com\\\/#\\\/schema\\\/logo\\\/image\\\/\"},\"sameAs\":[\"https:\\\/\\\/www.facebook.com\\\/people\\\/Notimemes-de-los-Polticos\\\/61565672886568\\\/\",\"https:\\\/\\\/x.com\\\/LosPoliticosVer\"]},{\"@type\":\"Person\",\"@id\":\"https:\\\/\\\/lospoliticosveracruz.com\\\/#\\\/schema\\\/person\\\/b8702bb0e538456e6efd07080bf2a4a2\",\"name\":\"Lo viste en Los Pol\u00edticos\",\"image\":{\"@type\":\"ImageObject\",\"inLanguage\":\"es\",\"@id\":\"https:\\\/\\\/secure.gravatar.com\\\/avatar\\\/3a8de04a2656d44082be478bd6c086daa447c4651605818287b9532d3d0bd435?s=96&d=mm&r=g\",\"url\":\"https:\\\/\\\/secure.gravatar.com\\\/avatar\\\/3a8de04a2656d44082be478bd6c086daa447c4651605818287b9532d3d0bd435?s=96&d=mm&r=g\",\"contentUrl\":\"https:\\\/\\\/secure.gravatar.com\\\/avatar\\\/3a8de04a2656d44082be478bd6c086daa447c4651605818287b9532d3d0bd435?s=96&d=mm&r=g\",\"caption\":\"Lo viste en Los Pol\u00edticos\"},\"url\":\"https:\\\/\\\/lospoliticosveracruz.com\\\/?author=2\"}]}<\/script>\n<!-- \/ Yoast SEO plugin. -->","yoast_head_json":{"title":"El colmillo de Mota - Los pol\u00edticos Veracruz","robots":{"index":"index","follow":"follow","max-snippet":"max-snippet:-1","max-image-preview":"max-image-preview:large","max-video-preview":"max-video-preview:-1"},"canonical":"https:\/\/lospoliticosveracruz.com\/?p=69236","og_locale":"es_ES","og_type":"article","og_title":"El colmillo de Mota - Los pol\u00edticos Veracruz","og_description":"Ricardo Ch\u00faaSale y Vale EXCLUSIVA\u2026 Rumores van y rumores vienen\u2026 M\u00e1s en tiempos electorales\u2026 Y hay fuertes versiones al interior del PRI estatal\u2026 De que as\u00ed como paso de \u00faltimo momento para dar a conocer, que la que presuntamente, ocupar\u00e1 la candidatura a diputado local por esta alianza entre PRI-PAN-PRD en el distrito 14 de [&hellip;]","og_url":"https:\/\/lospoliticosveracruz.com\/?p=69236","og_site_name":"Los pol\u00edticos Veracruz","article_publisher":"https:\/\/www.facebook.com\/people\/Notimemes-de-los-Polticos\/61565672886568\/","article_published_time":"2021-03-10T14:24:49+00:00","article_modified_time":"2021-03-10T14:24:58+00:00","og_image":[{"width":200,"height":200,"url":"https:\/\/lospoliticosveracruz.com\/wp-content\/uploads\/2016\/07\/Logo-Dor.jpg","type":"image\/jpeg"}],"author":"Lo viste en Los Pol\u00edticos","twitter_card":"summary_large_image","twitter_creator":"@LosPoliticosVer","twitter_site":"@LosPoliticosVer","twitter_misc":{"Escrito por":"Lo viste en Los Pol\u00edticos","Tiempo de lectura":"5 minutos"},"schema":{"@context":"https:\/\/schema.org","@graph":[{"@type":"Article","@id":"https:\/\/lospoliticosveracruz.com\/?p=69236#article","isPartOf":{"@id":"https:\/\/lospoliticosveracruz.com\/?p=69236"},"author":{"name":"Lo viste en Los Pol\u00edticos","@id":"https:\/\/lospoliticosveracruz.com\/#\/schema\/person\/b8702bb0e538456e6efd07080bf2a4a2"},"headline":"El colmillo de Mota","datePublished":"2021-03-10T14:24:49+00:00","dateModified":"2021-03-10T14:24:58+00:00","mainEntityOfPage":{"@id":"https:\/\/lospoliticosveracruz.com\/?p=69236"},"wordCount":949,"commentCount":0,"publisher":{"@id":"https:\/\/lospoliticosveracruz.com\/#organization"},"keywords":["Esteban Ram\u00edrez Zepata","Fernando Yunes M\u00e1rquez","Fidel Kuri","Gabriel Deantes","Hector Yunes","Pepe Mancha","PRI-PAN-PRD","Ricardo Ch\u00faa","Tribunal Electoral de Veracruz"],"articleSection":["De Opini\u00f3n"],"inLanguage":"es","potentialAction":[{"@type":"CommentAction","name":"Comment","target":["https:\/\/lospoliticosveracruz.com\/?p=69236#respond"]}]},{"@type":"WebPage","@id":"https:\/\/lospoliticosveracruz.com\/?p=69236","url":"https:\/\/lospoliticosveracruz.com\/?p=69236","name":"El colmillo de Mota - Los pol\u00edticos Veracruz","isPartOf":{"@id":"https:\/\/lospoliticosveracruz.com\/#website"},"datePublished":"2021-03-10T14:24:49+00:00","dateModified":"2021-03-10T14:24:58+00:00","breadcrumb":{"@id":"https:\/\/lospoliticosveracruz.com\/?p=69236#breadcrumb"},"inLanguage":"es","potentialAction":[{"@type":"ReadAction","target":["https:\/\/lospoliticosveracruz.com\/?p=69236"]}]},{"@type":"BreadcrumbList","@id":"https:\/\/lospoliticosveracruz.com\/?p=69236#breadcrumb","itemListElement":[{"@type":"ListItem","position":1,"name":"Portada","item":"https:\/\/lospoliticosveracruz.com\/"},{"@type":"ListItem","position":2,"name":"El colmillo de Mota"}]},{"@type":"WebSite","@id":"https:\/\/lospoliticosveracruz.com\/#website","url":"https:\/\/lospoliticosveracruz.com\/","name":"Los pol\u00edticos Veracruz","description":"","publisher":{"@id":"https:\/\/lospoliticosveracruz.com\/#organization"},"potentialAction":[{"@type":"SearchAction","target":{"@type":"EntryPoint","urlTemplate":"https:\/\/lospoliticosveracruz.com\/?s={search_term_string}"},"query-input":{"@type":"PropertyValueSpecification","valueRequired":true,"valueName":"search_term_string"}}],"inLanguage":"es"},{"@type":"Organization","@id":"https:\/\/lospoliticosveracruz.com\/#organization","name":"Los pol\u00edticos Veracruz","url":"https:\/\/lospoliticosveracruz.com\/","logo":{"@type":"ImageObject","inLanguage":"es","@id":"https:\/\/lospoliticosveracruz.com\/#\/schema\/logo\/image\/","url":"https:\/\/lospoliticosveracruz.com\/wp-content\/uploads\/2025\/12\/Logo-Nuevo-LOS-POLITICOS-1.jpg","contentUrl":"https:\/\/lospoliticosveracruz.com\/wp-content\/uploads\/2025\/12\/Logo-Nuevo-LOS-POLITICOS-1.jpg","width":260,"height":70,"caption":"Los pol\u00edticos Veracruz"},"image":{"@id":"https:\/\/lospoliticosveracruz.com\/#\/schema\/logo\/image\/"},"sameAs":["https:\/\/www.facebook.com\/people\/Notimemes-de-los-Polticos\/61565672886568\/","https:\/\/x.com\/LosPoliticosVer"]},{"@type":"Person","@id":"https:\/\/lospoliticosveracruz.com\/#\/schema\/person\/b8702bb0e538456e6efd07080bf2a4a2","name":"Lo viste en Los Pol\u00edticos","image":{"@type":"ImageObject","inLanguage":"es","@id":"https:\/\/secure.gravatar.com\/avatar\/3a8de04a2656d44082be478bd6c086daa447c4651605818287b9532d3d0bd435?s=96&d=mm&r=g","url":"https:\/\/secure.gravatar.com\/avatar\/3a8de04a2656d44082be478bd6c086daa447c4651605818287b9532d3d0bd435?s=96&d=mm&r=g","contentUrl":"https:\/\/secure.gravatar.com\/avatar\/3a8de04a2656d44082be478bd6c086daa447c4651605818287b9532d3d0bd435?s=96&d=mm&r=g","caption":"Lo viste en Los Pol\u00edticos"},"url":"https:\/\/lospoliticosveracruz.com\/?author=2"}]}},"_links":{"self":[{"href":"https:\/\/lospoliticosveracruz.com\/index.php?rest_route=\/wp\/v2\/posts\/69236","targetHints":{"allow":["GET"]}}],"collection":[{"href":"https:\/\/lospoliticosveracruz.com\/index.php?rest_route=\/wp\/v2\/posts"}],"about":[{"href":"https:\/\/lospoliticosveracruz.com\/index.php?rest_route=\/wp\/v2\/types\/post"}],"author":[{"embeddable":true,"href":"https:\/\/lospoliticosveracruz.com\/index.php?rest_route=\/wp\/v2\/users\/2"}],"replies":[{"embeddable":true,"href":"https:\/\/lospoliticosveracruz.com\/index.php?rest_route=%2Fwp%2Fv2%2Fcomments&post=69236"}],"version-history":[{"count":1,"href":"https:\/\/lospoliticosveracruz.com\/index.php?rest_route=\/wp\/v2\/posts\/69236\/revisions"}],"predecessor-version":[{"id":69237,"href":"https:\/\/lospoliticosveracruz.com\/index.php?rest_route=\/wp\/v2\/posts\/69236\/revisions\/69237"}],"wp:attachment":[{"href":"https:\/\/lospoliticosveracruz.com\/index.php?rest_route=%2Fwp%2Fv2%2Fmedia&parent=69236"}],"wp:term":[{"taxonomy":"category","embeddable":true,"href":"https:\/\/lospoliticosveracruz.com\/index.php?rest_route=%2Fwp%2Fv2%2Fcategories&post=69236"},{"taxonomy":"post_tag","embeddable":true,"href":"https:\/\/lospoliticosveracruz.com\/index.php?rest_route=%2Fwp%2Fv2%2Ftags&post=69236"}],"curies":[{"name":"wp","href":"https:\/\/api.w.org\/{rel}","templated":true}]}}