{"id":69246,"date":"2021-03-10T12:43:36","date_gmt":"2021-03-10T18:43:36","guid":{"rendered":"http:\/\/www.lospoliticosveracruz.com.mx\/?p=69246"},"modified":"2021-03-10T12:45:25","modified_gmt":"2021-03-10T18:45:25","slug":"sin-seguridad-no-hay-bienestar-ni-crecimiento-economico","status":"publish","type":"post","link":"https:\/\/lospoliticosveracruz.com\/?p=69246","title":{"rendered":"Sin seguridad no hay bienestar, ni crecimiento econ\u00f3mico"},"content":{"rendered":"\n<p><strong>Xalapa<\/strong><br>Profundizar\u00e1 en las experiencias de \u00e9xito compartidas por Aguascalientes, Benito Ju\u00e1rez, M\u00e9rida, Quer\u00e9taro y San Nicol\u00e1s de los Garza<\/p>\n\n\n\n<p>El diputado Sergio Hern\u00e1ndez coment\u00f3 que, a trav\u00e9s de sus redes sociales oficiales, presentar\u00e1 del 11 al 26 de marzo entrevistas con los secretarios de Seguridad P\u00fablica Municipal de las ciudades arriba mencionadas, directamente desde sus instalaciones, con el fin de dar seguimiento y mayor detalle a los casos expuestos en la primera edici\u00f3n.<br>El estreno de esta serie de videos, infograf\u00edas y otros materiales, inicia este jueves 11 de marzo a las 5 de la tarde, con un episodio dedicado a la alcald\u00eda Benito Ju\u00e1rez en la Ciudad de M\u00e9xico.<br>En este recorrido, Sergio Hern\u00e1ndez constat\u00f3 que esta administraci\u00f3n panista ha tenido logros significativos en materia de seguridad y esto se debe a lo implementado por sus autoridades; entre los que destacan el incremento de polic\u00edas, de 70 a 300, as\u00ed como la adquisici\u00f3n de 66 unidades de proximidad y la dignificaci\u00f3n salarial de los elementos polic\u00edacos.<br>Asimismo, han ocupado los recursos p\u00fablicos en la adquisici\u00f3n e instalaci\u00f3n de c\u00e1maras y arcos carreteros, con lo que se puede detectar en tiempo real cualquier delito y as\u00ed actuar de inmediato, aunado a que todas las patrullas cuentan con un tel\u00e9fono asignado para atender oportunamente las emergencias.<br>Todo esto es parte de la estrategia #BlindarBJ, que tiene por objetivo combatir los delitos desde su ra\u00edz, a trav\u00e9s de las diversas \u00e1reas de gobierno, procurando la participaci\u00f3n ciudadana en el uso y aplicaci\u00f3n de tecnolog\u00eda, informaci\u00f3n e inteligencia.&nbsp;<br>La alcald\u00eda Benito Ju\u00e1rez ocupa el primer lugar en el \u00edndice de desarrollo humano de acuerdo con la ONU, esto significa,una esperanza alta de vida, un promedio alto de escolaridad y de ingreso, en el que la seguridad es pieza clave para el bienestar de su poblaci\u00f3n.<br>\u201cEn estos 15 d\u00edas mostraremos casos de \u00e9xito,que estoy seguro pueden ser replicados por los municipios veracruzanos, porque no existe un solo caso en el pa\u00eds, donde s\u00ed hay inseguridad, adem\u00e1s exista desarrollo econ\u00f3mico y calidad de vida, por eso es un tema que tenemos que abordar con urgencia\u201d concluy\u00f3 Hern\u00e1ndez Hern\u00e1ndez.<\/p>\n","protected":false},"excerpt":{"rendered":"<p>XalapaProfundizar\u00e1 en las experiencias de \u00e9xito compartidas por Aguascalientes, Benito Ju\u00e1rez, M\u00e9rida, Quer\u00e9taro y San Nicol\u00e1s de los Garza El diputado Sergio Hern\u00e1ndez coment\u00f3 que, a trav\u00e9s de sus redes sociales oficiales, presentar\u00e1 del 11 al 26 de marzo entrevistas con los secretarios de Seguridad P\u00fablica Municipal de las ciudades arriba mencionadas, directamente desde sus [&hellip;]<\/p>\n","protected":false},"author":2,"featured_media":0,"comment_status":"open","ping_status":"open","sticky":false,"template":"","format":"standard","meta":{"tdm_status":"","tdm_grid_status":"","footnotes":""},"categories":[73],"tags":[266,6142],"class_list":{"0":"post-69246","1":"post","2":"type-post","3":"status-publish","4":"format-standard","6":"category-de-boleto","7":"tag-pan","8":"tag-sergio-hernandez"},"yoast_head":"<!-- This site is optimized with the Yoast SEO plugin v27.4 - https:\/\/yoast.com\/product\/yoast-seo-wordpress\/ -->\n<title>Sin seguridad no hay bienestar, ni crecimiento econ\u00f3mico - Los pol\u00edticos Veracruz<\/title>\n<meta name=\"robots\" content=\"index, follow, max-snippet:-1, max-image-preview:large, max-video-preview:-1\" \/>\n<link rel=\"canonical\" href=\"https:\/\/lospoliticosveracruz.com\/?p=69246\" \/>\n<meta property=\"og:locale\" content=\"es_ES\" \/>\n<meta property=\"og:type\" content=\"article\" \/>\n<meta property=\"og:title\" content=\"Sin seguridad no hay bienestar, ni crecimiento econ\u00f3mico - Los pol\u00edticos Veracruz\" \/>\n<meta property=\"og:description\" content=\"XalapaProfundizar\u00e1 en las experiencias de \u00e9xito compartidas por Aguascalientes, Benito Ju\u00e1rez, M\u00e9rida, Quer\u00e9taro y San Nicol\u00e1s de los Garza El diputado Sergio Hern\u00e1ndez coment\u00f3 que, a trav\u00e9s de sus redes sociales oficiales, presentar\u00e1 del 11 al 26 de marzo entrevistas con los secretarios de Seguridad P\u00fablica Municipal de las ciudades arriba mencionadas, directamente desde sus [&hellip;]\" \/>\n<meta property=\"og:url\" content=\"https:\/\/lospoliticosveracruz.com\/?p=69246\" \/>\n<meta property=\"og:site_name\" content=\"Los pol\u00edticos Veracruz\" \/>\n<meta property=\"article:publisher\" content=\"https:\/\/www.facebook.com\/people\/Notimemes-de-los-Polticos\/61565672886568\/\" \/>\n<meta property=\"article:published_time\" content=\"2021-03-10T18:43:36+00:00\" \/>\n<meta property=\"article:modified_time\" content=\"2021-03-10T18:45:25+00:00\" \/>\n<meta property=\"og:image\" content=\"https:\/\/lospoliticosveracruz.com\/wp-content\/uploads\/2016\/07\/Logo-Dor.jpg\" \/>\n\t<meta property=\"og:image:width\" content=\"200\" \/>\n\t<meta property=\"og:image:height\" content=\"200\" \/>\n\t<meta property=\"og:image:type\" content=\"image\/jpeg\" \/>\n<meta name=\"author\" content=\"Lo viste en Los Pol\u00edticos\" \/>\n<meta name=\"twitter:card\" content=\"summary_large_image\" \/>\n<meta name=\"twitter:creator\" content=\"@LosPoliticosVer\" \/>\n<meta name=\"twitter:site\" content=\"@LosPoliticosVer\" \/>\n<meta name=\"twitter:label1\" content=\"Escrito por\" \/>\n\t<meta name=\"twitter:data1\" content=\"Lo viste en Los Pol\u00edticos\" \/>\n\t<meta name=\"twitter:label2\" content=\"Tiempo de lectura\" \/>\n\t<meta name=\"twitter:data2\" content=\"2 minutos\" \/>\n<script type=\"application\/ld+json\" class=\"yoast-schema-graph\">{\"@context\":\"https:\\\/\\\/schema.org\",\"@graph\":[{\"@type\":\"Article\",\"@id\":\"https:\\\/\\\/lospoliticosveracruz.com\\\/?p=69246#article\",\"isPartOf\":{\"@id\":\"https:\\\/\\\/lospoliticosveracruz.com\\\/?p=69246\"},\"author\":{\"name\":\"Lo viste en Los Pol\u00edticos\",\"@id\":\"https:\\\/\\\/lospoliticosveracruz.com\\\/#\\\/schema\\\/person\\\/b8702bb0e538456e6efd07080bf2a4a2\"},\"headline\":\"Sin seguridad no hay bienestar, ni crecimiento econ\u00f3mico\",\"datePublished\":\"2021-03-10T18:43:36+00:00\",\"dateModified\":\"2021-03-10T18:45:25+00:00\",\"mainEntityOfPage\":{\"@id\":\"https:\\\/\\\/lospoliticosveracruz.com\\\/?p=69246\"},\"wordCount\":397,\"commentCount\":0,\"publisher\":{\"@id\":\"https:\\\/\\\/lospoliticosveracruz.com\\\/#organization\"},\"keywords\":[\"PAN\",\"Sergio Hern\u00e1ndez\"],\"articleSection\":[\"De Boleto\"],\"inLanguage\":\"es\",\"potentialAction\":[{\"@type\":\"CommentAction\",\"name\":\"Comment\",\"target\":[\"https:\\\/\\\/lospoliticosveracruz.com\\\/?p=69246#respond\"]}]},{\"@type\":\"WebPage\",\"@id\":\"https:\\\/\\\/lospoliticosveracruz.com\\\/?p=69246\",\"url\":\"https:\\\/\\\/lospoliticosveracruz.com\\\/?p=69246\",\"name\":\"Sin seguridad no hay bienestar, ni crecimiento econ\u00f3mico - Los pol\u00edticos Veracruz\",\"isPartOf\":{\"@id\":\"https:\\\/\\\/lospoliticosveracruz.com\\\/#website\"},\"datePublished\":\"2021-03-10T18:43:36+00:00\",\"dateModified\":\"2021-03-10T18:45:25+00:00\",\"breadcrumb\":{\"@id\":\"https:\\\/\\\/lospoliticosveracruz.com\\\/?p=69246#breadcrumb\"},\"inLanguage\":\"es\",\"potentialAction\":[{\"@type\":\"ReadAction\",\"target\":[\"https:\\\/\\\/lospoliticosveracruz.com\\\/?p=69246\"]}]},{\"@type\":\"BreadcrumbList\",\"@id\":\"https:\\\/\\\/lospoliticosveracruz.com\\\/?p=69246#breadcrumb\",\"itemListElement\":[{\"@type\":\"ListItem\",\"position\":1,\"name\":\"Portada\",\"item\":\"https:\\\/\\\/lospoliticosveracruz.com\\\/\"},{\"@type\":\"ListItem\",\"position\":2,\"name\":\"Sin seguridad no hay bienestar, ni crecimiento econ\u00f3mico\"}]},{\"@type\":\"WebSite\",\"@id\":\"https:\\\/\\\/lospoliticosveracruz.com\\\/#website\",\"url\":\"https:\\\/\\\/lospoliticosveracruz.com\\\/\",\"name\":\"Los pol\u00edticos Veracruz\",\"description\":\"\",\"publisher\":{\"@id\":\"https:\\\/\\\/lospoliticosveracruz.com\\\/#organization\"},\"potentialAction\":[{\"@type\":\"SearchAction\",\"target\":{\"@type\":\"EntryPoint\",\"urlTemplate\":\"https:\\\/\\\/lospoliticosveracruz.com\\\/?s={search_term_string}\"},\"query-input\":{\"@type\":\"PropertyValueSpecification\",\"valueRequired\":true,\"valueName\":\"search_term_string\"}}],\"inLanguage\":\"es\"},{\"@type\":\"Organization\",\"@id\":\"https:\\\/\\\/lospoliticosveracruz.com\\\/#organization\",\"name\":\"Los pol\u00edticos Veracruz\",\"url\":\"https:\\\/\\\/lospoliticosveracruz.com\\\/\",\"logo\":{\"@type\":\"ImageObject\",\"inLanguage\":\"es\",\"@id\":\"https:\\\/\\\/lospoliticosveracruz.com\\\/#\\\/schema\\\/logo\\\/image\\\/\",\"url\":\"https:\\\/\\\/lospoliticosveracruz.com\\\/wp-content\\\/uploads\\\/2025\\\/12\\\/Logo-Nuevo-LOS-POLITICOS-1.jpg\",\"contentUrl\":\"https:\\\/\\\/lospoliticosveracruz.com\\\/wp-content\\\/uploads\\\/2025\\\/12\\\/Logo-Nuevo-LOS-POLITICOS-1.jpg\",\"width\":260,\"height\":70,\"caption\":\"Los pol\u00edticos Veracruz\"},\"image\":{\"@id\":\"https:\\\/\\\/lospoliticosveracruz.com\\\/#\\\/schema\\\/logo\\\/image\\\/\"},\"sameAs\":[\"https:\\\/\\\/www.facebook.com\\\/people\\\/Notimemes-de-los-Polticos\\\/61565672886568\\\/\",\"https:\\\/\\\/x.com\\\/LosPoliticosVer\"]},{\"@type\":\"Person\",\"@id\":\"https:\\\/\\\/lospoliticosveracruz.com\\\/#\\\/schema\\\/person\\\/b8702bb0e538456e6efd07080bf2a4a2\",\"name\":\"Lo viste en Los Pol\u00edticos\",\"image\":{\"@type\":\"ImageObject\",\"inLanguage\":\"es\",\"@id\":\"https:\\\/\\\/secure.gravatar.com\\\/avatar\\\/3a8de04a2656d44082be478bd6c086daa447c4651605818287b9532d3d0bd435?s=96&d=mm&r=g\",\"url\":\"https:\\\/\\\/secure.gravatar.com\\\/avatar\\\/3a8de04a2656d44082be478bd6c086daa447c4651605818287b9532d3d0bd435?s=96&d=mm&r=g\",\"contentUrl\":\"https:\\\/\\\/secure.gravatar.com\\\/avatar\\\/3a8de04a2656d44082be478bd6c086daa447c4651605818287b9532d3d0bd435?s=96&d=mm&r=g\",\"caption\":\"Lo viste en Los Pol\u00edticos\"},\"url\":\"https:\\\/\\\/lospoliticosveracruz.com\\\/?author=2\"}]}<\/script>\n<!-- \/ Yoast SEO plugin. -->","yoast_head_json":{"title":"Sin seguridad no hay bienestar, ni crecimiento econ\u00f3mico - Los pol\u00edticos Veracruz","robots":{"index":"index","follow":"follow","max-snippet":"max-snippet:-1","max-image-preview":"max-image-preview:large","max-video-preview":"max-video-preview:-1"},"canonical":"https:\/\/lospoliticosveracruz.com\/?p=69246","og_locale":"es_ES","og_type":"article","og_title":"Sin seguridad no hay bienestar, ni crecimiento econ\u00f3mico - Los pol\u00edticos Veracruz","og_description":"XalapaProfundizar\u00e1 en las experiencias de \u00e9xito compartidas por Aguascalientes, Benito Ju\u00e1rez, M\u00e9rida, Quer\u00e9taro y San Nicol\u00e1s de los Garza El diputado Sergio Hern\u00e1ndez coment\u00f3 que, a trav\u00e9s de sus redes sociales oficiales, presentar\u00e1 del 11 al 26 de marzo entrevistas con los secretarios de Seguridad P\u00fablica Municipal de las ciudades arriba mencionadas, directamente desde sus [&hellip;]","og_url":"https:\/\/lospoliticosveracruz.com\/?p=69246","og_site_name":"Los pol\u00edticos Veracruz","article_publisher":"https:\/\/www.facebook.com\/people\/Notimemes-de-los-Polticos\/61565672886568\/","article_published_time":"2021-03-10T18:43:36+00:00","article_modified_time":"2021-03-10T18:45:25+00:00","og_image":[{"width":200,"height":200,"url":"https:\/\/lospoliticosveracruz.com\/wp-content\/uploads\/2016\/07\/Logo-Dor.jpg","type":"image\/jpeg"}],"author":"Lo viste en Los Pol\u00edticos","twitter_card":"summary_large_image","twitter_creator":"@LosPoliticosVer","twitter_site":"@LosPoliticosVer","twitter_misc":{"Escrito por":"Lo viste en Los Pol\u00edticos","Tiempo de lectura":"2 minutos"},"schema":{"@context":"https:\/\/schema.org","@graph":[{"@type":"Article","@id":"https:\/\/lospoliticosveracruz.com\/?p=69246#article","isPartOf":{"@id":"https:\/\/lospoliticosveracruz.com\/?p=69246"},"author":{"name":"Lo viste en Los Pol\u00edticos","@id":"https:\/\/lospoliticosveracruz.com\/#\/schema\/person\/b8702bb0e538456e6efd07080bf2a4a2"},"headline":"Sin seguridad no hay bienestar, ni crecimiento econ\u00f3mico","datePublished":"2021-03-10T18:43:36+00:00","dateModified":"2021-03-10T18:45:25+00:00","mainEntityOfPage":{"@id":"https:\/\/lospoliticosveracruz.com\/?p=69246"},"wordCount":397,"commentCount":0,"publisher":{"@id":"https:\/\/lospoliticosveracruz.com\/#organization"},"keywords":["PAN","Sergio Hern\u00e1ndez"],"articleSection":["De Boleto"],"inLanguage":"es","potentialAction":[{"@type":"CommentAction","name":"Comment","target":["https:\/\/lospoliticosveracruz.com\/?p=69246#respond"]}]},{"@type":"WebPage","@id":"https:\/\/lospoliticosveracruz.com\/?p=69246","url":"https:\/\/lospoliticosveracruz.com\/?p=69246","name":"Sin seguridad no hay bienestar, ni crecimiento econ\u00f3mico - Los pol\u00edticos Veracruz","isPartOf":{"@id":"https:\/\/lospoliticosveracruz.com\/#website"},"datePublished":"2021-03-10T18:43:36+00:00","dateModified":"2021-03-10T18:45:25+00:00","breadcrumb":{"@id":"https:\/\/lospoliticosveracruz.com\/?p=69246#breadcrumb"},"inLanguage":"es","potentialAction":[{"@type":"ReadAction","target":["https:\/\/lospoliticosveracruz.com\/?p=69246"]}]},{"@type":"BreadcrumbList","@id":"https:\/\/lospoliticosveracruz.com\/?p=69246#breadcrumb","itemListElement":[{"@type":"ListItem","position":1,"name":"Portada","item":"https:\/\/lospoliticosveracruz.com\/"},{"@type":"ListItem","position":2,"name":"Sin seguridad no hay bienestar, ni crecimiento econ\u00f3mico"}]},{"@type":"WebSite","@id":"https:\/\/lospoliticosveracruz.com\/#website","url":"https:\/\/lospoliticosveracruz.com\/","name":"Los pol\u00edticos Veracruz","description":"","publisher":{"@id":"https:\/\/lospoliticosveracruz.com\/#organization"},"potentialAction":[{"@type":"SearchAction","target":{"@type":"EntryPoint","urlTemplate":"https:\/\/lospoliticosveracruz.com\/?s={search_term_string}"},"query-input":{"@type":"PropertyValueSpecification","valueRequired":true,"valueName":"search_term_string"}}],"inLanguage":"es"},{"@type":"Organization","@id":"https:\/\/lospoliticosveracruz.com\/#organization","name":"Los pol\u00edticos Veracruz","url":"https:\/\/lospoliticosveracruz.com\/","logo":{"@type":"ImageObject","inLanguage":"es","@id":"https:\/\/lospoliticosveracruz.com\/#\/schema\/logo\/image\/","url":"https:\/\/lospoliticosveracruz.com\/wp-content\/uploads\/2025\/12\/Logo-Nuevo-LOS-POLITICOS-1.jpg","contentUrl":"https:\/\/lospoliticosveracruz.com\/wp-content\/uploads\/2025\/12\/Logo-Nuevo-LOS-POLITICOS-1.jpg","width":260,"height":70,"caption":"Los pol\u00edticos Veracruz"},"image":{"@id":"https:\/\/lospoliticosveracruz.com\/#\/schema\/logo\/image\/"},"sameAs":["https:\/\/www.facebook.com\/people\/Notimemes-de-los-Polticos\/61565672886568\/","https:\/\/x.com\/LosPoliticosVer"]},{"@type":"Person","@id":"https:\/\/lospoliticosveracruz.com\/#\/schema\/person\/b8702bb0e538456e6efd07080bf2a4a2","name":"Lo viste en Los Pol\u00edticos","image":{"@type":"ImageObject","inLanguage":"es","@id":"https:\/\/secure.gravatar.com\/avatar\/3a8de04a2656d44082be478bd6c086daa447c4651605818287b9532d3d0bd435?s=96&d=mm&r=g","url":"https:\/\/secure.gravatar.com\/avatar\/3a8de04a2656d44082be478bd6c086daa447c4651605818287b9532d3d0bd435?s=96&d=mm&r=g","contentUrl":"https:\/\/secure.gravatar.com\/avatar\/3a8de04a2656d44082be478bd6c086daa447c4651605818287b9532d3d0bd435?s=96&d=mm&r=g","caption":"Lo viste en Los Pol\u00edticos"},"url":"https:\/\/lospoliticosveracruz.com\/?author=2"}]}},"_links":{"self":[{"href":"https:\/\/lospoliticosveracruz.com\/index.php?rest_route=\/wp\/v2\/posts\/69246","targetHints":{"allow":["GET"]}}],"collection":[{"href":"https:\/\/lospoliticosveracruz.com\/index.php?rest_route=\/wp\/v2\/posts"}],"about":[{"href":"https:\/\/lospoliticosveracruz.com\/index.php?rest_route=\/wp\/v2\/types\/post"}],"author":[{"embeddable":true,"href":"https:\/\/lospoliticosveracruz.com\/index.php?rest_route=\/wp\/v2\/users\/2"}],"replies":[{"embeddable":true,"href":"https:\/\/lospoliticosveracruz.com\/index.php?rest_route=%2Fwp%2Fv2%2Fcomments&post=69246"}],"version-history":[{"count":1,"href":"https:\/\/lospoliticosveracruz.com\/index.php?rest_route=\/wp\/v2\/posts\/69246\/revisions"}],"predecessor-version":[{"id":69248,"href":"https:\/\/lospoliticosveracruz.com\/index.php?rest_route=\/wp\/v2\/posts\/69246\/revisions\/69248"}],"wp:attachment":[{"href":"https:\/\/lospoliticosveracruz.com\/index.php?rest_route=%2Fwp%2Fv2%2Fmedia&parent=69246"}],"wp:term":[{"taxonomy":"category","embeddable":true,"href":"https:\/\/lospoliticosveracruz.com\/index.php?rest_route=%2Fwp%2Fv2%2Fcategories&post=69246"},{"taxonomy":"post_tag","embeddable":true,"href":"https:\/\/lospoliticosveracruz.com\/index.php?rest_route=%2Fwp%2Fv2%2Ftags&post=69246"}],"curies":[{"name":"wp","href":"https:\/\/api.w.org\/{rel}","templated":true}]}}