{"id":69370,"date":"2021-03-12T16:16:16","date_gmt":"2021-03-12T22:16:16","guid":{"rendered":"http:\/\/www.lospoliticosveracruz.com.mx\/?p=69370"},"modified":"2021-03-12T16:16:20","modified_gmt":"2021-03-12T22:16:20","slug":"falta-construir-mas-ciudadania","status":"publish","type":"post","link":"https:\/\/lospoliticosveracruz.com\/?p=69370","title":{"rendered":"Falta construir m\u00e1s ciudadan\u00eda!"},"content":{"rendered":"\n<p><strong>Xalapa<\/strong><br>Nos hace falta construir m\u00e1s ciudadan\u00eda en M\u00e9xico, por la mitad de lo que ha pasado aqu\u00ed, en otras partes del mundo salen a las calles a protestar. No basta con ser mujer para generar la causa de las mujeres, debemos partir de la concientizaci\u00f3n, se\u00f1al\u00f3, Mireya Toto Guti\u00e9rrez, feminista, e investigadora de la Universidad Veracruzana y del Instituto de Investigaciones Jur\u00eddicas.<br>Durante el Conversatorio Gobernanza Democr\u00e1tica con Enfoque de G\u00e9nero, convocado por la Fundaci\u00f3n Colosio Veracruz, puntualiz\u00f3 que hay que empezar de cero, concientizar las repercusiones del desmantelamiento de las instituciones en el pa\u00eds y de c\u00f3mo va a repercutir en la vida cotidiana de hombres y mujeres.<br>\u201cLas mujeres tenemos que estar vinculadas con los temas de los problemas que nos aquejan en el d\u00eda a d\u00eda, por ejemplo, el de ecolog\u00eda, y con la Ley de la Industria El\u00e9ctrica, imaginen cuando vengan m\u00e1s apagones, las m\u00e1s afectadas ser\u00e1n las mujeres, porque se echar\u00e1 a perder la comida, parece algo sencillo, pero no lo es, porque implica el gasto familiar, ya hay escases de alimentos, medicamentos, etc.\u201d, dijo.<br>Ejemplific\u00f3 tambi\u00e9n el problema de desinformaci\u00f3n respecto a las vacunas para Covid-19, \u201cno tenemos informaci\u00f3n a nivel federal y estatal, adem\u00e1s de cu\u00e1ndo llegar\u00e1n las vacunas y cu\u00e1les son, y el hecho de que pidan la credencial de elector.\u201d<br>\u201cSe desacata la Constituci\u00f3n una y otra vez; como mexicanas y mexicanos no podemos acostumbrarnos a esas cosas, porque cuando se quiera reaccionar va a ser demasiado tarde\u201d, destac\u00f3.<br>Con la pandemia se dio un incremento de la violencia al interior de los hogares, en este pa\u00eds en donde hay 30 violaciones diarias y 10 feminicidios diarios, \u201cse deslegitiman los derechos de las mujeres y se propicia la impunidad, entonces, sino tomamos esto en primera persona y en las manos, nadie se va a ocupar de ello.\u201d<br>Asimismo, lament\u00f3 que instituciones como la Comisi\u00f3n Nacional para Prevenir y Erradicar la Violencia contra las Mujeres (CONAVIM), y el Instituto Nacional de las Mujeres (INMUJERES), desaparecieran de repente del panorama, y est\u00e9n en calidad de escenograf\u00eda decorativa, \u201cno est\u00e1n realizando la funci\u00f3n para la cual fueron creadas y est\u00e1n siendo sostenidas con recursos p\u00fablicos que derivan de los impuestos de la ciudadan\u00eda.\u201d<br>Por ello, reiter\u00f3 que se deben promover: la concientizaci\u00f3n, las alianzas estrat\u00e9gicas, la denuncia sistem\u00e1tica con hechos, argumentos, y el di\u00e1logo en un primer momento, \u201cpero ac\u00e1 el di\u00e1logo no tiene carta de ciudadan\u00eda.\u201d<br>En su intervenci\u00f3n, M\u00f3nica Mendoza Madrigal, experta comunic\u00f3loga pol\u00edtica y feminista, especific\u00f3 que la gobernanza es la emergencia de nuevos actores para la gesti\u00f3n de temas que nadie atiende y parece que a nadie le importan, porque hay un Estado que no se da abasto o dejan de importarle temas, como sucede lamentablemente con la b\u00fasqueda de personas desaparecidas, luchas encabezadas por las propias madres y padres.<br>Indic\u00f3 que la democracia es necesaria para la gobernanza, porque est\u00e1 en manos de todos los que intervenimos en el Estado. \u201cLlevando la gobernanza democr\u00e1tica a los temas de g\u00e9nero, entendemos que, si los temas que nos preocupan a las mujeres no los atendemos las mujeres, nadie se ocupar\u00eda de ellos, ah\u00ed encontramos que es necesaria la gobernanza, para tener una perspectiva de g\u00e9nero, que nos permita llevar la atenci\u00f3n hacia aspectos centrales para tener igualdad.\u201d<br>\u201cEs indispensable que entendamos que la sociedad civil organizada, es parte fundante de la construcci\u00f3n democr\u00e1tica, y fundamental de la construcci\u00f3n de una sociedad democr\u00e1tica e igualitaria\u201d, subray\u00f3.<br>Por su parte, el presidente del CDE del PRI en Veracruz, Marlon Ram\u00edrez Mar\u00edn, refiri\u00f3 que una situaci\u00f3n grave que puede reflejar el rostro real del actual gobierno, es que, al pasar enfrente del Palacio de Gobierno del Estado de Veracruz, \u201cse ven pendones y fotograf\u00edas de mujeres que tienen altas y dignas representaciones, y el mismo d\u00eda, emiten un acuerdo para un juicio pol\u00edtico en contra de la expresidenta del Tribunal Superior de Justicia.\u201d<br>\u201cMe parece que es la incongruencia total, utilizaron banderas que son delicadas: la fe y la esperanza, que fueron sus slogans, y hoy que tienen que ser verdaderamente congruentes, ponen en evidencia un profundo sesgo machista, son toda la contradicci\u00f3n de la lucha de miles de mujeres que han dejado su esfuerzo y dedicaci\u00f3n por la igualdad, equidad y sus derechos\u201d, acot\u00f3.<br>Este conversatorio se efectu\u00f3 gracias a la participaci\u00f3n y trabajo de Leticia Perlasca N\u00fa\u00f1ez, y Julio C\u00e9sar Cerecedo, vicepresidente de filiales de la Fundaci\u00f3n Colosio; y cont\u00f3 con la destacada participaci\u00f3n de Belem Palmeros Exsome, feminista y defensora de Derechos Humanos, como moderadora; fue realizado v\u00eda Zoom y transmitido en vivo, enlace que puede visualizarse nuevamente en: <a href=\"https:\/\/www.facebook.com\/611924719165372\/posts\/1321123991578771\/?d=n\"><strong>https:\/\/www.facebook.com\/611924719165372\/posts\/1321123991578771\/?d=n<\/strong><\/a><\/p>\n","protected":false},"excerpt":{"rendered":"<p>XalapaNos hace falta construir m\u00e1s ciudadan\u00eda en M\u00e9xico, por la mitad de lo que ha pasado aqu\u00ed, en otras partes del mundo salen a las calles a protestar. No basta con ser mujer para generar la causa de las mujeres, debemos partir de la concientizaci\u00f3n, se\u00f1al\u00f3, Mireya Toto Guti\u00e9rrez, feminista, e investigadora de la Universidad [&hellip;]<\/p>\n","protected":false},"author":2,"featured_media":0,"comment_status":"open","ping_status":"open","sticky":false,"template":"","format":"standard","meta":{"tdm_status":"","tdm_grid_status":"","footnotes":""},"categories":[73],"tags":[7625,26709,26708,13921,2421,251,10798],"class_list":{"0":"post-69370","1":"post","2":"type-post","3":"status-publish","4":"format-standard","6":"category-de-boleto","7":"tag-inmujeres","8":"tag-leticia-perlasca-nunez","9":"tag-marlon-ramirez-marin-3","10":"tag-monica-mendoza-madrigal","11":"tag-perspectiva-de-genero","12":"tag-pri","13":"tag-tribunal-superior-de-justicia"},"yoast_head":"<!-- This site is optimized with the Yoast SEO plugin v27.4 - https:\/\/yoast.com\/product\/yoast-seo-wordpress\/ -->\n<title>Falta construir m\u00e1s ciudadan\u00eda! - Los pol\u00edticos Veracruz<\/title>\n<meta name=\"robots\" content=\"index, follow, max-snippet:-1, max-image-preview:large, max-video-preview:-1\" \/>\n<link rel=\"canonical\" href=\"https:\/\/lospoliticosveracruz.com\/?p=69370\" \/>\n<meta property=\"og:locale\" content=\"es_ES\" \/>\n<meta property=\"og:type\" content=\"article\" \/>\n<meta property=\"og:title\" content=\"Falta construir m\u00e1s ciudadan\u00eda! - Los pol\u00edticos Veracruz\" \/>\n<meta property=\"og:description\" content=\"XalapaNos hace falta construir m\u00e1s ciudadan\u00eda en M\u00e9xico, por la mitad de lo que ha pasado aqu\u00ed, en otras partes del mundo salen a las calles a protestar. No basta con ser mujer para generar la causa de las mujeres, debemos partir de la concientizaci\u00f3n, se\u00f1al\u00f3, Mireya Toto Guti\u00e9rrez, feminista, e investigadora de la Universidad [&hellip;]\" \/>\n<meta property=\"og:url\" content=\"https:\/\/lospoliticosveracruz.com\/?p=69370\" \/>\n<meta property=\"og:site_name\" content=\"Los pol\u00edticos Veracruz\" \/>\n<meta property=\"article:publisher\" content=\"https:\/\/www.facebook.com\/people\/Notimemes-de-los-Polticos\/61565672886568\/\" \/>\n<meta property=\"article:published_time\" content=\"2021-03-12T22:16:16+00:00\" \/>\n<meta property=\"article:modified_time\" content=\"2021-03-12T22:16:20+00:00\" \/>\n<meta property=\"og:image\" content=\"https:\/\/lospoliticosveracruz.com\/wp-content\/uploads\/2016\/07\/Logo-Dor.jpg\" \/>\n\t<meta property=\"og:image:width\" content=\"200\" \/>\n\t<meta property=\"og:image:height\" content=\"200\" \/>\n\t<meta property=\"og:image:type\" content=\"image\/jpeg\" \/>\n<meta name=\"author\" content=\"Lo viste en Los Pol\u00edticos\" \/>\n<meta name=\"twitter:card\" content=\"summary_large_image\" \/>\n<meta name=\"twitter:creator\" content=\"@LosPoliticosVer\" \/>\n<meta name=\"twitter:site\" content=\"@LosPoliticosVer\" \/>\n<meta name=\"twitter:label1\" content=\"Escrito por\" \/>\n\t<meta name=\"twitter:data1\" content=\"Lo viste en Los Pol\u00edticos\" \/>\n\t<meta name=\"twitter:label2\" content=\"Tiempo de lectura\" \/>\n\t<meta name=\"twitter:data2\" content=\"4 minutos\" \/>\n<script type=\"application\/ld+json\" class=\"yoast-schema-graph\">{\"@context\":\"https:\\\/\\\/schema.org\",\"@graph\":[{\"@type\":\"Article\",\"@id\":\"https:\\\/\\\/lospoliticosveracruz.com\\\/?p=69370#article\",\"isPartOf\":{\"@id\":\"https:\\\/\\\/lospoliticosveracruz.com\\\/?p=69370\"},\"author\":{\"name\":\"Lo viste en Los Pol\u00edticos\",\"@id\":\"https:\\\/\\\/lospoliticosveracruz.com\\\/#\\\/schema\\\/person\\\/b8702bb0e538456e6efd07080bf2a4a2\"},\"headline\":\"Falta construir m\u00e1s ciudadan\u00eda!\",\"datePublished\":\"2021-03-12T22:16:16+00:00\",\"dateModified\":\"2021-03-12T22:16:20+00:00\",\"mainEntityOfPage\":{\"@id\":\"https:\\\/\\\/lospoliticosveracruz.com\\\/?p=69370\"},\"wordCount\":851,\"commentCount\":0,\"publisher\":{\"@id\":\"https:\\\/\\\/lospoliticosveracruz.com\\\/#organization\"},\"keywords\":[\"Inmujeres\",\"Leticia Perlasca N\u00fa\u00f1ez\",\"Marl\u00f3n Ram\u00edrez Mar\u00edn\",\"M\u00f3nica Mendoza Madrigal\",\"perspectiva de g\u00e9nero\",\"PRI\",\"Tribunal Superior de Justicia\"],\"articleSection\":[\"De Boleto\"],\"inLanguage\":\"es\",\"potentialAction\":[{\"@type\":\"CommentAction\",\"name\":\"Comment\",\"target\":[\"https:\\\/\\\/lospoliticosveracruz.com\\\/?p=69370#respond\"]}]},{\"@type\":\"WebPage\",\"@id\":\"https:\\\/\\\/lospoliticosveracruz.com\\\/?p=69370\",\"url\":\"https:\\\/\\\/lospoliticosveracruz.com\\\/?p=69370\",\"name\":\"Falta construir m\u00e1s ciudadan\u00eda! - Los pol\u00edticos Veracruz\",\"isPartOf\":{\"@id\":\"https:\\\/\\\/lospoliticosveracruz.com\\\/#website\"},\"datePublished\":\"2021-03-12T22:16:16+00:00\",\"dateModified\":\"2021-03-12T22:16:20+00:00\",\"breadcrumb\":{\"@id\":\"https:\\\/\\\/lospoliticosveracruz.com\\\/?p=69370#breadcrumb\"},\"inLanguage\":\"es\",\"potentialAction\":[{\"@type\":\"ReadAction\",\"target\":[\"https:\\\/\\\/lospoliticosveracruz.com\\\/?p=69370\"]}]},{\"@type\":\"BreadcrumbList\",\"@id\":\"https:\\\/\\\/lospoliticosveracruz.com\\\/?p=69370#breadcrumb\",\"itemListElement\":[{\"@type\":\"ListItem\",\"position\":1,\"name\":\"Portada\",\"item\":\"https:\\\/\\\/lospoliticosveracruz.com\\\/\"},{\"@type\":\"ListItem\",\"position\":2,\"name\":\"Falta construir m\u00e1s ciudadan\u00eda!\"}]},{\"@type\":\"WebSite\",\"@id\":\"https:\\\/\\\/lospoliticosveracruz.com\\\/#website\",\"url\":\"https:\\\/\\\/lospoliticosveracruz.com\\\/\",\"name\":\"Los pol\u00edticos Veracruz\",\"description\":\"\",\"publisher\":{\"@id\":\"https:\\\/\\\/lospoliticosveracruz.com\\\/#organization\"},\"potentialAction\":[{\"@type\":\"SearchAction\",\"target\":{\"@type\":\"EntryPoint\",\"urlTemplate\":\"https:\\\/\\\/lospoliticosveracruz.com\\\/?s={search_term_string}\"},\"query-input\":{\"@type\":\"PropertyValueSpecification\",\"valueRequired\":true,\"valueName\":\"search_term_string\"}}],\"inLanguage\":\"es\"},{\"@type\":\"Organization\",\"@id\":\"https:\\\/\\\/lospoliticosveracruz.com\\\/#organization\",\"name\":\"Los pol\u00edticos Veracruz\",\"url\":\"https:\\\/\\\/lospoliticosveracruz.com\\\/\",\"logo\":{\"@type\":\"ImageObject\",\"inLanguage\":\"es\",\"@id\":\"https:\\\/\\\/lospoliticosveracruz.com\\\/#\\\/schema\\\/logo\\\/image\\\/\",\"url\":\"https:\\\/\\\/lospoliticosveracruz.com\\\/wp-content\\\/uploads\\\/2025\\\/12\\\/Logo-Nuevo-LOS-POLITICOS-1.jpg\",\"contentUrl\":\"https:\\\/\\\/lospoliticosveracruz.com\\\/wp-content\\\/uploads\\\/2025\\\/12\\\/Logo-Nuevo-LOS-POLITICOS-1.jpg\",\"width\":260,\"height\":70,\"caption\":\"Los pol\u00edticos Veracruz\"},\"image\":{\"@id\":\"https:\\\/\\\/lospoliticosveracruz.com\\\/#\\\/schema\\\/logo\\\/image\\\/\"},\"sameAs\":[\"https:\\\/\\\/www.facebook.com\\\/people\\\/Notimemes-de-los-Polticos\\\/61565672886568\\\/\",\"https:\\\/\\\/x.com\\\/LosPoliticosVer\"]},{\"@type\":\"Person\",\"@id\":\"https:\\\/\\\/lospoliticosveracruz.com\\\/#\\\/schema\\\/person\\\/b8702bb0e538456e6efd07080bf2a4a2\",\"name\":\"Lo viste en Los Pol\u00edticos\",\"image\":{\"@type\":\"ImageObject\",\"inLanguage\":\"es\",\"@id\":\"https:\\\/\\\/secure.gravatar.com\\\/avatar\\\/3a8de04a2656d44082be478bd6c086daa447c4651605818287b9532d3d0bd435?s=96&d=mm&r=g\",\"url\":\"https:\\\/\\\/secure.gravatar.com\\\/avatar\\\/3a8de04a2656d44082be478bd6c086daa447c4651605818287b9532d3d0bd435?s=96&d=mm&r=g\",\"contentUrl\":\"https:\\\/\\\/secure.gravatar.com\\\/avatar\\\/3a8de04a2656d44082be478bd6c086daa447c4651605818287b9532d3d0bd435?s=96&d=mm&r=g\",\"caption\":\"Lo viste en Los Pol\u00edticos\"},\"url\":\"https:\\\/\\\/lospoliticosveracruz.com\\\/?author=2\"}]}<\/script>\n<!-- \/ Yoast SEO plugin. -->","yoast_head_json":{"title":"Falta construir m\u00e1s ciudadan\u00eda! - Los pol\u00edticos Veracruz","robots":{"index":"index","follow":"follow","max-snippet":"max-snippet:-1","max-image-preview":"max-image-preview:large","max-video-preview":"max-video-preview:-1"},"canonical":"https:\/\/lospoliticosveracruz.com\/?p=69370","og_locale":"es_ES","og_type":"article","og_title":"Falta construir m\u00e1s ciudadan\u00eda! - Los pol\u00edticos Veracruz","og_description":"XalapaNos hace falta construir m\u00e1s ciudadan\u00eda en M\u00e9xico, por la mitad de lo que ha pasado aqu\u00ed, en otras partes del mundo salen a las calles a protestar. No basta con ser mujer para generar la causa de las mujeres, debemos partir de la concientizaci\u00f3n, se\u00f1al\u00f3, Mireya Toto Guti\u00e9rrez, feminista, e investigadora de la Universidad [&hellip;]","og_url":"https:\/\/lospoliticosveracruz.com\/?p=69370","og_site_name":"Los pol\u00edticos Veracruz","article_publisher":"https:\/\/www.facebook.com\/people\/Notimemes-de-los-Polticos\/61565672886568\/","article_published_time":"2021-03-12T22:16:16+00:00","article_modified_time":"2021-03-12T22:16:20+00:00","og_image":[{"width":200,"height":200,"url":"https:\/\/lospoliticosveracruz.com\/wp-content\/uploads\/2016\/07\/Logo-Dor.jpg","type":"image\/jpeg"}],"author":"Lo viste en Los Pol\u00edticos","twitter_card":"summary_large_image","twitter_creator":"@LosPoliticosVer","twitter_site":"@LosPoliticosVer","twitter_misc":{"Escrito por":"Lo viste en Los Pol\u00edticos","Tiempo de lectura":"4 minutos"},"schema":{"@context":"https:\/\/schema.org","@graph":[{"@type":"Article","@id":"https:\/\/lospoliticosveracruz.com\/?p=69370#article","isPartOf":{"@id":"https:\/\/lospoliticosveracruz.com\/?p=69370"},"author":{"name":"Lo viste en Los Pol\u00edticos","@id":"https:\/\/lospoliticosveracruz.com\/#\/schema\/person\/b8702bb0e538456e6efd07080bf2a4a2"},"headline":"Falta construir m\u00e1s ciudadan\u00eda!","datePublished":"2021-03-12T22:16:16+00:00","dateModified":"2021-03-12T22:16:20+00:00","mainEntityOfPage":{"@id":"https:\/\/lospoliticosveracruz.com\/?p=69370"},"wordCount":851,"commentCount":0,"publisher":{"@id":"https:\/\/lospoliticosveracruz.com\/#organization"},"keywords":["Inmujeres","Leticia Perlasca N\u00fa\u00f1ez","Marl\u00f3n Ram\u00edrez Mar\u00edn","M\u00f3nica Mendoza Madrigal","perspectiva de g\u00e9nero","PRI","Tribunal Superior de Justicia"],"articleSection":["De Boleto"],"inLanguage":"es","potentialAction":[{"@type":"CommentAction","name":"Comment","target":["https:\/\/lospoliticosveracruz.com\/?p=69370#respond"]}]},{"@type":"WebPage","@id":"https:\/\/lospoliticosveracruz.com\/?p=69370","url":"https:\/\/lospoliticosveracruz.com\/?p=69370","name":"Falta construir m\u00e1s ciudadan\u00eda! - Los pol\u00edticos Veracruz","isPartOf":{"@id":"https:\/\/lospoliticosveracruz.com\/#website"},"datePublished":"2021-03-12T22:16:16+00:00","dateModified":"2021-03-12T22:16:20+00:00","breadcrumb":{"@id":"https:\/\/lospoliticosveracruz.com\/?p=69370#breadcrumb"},"inLanguage":"es","potentialAction":[{"@type":"ReadAction","target":["https:\/\/lospoliticosveracruz.com\/?p=69370"]}]},{"@type":"BreadcrumbList","@id":"https:\/\/lospoliticosveracruz.com\/?p=69370#breadcrumb","itemListElement":[{"@type":"ListItem","position":1,"name":"Portada","item":"https:\/\/lospoliticosveracruz.com\/"},{"@type":"ListItem","position":2,"name":"Falta construir m\u00e1s ciudadan\u00eda!"}]},{"@type":"WebSite","@id":"https:\/\/lospoliticosveracruz.com\/#website","url":"https:\/\/lospoliticosveracruz.com\/","name":"Los pol\u00edticos Veracruz","description":"","publisher":{"@id":"https:\/\/lospoliticosveracruz.com\/#organization"},"potentialAction":[{"@type":"SearchAction","target":{"@type":"EntryPoint","urlTemplate":"https:\/\/lospoliticosveracruz.com\/?s={search_term_string}"},"query-input":{"@type":"PropertyValueSpecification","valueRequired":true,"valueName":"search_term_string"}}],"inLanguage":"es"},{"@type":"Organization","@id":"https:\/\/lospoliticosveracruz.com\/#organization","name":"Los pol\u00edticos Veracruz","url":"https:\/\/lospoliticosveracruz.com\/","logo":{"@type":"ImageObject","inLanguage":"es","@id":"https:\/\/lospoliticosveracruz.com\/#\/schema\/logo\/image\/","url":"https:\/\/lospoliticosveracruz.com\/wp-content\/uploads\/2025\/12\/Logo-Nuevo-LOS-POLITICOS-1.jpg","contentUrl":"https:\/\/lospoliticosveracruz.com\/wp-content\/uploads\/2025\/12\/Logo-Nuevo-LOS-POLITICOS-1.jpg","width":260,"height":70,"caption":"Los pol\u00edticos Veracruz"},"image":{"@id":"https:\/\/lospoliticosveracruz.com\/#\/schema\/logo\/image\/"},"sameAs":["https:\/\/www.facebook.com\/people\/Notimemes-de-los-Polticos\/61565672886568\/","https:\/\/x.com\/LosPoliticosVer"]},{"@type":"Person","@id":"https:\/\/lospoliticosveracruz.com\/#\/schema\/person\/b8702bb0e538456e6efd07080bf2a4a2","name":"Lo viste en Los Pol\u00edticos","image":{"@type":"ImageObject","inLanguage":"es","@id":"https:\/\/secure.gravatar.com\/avatar\/3a8de04a2656d44082be478bd6c086daa447c4651605818287b9532d3d0bd435?s=96&d=mm&r=g","url":"https:\/\/secure.gravatar.com\/avatar\/3a8de04a2656d44082be478bd6c086daa447c4651605818287b9532d3d0bd435?s=96&d=mm&r=g","contentUrl":"https:\/\/secure.gravatar.com\/avatar\/3a8de04a2656d44082be478bd6c086daa447c4651605818287b9532d3d0bd435?s=96&d=mm&r=g","caption":"Lo viste en Los Pol\u00edticos"},"url":"https:\/\/lospoliticosveracruz.com\/?author=2"}]}},"_links":{"self":[{"href":"https:\/\/lospoliticosveracruz.com\/index.php?rest_route=\/wp\/v2\/posts\/69370","targetHints":{"allow":["GET"]}}],"collection":[{"href":"https:\/\/lospoliticosveracruz.com\/index.php?rest_route=\/wp\/v2\/posts"}],"about":[{"href":"https:\/\/lospoliticosveracruz.com\/index.php?rest_route=\/wp\/v2\/types\/post"}],"author":[{"embeddable":true,"href":"https:\/\/lospoliticosveracruz.com\/index.php?rest_route=\/wp\/v2\/users\/2"}],"replies":[{"embeddable":true,"href":"https:\/\/lospoliticosveracruz.com\/index.php?rest_route=%2Fwp%2Fv2%2Fcomments&post=69370"}],"version-history":[{"count":1,"href":"https:\/\/lospoliticosveracruz.com\/index.php?rest_route=\/wp\/v2\/posts\/69370\/revisions"}],"predecessor-version":[{"id":69372,"href":"https:\/\/lospoliticosveracruz.com\/index.php?rest_route=\/wp\/v2\/posts\/69370\/revisions\/69372"}],"wp:attachment":[{"href":"https:\/\/lospoliticosveracruz.com\/index.php?rest_route=%2Fwp%2Fv2%2Fmedia&parent=69370"}],"wp:term":[{"taxonomy":"category","embeddable":true,"href":"https:\/\/lospoliticosveracruz.com\/index.php?rest_route=%2Fwp%2Fv2%2Fcategories&post=69370"},{"taxonomy":"post_tag","embeddable":true,"href":"https:\/\/lospoliticosveracruz.com\/index.php?rest_route=%2Fwp%2Fv2%2Ftags&post=69370"}],"curies":[{"name":"wp","href":"https:\/\/api.w.org\/{rel}","templated":true}]}}