{"id":69493,"date":"2021-03-15T16:36:21","date_gmt":"2021-03-15T22:36:21","guid":{"rendered":"http:\/\/www.lospoliticosveracruz.com.mx\/?p=69493"},"modified":"2021-03-15T16:36:57","modified_gmt":"2021-03-15T22:36:57","slug":"morena-mintio-robo-y-traiciono-prd","status":"publish","type":"post","link":"https:\/\/lospoliticosveracruz.com\/?p=69493","title":{"rendered":"Morena minti\u00f3, rob\u00f3 y traicion\u00f3: PRD"},"content":{"rendered":"\n<p><strong>Papantla de Olarte<br><\/strong>En representaci\u00f3n de la alianza electoral Veracruz Va, Sergio Cadena Mart\u00ednez, presidente de la direcci\u00f3n estatal ejecutiva del PRD en Veracruz reiter\u00f3 el compromiso de la misma con la zona del Totonacapan, con los sectores sociales y productivos de la zona norte y los representantes del sector industrial y agrario, para luchar palmo a palmo por recuperar terreno para que las oportunidades y las inversiones regresen a la brevedad, para reiniciar el proceso de reconstrucci\u00f3n.<br>Acompa\u00f1ado por el dirigente del Partido Revolucionario Institucional (PRI), Marlon Ram\u00edrez Mar\u00edn y del Partido Acci\u00f3n Nacional (PAN), Joaqu\u00edn Guzm\u00e1n Avil\u00e9s, los l\u00edderes de las principales fuerzas pol\u00edticas, Cadena Mart\u00ednez destac\u00f3 el hecho de que aunque en el pasado fueron protagonistas de f\u00e9rreas batalla electorales, hoy son los m\u00e1s ferreos defensores de las familias veracruzanas a quienes el partido en el poder ha vuelto rehenes de programas electorales clientelares que promueven la pobreza y la marginaci\u00f3n.<br>\u201cCiertamente, hemos sido adversarios pol\u00edticos en diferentes contiendas electorales, cada quien defendiendo sus ideales, cada quien defendiendo sus posiciones, pero hoy el reclamo ciudadano, el reclamo de toda la sociedad nos ha hecho que a pesar de cualquier diferencia hayamos encontrado coincidencias porque solamente en unidad vamos a rescatar a Veracruz\u201d, detall\u00f3.<br>Agrego que no permitir\u00e1n que un gobierno que en su momento lleg\u00f3 con un gran respaldo social le este dando la espalda al pueblo y le falte al respecto al verlos como simples votos y piense en usarlos solo para sus fines pol\u00edticos, sin importar su bienestar y no se hagan responsables por la situaci\u00f3n econ\u00f3mica y sanitaria en qu\u00e9 se encuentran sumidos, lo que ha derivado en la perdida de miles y miles de empleos.<br>Dijo que lo primero que legislaran los representantes de sus partidos en un futuro cercano, ser\u00e1 el reestablecimiento de programas que son de beneficio real y s\u00f3lido para todas las familias y que han probado que brindan resultados a todos, por lo que la presente batalla no se trata de ver qui\u00e9n gana m\u00e1s curules locales o federales sino sumar al reestablecimiento del orden, la paz, la inversi\u00f3n y la seguridad en todos los rincones de la geograf\u00eda veracruzana.<br>Finalmente, agradeci\u00f3 la visi\u00f3n y la altura de miras de Guzm\u00e1n Avil\u00e9s y de Ram\u00edrez Mar\u00edn para no escatimar acciones en beneficio de la consolidaci\u00f3n de la alianza, que dijo cada d\u00eda que pasa se consolida como el mayor proyecto pol\u00edtico de futuro de Veracruz que ha surgido en los \u00faltimos a\u00f1os, d\u00f3nde la idea y el compromiso que privan es la se ser el instrumento de transformaci\u00f3n y servicios de los veracruzanos.<\/p>\n","protected":false},"excerpt":{"rendered":"<p>Papantla de OlarteEn representaci\u00f3n de la alianza electoral Veracruz Va, Sergio Cadena Mart\u00ednez, presidente de la direcci\u00f3n estatal ejecutiva del PRD en Veracruz reiter\u00f3 el compromiso de la misma con la zona del Totonacapan, con los sectores sociales y productivos de la zona norte y los representantes del sector industrial y agrario, para luchar palmo [&hellip;]<\/p>\n","protected":false},"author":2,"featured_media":0,"comment_status":"closed","ping_status":"closed","sticky":false,"template":"","format":"standard","meta":{"tdm_status":"","tdm_grid_status":"","footnotes":""},"categories":[73],"tags":[3288,107,26738,7887,25692],"class_list":{"0":"post-69493","1":"post","2":"type-post","3":"status-publish","4":"format-standard","6":"category-de-boleto","7":"tag-joaquin-guzman-aviles","8":"tag-prd","9":"tag-programas-electorales","10":"tag-sergio-cadena-martinez","11":"tag-veracruz-va"},"yoast_head":"<!-- This site is optimized with the Yoast SEO plugin v27.4 - https:\/\/yoast.com\/product\/yoast-seo-wordpress\/ -->\n<title>Morena minti\u00f3, rob\u00f3 y traicion\u00f3: PRD - Los pol\u00edticos Veracruz<\/title>\n<meta name=\"robots\" content=\"index, follow, max-snippet:-1, max-image-preview:large, max-video-preview:-1\" \/>\n<link rel=\"canonical\" href=\"https:\/\/lospoliticosveracruz.com\/?p=69493\" \/>\n<meta property=\"og:locale\" content=\"es_ES\" \/>\n<meta property=\"og:type\" content=\"article\" \/>\n<meta property=\"og:title\" content=\"Morena minti\u00f3, rob\u00f3 y traicion\u00f3: PRD - Los pol\u00edticos Veracruz\" \/>\n<meta property=\"og:description\" content=\"Papantla de OlarteEn representaci\u00f3n de la alianza electoral Veracruz Va, Sergio Cadena Mart\u00ednez, presidente de la direcci\u00f3n estatal ejecutiva del PRD en Veracruz reiter\u00f3 el compromiso de la misma con la zona del Totonacapan, con los sectores sociales y productivos de la zona norte y los representantes del sector industrial y agrario, para luchar palmo [&hellip;]\" \/>\n<meta property=\"og:url\" content=\"https:\/\/lospoliticosveracruz.com\/?p=69493\" \/>\n<meta property=\"og:site_name\" content=\"Los pol\u00edticos Veracruz\" \/>\n<meta property=\"article:publisher\" content=\"https:\/\/www.facebook.com\/people\/Notimemes-de-los-Polticos\/61565672886568\/\" \/>\n<meta property=\"article:published_time\" content=\"2021-03-15T22:36:21+00:00\" \/>\n<meta property=\"article:modified_time\" content=\"2021-03-15T22:36:57+00:00\" \/>\n<meta property=\"og:image\" content=\"https:\/\/lospoliticosveracruz.com\/wp-content\/uploads\/2016\/07\/Logo-Dor.jpg\" \/>\n\t<meta property=\"og:image:width\" content=\"200\" \/>\n\t<meta property=\"og:image:height\" content=\"200\" \/>\n\t<meta property=\"og:image:type\" content=\"image\/jpeg\" \/>\n<meta name=\"author\" content=\"Lo viste en Los Pol\u00edticos\" \/>\n<meta name=\"twitter:card\" content=\"summary_large_image\" \/>\n<meta name=\"twitter:creator\" content=\"@LosPoliticosVer\" \/>\n<meta name=\"twitter:site\" content=\"@LosPoliticosVer\" \/>\n<meta name=\"twitter:label1\" content=\"Escrito por\" \/>\n\t<meta name=\"twitter:data1\" content=\"Lo viste en Los Pol\u00edticos\" \/>\n\t<meta name=\"twitter:label2\" content=\"Tiempo de lectura\" \/>\n\t<meta name=\"twitter:data2\" content=\"2 minutos\" \/>\n<script type=\"application\/ld+json\" class=\"yoast-schema-graph\">{\"@context\":\"https:\\\/\\\/schema.org\",\"@graph\":[{\"@type\":\"Article\",\"@id\":\"https:\\\/\\\/lospoliticosveracruz.com\\\/?p=69493#article\",\"isPartOf\":{\"@id\":\"https:\\\/\\\/lospoliticosveracruz.com\\\/?p=69493\"},\"author\":{\"name\":\"Lo viste en Los Pol\u00edticos\",\"@id\":\"https:\\\/\\\/lospoliticosveracruz.com\\\/#\\\/schema\\\/person\\\/b8702bb0e538456e6efd07080bf2a4a2\"},\"headline\":\"Morena minti\u00f3, rob\u00f3 y traicion\u00f3: PRD\",\"datePublished\":\"2021-03-15T22:36:21+00:00\",\"dateModified\":\"2021-03-15T22:36:57+00:00\",\"mainEntityOfPage\":{\"@id\":\"https:\\\/\\\/lospoliticosveracruz.com\\\/?p=69493\"},\"wordCount\":478,\"publisher\":{\"@id\":\"https:\\\/\\\/lospoliticosveracruz.com\\\/#organization\"},\"keywords\":[\"Joaqu\u00edn Guzm\u00e1n Avil\u00e9s\",\"PRD\",\"programas electorales\",\"Sergio Cadena Mart\u00ednez\",\"Veracruz Va\"],\"articleSection\":[\"De Boleto\"],\"inLanguage\":\"es\"},{\"@type\":\"WebPage\",\"@id\":\"https:\\\/\\\/lospoliticosveracruz.com\\\/?p=69493\",\"url\":\"https:\\\/\\\/lospoliticosveracruz.com\\\/?p=69493\",\"name\":\"Morena minti\u00f3, rob\u00f3 y traicion\u00f3: PRD - Los pol\u00edticos Veracruz\",\"isPartOf\":{\"@id\":\"https:\\\/\\\/lospoliticosveracruz.com\\\/#website\"},\"datePublished\":\"2021-03-15T22:36:21+00:00\",\"dateModified\":\"2021-03-15T22:36:57+00:00\",\"breadcrumb\":{\"@id\":\"https:\\\/\\\/lospoliticosveracruz.com\\\/?p=69493#breadcrumb\"},\"inLanguage\":\"es\",\"potentialAction\":[{\"@type\":\"ReadAction\",\"target\":[\"https:\\\/\\\/lospoliticosveracruz.com\\\/?p=69493\"]}]},{\"@type\":\"BreadcrumbList\",\"@id\":\"https:\\\/\\\/lospoliticosveracruz.com\\\/?p=69493#breadcrumb\",\"itemListElement\":[{\"@type\":\"ListItem\",\"position\":1,\"name\":\"Portada\",\"item\":\"https:\\\/\\\/lospoliticosveracruz.com\\\/\"},{\"@type\":\"ListItem\",\"position\":2,\"name\":\"Morena minti\u00f3, rob\u00f3 y traicion\u00f3: PRD\"}]},{\"@type\":\"WebSite\",\"@id\":\"https:\\\/\\\/lospoliticosveracruz.com\\\/#website\",\"url\":\"https:\\\/\\\/lospoliticosveracruz.com\\\/\",\"name\":\"Los pol\u00edticos Veracruz\",\"description\":\"\",\"publisher\":{\"@id\":\"https:\\\/\\\/lospoliticosveracruz.com\\\/#organization\"},\"potentialAction\":[{\"@type\":\"SearchAction\",\"target\":{\"@type\":\"EntryPoint\",\"urlTemplate\":\"https:\\\/\\\/lospoliticosveracruz.com\\\/?s={search_term_string}\"},\"query-input\":{\"@type\":\"PropertyValueSpecification\",\"valueRequired\":true,\"valueName\":\"search_term_string\"}}],\"inLanguage\":\"es\"},{\"@type\":\"Organization\",\"@id\":\"https:\\\/\\\/lospoliticosveracruz.com\\\/#organization\",\"name\":\"Los pol\u00edticos Veracruz\",\"url\":\"https:\\\/\\\/lospoliticosveracruz.com\\\/\",\"logo\":{\"@type\":\"ImageObject\",\"inLanguage\":\"es\",\"@id\":\"https:\\\/\\\/lospoliticosveracruz.com\\\/#\\\/schema\\\/logo\\\/image\\\/\",\"url\":\"https:\\\/\\\/lospoliticosveracruz.com\\\/wp-content\\\/uploads\\\/2025\\\/12\\\/Logo-Nuevo-LOS-POLITICOS-1.jpg\",\"contentUrl\":\"https:\\\/\\\/lospoliticosveracruz.com\\\/wp-content\\\/uploads\\\/2025\\\/12\\\/Logo-Nuevo-LOS-POLITICOS-1.jpg\",\"width\":260,\"height\":70,\"caption\":\"Los pol\u00edticos Veracruz\"},\"image\":{\"@id\":\"https:\\\/\\\/lospoliticosveracruz.com\\\/#\\\/schema\\\/logo\\\/image\\\/\"},\"sameAs\":[\"https:\\\/\\\/www.facebook.com\\\/people\\\/Notimemes-de-los-Polticos\\\/61565672886568\\\/\",\"https:\\\/\\\/x.com\\\/LosPoliticosVer\"]},{\"@type\":\"Person\",\"@id\":\"https:\\\/\\\/lospoliticosveracruz.com\\\/#\\\/schema\\\/person\\\/b8702bb0e538456e6efd07080bf2a4a2\",\"name\":\"Lo viste en Los Pol\u00edticos\",\"image\":{\"@type\":\"ImageObject\",\"inLanguage\":\"es\",\"@id\":\"https:\\\/\\\/secure.gravatar.com\\\/avatar\\\/3a8de04a2656d44082be478bd6c086daa447c4651605818287b9532d3d0bd435?s=96&d=mm&r=g\",\"url\":\"https:\\\/\\\/secure.gravatar.com\\\/avatar\\\/3a8de04a2656d44082be478bd6c086daa447c4651605818287b9532d3d0bd435?s=96&d=mm&r=g\",\"contentUrl\":\"https:\\\/\\\/secure.gravatar.com\\\/avatar\\\/3a8de04a2656d44082be478bd6c086daa447c4651605818287b9532d3d0bd435?s=96&d=mm&r=g\",\"caption\":\"Lo viste en Los Pol\u00edticos\"},\"url\":\"https:\\\/\\\/lospoliticosveracruz.com\\\/?author=2\"}]}<\/script>\n<!-- \/ Yoast SEO plugin. -->","yoast_head_json":{"title":"Morena minti\u00f3, rob\u00f3 y traicion\u00f3: PRD - Los pol\u00edticos Veracruz","robots":{"index":"index","follow":"follow","max-snippet":"max-snippet:-1","max-image-preview":"max-image-preview:large","max-video-preview":"max-video-preview:-1"},"canonical":"https:\/\/lospoliticosveracruz.com\/?p=69493","og_locale":"es_ES","og_type":"article","og_title":"Morena minti\u00f3, rob\u00f3 y traicion\u00f3: PRD - Los pol\u00edticos Veracruz","og_description":"Papantla de OlarteEn representaci\u00f3n de la alianza electoral Veracruz Va, Sergio Cadena Mart\u00ednez, presidente de la direcci\u00f3n estatal ejecutiva del PRD en Veracruz reiter\u00f3 el compromiso de la misma con la zona del Totonacapan, con los sectores sociales y productivos de la zona norte y los representantes del sector industrial y agrario, para luchar palmo [&hellip;]","og_url":"https:\/\/lospoliticosveracruz.com\/?p=69493","og_site_name":"Los pol\u00edticos Veracruz","article_publisher":"https:\/\/www.facebook.com\/people\/Notimemes-de-los-Polticos\/61565672886568\/","article_published_time":"2021-03-15T22:36:21+00:00","article_modified_time":"2021-03-15T22:36:57+00:00","og_image":[{"width":200,"height":200,"url":"https:\/\/lospoliticosveracruz.com\/wp-content\/uploads\/2016\/07\/Logo-Dor.jpg","type":"image\/jpeg"}],"author":"Lo viste en Los Pol\u00edticos","twitter_card":"summary_large_image","twitter_creator":"@LosPoliticosVer","twitter_site":"@LosPoliticosVer","twitter_misc":{"Escrito por":"Lo viste en Los Pol\u00edticos","Tiempo de lectura":"2 minutos"},"schema":{"@context":"https:\/\/schema.org","@graph":[{"@type":"Article","@id":"https:\/\/lospoliticosveracruz.com\/?p=69493#article","isPartOf":{"@id":"https:\/\/lospoliticosveracruz.com\/?p=69493"},"author":{"name":"Lo viste en Los Pol\u00edticos","@id":"https:\/\/lospoliticosveracruz.com\/#\/schema\/person\/b8702bb0e538456e6efd07080bf2a4a2"},"headline":"Morena minti\u00f3, rob\u00f3 y traicion\u00f3: PRD","datePublished":"2021-03-15T22:36:21+00:00","dateModified":"2021-03-15T22:36:57+00:00","mainEntityOfPage":{"@id":"https:\/\/lospoliticosveracruz.com\/?p=69493"},"wordCount":478,"publisher":{"@id":"https:\/\/lospoliticosveracruz.com\/#organization"},"keywords":["Joaqu\u00edn Guzm\u00e1n Avil\u00e9s","PRD","programas electorales","Sergio Cadena Mart\u00ednez","Veracruz Va"],"articleSection":["De Boleto"],"inLanguage":"es"},{"@type":"WebPage","@id":"https:\/\/lospoliticosveracruz.com\/?p=69493","url":"https:\/\/lospoliticosveracruz.com\/?p=69493","name":"Morena minti\u00f3, rob\u00f3 y traicion\u00f3: PRD - Los pol\u00edticos Veracruz","isPartOf":{"@id":"https:\/\/lospoliticosveracruz.com\/#website"},"datePublished":"2021-03-15T22:36:21+00:00","dateModified":"2021-03-15T22:36:57+00:00","breadcrumb":{"@id":"https:\/\/lospoliticosveracruz.com\/?p=69493#breadcrumb"},"inLanguage":"es","potentialAction":[{"@type":"ReadAction","target":["https:\/\/lospoliticosveracruz.com\/?p=69493"]}]},{"@type":"BreadcrumbList","@id":"https:\/\/lospoliticosveracruz.com\/?p=69493#breadcrumb","itemListElement":[{"@type":"ListItem","position":1,"name":"Portada","item":"https:\/\/lospoliticosveracruz.com\/"},{"@type":"ListItem","position":2,"name":"Morena minti\u00f3, rob\u00f3 y traicion\u00f3: PRD"}]},{"@type":"WebSite","@id":"https:\/\/lospoliticosveracruz.com\/#website","url":"https:\/\/lospoliticosveracruz.com\/","name":"Los pol\u00edticos Veracruz","description":"","publisher":{"@id":"https:\/\/lospoliticosveracruz.com\/#organization"},"potentialAction":[{"@type":"SearchAction","target":{"@type":"EntryPoint","urlTemplate":"https:\/\/lospoliticosveracruz.com\/?s={search_term_string}"},"query-input":{"@type":"PropertyValueSpecification","valueRequired":true,"valueName":"search_term_string"}}],"inLanguage":"es"},{"@type":"Organization","@id":"https:\/\/lospoliticosveracruz.com\/#organization","name":"Los pol\u00edticos Veracruz","url":"https:\/\/lospoliticosveracruz.com\/","logo":{"@type":"ImageObject","inLanguage":"es","@id":"https:\/\/lospoliticosveracruz.com\/#\/schema\/logo\/image\/","url":"https:\/\/lospoliticosveracruz.com\/wp-content\/uploads\/2025\/12\/Logo-Nuevo-LOS-POLITICOS-1.jpg","contentUrl":"https:\/\/lospoliticosveracruz.com\/wp-content\/uploads\/2025\/12\/Logo-Nuevo-LOS-POLITICOS-1.jpg","width":260,"height":70,"caption":"Los pol\u00edticos Veracruz"},"image":{"@id":"https:\/\/lospoliticosveracruz.com\/#\/schema\/logo\/image\/"},"sameAs":["https:\/\/www.facebook.com\/people\/Notimemes-de-los-Polticos\/61565672886568\/","https:\/\/x.com\/LosPoliticosVer"]},{"@type":"Person","@id":"https:\/\/lospoliticosveracruz.com\/#\/schema\/person\/b8702bb0e538456e6efd07080bf2a4a2","name":"Lo viste en Los Pol\u00edticos","image":{"@type":"ImageObject","inLanguage":"es","@id":"https:\/\/secure.gravatar.com\/avatar\/3a8de04a2656d44082be478bd6c086daa447c4651605818287b9532d3d0bd435?s=96&d=mm&r=g","url":"https:\/\/secure.gravatar.com\/avatar\/3a8de04a2656d44082be478bd6c086daa447c4651605818287b9532d3d0bd435?s=96&d=mm&r=g","contentUrl":"https:\/\/secure.gravatar.com\/avatar\/3a8de04a2656d44082be478bd6c086daa447c4651605818287b9532d3d0bd435?s=96&d=mm&r=g","caption":"Lo viste en Los Pol\u00edticos"},"url":"https:\/\/lospoliticosveracruz.com\/?author=2"}]}},"_links":{"self":[{"href":"https:\/\/lospoliticosveracruz.com\/index.php?rest_route=\/wp\/v2\/posts\/69493","targetHints":{"allow":["GET"]}}],"collection":[{"href":"https:\/\/lospoliticosveracruz.com\/index.php?rest_route=\/wp\/v2\/posts"}],"about":[{"href":"https:\/\/lospoliticosveracruz.com\/index.php?rest_route=\/wp\/v2\/types\/post"}],"author":[{"embeddable":true,"href":"https:\/\/lospoliticosveracruz.com\/index.php?rest_route=\/wp\/v2\/users\/2"}],"replies":[{"embeddable":true,"href":"https:\/\/lospoliticosveracruz.com\/index.php?rest_route=%2Fwp%2Fv2%2Fcomments&post=69493"}],"version-history":[{"count":1,"href":"https:\/\/lospoliticosveracruz.com\/index.php?rest_route=\/wp\/v2\/posts\/69493\/revisions"}],"predecessor-version":[{"id":69495,"href":"https:\/\/lospoliticosveracruz.com\/index.php?rest_route=\/wp\/v2\/posts\/69493\/revisions\/69495"}],"wp:attachment":[{"href":"https:\/\/lospoliticosveracruz.com\/index.php?rest_route=%2Fwp%2Fv2%2Fmedia&parent=69493"}],"wp:term":[{"taxonomy":"category","embeddable":true,"href":"https:\/\/lospoliticosveracruz.com\/index.php?rest_route=%2Fwp%2Fv2%2Fcategories&post=69493"},{"taxonomy":"post_tag","embeddable":true,"href":"https:\/\/lospoliticosveracruz.com\/index.php?rest_route=%2Fwp%2Fv2%2Ftags&post=69493"}],"curies":[{"name":"wp","href":"https:\/\/api.w.org\/{rel}","templated":true}]}}