{"id":69578,"date":"2021-03-17T08:57:22","date_gmt":"2021-03-17T14:57:22","guid":{"rendered":"http:\/\/www.lospoliticosveracruz.com.mx\/?p=69578"},"modified":"2021-03-17T08:57:38","modified_gmt":"2021-03-17T14:57:38","slug":"parques-marinos","status":"publish","type":"post","link":"https:\/\/lospoliticosveracruz.com\/?p=69578","title":{"rendered":"Parques marinos"},"content":{"rendered":"\n<p><strong>Maricarmen Garc\u00eda El\u00edas<\/strong><\/p>\n\n\n\n<p><em>Animalia<\/em><\/p>\n\n\n\n<p>Los parques marinos y delfinarios nos remontan a nuestra infancia donde era habitual visitarlos o ir al circo como un plan de diversi\u00f3n familiar un fin de semana ignorando todo el maltrato que existe detr\u00e1s de cualquier espect\u00e1culo que emplee animales, incluso personajes como las orcas keiko en el extinto Reino Aventura ahora Six Flags&nbsp; en la Ciudad de M\u00e9xico y Shamu en Estados Unidos fueron el atractivo para que la gente visitara estos parques marinos.<\/p>\n\n\n\n<p>De acuerdo a <em>Personas por el Trato \u00c9tico hacia los Animales<\/em> (PETA), &nbsp;&nbsp;cientos de mam\u00edferos marinos incluyendo al original Shamu, han sido tomados de las aguas de los Estados Unidos y ubicados en acuarios y en parques tem\u00e1ticos. Aunque los parques y zool\u00f3gicos estadounidenses no han capturado delfines en su naturaleza desde 1993, es a\u00fan legal para ellos hacerlo. Otros pa\u00edses contin\u00faan sacando delfines y ballenas de la naturaleza, particularmente del Caribe, donde las atracciones de nadar con delfines se han convertido en algo cada vez m\u00e1s popular.<\/p>\n\n\n\n<p>La mayor\u00eda de personas que asisten a estos lugares ignoran que capturar a un solo delf\u00edn en la naturaleza afecta a todo el grupo. En la naturaleza, las hembras pasan todas sus vidas con sus madres y hermanas dentro del grupo familiar. Se comunican entre ellas a trav\u00e9s de silbidos y lenguaje corporal. Los delfines nadan juntos en grupos familiares o en tribus de a cientos.<\/p>\n\n\n\n<p>Para tomar en cuenta todo el calvario que sufren estos animales, conozcamos el siguiente dato antes de pensar en asistir a un lugar de estos cuando la pandemia pase; para obtener un delf\u00edn hembra en edad de reproducci\u00f3n, los traficantes de animales persiguen al grupo y lo llevan hacia aguas poco profundas donde los animales son rodeados con redes que se van cerrando gradualmente y son luego subidas a embarcaciones. Los delfines no deseados son devueltos al agua. Algunos mueren de shock o estr\u00e9s, y otros ceden lentamente a la neumon\u00eda cuando el agua ingresa a sus pulmones a trav\u00e9s de sus espir\u00e1culos. Las hembras pre\u00f1adas a veces abortan espont\u00e1neamente a sus beb\u00e9s. Los delfines que escapan a la captura se desesperan al ver a sus compa\u00f1eros capturados y pueden morir al intentar salvarlos.<\/p>\n\n\n\n<p>Por si fuera poco la evidencia incuestionable de la crueldad y de la inconveniencia de sacar animales de su h\u00e1bitat natural y de sus comunidades, mantener a los delfines en cautiverio los condena a vivir como meras atracciones en los parques tem\u00e1ticos y en centros tur\u00edsticos, donde son forzados a realizar trucos tontos por comida frente a una gran cantidad de gente gritona. Son obligados a nadar con turistas, a menudo alimentados por ellos y acariciados por buscadores de curiosidades. Sin embargo, la mayor\u00eda de las veces son obligados a nadar en c\u00edrculos sin fin en tanques de concreto demasiado peque\u00f1os.<\/p>\n\n\n\n<p>Importante saber que las orcas y otros delfines navegan por ecolocalizaci\u00f3n, pero en los tanques, las reverberaciones de su propio s\u00f3nar rebota contra las paredes, volvi\u00e9ndolos locos. El mundialmente renombrado ocean\u00f3grafo Jean-Michel Cousteau compar\u00f3 la manutenci\u00f3n de orcas en tanques con una persona con una venda en los ojos en una celda en prisi\u00f3n.<\/p>\n\n\n\n<p>Un estudio de 2010 efectuado por la profesora Lori Marino en la Universidad Emory en Atlanta us\u00f3 resonancias magn\u00e9ticas para hacer un esquema mental de los cerebros de los delfines y compararlos con los de los primates, y concluy\u00f3 que los delfines ocupan el segundo lugar luego de los humanos en inteligencia. Al menos dos cient\u00edficos recomiendan que a los delfines se les de el mismo status que a los humanos. Otros estudios revelaron que los delfines tienen distintas personalidades, pueden pensar sobre el futuro y tienen un fuerte sentido de s\u00ed mismos y que nuevos comportamientos son transmitidos de un delf\u00edn a otro.<\/p>\n\n\n\n<p>La gente en todo el mundo est\u00e1 reconociendo que los delfines, las orcas y otros cet\u00e1ceos no deben permanecer en cautiverio. Boicots de consumidores han obligado a que todas las exhibiciones de mam\u00edferos marinos cierren en Inglaterra. Israel y Australia proh\u00edben la importaci\u00f3n de delfines para entretenimiento. Los planes de construcci\u00f3n de un tanque para delfines en un centro marino de Virginia en Estados Unidos fueron abandonados luego de una amplia protesta p\u00fablica. Cada vez son m\u00e1s las personas alrededor del mundo que no visitan parques ni zool\u00f3gicos que mantengan mam\u00edferos marinos en cautiverio y que alientan a los acuarios locales a crear m\u00e1s espacio para rehabilitaci\u00f3n (y puesta en libertad) de fauna, rechazando la crianza de m\u00e1s animales.<\/p>\n","protected":false},"excerpt":{"rendered":"<p>Maricarmen Garc\u00eda El\u00edas Animalia Los parques marinos y delfinarios nos remontan a nuestra infancia donde era habitual visitarlos o ir al circo como un plan de diversi\u00f3n familiar un fin de semana ignorando todo el maltrato que existe detr\u00e1s de cualquier espect\u00e1culo que emplee animales, incluso personajes como las orcas keiko en el extinto Reino [&hellip;]<\/p>\n","protected":false},"author":2,"featured_media":0,"comment_status":"closed","ping_status":"closed","sticky":false,"template":"","format":"standard","meta":{"tdm_status":"","tdm_grid_status":"","footnotes":""},"categories":[6451],"tags":[9003,16828,17533,26764],"class_list":{"0":"post-69578","1":"post","2":"type-post","3":"status-publish","4":"format-standard","6":"category-historias_de_amigos","7":"tag-maltrato","8":"tag-maricarmen-garcia-elias","9":"tag-peta","10":"tag-six-flags"},"yoast_head":"<!-- This site is optimized with the Yoast SEO plugin v27.4 - https:\/\/yoast.com\/product\/yoast-seo-wordpress\/ -->\n<title>Parques marinos - Los pol\u00edticos Veracruz<\/title>\n<meta name=\"robots\" content=\"index, follow, max-snippet:-1, max-image-preview:large, max-video-preview:-1\" \/>\n<link rel=\"canonical\" href=\"https:\/\/lospoliticosveracruz.com\/?p=69578\" \/>\n<meta property=\"og:locale\" content=\"es_ES\" \/>\n<meta property=\"og:type\" content=\"article\" \/>\n<meta property=\"og:title\" content=\"Parques marinos - Los pol\u00edticos Veracruz\" \/>\n<meta property=\"og:description\" content=\"Maricarmen Garc\u00eda El\u00edas Animalia Los parques marinos y delfinarios nos remontan a nuestra infancia donde era habitual visitarlos o ir al circo como un plan de diversi\u00f3n familiar un fin de semana ignorando todo el maltrato que existe detr\u00e1s de cualquier espect\u00e1culo que emplee animales, incluso personajes como las orcas keiko en el extinto Reino [&hellip;]\" \/>\n<meta property=\"og:url\" content=\"https:\/\/lospoliticosveracruz.com\/?p=69578\" \/>\n<meta property=\"og:site_name\" content=\"Los pol\u00edticos Veracruz\" \/>\n<meta property=\"article:publisher\" content=\"https:\/\/www.facebook.com\/people\/Notimemes-de-los-Polticos\/61565672886568\/\" \/>\n<meta property=\"article:published_time\" content=\"2021-03-17T14:57:22+00:00\" \/>\n<meta property=\"article:modified_time\" content=\"2021-03-17T14:57:38+00:00\" \/>\n<meta property=\"og:image\" content=\"https:\/\/lospoliticosveracruz.com\/wp-content\/uploads\/2016\/07\/Logo-Dor.jpg\" \/>\n\t<meta property=\"og:image:width\" content=\"200\" \/>\n\t<meta property=\"og:image:height\" content=\"200\" \/>\n\t<meta property=\"og:image:type\" content=\"image\/jpeg\" \/>\n<meta name=\"author\" content=\"Lo viste en Los Pol\u00edticos\" \/>\n<meta name=\"twitter:card\" content=\"summary_large_image\" \/>\n<meta name=\"twitter:creator\" content=\"@LosPoliticosVer\" \/>\n<meta name=\"twitter:site\" content=\"@LosPoliticosVer\" \/>\n<meta name=\"twitter:label1\" content=\"Escrito por\" \/>\n\t<meta name=\"twitter:data1\" content=\"Lo viste en Los Pol\u00edticos\" \/>\n\t<meta name=\"twitter:label2\" content=\"Tiempo de lectura\" \/>\n\t<meta name=\"twitter:data2\" content=\"4 minutos\" \/>\n<script type=\"application\/ld+json\" class=\"yoast-schema-graph\">{\"@context\":\"https:\\\/\\\/schema.org\",\"@graph\":[{\"@type\":\"Article\",\"@id\":\"https:\\\/\\\/lospoliticosveracruz.com\\\/?p=69578#article\",\"isPartOf\":{\"@id\":\"https:\\\/\\\/lospoliticosveracruz.com\\\/?p=69578\"},\"author\":{\"name\":\"Lo viste en Los Pol\u00edticos\",\"@id\":\"https:\\\/\\\/lospoliticosveracruz.com\\\/#\\\/schema\\\/person\\\/b8702bb0e538456e6efd07080bf2a4a2\"},\"headline\":\"Parques marinos\",\"datePublished\":\"2021-03-17T14:57:22+00:00\",\"dateModified\":\"2021-03-17T14:57:38+00:00\",\"mainEntityOfPage\":{\"@id\":\"https:\\\/\\\/lospoliticosveracruz.com\\\/?p=69578\"},\"wordCount\":802,\"publisher\":{\"@id\":\"https:\\\/\\\/lospoliticosveracruz.com\\\/#organization\"},\"keywords\":[\"Maltrato\",\"Maricarmen Garc\u00eda El\u00edas\",\"PETA\",\"Six Flags\"],\"articleSection\":[\"Historias de Amigos\"],\"inLanguage\":\"es\"},{\"@type\":\"WebPage\",\"@id\":\"https:\\\/\\\/lospoliticosveracruz.com\\\/?p=69578\",\"url\":\"https:\\\/\\\/lospoliticosveracruz.com\\\/?p=69578\",\"name\":\"Parques marinos - Los pol\u00edticos Veracruz\",\"isPartOf\":{\"@id\":\"https:\\\/\\\/lospoliticosveracruz.com\\\/#website\"},\"datePublished\":\"2021-03-17T14:57:22+00:00\",\"dateModified\":\"2021-03-17T14:57:38+00:00\",\"breadcrumb\":{\"@id\":\"https:\\\/\\\/lospoliticosveracruz.com\\\/?p=69578#breadcrumb\"},\"inLanguage\":\"es\",\"potentialAction\":[{\"@type\":\"ReadAction\",\"target\":[\"https:\\\/\\\/lospoliticosveracruz.com\\\/?p=69578\"]}]},{\"@type\":\"BreadcrumbList\",\"@id\":\"https:\\\/\\\/lospoliticosveracruz.com\\\/?p=69578#breadcrumb\",\"itemListElement\":[{\"@type\":\"ListItem\",\"position\":1,\"name\":\"Portada\",\"item\":\"https:\\\/\\\/lospoliticosveracruz.com\\\/\"},{\"@type\":\"ListItem\",\"position\":2,\"name\":\"Parques marinos\"}]},{\"@type\":\"WebSite\",\"@id\":\"https:\\\/\\\/lospoliticosveracruz.com\\\/#website\",\"url\":\"https:\\\/\\\/lospoliticosveracruz.com\\\/\",\"name\":\"Los pol\u00edticos Veracruz\",\"description\":\"\",\"publisher\":{\"@id\":\"https:\\\/\\\/lospoliticosveracruz.com\\\/#organization\"},\"potentialAction\":[{\"@type\":\"SearchAction\",\"target\":{\"@type\":\"EntryPoint\",\"urlTemplate\":\"https:\\\/\\\/lospoliticosveracruz.com\\\/?s={search_term_string}\"},\"query-input\":{\"@type\":\"PropertyValueSpecification\",\"valueRequired\":true,\"valueName\":\"search_term_string\"}}],\"inLanguage\":\"es\"},{\"@type\":\"Organization\",\"@id\":\"https:\\\/\\\/lospoliticosveracruz.com\\\/#organization\",\"name\":\"Los pol\u00edticos Veracruz\",\"url\":\"https:\\\/\\\/lospoliticosveracruz.com\\\/\",\"logo\":{\"@type\":\"ImageObject\",\"inLanguage\":\"es\",\"@id\":\"https:\\\/\\\/lospoliticosveracruz.com\\\/#\\\/schema\\\/logo\\\/image\\\/\",\"url\":\"https:\\\/\\\/lospoliticosveracruz.com\\\/wp-content\\\/uploads\\\/2025\\\/12\\\/Logo-Nuevo-LOS-POLITICOS-1.jpg\",\"contentUrl\":\"https:\\\/\\\/lospoliticosveracruz.com\\\/wp-content\\\/uploads\\\/2025\\\/12\\\/Logo-Nuevo-LOS-POLITICOS-1.jpg\",\"width\":260,\"height\":70,\"caption\":\"Los pol\u00edticos Veracruz\"},\"image\":{\"@id\":\"https:\\\/\\\/lospoliticosveracruz.com\\\/#\\\/schema\\\/logo\\\/image\\\/\"},\"sameAs\":[\"https:\\\/\\\/www.facebook.com\\\/people\\\/Notimemes-de-los-Polticos\\\/61565672886568\\\/\",\"https:\\\/\\\/x.com\\\/LosPoliticosVer\"]},{\"@type\":\"Person\",\"@id\":\"https:\\\/\\\/lospoliticosveracruz.com\\\/#\\\/schema\\\/person\\\/b8702bb0e538456e6efd07080bf2a4a2\",\"name\":\"Lo viste en Los Pol\u00edticos\",\"image\":{\"@type\":\"ImageObject\",\"inLanguage\":\"es\",\"@id\":\"https:\\\/\\\/secure.gravatar.com\\\/avatar\\\/3a8de04a2656d44082be478bd6c086daa447c4651605818287b9532d3d0bd435?s=96&d=mm&r=g\",\"url\":\"https:\\\/\\\/secure.gravatar.com\\\/avatar\\\/3a8de04a2656d44082be478bd6c086daa447c4651605818287b9532d3d0bd435?s=96&d=mm&r=g\",\"contentUrl\":\"https:\\\/\\\/secure.gravatar.com\\\/avatar\\\/3a8de04a2656d44082be478bd6c086daa447c4651605818287b9532d3d0bd435?s=96&d=mm&r=g\",\"caption\":\"Lo viste en Los Pol\u00edticos\"},\"url\":\"https:\\\/\\\/lospoliticosveracruz.com\\\/?author=2\"}]}<\/script>\n<!-- \/ Yoast SEO plugin. -->","yoast_head_json":{"title":"Parques marinos - Los pol\u00edticos Veracruz","robots":{"index":"index","follow":"follow","max-snippet":"max-snippet:-1","max-image-preview":"max-image-preview:large","max-video-preview":"max-video-preview:-1"},"canonical":"https:\/\/lospoliticosveracruz.com\/?p=69578","og_locale":"es_ES","og_type":"article","og_title":"Parques marinos - Los pol\u00edticos Veracruz","og_description":"Maricarmen Garc\u00eda El\u00edas Animalia Los parques marinos y delfinarios nos remontan a nuestra infancia donde era habitual visitarlos o ir al circo como un plan de diversi\u00f3n familiar un fin de semana ignorando todo el maltrato que existe detr\u00e1s de cualquier espect\u00e1culo que emplee animales, incluso personajes como las orcas keiko en el extinto Reino [&hellip;]","og_url":"https:\/\/lospoliticosveracruz.com\/?p=69578","og_site_name":"Los pol\u00edticos Veracruz","article_publisher":"https:\/\/www.facebook.com\/people\/Notimemes-de-los-Polticos\/61565672886568\/","article_published_time":"2021-03-17T14:57:22+00:00","article_modified_time":"2021-03-17T14:57:38+00:00","og_image":[{"width":200,"height":200,"url":"https:\/\/lospoliticosveracruz.com\/wp-content\/uploads\/2016\/07\/Logo-Dor.jpg","type":"image\/jpeg"}],"author":"Lo viste en Los Pol\u00edticos","twitter_card":"summary_large_image","twitter_creator":"@LosPoliticosVer","twitter_site":"@LosPoliticosVer","twitter_misc":{"Escrito por":"Lo viste en Los Pol\u00edticos","Tiempo de lectura":"4 minutos"},"schema":{"@context":"https:\/\/schema.org","@graph":[{"@type":"Article","@id":"https:\/\/lospoliticosveracruz.com\/?p=69578#article","isPartOf":{"@id":"https:\/\/lospoliticosveracruz.com\/?p=69578"},"author":{"name":"Lo viste en Los Pol\u00edticos","@id":"https:\/\/lospoliticosveracruz.com\/#\/schema\/person\/b8702bb0e538456e6efd07080bf2a4a2"},"headline":"Parques marinos","datePublished":"2021-03-17T14:57:22+00:00","dateModified":"2021-03-17T14:57:38+00:00","mainEntityOfPage":{"@id":"https:\/\/lospoliticosveracruz.com\/?p=69578"},"wordCount":802,"publisher":{"@id":"https:\/\/lospoliticosveracruz.com\/#organization"},"keywords":["Maltrato","Maricarmen Garc\u00eda El\u00edas","PETA","Six Flags"],"articleSection":["Historias de Amigos"],"inLanguage":"es"},{"@type":"WebPage","@id":"https:\/\/lospoliticosveracruz.com\/?p=69578","url":"https:\/\/lospoliticosveracruz.com\/?p=69578","name":"Parques marinos - Los pol\u00edticos Veracruz","isPartOf":{"@id":"https:\/\/lospoliticosveracruz.com\/#website"},"datePublished":"2021-03-17T14:57:22+00:00","dateModified":"2021-03-17T14:57:38+00:00","breadcrumb":{"@id":"https:\/\/lospoliticosveracruz.com\/?p=69578#breadcrumb"},"inLanguage":"es","potentialAction":[{"@type":"ReadAction","target":["https:\/\/lospoliticosveracruz.com\/?p=69578"]}]},{"@type":"BreadcrumbList","@id":"https:\/\/lospoliticosveracruz.com\/?p=69578#breadcrumb","itemListElement":[{"@type":"ListItem","position":1,"name":"Portada","item":"https:\/\/lospoliticosveracruz.com\/"},{"@type":"ListItem","position":2,"name":"Parques marinos"}]},{"@type":"WebSite","@id":"https:\/\/lospoliticosveracruz.com\/#website","url":"https:\/\/lospoliticosveracruz.com\/","name":"Los pol\u00edticos Veracruz","description":"","publisher":{"@id":"https:\/\/lospoliticosveracruz.com\/#organization"},"potentialAction":[{"@type":"SearchAction","target":{"@type":"EntryPoint","urlTemplate":"https:\/\/lospoliticosveracruz.com\/?s={search_term_string}"},"query-input":{"@type":"PropertyValueSpecification","valueRequired":true,"valueName":"search_term_string"}}],"inLanguage":"es"},{"@type":"Organization","@id":"https:\/\/lospoliticosveracruz.com\/#organization","name":"Los pol\u00edticos Veracruz","url":"https:\/\/lospoliticosveracruz.com\/","logo":{"@type":"ImageObject","inLanguage":"es","@id":"https:\/\/lospoliticosveracruz.com\/#\/schema\/logo\/image\/","url":"https:\/\/lospoliticosveracruz.com\/wp-content\/uploads\/2025\/12\/Logo-Nuevo-LOS-POLITICOS-1.jpg","contentUrl":"https:\/\/lospoliticosveracruz.com\/wp-content\/uploads\/2025\/12\/Logo-Nuevo-LOS-POLITICOS-1.jpg","width":260,"height":70,"caption":"Los pol\u00edticos Veracruz"},"image":{"@id":"https:\/\/lospoliticosveracruz.com\/#\/schema\/logo\/image\/"},"sameAs":["https:\/\/www.facebook.com\/people\/Notimemes-de-los-Polticos\/61565672886568\/","https:\/\/x.com\/LosPoliticosVer"]},{"@type":"Person","@id":"https:\/\/lospoliticosveracruz.com\/#\/schema\/person\/b8702bb0e538456e6efd07080bf2a4a2","name":"Lo viste en Los Pol\u00edticos","image":{"@type":"ImageObject","inLanguage":"es","@id":"https:\/\/secure.gravatar.com\/avatar\/3a8de04a2656d44082be478bd6c086daa447c4651605818287b9532d3d0bd435?s=96&d=mm&r=g","url":"https:\/\/secure.gravatar.com\/avatar\/3a8de04a2656d44082be478bd6c086daa447c4651605818287b9532d3d0bd435?s=96&d=mm&r=g","contentUrl":"https:\/\/secure.gravatar.com\/avatar\/3a8de04a2656d44082be478bd6c086daa447c4651605818287b9532d3d0bd435?s=96&d=mm&r=g","caption":"Lo viste en Los Pol\u00edticos"},"url":"https:\/\/lospoliticosveracruz.com\/?author=2"}]}},"_links":{"self":[{"href":"https:\/\/lospoliticosveracruz.com\/index.php?rest_route=\/wp\/v2\/posts\/69578","targetHints":{"allow":["GET"]}}],"collection":[{"href":"https:\/\/lospoliticosveracruz.com\/index.php?rest_route=\/wp\/v2\/posts"}],"about":[{"href":"https:\/\/lospoliticosveracruz.com\/index.php?rest_route=\/wp\/v2\/types\/post"}],"author":[{"embeddable":true,"href":"https:\/\/lospoliticosveracruz.com\/index.php?rest_route=\/wp\/v2\/users\/2"}],"replies":[{"embeddable":true,"href":"https:\/\/lospoliticosveracruz.com\/index.php?rest_route=%2Fwp%2Fv2%2Fcomments&post=69578"}],"version-history":[{"count":1,"href":"https:\/\/lospoliticosveracruz.com\/index.php?rest_route=\/wp\/v2\/posts\/69578\/revisions"}],"predecessor-version":[{"id":69579,"href":"https:\/\/lospoliticosveracruz.com\/index.php?rest_route=\/wp\/v2\/posts\/69578\/revisions\/69579"}],"wp:attachment":[{"href":"https:\/\/lospoliticosveracruz.com\/index.php?rest_route=%2Fwp%2Fv2%2Fmedia&parent=69578"}],"wp:term":[{"taxonomy":"category","embeddable":true,"href":"https:\/\/lospoliticosveracruz.com\/index.php?rest_route=%2Fwp%2Fv2%2Fcategories&post=69578"},{"taxonomy":"post_tag","embeddable":true,"href":"https:\/\/lospoliticosveracruz.com\/index.php?rest_route=%2Fwp%2Fv2%2Ftags&post=69578"}],"curies":[{"name":"wp","href":"https:\/\/api.w.org\/{rel}","templated":true}]}}