{"id":69606,"date":"2021-03-17T14:05:39","date_gmt":"2021-03-17T20:05:39","guid":{"rendered":"http:\/\/www.lospoliticosveracruz.com.mx\/?p=69606"},"modified":"2021-03-17T14:06:14","modified_gmt":"2021-03-17T20:06:14","slug":"acusa-isleno-campana-de-desprestigio-en-su-contra","status":"publish","type":"post","link":"https:\/\/lospoliticosveracruz.com\/?p=69606","title":{"rendered":"Acusa Isle\u00f1o campa\u00f1a de desprestigio en su contra"},"content":{"rendered":"\n<p><strong>Medell\u00edn de Bravo<br><\/strong>Marcos Isle\u00f1o Andrade, aspirante a la alcald\u00eda de Medell\u00edn de Bravo, asegur\u00f3 que las acusaciones en su contra son totalmente falsas y forman parte de la estrategia de sus adversarios para afectar su imagen y para demeritar su proyecto pol\u00edtico-electoral del presente a\u00f1o.<br>En conferencia de prensa, en donde estuvo acompa\u00f1ado de su abogado Jos\u00e9 \u00c1ngel Z\u00e1rate Villegas, el precandidato por la alianza PVEM-Morena-PT inform\u00f3 que ya present\u00f3 -ante la Fiscal\u00eda General del Estado y ante el Ople- las denuncias correspondientes en contra de Enrique Trejo Morales, militante de Morena en Medell\u00edn, a quien se\u00f1al\u00f3 de ser el autor material de la campa\u00f1a de difamaci\u00f3n en su contra.<br>\u201cSabemos muy bien los intereses obscuros que est\u00e1n detr\u00e1s de esta campa\u00f1a de difamaci\u00f3n y calumnias en mi contra. Pero ha sido Enrique Trejo quien de forma p\u00fablica me ha acusado de golpear a una mujer, lo cual es totalmente falso, por lo que ya present\u00e9 las denuncias en su contra y exigir\u00e9 que se investigue a fondo y en todo caso se aplique todo el peso de la ley\u201d, expres\u00f3 Isle\u00f1o Andrade.<br>Agreg\u00f3 que por respeto a ella y a su familia no abundar\u00eda sobre el tema de la mujer a la que supuestamente golpe\u00f3, aunque sostuvo que sobre ese punto nunca ha existido una denuncia ante los \u00f3rganos oficiales, \u201ctodo ha sido manipulado de forma medi\u00e1tica y perversa por parte de mis adversarios\u201d.<br>Como ejemplo mencion\u00f3 la protesta en su contra de supuestos grupos feministas realizada en Xalapa, cuyas protestantes ni siquiera sab\u00edan de d\u00f3nde proced\u00edan ni el nombre de la persona que acusaban.<br>Ante la pregunta sobre a qu\u00e9 atribu\u00eda tales se\u00f1alamientos sobre su persona, el aspirante a la alcald\u00eda respondi\u00f3 que esto se debe a que las mediciones electorales lo posicionan muy arriba de sus oponentes.<br>Por su parte, el abogado Jos\u00e9 \u00c1ngel Z\u00e1rate Villegas, inform\u00f3 que la denuncia en contra de Enrique Trejo Morales y quienes resulten responsables es por falsedad y \u00e9sta fue radicada ante la Fiscal\u00eda General del Estado.<br>Adem\u00e1s, el litigante agreg\u00f3 que se present\u00f3 una queja ante el Ople en contra de Trejo Morales por propaganda negativa y propaganda anticipada.<\/p>\n","protected":false},"excerpt":{"rendered":"<p>Medell\u00edn de BravoMarcos Isle\u00f1o Andrade, aspirante a la alcald\u00eda de Medell\u00edn de Bravo, asegur\u00f3 que las acusaciones en su contra son totalmente falsas y forman parte de la estrategia de sus adversarios para afectar su imagen y para demeritar su proyecto pol\u00edtico-electoral del presente a\u00f1o.En conferencia de prensa, en donde estuvo acompa\u00f1ado de su abogado [&hellip;]<\/p>\n","protected":false},"author":2,"featured_media":0,"comment_status":"closed","ping_status":"closed","sticky":false,"template":"","format":"standard","meta":{"tdm_status":"","tdm_grid_status":"","footnotes":""},"categories":[73],"tags":[1026,26777],"class_list":{"0":"post-69606","1":"post","2":"type-post","3":"status-publish","4":"format-standard","6":"category-de-boleto","7":"tag-morena","8":"tag-proyecto-politico-electoral"},"yoast_head":"<!-- This site is optimized with the Yoast SEO plugin v27.4 - https:\/\/yoast.com\/product\/yoast-seo-wordpress\/ -->\n<title>Acusa Isle\u00f1o campa\u00f1a de desprestigio en su contra - Los pol\u00edticos Veracruz<\/title>\n<meta name=\"robots\" content=\"index, follow, max-snippet:-1, max-image-preview:large, max-video-preview:-1\" \/>\n<link rel=\"canonical\" href=\"https:\/\/lospoliticosveracruz.com\/?p=69606\" \/>\n<meta property=\"og:locale\" content=\"es_ES\" \/>\n<meta property=\"og:type\" content=\"article\" \/>\n<meta property=\"og:title\" content=\"Acusa Isle\u00f1o campa\u00f1a de desprestigio en su contra - Los pol\u00edticos Veracruz\" \/>\n<meta property=\"og:description\" content=\"Medell\u00edn de BravoMarcos Isle\u00f1o Andrade, aspirante a la alcald\u00eda de Medell\u00edn de Bravo, asegur\u00f3 que las acusaciones en su contra son totalmente falsas y forman parte de la estrategia de sus adversarios para afectar su imagen y para demeritar su proyecto pol\u00edtico-electoral del presente a\u00f1o.En conferencia de prensa, en donde estuvo acompa\u00f1ado de su abogado [&hellip;]\" \/>\n<meta property=\"og:url\" content=\"https:\/\/lospoliticosveracruz.com\/?p=69606\" \/>\n<meta property=\"og:site_name\" content=\"Los pol\u00edticos Veracruz\" \/>\n<meta property=\"article:publisher\" content=\"https:\/\/www.facebook.com\/people\/Notimemes-de-los-Polticos\/61565672886568\/\" \/>\n<meta property=\"article:published_time\" content=\"2021-03-17T20:05:39+00:00\" \/>\n<meta property=\"article:modified_time\" content=\"2021-03-17T20:06:14+00:00\" \/>\n<meta property=\"og:image\" content=\"https:\/\/lospoliticosveracruz.com\/wp-content\/uploads\/2016\/07\/Logo-Dor.jpg\" \/>\n\t<meta property=\"og:image:width\" content=\"200\" \/>\n\t<meta property=\"og:image:height\" content=\"200\" \/>\n\t<meta property=\"og:image:type\" content=\"image\/jpeg\" \/>\n<meta name=\"author\" content=\"Lo viste en Los Pol\u00edticos\" \/>\n<meta name=\"twitter:card\" content=\"summary_large_image\" \/>\n<meta name=\"twitter:creator\" content=\"@LosPoliticosVer\" \/>\n<meta name=\"twitter:site\" content=\"@LosPoliticosVer\" \/>\n<meta name=\"twitter:label1\" content=\"Escrito por\" \/>\n\t<meta name=\"twitter:data1\" content=\"Lo viste en Los Pol\u00edticos\" \/>\n\t<meta name=\"twitter:label2\" content=\"Tiempo de lectura\" \/>\n\t<meta name=\"twitter:data2\" content=\"2 minutos\" \/>\n<script type=\"application\/ld+json\" class=\"yoast-schema-graph\">{\"@context\":\"https:\\\/\\\/schema.org\",\"@graph\":[{\"@type\":\"Article\",\"@id\":\"https:\\\/\\\/lospoliticosveracruz.com\\\/?p=69606#article\",\"isPartOf\":{\"@id\":\"https:\\\/\\\/lospoliticosveracruz.com\\\/?p=69606\"},\"author\":{\"name\":\"Lo viste en Los Pol\u00edticos\",\"@id\":\"https:\\\/\\\/lospoliticosveracruz.com\\\/#\\\/schema\\\/person\\\/b8702bb0e538456e6efd07080bf2a4a2\"},\"headline\":\"Acusa Isle\u00f1o campa\u00f1a de desprestigio en su contra\",\"datePublished\":\"2021-03-17T20:05:39+00:00\",\"dateModified\":\"2021-03-17T20:06:14+00:00\",\"mainEntityOfPage\":{\"@id\":\"https:\\\/\\\/lospoliticosveracruz.com\\\/?p=69606\"},\"wordCount\":400,\"publisher\":{\"@id\":\"https:\\\/\\\/lospoliticosveracruz.com\\\/#organization\"},\"keywords\":[\"Morena\",\"proyecto pol\u00edtico-electoral\"],\"articleSection\":[\"De Boleto\"],\"inLanguage\":\"es\"},{\"@type\":\"WebPage\",\"@id\":\"https:\\\/\\\/lospoliticosveracruz.com\\\/?p=69606\",\"url\":\"https:\\\/\\\/lospoliticosveracruz.com\\\/?p=69606\",\"name\":\"Acusa Isle\u00f1o campa\u00f1a de desprestigio en su contra - Los pol\u00edticos Veracruz\",\"isPartOf\":{\"@id\":\"https:\\\/\\\/lospoliticosveracruz.com\\\/#website\"},\"datePublished\":\"2021-03-17T20:05:39+00:00\",\"dateModified\":\"2021-03-17T20:06:14+00:00\",\"breadcrumb\":{\"@id\":\"https:\\\/\\\/lospoliticosveracruz.com\\\/?p=69606#breadcrumb\"},\"inLanguage\":\"es\",\"potentialAction\":[{\"@type\":\"ReadAction\",\"target\":[\"https:\\\/\\\/lospoliticosveracruz.com\\\/?p=69606\"]}]},{\"@type\":\"BreadcrumbList\",\"@id\":\"https:\\\/\\\/lospoliticosveracruz.com\\\/?p=69606#breadcrumb\",\"itemListElement\":[{\"@type\":\"ListItem\",\"position\":1,\"name\":\"Portada\",\"item\":\"https:\\\/\\\/lospoliticosveracruz.com\\\/\"},{\"@type\":\"ListItem\",\"position\":2,\"name\":\"Acusa Isle\u00f1o campa\u00f1a de desprestigio en su contra\"}]},{\"@type\":\"WebSite\",\"@id\":\"https:\\\/\\\/lospoliticosveracruz.com\\\/#website\",\"url\":\"https:\\\/\\\/lospoliticosveracruz.com\\\/\",\"name\":\"Los pol\u00edticos Veracruz\",\"description\":\"\",\"publisher\":{\"@id\":\"https:\\\/\\\/lospoliticosveracruz.com\\\/#organization\"},\"potentialAction\":[{\"@type\":\"SearchAction\",\"target\":{\"@type\":\"EntryPoint\",\"urlTemplate\":\"https:\\\/\\\/lospoliticosveracruz.com\\\/?s={search_term_string}\"},\"query-input\":{\"@type\":\"PropertyValueSpecification\",\"valueRequired\":true,\"valueName\":\"search_term_string\"}}],\"inLanguage\":\"es\"},{\"@type\":\"Organization\",\"@id\":\"https:\\\/\\\/lospoliticosveracruz.com\\\/#organization\",\"name\":\"Los pol\u00edticos Veracruz\",\"url\":\"https:\\\/\\\/lospoliticosveracruz.com\\\/\",\"logo\":{\"@type\":\"ImageObject\",\"inLanguage\":\"es\",\"@id\":\"https:\\\/\\\/lospoliticosveracruz.com\\\/#\\\/schema\\\/logo\\\/image\\\/\",\"url\":\"https:\\\/\\\/lospoliticosveracruz.com\\\/wp-content\\\/uploads\\\/2025\\\/12\\\/Logo-Nuevo-LOS-POLITICOS-1.jpg\",\"contentUrl\":\"https:\\\/\\\/lospoliticosveracruz.com\\\/wp-content\\\/uploads\\\/2025\\\/12\\\/Logo-Nuevo-LOS-POLITICOS-1.jpg\",\"width\":260,\"height\":70,\"caption\":\"Los pol\u00edticos Veracruz\"},\"image\":{\"@id\":\"https:\\\/\\\/lospoliticosveracruz.com\\\/#\\\/schema\\\/logo\\\/image\\\/\"},\"sameAs\":[\"https:\\\/\\\/www.facebook.com\\\/people\\\/Notimemes-de-los-Polticos\\\/61565672886568\\\/\",\"https:\\\/\\\/x.com\\\/LosPoliticosVer\"]},{\"@type\":\"Person\",\"@id\":\"https:\\\/\\\/lospoliticosveracruz.com\\\/#\\\/schema\\\/person\\\/b8702bb0e538456e6efd07080bf2a4a2\",\"name\":\"Lo viste en Los Pol\u00edticos\",\"image\":{\"@type\":\"ImageObject\",\"inLanguage\":\"es\",\"@id\":\"https:\\\/\\\/secure.gravatar.com\\\/avatar\\\/3a8de04a2656d44082be478bd6c086daa447c4651605818287b9532d3d0bd435?s=96&d=mm&r=g\",\"url\":\"https:\\\/\\\/secure.gravatar.com\\\/avatar\\\/3a8de04a2656d44082be478bd6c086daa447c4651605818287b9532d3d0bd435?s=96&d=mm&r=g\",\"contentUrl\":\"https:\\\/\\\/secure.gravatar.com\\\/avatar\\\/3a8de04a2656d44082be478bd6c086daa447c4651605818287b9532d3d0bd435?s=96&d=mm&r=g\",\"caption\":\"Lo viste en Los Pol\u00edticos\"},\"url\":\"https:\\\/\\\/lospoliticosveracruz.com\\\/?author=2\"}]}<\/script>\n<!-- \/ Yoast SEO plugin. -->","yoast_head_json":{"title":"Acusa Isle\u00f1o campa\u00f1a de desprestigio en su contra - Los pol\u00edticos Veracruz","robots":{"index":"index","follow":"follow","max-snippet":"max-snippet:-1","max-image-preview":"max-image-preview:large","max-video-preview":"max-video-preview:-1"},"canonical":"https:\/\/lospoliticosveracruz.com\/?p=69606","og_locale":"es_ES","og_type":"article","og_title":"Acusa Isle\u00f1o campa\u00f1a de desprestigio en su contra - Los pol\u00edticos Veracruz","og_description":"Medell\u00edn de BravoMarcos Isle\u00f1o Andrade, aspirante a la alcald\u00eda de Medell\u00edn de Bravo, asegur\u00f3 que las acusaciones en su contra son totalmente falsas y forman parte de la estrategia de sus adversarios para afectar su imagen y para demeritar su proyecto pol\u00edtico-electoral del presente a\u00f1o.En conferencia de prensa, en donde estuvo acompa\u00f1ado de su abogado [&hellip;]","og_url":"https:\/\/lospoliticosveracruz.com\/?p=69606","og_site_name":"Los pol\u00edticos Veracruz","article_publisher":"https:\/\/www.facebook.com\/people\/Notimemes-de-los-Polticos\/61565672886568\/","article_published_time":"2021-03-17T20:05:39+00:00","article_modified_time":"2021-03-17T20:06:14+00:00","og_image":[{"width":200,"height":200,"url":"https:\/\/lospoliticosveracruz.com\/wp-content\/uploads\/2016\/07\/Logo-Dor.jpg","type":"image\/jpeg"}],"author":"Lo viste en Los Pol\u00edticos","twitter_card":"summary_large_image","twitter_creator":"@LosPoliticosVer","twitter_site":"@LosPoliticosVer","twitter_misc":{"Escrito por":"Lo viste en Los Pol\u00edticos","Tiempo de lectura":"2 minutos"},"schema":{"@context":"https:\/\/schema.org","@graph":[{"@type":"Article","@id":"https:\/\/lospoliticosveracruz.com\/?p=69606#article","isPartOf":{"@id":"https:\/\/lospoliticosveracruz.com\/?p=69606"},"author":{"name":"Lo viste en Los Pol\u00edticos","@id":"https:\/\/lospoliticosveracruz.com\/#\/schema\/person\/b8702bb0e538456e6efd07080bf2a4a2"},"headline":"Acusa Isle\u00f1o campa\u00f1a de desprestigio en su contra","datePublished":"2021-03-17T20:05:39+00:00","dateModified":"2021-03-17T20:06:14+00:00","mainEntityOfPage":{"@id":"https:\/\/lospoliticosveracruz.com\/?p=69606"},"wordCount":400,"publisher":{"@id":"https:\/\/lospoliticosveracruz.com\/#organization"},"keywords":["Morena","proyecto pol\u00edtico-electoral"],"articleSection":["De Boleto"],"inLanguage":"es"},{"@type":"WebPage","@id":"https:\/\/lospoliticosveracruz.com\/?p=69606","url":"https:\/\/lospoliticosveracruz.com\/?p=69606","name":"Acusa Isle\u00f1o campa\u00f1a de desprestigio en su contra - Los pol\u00edticos Veracruz","isPartOf":{"@id":"https:\/\/lospoliticosveracruz.com\/#website"},"datePublished":"2021-03-17T20:05:39+00:00","dateModified":"2021-03-17T20:06:14+00:00","breadcrumb":{"@id":"https:\/\/lospoliticosveracruz.com\/?p=69606#breadcrumb"},"inLanguage":"es","potentialAction":[{"@type":"ReadAction","target":["https:\/\/lospoliticosveracruz.com\/?p=69606"]}]},{"@type":"BreadcrumbList","@id":"https:\/\/lospoliticosveracruz.com\/?p=69606#breadcrumb","itemListElement":[{"@type":"ListItem","position":1,"name":"Portada","item":"https:\/\/lospoliticosveracruz.com\/"},{"@type":"ListItem","position":2,"name":"Acusa Isle\u00f1o campa\u00f1a de desprestigio en su contra"}]},{"@type":"WebSite","@id":"https:\/\/lospoliticosveracruz.com\/#website","url":"https:\/\/lospoliticosveracruz.com\/","name":"Los pol\u00edticos Veracruz","description":"","publisher":{"@id":"https:\/\/lospoliticosveracruz.com\/#organization"},"potentialAction":[{"@type":"SearchAction","target":{"@type":"EntryPoint","urlTemplate":"https:\/\/lospoliticosveracruz.com\/?s={search_term_string}"},"query-input":{"@type":"PropertyValueSpecification","valueRequired":true,"valueName":"search_term_string"}}],"inLanguage":"es"},{"@type":"Organization","@id":"https:\/\/lospoliticosveracruz.com\/#organization","name":"Los pol\u00edticos Veracruz","url":"https:\/\/lospoliticosveracruz.com\/","logo":{"@type":"ImageObject","inLanguage":"es","@id":"https:\/\/lospoliticosveracruz.com\/#\/schema\/logo\/image\/","url":"https:\/\/lospoliticosveracruz.com\/wp-content\/uploads\/2025\/12\/Logo-Nuevo-LOS-POLITICOS-1.jpg","contentUrl":"https:\/\/lospoliticosveracruz.com\/wp-content\/uploads\/2025\/12\/Logo-Nuevo-LOS-POLITICOS-1.jpg","width":260,"height":70,"caption":"Los pol\u00edticos Veracruz"},"image":{"@id":"https:\/\/lospoliticosveracruz.com\/#\/schema\/logo\/image\/"},"sameAs":["https:\/\/www.facebook.com\/people\/Notimemes-de-los-Polticos\/61565672886568\/","https:\/\/x.com\/LosPoliticosVer"]},{"@type":"Person","@id":"https:\/\/lospoliticosveracruz.com\/#\/schema\/person\/b8702bb0e538456e6efd07080bf2a4a2","name":"Lo viste en Los Pol\u00edticos","image":{"@type":"ImageObject","inLanguage":"es","@id":"https:\/\/secure.gravatar.com\/avatar\/3a8de04a2656d44082be478bd6c086daa447c4651605818287b9532d3d0bd435?s=96&d=mm&r=g","url":"https:\/\/secure.gravatar.com\/avatar\/3a8de04a2656d44082be478bd6c086daa447c4651605818287b9532d3d0bd435?s=96&d=mm&r=g","contentUrl":"https:\/\/secure.gravatar.com\/avatar\/3a8de04a2656d44082be478bd6c086daa447c4651605818287b9532d3d0bd435?s=96&d=mm&r=g","caption":"Lo viste en Los Pol\u00edticos"},"url":"https:\/\/lospoliticosveracruz.com\/?author=2"}]}},"_links":{"self":[{"href":"https:\/\/lospoliticosveracruz.com\/index.php?rest_route=\/wp\/v2\/posts\/69606","targetHints":{"allow":["GET"]}}],"collection":[{"href":"https:\/\/lospoliticosveracruz.com\/index.php?rest_route=\/wp\/v2\/posts"}],"about":[{"href":"https:\/\/lospoliticosveracruz.com\/index.php?rest_route=\/wp\/v2\/types\/post"}],"author":[{"embeddable":true,"href":"https:\/\/lospoliticosveracruz.com\/index.php?rest_route=\/wp\/v2\/users\/2"}],"replies":[{"embeddable":true,"href":"https:\/\/lospoliticosveracruz.com\/index.php?rest_route=%2Fwp%2Fv2%2Fcomments&post=69606"}],"version-history":[{"count":1,"href":"https:\/\/lospoliticosveracruz.com\/index.php?rest_route=\/wp\/v2\/posts\/69606\/revisions"}],"predecessor-version":[{"id":69608,"href":"https:\/\/lospoliticosveracruz.com\/index.php?rest_route=\/wp\/v2\/posts\/69606\/revisions\/69608"}],"wp:attachment":[{"href":"https:\/\/lospoliticosveracruz.com\/index.php?rest_route=%2Fwp%2Fv2%2Fmedia&parent=69606"}],"wp:term":[{"taxonomy":"category","embeddable":true,"href":"https:\/\/lospoliticosveracruz.com\/index.php?rest_route=%2Fwp%2Fv2%2Fcategories&post=69606"},{"taxonomy":"post_tag","embeddable":true,"href":"https:\/\/lospoliticosveracruz.com\/index.php?rest_route=%2Fwp%2Fv2%2Ftags&post=69606"}],"curies":[{"name":"wp","href":"https:\/\/api.w.org\/{rel}","templated":true}]}}