{"id":69609,"date":"2021-03-17T14:29:30","date_gmt":"2021-03-17T20:29:30","guid":{"rendered":"http:\/\/www.lospoliticosveracruz.com.mx\/?p=69609"},"modified":"2021-03-17T14:29:54","modified_gmt":"2021-03-17T20:29:54","slug":"gobierno-de-cuic-alcanza-maxima-expresion-de-autoritarismo","status":"publish","type":"post","link":"https:\/\/lospoliticosveracruz.com\/?p=69609","title":{"rendered":"Gobierno de Cuic alcanza m\u00e1xima expresi\u00f3n de autoritarismo"},"content":{"rendered":"\n<p>Xalapa, Veracruz; marzo 17 del 2021<\/p>\n\n\n\n<p>Ante las medidas de represi\u00f3n pol\u00edtica, ataques a la libertad de expresi\u00f3n y violaci\u00f3n constitucional de los derechos humanos que est\u00e1 cometiendo el r\u00e9gimen autoritario de Morena en Veracruz, manifestamos:<\/p>\n\n\n\n<p>El partido en el gobierno alcanz\u00f3 su m\u00e1xima expresi\u00f3n de autoritarismo y violaci\u00f3n al Estado de Derecho en Veracruz.<\/p>\n\n\n\n<p>En la \u00faltima semana, dos ciudadanos han sido detenidos arbitrariamente, violando sus derechos constitucionales.<\/p>\n\n\n\n<p>Morena quiere propagar miedo a las voces opositoras del gobierno.<\/p>\n\n\n\n<p>La reforma al C\u00f3digo Penal en materia de delito de ultrajes a la autoridad, que recientemente aprob\u00f3 Morena con su mayor\u00eda en el Congreso del Estado, demuestra la violaci\u00f3n a la divisi\u00f3n de poderes.<\/p>\n\n\n\n<p>Desde el a\u00f1o 2016, la Suprema Corte de Justicia de la Naci\u00f3n resolvi\u00f3 que el delito de ultrajes a la autoridad es inconstitucional por ser un delito impreciso y que vulnera el derecho y ejercicio de libertad de expresi\u00f3n.<\/p>\n\n\n\n<p>Si el m\u00e1ximo tribunal de nuestro pa\u00eds no es suficiente para que Morena d\u00e9 reversa a su reforma y cacer\u00eda pol\u00edtica, entonces seremos las y los ciudadanos quienes les haremos saber que M\u00c9XICO es LIBRE, VERACRUZ es LIBRE.<\/p>\n\n\n\n<p>Acudiremos ante todas las instancias e interpondremos todos los recursos necesarios para garantizar la libertad y el respeto a todos los derechos humanos, el respeto a la Constituci\u00f3n de nuestro pa\u00eds, y el Estado de Derecho que hoy Morena est\u00e1 pisoteando.<\/p>\n\n\n\n<p>As\u00ed como los que hoy se encuentran en el gobierno, pudieron manifestarse con libertad, bloqueando avenidas y casetas, aludiendo a sus derechos de protesta y libertad, RECLAMAMOS que se respeten los derechos de todas y todos los ciudadanos de Veracruz.<\/p>\n\n\n\n<p>Exigimos que frene la cacer\u00eda, la violencia y la intimidaci\u00f3n contra las y los ciudadanos que ejercen su libertad de expresi\u00f3n.<\/p>\n\n\n\n<p>Veracruz no olvidar\u00e1 lo que est\u00e1n haciendo. Lo hemos dicho antes y lo refrendamos ahora: Morena es el peor gobierno en la historia de Veracruz.<\/p>\n\n\n\n<p>CDE del PAN Veracruz.<\/p>\n","protected":false},"excerpt":{"rendered":"<p>Xalapa, Veracruz; marzo 17 del 2021 Ante las medidas de represi\u00f3n pol\u00edtica, ataques a la libertad de expresi\u00f3n y violaci\u00f3n constitucional de los derechos humanos que est\u00e1 cometiendo el r\u00e9gimen autoritario de Morena en Veracruz, manifestamos: El partido en el gobierno alcanz\u00f3 su m\u00e1xima expresi\u00f3n de autoritarismo y violaci\u00f3n al Estado de Derecho en Veracruz. [&hellip;]<\/p>\n","protected":false},"author":2,"featured_media":0,"comment_status":"closed","ping_status":"closed","sticky":false,"template":"","format":"standard","meta":{"tdm_status":"","tdm_grid_status":"","footnotes":""},"categories":[73],"tags":[1026,26728,195],"class_list":{"0":"post-69609","1":"post","2":"type-post","3":"status-publish","4":"format-standard","6":"category-de-boleto","7":"tag-morena","8":"tag-represion-politica","9":"tag-veracruz"},"yoast_head":"<!-- This site is optimized with the Yoast SEO plugin v27.4 - https:\/\/yoast.com\/product\/yoast-seo-wordpress\/ -->\n<title>Gobierno de Cuic alcanza m\u00e1xima expresi\u00f3n de autoritarismo - Los pol\u00edticos Veracruz<\/title>\n<meta name=\"robots\" content=\"index, follow, max-snippet:-1, max-image-preview:large, max-video-preview:-1\" \/>\n<link rel=\"canonical\" href=\"https:\/\/lospoliticosveracruz.com\/?p=69609\" \/>\n<meta property=\"og:locale\" content=\"es_ES\" \/>\n<meta property=\"og:type\" content=\"article\" \/>\n<meta property=\"og:title\" content=\"Gobierno de Cuic alcanza m\u00e1xima expresi\u00f3n de autoritarismo - Los pol\u00edticos Veracruz\" \/>\n<meta property=\"og:description\" content=\"Xalapa, Veracruz; marzo 17 del 2021 Ante las medidas de represi\u00f3n pol\u00edtica, ataques a la libertad de expresi\u00f3n y violaci\u00f3n constitucional de los derechos humanos que est\u00e1 cometiendo el r\u00e9gimen autoritario de Morena en Veracruz, manifestamos: El partido en el gobierno alcanz\u00f3 su m\u00e1xima expresi\u00f3n de autoritarismo y violaci\u00f3n al Estado de Derecho en Veracruz. [&hellip;]\" \/>\n<meta property=\"og:url\" content=\"https:\/\/lospoliticosveracruz.com\/?p=69609\" \/>\n<meta property=\"og:site_name\" content=\"Los pol\u00edticos Veracruz\" \/>\n<meta property=\"article:publisher\" content=\"https:\/\/www.facebook.com\/people\/Notimemes-de-los-Polticos\/61565672886568\/\" \/>\n<meta property=\"article:published_time\" content=\"2021-03-17T20:29:30+00:00\" \/>\n<meta property=\"article:modified_time\" content=\"2021-03-17T20:29:54+00:00\" \/>\n<meta property=\"og:image\" content=\"https:\/\/lospoliticosveracruz.com\/wp-content\/uploads\/2016\/07\/Logo-Dor.jpg\" \/>\n\t<meta property=\"og:image:width\" content=\"200\" \/>\n\t<meta property=\"og:image:height\" content=\"200\" \/>\n\t<meta property=\"og:image:type\" content=\"image\/jpeg\" \/>\n<meta name=\"author\" content=\"Lo viste en Los Pol\u00edticos\" \/>\n<meta name=\"twitter:card\" content=\"summary_large_image\" \/>\n<meta name=\"twitter:creator\" content=\"@LosPoliticosVer\" \/>\n<meta name=\"twitter:site\" content=\"@LosPoliticosVer\" \/>\n<meta name=\"twitter:label1\" content=\"Escrito por\" \/>\n\t<meta name=\"twitter:data1\" content=\"Lo viste en Los Pol\u00edticos\" \/>\n\t<meta name=\"twitter:label2\" content=\"Tiempo de lectura\" \/>\n\t<meta name=\"twitter:data2\" content=\"2 minutos\" \/>\n<script type=\"application\/ld+json\" class=\"yoast-schema-graph\">{\"@context\":\"https:\\\/\\\/schema.org\",\"@graph\":[{\"@type\":\"Article\",\"@id\":\"https:\\\/\\\/lospoliticosveracruz.com\\\/?p=69609#article\",\"isPartOf\":{\"@id\":\"https:\\\/\\\/lospoliticosveracruz.com\\\/?p=69609\"},\"author\":{\"name\":\"Lo viste en Los Pol\u00edticos\",\"@id\":\"https:\\\/\\\/lospoliticosveracruz.com\\\/#\\\/schema\\\/person\\\/b8702bb0e538456e6efd07080bf2a4a2\"},\"headline\":\"Gobierno de Cuic alcanza m\u00e1xima expresi\u00f3n de autoritarismo\",\"datePublished\":\"2021-03-17T20:29:30+00:00\",\"dateModified\":\"2021-03-17T20:29:54+00:00\",\"mainEntityOfPage\":{\"@id\":\"https:\\\/\\\/lospoliticosveracruz.com\\\/?p=69609\"},\"wordCount\":354,\"publisher\":{\"@id\":\"https:\\\/\\\/lospoliticosveracruz.com\\\/#organization\"},\"keywords\":[\"Morena\",\"represi\u00f3n pol\u00edtica\",\"Veracruz\"],\"articleSection\":[\"De Boleto\"],\"inLanguage\":\"es\"},{\"@type\":\"WebPage\",\"@id\":\"https:\\\/\\\/lospoliticosveracruz.com\\\/?p=69609\",\"url\":\"https:\\\/\\\/lospoliticosveracruz.com\\\/?p=69609\",\"name\":\"Gobierno de Cuic alcanza m\u00e1xima expresi\u00f3n de autoritarismo - Los pol\u00edticos Veracruz\",\"isPartOf\":{\"@id\":\"https:\\\/\\\/lospoliticosveracruz.com\\\/#website\"},\"datePublished\":\"2021-03-17T20:29:30+00:00\",\"dateModified\":\"2021-03-17T20:29:54+00:00\",\"breadcrumb\":{\"@id\":\"https:\\\/\\\/lospoliticosveracruz.com\\\/?p=69609#breadcrumb\"},\"inLanguage\":\"es\",\"potentialAction\":[{\"@type\":\"ReadAction\",\"target\":[\"https:\\\/\\\/lospoliticosveracruz.com\\\/?p=69609\"]}]},{\"@type\":\"BreadcrumbList\",\"@id\":\"https:\\\/\\\/lospoliticosveracruz.com\\\/?p=69609#breadcrumb\",\"itemListElement\":[{\"@type\":\"ListItem\",\"position\":1,\"name\":\"Portada\",\"item\":\"https:\\\/\\\/lospoliticosveracruz.com\\\/\"},{\"@type\":\"ListItem\",\"position\":2,\"name\":\"Gobierno de Cuic alcanza m\u00e1xima expresi\u00f3n de autoritarismo\"}]},{\"@type\":\"WebSite\",\"@id\":\"https:\\\/\\\/lospoliticosveracruz.com\\\/#website\",\"url\":\"https:\\\/\\\/lospoliticosveracruz.com\\\/\",\"name\":\"Los pol\u00edticos Veracruz\",\"description\":\"\",\"publisher\":{\"@id\":\"https:\\\/\\\/lospoliticosveracruz.com\\\/#organization\"},\"potentialAction\":[{\"@type\":\"SearchAction\",\"target\":{\"@type\":\"EntryPoint\",\"urlTemplate\":\"https:\\\/\\\/lospoliticosveracruz.com\\\/?s={search_term_string}\"},\"query-input\":{\"@type\":\"PropertyValueSpecification\",\"valueRequired\":true,\"valueName\":\"search_term_string\"}}],\"inLanguage\":\"es\"},{\"@type\":\"Organization\",\"@id\":\"https:\\\/\\\/lospoliticosveracruz.com\\\/#organization\",\"name\":\"Los pol\u00edticos Veracruz\",\"url\":\"https:\\\/\\\/lospoliticosveracruz.com\\\/\",\"logo\":{\"@type\":\"ImageObject\",\"inLanguage\":\"es\",\"@id\":\"https:\\\/\\\/lospoliticosveracruz.com\\\/#\\\/schema\\\/logo\\\/image\\\/\",\"url\":\"https:\\\/\\\/lospoliticosveracruz.com\\\/wp-content\\\/uploads\\\/2025\\\/12\\\/Logo-Nuevo-LOS-POLITICOS-1.jpg\",\"contentUrl\":\"https:\\\/\\\/lospoliticosveracruz.com\\\/wp-content\\\/uploads\\\/2025\\\/12\\\/Logo-Nuevo-LOS-POLITICOS-1.jpg\",\"width\":260,\"height\":70,\"caption\":\"Los pol\u00edticos Veracruz\"},\"image\":{\"@id\":\"https:\\\/\\\/lospoliticosveracruz.com\\\/#\\\/schema\\\/logo\\\/image\\\/\"},\"sameAs\":[\"https:\\\/\\\/www.facebook.com\\\/people\\\/Notimemes-de-los-Polticos\\\/61565672886568\\\/\",\"https:\\\/\\\/x.com\\\/LosPoliticosVer\"]},{\"@type\":\"Person\",\"@id\":\"https:\\\/\\\/lospoliticosveracruz.com\\\/#\\\/schema\\\/person\\\/b8702bb0e538456e6efd07080bf2a4a2\",\"name\":\"Lo viste en Los Pol\u00edticos\",\"image\":{\"@type\":\"ImageObject\",\"inLanguage\":\"es\",\"@id\":\"https:\\\/\\\/secure.gravatar.com\\\/avatar\\\/3a8de04a2656d44082be478bd6c086daa447c4651605818287b9532d3d0bd435?s=96&d=mm&r=g\",\"url\":\"https:\\\/\\\/secure.gravatar.com\\\/avatar\\\/3a8de04a2656d44082be478bd6c086daa447c4651605818287b9532d3d0bd435?s=96&d=mm&r=g\",\"contentUrl\":\"https:\\\/\\\/secure.gravatar.com\\\/avatar\\\/3a8de04a2656d44082be478bd6c086daa447c4651605818287b9532d3d0bd435?s=96&d=mm&r=g\",\"caption\":\"Lo viste en Los Pol\u00edticos\"},\"url\":\"https:\\\/\\\/lospoliticosveracruz.com\\\/?author=2\"}]}<\/script>\n<!-- \/ Yoast SEO plugin. -->","yoast_head_json":{"title":"Gobierno de Cuic alcanza m\u00e1xima expresi\u00f3n de autoritarismo - Los pol\u00edticos Veracruz","robots":{"index":"index","follow":"follow","max-snippet":"max-snippet:-1","max-image-preview":"max-image-preview:large","max-video-preview":"max-video-preview:-1"},"canonical":"https:\/\/lospoliticosveracruz.com\/?p=69609","og_locale":"es_ES","og_type":"article","og_title":"Gobierno de Cuic alcanza m\u00e1xima expresi\u00f3n de autoritarismo - Los pol\u00edticos Veracruz","og_description":"Xalapa, Veracruz; marzo 17 del 2021 Ante las medidas de represi\u00f3n pol\u00edtica, ataques a la libertad de expresi\u00f3n y violaci\u00f3n constitucional de los derechos humanos que est\u00e1 cometiendo el r\u00e9gimen autoritario de Morena en Veracruz, manifestamos: El partido en el gobierno alcanz\u00f3 su m\u00e1xima expresi\u00f3n de autoritarismo y violaci\u00f3n al Estado de Derecho en Veracruz. [&hellip;]","og_url":"https:\/\/lospoliticosveracruz.com\/?p=69609","og_site_name":"Los pol\u00edticos Veracruz","article_publisher":"https:\/\/www.facebook.com\/people\/Notimemes-de-los-Polticos\/61565672886568\/","article_published_time":"2021-03-17T20:29:30+00:00","article_modified_time":"2021-03-17T20:29:54+00:00","og_image":[{"width":200,"height":200,"url":"https:\/\/lospoliticosveracruz.com\/wp-content\/uploads\/2016\/07\/Logo-Dor.jpg","type":"image\/jpeg"}],"author":"Lo viste en Los Pol\u00edticos","twitter_card":"summary_large_image","twitter_creator":"@LosPoliticosVer","twitter_site":"@LosPoliticosVer","twitter_misc":{"Escrito por":"Lo viste en Los Pol\u00edticos","Tiempo de lectura":"2 minutos"},"schema":{"@context":"https:\/\/schema.org","@graph":[{"@type":"Article","@id":"https:\/\/lospoliticosveracruz.com\/?p=69609#article","isPartOf":{"@id":"https:\/\/lospoliticosveracruz.com\/?p=69609"},"author":{"name":"Lo viste en Los Pol\u00edticos","@id":"https:\/\/lospoliticosveracruz.com\/#\/schema\/person\/b8702bb0e538456e6efd07080bf2a4a2"},"headline":"Gobierno de Cuic alcanza m\u00e1xima expresi\u00f3n de autoritarismo","datePublished":"2021-03-17T20:29:30+00:00","dateModified":"2021-03-17T20:29:54+00:00","mainEntityOfPage":{"@id":"https:\/\/lospoliticosveracruz.com\/?p=69609"},"wordCount":354,"publisher":{"@id":"https:\/\/lospoliticosveracruz.com\/#organization"},"keywords":["Morena","represi\u00f3n pol\u00edtica","Veracruz"],"articleSection":["De Boleto"],"inLanguage":"es"},{"@type":"WebPage","@id":"https:\/\/lospoliticosveracruz.com\/?p=69609","url":"https:\/\/lospoliticosveracruz.com\/?p=69609","name":"Gobierno de Cuic alcanza m\u00e1xima expresi\u00f3n de autoritarismo - Los pol\u00edticos Veracruz","isPartOf":{"@id":"https:\/\/lospoliticosveracruz.com\/#website"},"datePublished":"2021-03-17T20:29:30+00:00","dateModified":"2021-03-17T20:29:54+00:00","breadcrumb":{"@id":"https:\/\/lospoliticosveracruz.com\/?p=69609#breadcrumb"},"inLanguage":"es","potentialAction":[{"@type":"ReadAction","target":["https:\/\/lospoliticosveracruz.com\/?p=69609"]}]},{"@type":"BreadcrumbList","@id":"https:\/\/lospoliticosveracruz.com\/?p=69609#breadcrumb","itemListElement":[{"@type":"ListItem","position":1,"name":"Portada","item":"https:\/\/lospoliticosveracruz.com\/"},{"@type":"ListItem","position":2,"name":"Gobierno de Cuic alcanza m\u00e1xima expresi\u00f3n de autoritarismo"}]},{"@type":"WebSite","@id":"https:\/\/lospoliticosveracruz.com\/#website","url":"https:\/\/lospoliticosveracruz.com\/","name":"Los pol\u00edticos Veracruz","description":"","publisher":{"@id":"https:\/\/lospoliticosveracruz.com\/#organization"},"potentialAction":[{"@type":"SearchAction","target":{"@type":"EntryPoint","urlTemplate":"https:\/\/lospoliticosveracruz.com\/?s={search_term_string}"},"query-input":{"@type":"PropertyValueSpecification","valueRequired":true,"valueName":"search_term_string"}}],"inLanguage":"es"},{"@type":"Organization","@id":"https:\/\/lospoliticosveracruz.com\/#organization","name":"Los pol\u00edticos Veracruz","url":"https:\/\/lospoliticosveracruz.com\/","logo":{"@type":"ImageObject","inLanguage":"es","@id":"https:\/\/lospoliticosveracruz.com\/#\/schema\/logo\/image\/","url":"https:\/\/lospoliticosveracruz.com\/wp-content\/uploads\/2025\/12\/Logo-Nuevo-LOS-POLITICOS-1.jpg","contentUrl":"https:\/\/lospoliticosveracruz.com\/wp-content\/uploads\/2025\/12\/Logo-Nuevo-LOS-POLITICOS-1.jpg","width":260,"height":70,"caption":"Los pol\u00edticos Veracruz"},"image":{"@id":"https:\/\/lospoliticosveracruz.com\/#\/schema\/logo\/image\/"},"sameAs":["https:\/\/www.facebook.com\/people\/Notimemes-de-los-Polticos\/61565672886568\/","https:\/\/x.com\/LosPoliticosVer"]},{"@type":"Person","@id":"https:\/\/lospoliticosveracruz.com\/#\/schema\/person\/b8702bb0e538456e6efd07080bf2a4a2","name":"Lo viste en Los Pol\u00edticos","image":{"@type":"ImageObject","inLanguage":"es","@id":"https:\/\/secure.gravatar.com\/avatar\/3a8de04a2656d44082be478bd6c086daa447c4651605818287b9532d3d0bd435?s=96&d=mm&r=g","url":"https:\/\/secure.gravatar.com\/avatar\/3a8de04a2656d44082be478bd6c086daa447c4651605818287b9532d3d0bd435?s=96&d=mm&r=g","contentUrl":"https:\/\/secure.gravatar.com\/avatar\/3a8de04a2656d44082be478bd6c086daa447c4651605818287b9532d3d0bd435?s=96&d=mm&r=g","caption":"Lo viste en Los Pol\u00edticos"},"url":"https:\/\/lospoliticosveracruz.com\/?author=2"}]}},"_links":{"self":[{"href":"https:\/\/lospoliticosveracruz.com\/index.php?rest_route=\/wp\/v2\/posts\/69609","targetHints":{"allow":["GET"]}}],"collection":[{"href":"https:\/\/lospoliticosveracruz.com\/index.php?rest_route=\/wp\/v2\/posts"}],"about":[{"href":"https:\/\/lospoliticosveracruz.com\/index.php?rest_route=\/wp\/v2\/types\/post"}],"author":[{"embeddable":true,"href":"https:\/\/lospoliticosveracruz.com\/index.php?rest_route=\/wp\/v2\/users\/2"}],"replies":[{"embeddable":true,"href":"https:\/\/lospoliticosveracruz.com\/index.php?rest_route=%2Fwp%2Fv2%2Fcomments&post=69609"}],"version-history":[{"count":1,"href":"https:\/\/lospoliticosveracruz.com\/index.php?rest_route=\/wp\/v2\/posts\/69609\/revisions"}],"predecessor-version":[{"id":69610,"href":"https:\/\/lospoliticosveracruz.com\/index.php?rest_route=\/wp\/v2\/posts\/69609\/revisions\/69610"}],"wp:attachment":[{"href":"https:\/\/lospoliticosveracruz.com\/index.php?rest_route=%2Fwp%2Fv2%2Fmedia&parent=69609"}],"wp:term":[{"taxonomy":"category","embeddable":true,"href":"https:\/\/lospoliticosveracruz.com\/index.php?rest_route=%2Fwp%2Fv2%2Fcategories&post=69609"},{"taxonomy":"post_tag","embeddable":true,"href":"https:\/\/lospoliticosveracruz.com\/index.php?rest_route=%2Fwp%2Fv2%2Ftags&post=69609"}],"curies":[{"name":"wp","href":"https:\/\/api.w.org\/{rel}","templated":true}]}}