{"id":69634,"date":"2021-03-18T07:43:03","date_gmt":"2021-03-18T13:43:03","guid":{"rendered":"http:\/\/www.lospoliticosveracruz.com.mx\/?p=69634"},"modified":"2021-03-18T07:43:34","modified_gmt":"2021-03-18T13:43:34","slug":"despiertan-al-tigre-juicio-politico-contra-cgj","status":"publish","type":"post","link":"https:\/\/lospoliticosveracruz.com\/?p=69634","title":{"rendered":"Despiertan al tigre \/ Juicio pol\u00edtico contra CGJ"},"content":{"rendered":"\n<p><strong>Enrique Yasser Pompeyo<\/strong><\/p>\n\n\n\n<p><em>Mesa de Redacci\u00f3n<\/em><br><\/p>\n\n\n\n<p>El rechazo de veracruzanos hacia los gobiernos de la autodenominada cuarta transformaci\u00f3n aumenta cada d\u00eda.<br>Las manifestaciones que se realizaron este mi\u00e9rcoles son prueba fehaciente de ello.<br>En Xalapa, decenas de m\u00fasicos, due\u00f1os de salones para fiestas, meseros, payasos, animadores, vide\u00f3grafos, banqueteros, entre otros prestadores de servicios de entretenimiento, realizaron una marcha pac\u00edfica para solicitar al gobierno una cosa: que les permitan trabajar.<br>Desafortunadamente, la cerraz\u00f3n y la falta de apertura al di\u00e1logo caracteriza tanto al ayuntamiento xalape\u00f1o como a la administraci\u00f3n estatal.<br>Son cientos de familias las afectadas ante las medidas aplicadas por el gobierno y que se niega a cambiar.<br>Pese a que otros prestadores de servicios como restauranteros, due\u00f1os de antros y bares, incluso, centros comerciales, ya operan, a ellos se les niega el permiso para poder laborar.<br>A este sector se suman los concesionarios de centros de verificaci\u00f3n vehicular, cuyo vocero, adulto mayor, fue detenido este martes.<br>Los concesionarios tienen claro que fue una detenci\u00f3n arbitraria e ilegal; adem\u00e1s, consideran a su vocero como preso pol\u00edtico.<br>La manifestaci\u00f3n de perredistas y panistas que se realiz\u00f3 en Tuxpan por la aprehensi\u00f3n de Rogelio Franco Cast\u00e1n, tambi\u00e9n mostr\u00f3 el fortalecimiento del frente opositor.<br>Y si quedaba alguna duda sobre la alianza entre PRI, PAN y PRD, esto vino a confirmar que dejar\u00e1n de lado las diferencias para pasar a los acuerdos y consensos con tal derrotar al partido en el poder.<br>Por lo que se observa y pese a los actos de intimidaci\u00f3n del gobierno que encabeza Cuitl\u00e1huac Garc\u00eda Jim\u00e9nez, justific\u00e1ndose en las leyes modificadas a modo, los veracruzanos no est\u00e1n dispuestos a soportar m\u00e1s irregularidades, arbitrariedades y abusos.<br>Si pensaban que con eso iban a callar, a silenciar a la oposici\u00f3n y a los ciudadanos, a los veracruzanos, se equivocaron.<br>Est\u00e1n calculando mal y eso les podr\u00eda salir muy caro en las urnas el pr\u00f3ximo 6 de junio. El tigre del que tanto hablan est\u00e1 despierto.<\/p>\n\n\n\n<p><strong>JUICIO POL\u00cdTICO CONTRA CUITL\u00c1HUAC<br><\/strong>En un acto pac\u00edfico que congreg\u00f3 a miles de ciudadanas y ciudadanos de distintas regiones de Veracruz para manifestarse a favor de la liberaci\u00f3n del ex dirigente estatal del PRD en la entidad, Rogelio Franco Cast\u00e1n, a quien consideran se encuentra detenido en calidad de preso pol\u00edtico, Jes\u00fas Zambrano Grijalva y Sergio Cadena Mart\u00ednez, dirigentes nacional y estatal del partido del Sol Azteca hicieron un llamado al gobierno de Veracruz para exigir su liberaci\u00f3n inmediata.<br>Zambrano Grijalva dijo que el gobierno que encabeza el \u201cs\u00e1trapa\u201d mandatario ha faltado a las y los veracruzanos al sumir a la entidad en la pobreza, el desempleo y la inseguridad, por lo que pidi\u00f3 a todos participar en la din\u00e1mica de cambio que requieren y demandan urgentemente Veracruz y el pa\u00eds. Pidi\u00f3 la liberaci\u00f3n de su compa\u00f1ero encarcelado injustamente y anunci\u00f3 que la bancada federal en San L\u00e1zaro presentar\u00e1 una solicitud de juicio pol\u00edtico en contra del gobernador Cuitl\u00e1huac Garc\u00eda Jim\u00e9nez, lo cual fue confirmado por la diputada federal Azucena Rodr\u00edguez.<br>El presidente de la Direcci\u00f3n Estatal Ejecutiva veracruzana, Sergio Cadena Mart\u00ednez, alz\u00f3 la voz para se\u00f1alar el proceder injusto de quienes gobiernan Veracruz que ha dejado dolor y angustia en miles de hogares de familias descuidadas y abandonadas ante una pandemia que ha cobrado la vida de miles y miles de mujeres y hombres de bien, olvidados a su suerte.<br>\u201cEl autoritarismo y el abuso del poder emergen como una medida de poder de una democracia que mal gobierna Veracruz, para tratar de frenar la creciente denuncia de las irregularidades y saqueos del erario p\u00fablico y malos resultados que han significado para la poblaci\u00f3n pobreza, desempleo, crisis econ\u00f3mica y migraci\u00f3n creciente ante la falta de expectativas laborales; la burocracia de Morena le apuesta al terror, al abuso del poder y la criminalizaci\u00f3n de l\u00edderes sociales, actores pol\u00edticos, voces opositoras y de los veracruzanos que se oponen a sus planes\u201d.<br>Asimismo, acus\u00f3 al gobierno de Veracruz de promover la polarizaci\u00f3n y sacar raja pol\u00edtica de la pobreza a fin de mantenerse en el poder, pero conf\u00eda en la madurez y sensatez de las y los veracruzanos para tomar decisiones que cambien de una vez por todas el rumbo de Veracruz. \u201cLos gobiernos d\u00e9biles son los que recurren al abuso del poder pensando que podr\u00e1n mantener el control, pero es en tiempos dif\u00edciles donde emergen las mujeres y los hombres fuertes que encabezar\u00e1n el rescate de Veracruz\u201d.<\/p>\n\n\n\n<p>enriquepompeyo@hotmail.com<\/p>\n","protected":false},"excerpt":{"rendered":"<p>Enrique Yasser Pompeyo Mesa de Redacci\u00f3n El rechazo de veracruzanos hacia los gobiernos de la autodenominada cuarta transformaci\u00f3n aumenta cada d\u00eda.Las manifestaciones que se realizaron este mi\u00e9rcoles son prueba fehaciente de ello.En Xalapa, decenas de m\u00fasicos, due\u00f1os de salones para fiestas, meseros, payasos, animadores, vide\u00f3grafos, banqueteros, entre otros prestadores de servicios de entretenimiento, realizaron una [&hellip;]<\/p>\n","protected":false},"author":2,"featured_media":0,"comment_status":"closed","ping_status":"closed","sticky":false,"template":"","format":"standard","meta":{"tdm_status":"","tdm_grid_status":"","footnotes":""},"categories":[70],"tags":[1563,21651,24777,26785,7887],"class_list":{"0":"post-69634","1":"post","2":"type-post","3":"status-publish","4":"format-standard","6":"category-de-opinion","7":"tag-cuitlahuac-garcia-jimenez","8":"tag-jesus-zambrano-grijalva","9":"tag-pan-y-prd","10":"tag-preso-politico","11":"tag-sergio-cadena-martinez"},"yoast_head":"<!-- This site is optimized with the Yoast SEO plugin v27.4 - https:\/\/yoast.com\/product\/yoast-seo-wordpress\/ -->\n<title>Despiertan al tigre \/ Juicio pol\u00edtico contra CGJ - Los pol\u00edticos Veracruz<\/title>\n<meta name=\"robots\" content=\"index, follow, max-snippet:-1, max-image-preview:large, max-video-preview:-1\" \/>\n<link rel=\"canonical\" href=\"https:\/\/lospoliticosveracruz.com\/?p=69634\" \/>\n<meta property=\"og:locale\" content=\"es_ES\" \/>\n<meta property=\"og:type\" content=\"article\" \/>\n<meta property=\"og:title\" content=\"Despiertan al tigre \/ Juicio pol\u00edtico contra CGJ - Los pol\u00edticos Veracruz\" \/>\n<meta property=\"og:description\" content=\"Enrique Yasser Pompeyo Mesa de Redacci\u00f3n El rechazo de veracruzanos hacia los gobiernos de la autodenominada cuarta transformaci\u00f3n aumenta cada d\u00eda.Las manifestaciones que se realizaron este mi\u00e9rcoles son prueba fehaciente de ello.En Xalapa, decenas de m\u00fasicos, due\u00f1os de salones para fiestas, meseros, payasos, animadores, vide\u00f3grafos, banqueteros, entre otros prestadores de servicios de entretenimiento, realizaron una [&hellip;]\" \/>\n<meta property=\"og:url\" content=\"https:\/\/lospoliticosveracruz.com\/?p=69634\" \/>\n<meta property=\"og:site_name\" content=\"Los pol\u00edticos Veracruz\" \/>\n<meta property=\"article:publisher\" content=\"https:\/\/www.facebook.com\/people\/Notimemes-de-los-Polticos\/61565672886568\/\" \/>\n<meta property=\"article:published_time\" content=\"2021-03-18T13:43:03+00:00\" \/>\n<meta property=\"article:modified_time\" content=\"2021-03-18T13:43:34+00:00\" \/>\n<meta property=\"og:image\" content=\"https:\/\/lospoliticosveracruz.com\/wp-content\/uploads\/2016\/07\/Logo-Dor.jpg\" \/>\n\t<meta property=\"og:image:width\" content=\"200\" \/>\n\t<meta property=\"og:image:height\" content=\"200\" \/>\n\t<meta property=\"og:image:type\" content=\"image\/jpeg\" \/>\n<meta name=\"author\" content=\"Lo viste en Los Pol\u00edticos\" \/>\n<meta name=\"twitter:card\" content=\"summary_large_image\" \/>\n<meta name=\"twitter:creator\" content=\"@LosPoliticosVer\" \/>\n<meta name=\"twitter:site\" content=\"@LosPoliticosVer\" \/>\n<meta name=\"twitter:label1\" content=\"Escrito por\" \/>\n\t<meta name=\"twitter:data1\" content=\"Lo viste en Los Pol\u00edticos\" \/>\n\t<meta name=\"twitter:label2\" content=\"Tiempo de lectura\" \/>\n\t<meta name=\"twitter:data2\" content=\"4 minutos\" \/>\n<script type=\"application\/ld+json\" class=\"yoast-schema-graph\">{\"@context\":\"https:\\\/\\\/schema.org\",\"@graph\":[{\"@type\":\"Article\",\"@id\":\"https:\\\/\\\/lospoliticosveracruz.com\\\/?p=69634#article\",\"isPartOf\":{\"@id\":\"https:\\\/\\\/lospoliticosveracruz.com\\\/?p=69634\"},\"author\":{\"name\":\"Lo viste en Los Pol\u00edticos\",\"@id\":\"https:\\\/\\\/lospoliticosveracruz.com\\\/#\\\/schema\\\/person\\\/b8702bb0e538456e6efd07080bf2a4a2\"},\"headline\":\"Despiertan al tigre \\\/ Juicio pol\u00edtico contra CGJ\",\"datePublished\":\"2021-03-18T13:43:03+00:00\",\"dateModified\":\"2021-03-18T13:43:34+00:00\",\"mainEntityOfPage\":{\"@id\":\"https:\\\/\\\/lospoliticosveracruz.com\\\/?p=69634\"},\"wordCount\":811,\"publisher\":{\"@id\":\"https:\\\/\\\/lospoliticosveracruz.com\\\/#organization\"},\"keywords\":[\"Cuitl\u00e1huac Garc\u00eda Jim\u00e9nez\",\"Jes\u00fas Zambrano Grijalva\",\"PAN y PRD\",\"preso pol\u00edtico\",\"Sergio Cadena Mart\u00ednez\"],\"articleSection\":[\"De Opini\u00f3n\"],\"inLanguage\":\"es\"},{\"@type\":\"WebPage\",\"@id\":\"https:\\\/\\\/lospoliticosveracruz.com\\\/?p=69634\",\"url\":\"https:\\\/\\\/lospoliticosveracruz.com\\\/?p=69634\",\"name\":\"Despiertan al tigre \\\/ Juicio pol\u00edtico contra CGJ - Los pol\u00edticos Veracruz\",\"isPartOf\":{\"@id\":\"https:\\\/\\\/lospoliticosveracruz.com\\\/#website\"},\"datePublished\":\"2021-03-18T13:43:03+00:00\",\"dateModified\":\"2021-03-18T13:43:34+00:00\",\"breadcrumb\":{\"@id\":\"https:\\\/\\\/lospoliticosveracruz.com\\\/?p=69634#breadcrumb\"},\"inLanguage\":\"es\",\"potentialAction\":[{\"@type\":\"ReadAction\",\"target\":[\"https:\\\/\\\/lospoliticosveracruz.com\\\/?p=69634\"]}]},{\"@type\":\"BreadcrumbList\",\"@id\":\"https:\\\/\\\/lospoliticosveracruz.com\\\/?p=69634#breadcrumb\",\"itemListElement\":[{\"@type\":\"ListItem\",\"position\":1,\"name\":\"Portada\",\"item\":\"https:\\\/\\\/lospoliticosveracruz.com\\\/\"},{\"@type\":\"ListItem\",\"position\":2,\"name\":\"Despiertan al tigre \\\/ Juicio pol\u00edtico contra CGJ\"}]},{\"@type\":\"WebSite\",\"@id\":\"https:\\\/\\\/lospoliticosveracruz.com\\\/#website\",\"url\":\"https:\\\/\\\/lospoliticosveracruz.com\\\/\",\"name\":\"Los pol\u00edticos Veracruz\",\"description\":\"\",\"publisher\":{\"@id\":\"https:\\\/\\\/lospoliticosveracruz.com\\\/#organization\"},\"potentialAction\":[{\"@type\":\"SearchAction\",\"target\":{\"@type\":\"EntryPoint\",\"urlTemplate\":\"https:\\\/\\\/lospoliticosveracruz.com\\\/?s={search_term_string}\"},\"query-input\":{\"@type\":\"PropertyValueSpecification\",\"valueRequired\":true,\"valueName\":\"search_term_string\"}}],\"inLanguage\":\"es\"},{\"@type\":\"Organization\",\"@id\":\"https:\\\/\\\/lospoliticosveracruz.com\\\/#organization\",\"name\":\"Los pol\u00edticos Veracruz\",\"url\":\"https:\\\/\\\/lospoliticosveracruz.com\\\/\",\"logo\":{\"@type\":\"ImageObject\",\"inLanguage\":\"es\",\"@id\":\"https:\\\/\\\/lospoliticosveracruz.com\\\/#\\\/schema\\\/logo\\\/image\\\/\",\"url\":\"https:\\\/\\\/lospoliticosveracruz.com\\\/wp-content\\\/uploads\\\/2025\\\/12\\\/Logo-Nuevo-LOS-POLITICOS-1.jpg\",\"contentUrl\":\"https:\\\/\\\/lospoliticosveracruz.com\\\/wp-content\\\/uploads\\\/2025\\\/12\\\/Logo-Nuevo-LOS-POLITICOS-1.jpg\",\"width\":260,\"height\":70,\"caption\":\"Los pol\u00edticos Veracruz\"},\"image\":{\"@id\":\"https:\\\/\\\/lospoliticosveracruz.com\\\/#\\\/schema\\\/logo\\\/image\\\/\"},\"sameAs\":[\"https:\\\/\\\/www.facebook.com\\\/people\\\/Notimemes-de-los-Polticos\\\/61565672886568\\\/\",\"https:\\\/\\\/x.com\\\/LosPoliticosVer\"]},{\"@type\":\"Person\",\"@id\":\"https:\\\/\\\/lospoliticosveracruz.com\\\/#\\\/schema\\\/person\\\/b8702bb0e538456e6efd07080bf2a4a2\",\"name\":\"Lo viste en Los Pol\u00edticos\",\"image\":{\"@type\":\"ImageObject\",\"inLanguage\":\"es\",\"@id\":\"https:\\\/\\\/secure.gravatar.com\\\/avatar\\\/3a8de04a2656d44082be478bd6c086daa447c4651605818287b9532d3d0bd435?s=96&d=mm&r=g\",\"url\":\"https:\\\/\\\/secure.gravatar.com\\\/avatar\\\/3a8de04a2656d44082be478bd6c086daa447c4651605818287b9532d3d0bd435?s=96&d=mm&r=g\",\"contentUrl\":\"https:\\\/\\\/secure.gravatar.com\\\/avatar\\\/3a8de04a2656d44082be478bd6c086daa447c4651605818287b9532d3d0bd435?s=96&d=mm&r=g\",\"caption\":\"Lo viste en Los Pol\u00edticos\"},\"url\":\"https:\\\/\\\/lospoliticosveracruz.com\\\/?author=2\"}]}<\/script>\n<!-- \/ Yoast SEO plugin. -->","yoast_head_json":{"title":"Despiertan al tigre \/ Juicio pol\u00edtico contra CGJ - Los pol\u00edticos Veracruz","robots":{"index":"index","follow":"follow","max-snippet":"max-snippet:-1","max-image-preview":"max-image-preview:large","max-video-preview":"max-video-preview:-1"},"canonical":"https:\/\/lospoliticosveracruz.com\/?p=69634","og_locale":"es_ES","og_type":"article","og_title":"Despiertan al tigre \/ Juicio pol\u00edtico contra CGJ - Los pol\u00edticos Veracruz","og_description":"Enrique Yasser Pompeyo Mesa de Redacci\u00f3n El rechazo de veracruzanos hacia los gobiernos de la autodenominada cuarta transformaci\u00f3n aumenta cada d\u00eda.Las manifestaciones que se realizaron este mi\u00e9rcoles son prueba fehaciente de ello.En Xalapa, decenas de m\u00fasicos, due\u00f1os de salones para fiestas, meseros, payasos, animadores, vide\u00f3grafos, banqueteros, entre otros prestadores de servicios de entretenimiento, realizaron una [&hellip;]","og_url":"https:\/\/lospoliticosveracruz.com\/?p=69634","og_site_name":"Los pol\u00edticos Veracruz","article_publisher":"https:\/\/www.facebook.com\/people\/Notimemes-de-los-Polticos\/61565672886568\/","article_published_time":"2021-03-18T13:43:03+00:00","article_modified_time":"2021-03-18T13:43:34+00:00","og_image":[{"width":200,"height":200,"url":"https:\/\/lospoliticosveracruz.com\/wp-content\/uploads\/2016\/07\/Logo-Dor.jpg","type":"image\/jpeg"}],"author":"Lo viste en Los Pol\u00edticos","twitter_card":"summary_large_image","twitter_creator":"@LosPoliticosVer","twitter_site":"@LosPoliticosVer","twitter_misc":{"Escrito por":"Lo viste en Los Pol\u00edticos","Tiempo de lectura":"4 minutos"},"schema":{"@context":"https:\/\/schema.org","@graph":[{"@type":"Article","@id":"https:\/\/lospoliticosveracruz.com\/?p=69634#article","isPartOf":{"@id":"https:\/\/lospoliticosveracruz.com\/?p=69634"},"author":{"name":"Lo viste en Los Pol\u00edticos","@id":"https:\/\/lospoliticosveracruz.com\/#\/schema\/person\/b8702bb0e538456e6efd07080bf2a4a2"},"headline":"Despiertan al tigre \/ Juicio pol\u00edtico contra CGJ","datePublished":"2021-03-18T13:43:03+00:00","dateModified":"2021-03-18T13:43:34+00:00","mainEntityOfPage":{"@id":"https:\/\/lospoliticosveracruz.com\/?p=69634"},"wordCount":811,"publisher":{"@id":"https:\/\/lospoliticosveracruz.com\/#organization"},"keywords":["Cuitl\u00e1huac Garc\u00eda Jim\u00e9nez","Jes\u00fas Zambrano Grijalva","PAN y PRD","preso pol\u00edtico","Sergio Cadena Mart\u00ednez"],"articleSection":["De Opini\u00f3n"],"inLanguage":"es"},{"@type":"WebPage","@id":"https:\/\/lospoliticosveracruz.com\/?p=69634","url":"https:\/\/lospoliticosveracruz.com\/?p=69634","name":"Despiertan al tigre \/ Juicio pol\u00edtico contra CGJ - Los pol\u00edticos Veracruz","isPartOf":{"@id":"https:\/\/lospoliticosveracruz.com\/#website"},"datePublished":"2021-03-18T13:43:03+00:00","dateModified":"2021-03-18T13:43:34+00:00","breadcrumb":{"@id":"https:\/\/lospoliticosveracruz.com\/?p=69634#breadcrumb"},"inLanguage":"es","potentialAction":[{"@type":"ReadAction","target":["https:\/\/lospoliticosveracruz.com\/?p=69634"]}]},{"@type":"BreadcrumbList","@id":"https:\/\/lospoliticosveracruz.com\/?p=69634#breadcrumb","itemListElement":[{"@type":"ListItem","position":1,"name":"Portada","item":"https:\/\/lospoliticosveracruz.com\/"},{"@type":"ListItem","position":2,"name":"Despiertan al tigre \/ Juicio pol\u00edtico contra CGJ"}]},{"@type":"WebSite","@id":"https:\/\/lospoliticosveracruz.com\/#website","url":"https:\/\/lospoliticosveracruz.com\/","name":"Los pol\u00edticos Veracruz","description":"","publisher":{"@id":"https:\/\/lospoliticosveracruz.com\/#organization"},"potentialAction":[{"@type":"SearchAction","target":{"@type":"EntryPoint","urlTemplate":"https:\/\/lospoliticosveracruz.com\/?s={search_term_string}"},"query-input":{"@type":"PropertyValueSpecification","valueRequired":true,"valueName":"search_term_string"}}],"inLanguage":"es"},{"@type":"Organization","@id":"https:\/\/lospoliticosveracruz.com\/#organization","name":"Los pol\u00edticos Veracruz","url":"https:\/\/lospoliticosveracruz.com\/","logo":{"@type":"ImageObject","inLanguage":"es","@id":"https:\/\/lospoliticosveracruz.com\/#\/schema\/logo\/image\/","url":"https:\/\/lospoliticosveracruz.com\/wp-content\/uploads\/2025\/12\/Logo-Nuevo-LOS-POLITICOS-1.jpg","contentUrl":"https:\/\/lospoliticosveracruz.com\/wp-content\/uploads\/2025\/12\/Logo-Nuevo-LOS-POLITICOS-1.jpg","width":260,"height":70,"caption":"Los pol\u00edticos Veracruz"},"image":{"@id":"https:\/\/lospoliticosveracruz.com\/#\/schema\/logo\/image\/"},"sameAs":["https:\/\/www.facebook.com\/people\/Notimemes-de-los-Polticos\/61565672886568\/","https:\/\/x.com\/LosPoliticosVer"]},{"@type":"Person","@id":"https:\/\/lospoliticosveracruz.com\/#\/schema\/person\/b8702bb0e538456e6efd07080bf2a4a2","name":"Lo viste en Los Pol\u00edticos","image":{"@type":"ImageObject","inLanguage":"es","@id":"https:\/\/secure.gravatar.com\/avatar\/3a8de04a2656d44082be478bd6c086daa447c4651605818287b9532d3d0bd435?s=96&d=mm&r=g","url":"https:\/\/secure.gravatar.com\/avatar\/3a8de04a2656d44082be478bd6c086daa447c4651605818287b9532d3d0bd435?s=96&d=mm&r=g","contentUrl":"https:\/\/secure.gravatar.com\/avatar\/3a8de04a2656d44082be478bd6c086daa447c4651605818287b9532d3d0bd435?s=96&d=mm&r=g","caption":"Lo viste en Los Pol\u00edticos"},"url":"https:\/\/lospoliticosveracruz.com\/?author=2"}]}},"_links":{"self":[{"href":"https:\/\/lospoliticosveracruz.com\/index.php?rest_route=\/wp\/v2\/posts\/69634","targetHints":{"allow":["GET"]}}],"collection":[{"href":"https:\/\/lospoliticosveracruz.com\/index.php?rest_route=\/wp\/v2\/posts"}],"about":[{"href":"https:\/\/lospoliticosveracruz.com\/index.php?rest_route=\/wp\/v2\/types\/post"}],"author":[{"embeddable":true,"href":"https:\/\/lospoliticosveracruz.com\/index.php?rest_route=\/wp\/v2\/users\/2"}],"replies":[{"embeddable":true,"href":"https:\/\/lospoliticosveracruz.com\/index.php?rest_route=%2Fwp%2Fv2%2Fcomments&post=69634"}],"version-history":[{"count":1,"href":"https:\/\/lospoliticosveracruz.com\/index.php?rest_route=\/wp\/v2\/posts\/69634\/revisions"}],"predecessor-version":[{"id":69636,"href":"https:\/\/lospoliticosveracruz.com\/index.php?rest_route=\/wp\/v2\/posts\/69634\/revisions\/69636"}],"wp:attachment":[{"href":"https:\/\/lospoliticosveracruz.com\/index.php?rest_route=%2Fwp%2Fv2%2Fmedia&parent=69634"}],"wp:term":[{"taxonomy":"category","embeddable":true,"href":"https:\/\/lospoliticosveracruz.com\/index.php?rest_route=%2Fwp%2Fv2%2Fcategories&post=69634"},{"taxonomy":"post_tag","embeddable":true,"href":"https:\/\/lospoliticosveracruz.com\/index.php?rest_route=%2Fwp%2Fv2%2Ftags&post=69634"}],"curies":[{"name":"wp","href":"https:\/\/api.w.org\/{rel}","templated":true}]}}