{"id":69650,"date":"2021-03-18T09:49:49","date_gmt":"2021-03-18T15:49:49","guid":{"rendered":"http:\/\/www.lospoliticosveracruz.com.mx\/?p=69650"},"modified":"2021-03-18T09:50:09","modified_gmt":"2021-03-18T15:50:09","slug":"invertir-en-seguridad-es-crecimiento-economico","status":"publish","type":"post","link":"https:\/\/lospoliticosveracruz.com\/?p=69650","title":{"rendered":"Invertir en seguridad es crecimiento econ\u00f3mico!"},"content":{"rendered":"\n<p><strong>Aguascalientese<\/strong><\/p>\n\n\n\n<p>Para las autoridades municipales de Aguascalientes, invertir en seguridad es hacerlo en crecimiento econ\u00f3mico, toda vez que un municipio seguro es sin\u00f3nimo de que las cosas marchan bien y eso genera confianza para los empresarios.<\/p>\n\n\n\n<p>De enero a septiembre de 2020 en plena pandemia, el municipio de Aguascalientes registr\u00f3 m\u00e1s de 7 mil millones de pesos en inversi\u00f3n extranjera directa, beneficiando a la mano de obra local, lo cual es el reflejo de la confianza en la ciudad y su estrategia de seguridad, resultado de una polic\u00eda municipal comprometida y que tiene todo para operar adecuadamente.<\/p>\n\n\n\n<p>El diputado local, Sergio Hern\u00e1ndez Hern\u00e1ndez se\u00f1al\u00f3 que \u201ces sumamente necesario que los municipios veracruzanos adopten nuevas medidas en combate a la inseguridad y para ello pueden copiarse modelos de ciudades que est\u00e1n en el ranking de las m\u00e1s seguras a nivel nacional, tal y como es el caso del municipio de Aguascalientes, que adem\u00e1s de contar con un equipado Complejo de Seguridad P\u00fablica, tiene mil 920 polic\u00edas, adem\u00e1s de un grupo especializado que atiende temas de violencia de g\u00e9nero (polic\u00eda rosa), con altas remuneraciones y opciones de crecimiento profesional\u201d.<\/p>\n\n\n\n<p>En este recorrido, que forma parte del foro Ciudades M\u00e1s Seguras 2, Sergio Hern\u00e1ndez dialog\u00f3 con el titular de la Secretar\u00eda de Seguridad P\u00fablica del municipio de Aguascalientes, Antonio Mart\u00ednez Romo, quien, en primer t\u00e9rmino, habl\u00f3 sobre la creaci\u00f3n de mil 639 Comit\u00e9s de Buen Orden, los cuales son grupos de trabajo ciudadano que colaboran con la polic\u00eda para implementar acciones que disminuyan la incidencia de delitos.<\/p>\n\n\n\n<p>Se\u00f1al\u00f3 que adem\u00e1s de los Comit\u00e9s de Buen Orden, se trabaja en el programa denominado Cuatro por Cuatro, mediante el cual se ampl\u00eda, de una o dos calles, a diversas colonias, creando un pol\u00edgono m\u00e1s grande en la estrategia de combate a la inseguridad.<\/p>\n\n\n\n<p>Expuso que, como resultado de la pandemia que a su vez origin\u00f3 el confinamiento social, se incrementaron los delitos de violencia familiar, por lo que el ayuntamiento implement\u00f3 la Polic\u00eda Rosa, mediante el cual un grupo de elementos con perfil profesional en violencia de g\u00e9nero atiende estos incidentes. Aunado a la implementaci\u00f3n del Bot\u00f3n Naranja, donde una mujer puede activarlo y se va en su auxilio.<\/p>\n\n\n\n<p>Sostuvo que a partir de la pandemia, los elementos polic\u00edacos realizaron la labor social de invitar a la gente a mantenerse resguardados y salir solo para actividades esenciales; aunado a que se implementaron tareas transversales con protecci\u00f3n civil y diversas \u00e1reas municipales en la recuperaci\u00f3n de espacios p\u00fablicos, servicios comunitarios y en materia de prevenci\u00f3n del delito.<\/p>\n\n\n\n<p>Destac\u00f3 que cuentan con Polic\u00edas de Proximidad, ya que no solo debe ser la tarea de reacci\u00f3n, sino que la misma gente conf\u00ede en sus elementos, para ello se asigna una unidad en particular y la gente registra el n\u00famero, tanto de la patrulla, como del m\u00f3vil del comandante en turno, quienes prestan un mejor servicio.<\/p>\n\n\n\n<p>Dijo que el inter\u00e9s del presidente municipal es fundamental en el robustecimiento de la polic\u00eda, y ejemplific\u00f3 con su alcaldesa quien, desde el primer d\u00eda de su mandato, instruy\u00f3 dotar a la corporaci\u00f3n de incentivos, equipo, tecnolog\u00eda y oportunidades para los elementos, a fin de crear una polic\u00eda de primer nivel, lo que ha tra\u00eddo consigo que Aguascalientes sea, a nivel nacional, la tercer ciudad m\u00e1s segura para vivir e invertir, \u201ctenemos el reto de avanzar para ser la n\u00famero uno y eso lo haremos de la mano de la sociedad\u201d, apunt\u00f3 el funcionario p\u00fablico.<\/p>\n\n\n\n<p>En cuanto al valor del capital humano, el Secretario detall\u00f3 que los polic\u00edas cuentan con las mejores prestaciones a nivel nacional, adem\u00e1s que se les brinda la oportunidad, a trav\u00e9s de becas, de seguir estudiando y actualmente se cuenta con profesionistas dando servicio a la comunidad, de manera eficiente y con respeto a derechos humanos.<\/p>\n\n\n\n<p>Al respecto, resalt\u00f3 que adem\u00e1s del capital humano debe invertirse en tecnolog\u00eda y equipo, ya que representan el binomio perfecto en las tareas de seguridad. Agreg\u00f3 que adem\u00e1s de los mil 920 elementos, se suman las instalaciones de primera del Complejo de Seguridad P\u00fablica, 340 unidades vehiculares y un helic\u00f3ptero, el cual se suma a las tareas en beneficio de las y los ciudadanos.<br>Por \u00faltimo, Mart\u00ednez Romo coincidi\u00f3 con el legislador Sergio Hern\u00e1ndez con relaci\u00f3n a que invertir en seguridad es hacerlo en desarrollo, \u201cya que si tenemos una ciudad segura vendr\u00e1n los empresarios a instalarse, crear empleos y as\u00ed se ver\u00e1 beneficiada la sociedad en su conjunto\u201d.<br>El diputado Sergio Hern\u00e1ndez agradeci\u00f3 el recibimiento al Secretario y expuso que es de gran importancia replicar estos modelos de seguridad p\u00fablica como el de Aguascalientes en la entidad veracruzana, a fin de contar con resultados positivos y que beneficien a todas y todos.<\/p>\n","protected":false},"excerpt":{"rendered":"<p>Aguascalientese Para las autoridades municipales de Aguascalientes, invertir en seguridad es hacerlo en crecimiento econ\u00f3mico, toda vez que un municipio seguro es sin\u00f3nimo de que las cosas marchan bien y eso genera confianza para los empresarios. De enero a septiembre de 2020 en plena pandemia, el municipio de Aguascalientes registr\u00f3 m\u00e1s de 7 mil millones [&hellip;]<\/p>\n","protected":false},"author":2,"featured_media":0,"comment_status":"closed","ping_status":"closed","sticky":false,"template":"","format":"standard","meta":{"tdm_status":"","tdm_grid_status":"","footnotes":""},"categories":[73],"tags":[8204,26791,6142],"class_list":{"0":"post-69650","1":"post","2":"type-post","3":"status-publish","4":"format-standard","6":"category-de-boleto","7":"tag-crecimiento-economico","8":"tag-invercion","9":"tag-sergio-hernandez"},"yoast_head":"<!-- This site is optimized with the Yoast SEO plugin v27.4 - https:\/\/yoast.com\/product\/yoast-seo-wordpress\/ -->\n<title>Invertir en seguridad es crecimiento econ\u00f3mico! - Los pol\u00edticos Veracruz<\/title>\n<meta name=\"robots\" content=\"index, follow, max-snippet:-1, max-image-preview:large, max-video-preview:-1\" \/>\n<link rel=\"canonical\" href=\"https:\/\/lospoliticosveracruz.com\/?p=69650\" \/>\n<meta property=\"og:locale\" content=\"es_ES\" \/>\n<meta property=\"og:type\" content=\"article\" \/>\n<meta property=\"og:title\" content=\"Invertir en seguridad es crecimiento econ\u00f3mico! - Los pol\u00edticos Veracruz\" \/>\n<meta property=\"og:description\" content=\"Aguascalientese Para las autoridades municipales de Aguascalientes, invertir en seguridad es hacerlo en crecimiento econ\u00f3mico, toda vez que un municipio seguro es sin\u00f3nimo de que las cosas marchan bien y eso genera confianza para los empresarios. De enero a septiembre de 2020 en plena pandemia, el municipio de Aguascalientes registr\u00f3 m\u00e1s de 7 mil millones [&hellip;]\" \/>\n<meta property=\"og:url\" content=\"https:\/\/lospoliticosveracruz.com\/?p=69650\" \/>\n<meta property=\"og:site_name\" content=\"Los pol\u00edticos Veracruz\" \/>\n<meta property=\"article:publisher\" content=\"https:\/\/www.facebook.com\/people\/Notimemes-de-los-Polticos\/61565672886568\/\" \/>\n<meta property=\"article:published_time\" content=\"2021-03-18T15:49:49+00:00\" \/>\n<meta property=\"article:modified_time\" content=\"2021-03-18T15:50:09+00:00\" \/>\n<meta property=\"og:image\" content=\"https:\/\/lospoliticosveracruz.com\/wp-content\/uploads\/2016\/07\/Logo-Dor.jpg\" \/>\n\t<meta property=\"og:image:width\" content=\"200\" \/>\n\t<meta property=\"og:image:height\" content=\"200\" \/>\n\t<meta property=\"og:image:type\" content=\"image\/jpeg\" \/>\n<meta name=\"author\" content=\"Lo viste en Los Pol\u00edticos\" \/>\n<meta name=\"twitter:card\" content=\"summary_large_image\" \/>\n<meta name=\"twitter:creator\" content=\"@LosPoliticosVer\" \/>\n<meta name=\"twitter:site\" content=\"@LosPoliticosVer\" \/>\n<meta name=\"twitter:label1\" content=\"Escrito por\" \/>\n\t<meta name=\"twitter:data1\" content=\"Lo viste en Los Pol\u00edticos\" \/>\n\t<meta name=\"twitter:label2\" content=\"Tiempo de lectura\" \/>\n\t<meta name=\"twitter:data2\" content=\"4 minutos\" \/>\n<script type=\"application\/ld+json\" class=\"yoast-schema-graph\">{\"@context\":\"https:\\\/\\\/schema.org\",\"@graph\":[{\"@type\":\"Article\",\"@id\":\"https:\\\/\\\/lospoliticosveracruz.com\\\/?p=69650#article\",\"isPartOf\":{\"@id\":\"https:\\\/\\\/lospoliticosveracruz.com\\\/?p=69650\"},\"author\":{\"name\":\"Lo viste en Los Pol\u00edticos\",\"@id\":\"https:\\\/\\\/lospoliticosveracruz.com\\\/#\\\/schema\\\/person\\\/b8702bb0e538456e6efd07080bf2a4a2\"},\"headline\":\"Invertir en seguridad es crecimiento econ\u00f3mico!\",\"datePublished\":\"2021-03-18T15:49:49+00:00\",\"dateModified\":\"2021-03-18T15:50:09+00:00\",\"mainEntityOfPage\":{\"@id\":\"https:\\\/\\\/lospoliticosveracruz.com\\\/?p=69650\"},\"wordCount\":849,\"publisher\":{\"@id\":\"https:\\\/\\\/lospoliticosveracruz.com\\\/#organization\"},\"keywords\":[\"Crecimiento econ\u00f3mico\",\"invercion\",\"Sergio Hern\u00e1ndez\"],\"articleSection\":[\"De Boleto\"],\"inLanguage\":\"es\"},{\"@type\":\"WebPage\",\"@id\":\"https:\\\/\\\/lospoliticosveracruz.com\\\/?p=69650\",\"url\":\"https:\\\/\\\/lospoliticosveracruz.com\\\/?p=69650\",\"name\":\"Invertir en seguridad es crecimiento econ\u00f3mico! - Los pol\u00edticos Veracruz\",\"isPartOf\":{\"@id\":\"https:\\\/\\\/lospoliticosveracruz.com\\\/#website\"},\"datePublished\":\"2021-03-18T15:49:49+00:00\",\"dateModified\":\"2021-03-18T15:50:09+00:00\",\"breadcrumb\":{\"@id\":\"https:\\\/\\\/lospoliticosveracruz.com\\\/?p=69650#breadcrumb\"},\"inLanguage\":\"es\",\"potentialAction\":[{\"@type\":\"ReadAction\",\"target\":[\"https:\\\/\\\/lospoliticosveracruz.com\\\/?p=69650\"]}]},{\"@type\":\"BreadcrumbList\",\"@id\":\"https:\\\/\\\/lospoliticosveracruz.com\\\/?p=69650#breadcrumb\",\"itemListElement\":[{\"@type\":\"ListItem\",\"position\":1,\"name\":\"Portada\",\"item\":\"https:\\\/\\\/lospoliticosveracruz.com\\\/\"},{\"@type\":\"ListItem\",\"position\":2,\"name\":\"Invertir en seguridad es crecimiento econ\u00f3mico!\"}]},{\"@type\":\"WebSite\",\"@id\":\"https:\\\/\\\/lospoliticosveracruz.com\\\/#website\",\"url\":\"https:\\\/\\\/lospoliticosveracruz.com\\\/\",\"name\":\"Los pol\u00edticos Veracruz\",\"description\":\"\",\"publisher\":{\"@id\":\"https:\\\/\\\/lospoliticosveracruz.com\\\/#organization\"},\"potentialAction\":[{\"@type\":\"SearchAction\",\"target\":{\"@type\":\"EntryPoint\",\"urlTemplate\":\"https:\\\/\\\/lospoliticosveracruz.com\\\/?s={search_term_string}\"},\"query-input\":{\"@type\":\"PropertyValueSpecification\",\"valueRequired\":true,\"valueName\":\"search_term_string\"}}],\"inLanguage\":\"es\"},{\"@type\":\"Organization\",\"@id\":\"https:\\\/\\\/lospoliticosveracruz.com\\\/#organization\",\"name\":\"Los pol\u00edticos Veracruz\",\"url\":\"https:\\\/\\\/lospoliticosveracruz.com\\\/\",\"logo\":{\"@type\":\"ImageObject\",\"inLanguage\":\"es\",\"@id\":\"https:\\\/\\\/lospoliticosveracruz.com\\\/#\\\/schema\\\/logo\\\/image\\\/\",\"url\":\"https:\\\/\\\/lospoliticosveracruz.com\\\/wp-content\\\/uploads\\\/2025\\\/12\\\/Logo-Nuevo-LOS-POLITICOS-1.jpg\",\"contentUrl\":\"https:\\\/\\\/lospoliticosveracruz.com\\\/wp-content\\\/uploads\\\/2025\\\/12\\\/Logo-Nuevo-LOS-POLITICOS-1.jpg\",\"width\":260,\"height\":70,\"caption\":\"Los pol\u00edticos Veracruz\"},\"image\":{\"@id\":\"https:\\\/\\\/lospoliticosveracruz.com\\\/#\\\/schema\\\/logo\\\/image\\\/\"},\"sameAs\":[\"https:\\\/\\\/www.facebook.com\\\/people\\\/Notimemes-de-los-Polticos\\\/61565672886568\\\/\",\"https:\\\/\\\/x.com\\\/LosPoliticosVer\"]},{\"@type\":\"Person\",\"@id\":\"https:\\\/\\\/lospoliticosveracruz.com\\\/#\\\/schema\\\/person\\\/b8702bb0e538456e6efd07080bf2a4a2\",\"name\":\"Lo viste en Los Pol\u00edticos\",\"image\":{\"@type\":\"ImageObject\",\"inLanguage\":\"es\",\"@id\":\"https:\\\/\\\/secure.gravatar.com\\\/avatar\\\/3a8de04a2656d44082be478bd6c086daa447c4651605818287b9532d3d0bd435?s=96&d=mm&r=g\",\"url\":\"https:\\\/\\\/secure.gravatar.com\\\/avatar\\\/3a8de04a2656d44082be478bd6c086daa447c4651605818287b9532d3d0bd435?s=96&d=mm&r=g\",\"contentUrl\":\"https:\\\/\\\/secure.gravatar.com\\\/avatar\\\/3a8de04a2656d44082be478bd6c086daa447c4651605818287b9532d3d0bd435?s=96&d=mm&r=g\",\"caption\":\"Lo viste en Los Pol\u00edticos\"},\"url\":\"https:\\\/\\\/lospoliticosveracruz.com\\\/?author=2\"}]}<\/script>\n<!-- \/ Yoast SEO plugin. -->","yoast_head_json":{"title":"Invertir en seguridad es crecimiento econ\u00f3mico! - Los pol\u00edticos Veracruz","robots":{"index":"index","follow":"follow","max-snippet":"max-snippet:-1","max-image-preview":"max-image-preview:large","max-video-preview":"max-video-preview:-1"},"canonical":"https:\/\/lospoliticosveracruz.com\/?p=69650","og_locale":"es_ES","og_type":"article","og_title":"Invertir en seguridad es crecimiento econ\u00f3mico! - Los pol\u00edticos Veracruz","og_description":"Aguascalientese Para las autoridades municipales de Aguascalientes, invertir en seguridad es hacerlo en crecimiento econ\u00f3mico, toda vez que un municipio seguro es sin\u00f3nimo de que las cosas marchan bien y eso genera confianza para los empresarios. De enero a septiembre de 2020 en plena pandemia, el municipio de Aguascalientes registr\u00f3 m\u00e1s de 7 mil millones [&hellip;]","og_url":"https:\/\/lospoliticosveracruz.com\/?p=69650","og_site_name":"Los pol\u00edticos Veracruz","article_publisher":"https:\/\/www.facebook.com\/people\/Notimemes-de-los-Polticos\/61565672886568\/","article_published_time":"2021-03-18T15:49:49+00:00","article_modified_time":"2021-03-18T15:50:09+00:00","og_image":[{"width":200,"height":200,"url":"https:\/\/lospoliticosveracruz.com\/wp-content\/uploads\/2016\/07\/Logo-Dor.jpg","type":"image\/jpeg"}],"author":"Lo viste en Los Pol\u00edticos","twitter_card":"summary_large_image","twitter_creator":"@LosPoliticosVer","twitter_site":"@LosPoliticosVer","twitter_misc":{"Escrito por":"Lo viste en Los Pol\u00edticos","Tiempo de lectura":"4 minutos"},"schema":{"@context":"https:\/\/schema.org","@graph":[{"@type":"Article","@id":"https:\/\/lospoliticosveracruz.com\/?p=69650#article","isPartOf":{"@id":"https:\/\/lospoliticosveracruz.com\/?p=69650"},"author":{"name":"Lo viste en Los Pol\u00edticos","@id":"https:\/\/lospoliticosveracruz.com\/#\/schema\/person\/b8702bb0e538456e6efd07080bf2a4a2"},"headline":"Invertir en seguridad es crecimiento econ\u00f3mico!","datePublished":"2021-03-18T15:49:49+00:00","dateModified":"2021-03-18T15:50:09+00:00","mainEntityOfPage":{"@id":"https:\/\/lospoliticosveracruz.com\/?p=69650"},"wordCount":849,"publisher":{"@id":"https:\/\/lospoliticosveracruz.com\/#organization"},"keywords":["Crecimiento econ\u00f3mico","invercion","Sergio Hern\u00e1ndez"],"articleSection":["De Boleto"],"inLanguage":"es"},{"@type":"WebPage","@id":"https:\/\/lospoliticosveracruz.com\/?p=69650","url":"https:\/\/lospoliticosveracruz.com\/?p=69650","name":"Invertir en seguridad es crecimiento econ\u00f3mico! - Los pol\u00edticos Veracruz","isPartOf":{"@id":"https:\/\/lospoliticosveracruz.com\/#website"},"datePublished":"2021-03-18T15:49:49+00:00","dateModified":"2021-03-18T15:50:09+00:00","breadcrumb":{"@id":"https:\/\/lospoliticosveracruz.com\/?p=69650#breadcrumb"},"inLanguage":"es","potentialAction":[{"@type":"ReadAction","target":["https:\/\/lospoliticosveracruz.com\/?p=69650"]}]},{"@type":"BreadcrumbList","@id":"https:\/\/lospoliticosveracruz.com\/?p=69650#breadcrumb","itemListElement":[{"@type":"ListItem","position":1,"name":"Portada","item":"https:\/\/lospoliticosveracruz.com\/"},{"@type":"ListItem","position":2,"name":"Invertir en seguridad es crecimiento econ\u00f3mico!"}]},{"@type":"WebSite","@id":"https:\/\/lospoliticosveracruz.com\/#website","url":"https:\/\/lospoliticosveracruz.com\/","name":"Los pol\u00edticos Veracruz","description":"","publisher":{"@id":"https:\/\/lospoliticosveracruz.com\/#organization"},"potentialAction":[{"@type":"SearchAction","target":{"@type":"EntryPoint","urlTemplate":"https:\/\/lospoliticosveracruz.com\/?s={search_term_string}"},"query-input":{"@type":"PropertyValueSpecification","valueRequired":true,"valueName":"search_term_string"}}],"inLanguage":"es"},{"@type":"Organization","@id":"https:\/\/lospoliticosveracruz.com\/#organization","name":"Los pol\u00edticos Veracruz","url":"https:\/\/lospoliticosveracruz.com\/","logo":{"@type":"ImageObject","inLanguage":"es","@id":"https:\/\/lospoliticosveracruz.com\/#\/schema\/logo\/image\/","url":"https:\/\/lospoliticosveracruz.com\/wp-content\/uploads\/2025\/12\/Logo-Nuevo-LOS-POLITICOS-1.jpg","contentUrl":"https:\/\/lospoliticosveracruz.com\/wp-content\/uploads\/2025\/12\/Logo-Nuevo-LOS-POLITICOS-1.jpg","width":260,"height":70,"caption":"Los pol\u00edticos Veracruz"},"image":{"@id":"https:\/\/lospoliticosveracruz.com\/#\/schema\/logo\/image\/"},"sameAs":["https:\/\/www.facebook.com\/people\/Notimemes-de-los-Polticos\/61565672886568\/","https:\/\/x.com\/LosPoliticosVer"]},{"@type":"Person","@id":"https:\/\/lospoliticosveracruz.com\/#\/schema\/person\/b8702bb0e538456e6efd07080bf2a4a2","name":"Lo viste en Los Pol\u00edticos","image":{"@type":"ImageObject","inLanguage":"es","@id":"https:\/\/secure.gravatar.com\/avatar\/3a8de04a2656d44082be478bd6c086daa447c4651605818287b9532d3d0bd435?s=96&d=mm&r=g","url":"https:\/\/secure.gravatar.com\/avatar\/3a8de04a2656d44082be478bd6c086daa447c4651605818287b9532d3d0bd435?s=96&d=mm&r=g","contentUrl":"https:\/\/secure.gravatar.com\/avatar\/3a8de04a2656d44082be478bd6c086daa447c4651605818287b9532d3d0bd435?s=96&d=mm&r=g","caption":"Lo viste en Los Pol\u00edticos"},"url":"https:\/\/lospoliticosveracruz.com\/?author=2"}]}},"_links":{"self":[{"href":"https:\/\/lospoliticosveracruz.com\/index.php?rest_route=\/wp\/v2\/posts\/69650","targetHints":{"allow":["GET"]}}],"collection":[{"href":"https:\/\/lospoliticosveracruz.com\/index.php?rest_route=\/wp\/v2\/posts"}],"about":[{"href":"https:\/\/lospoliticosveracruz.com\/index.php?rest_route=\/wp\/v2\/types\/post"}],"author":[{"embeddable":true,"href":"https:\/\/lospoliticosveracruz.com\/index.php?rest_route=\/wp\/v2\/users\/2"}],"replies":[{"embeddable":true,"href":"https:\/\/lospoliticosveracruz.com\/index.php?rest_route=%2Fwp%2Fv2%2Fcomments&post=69650"}],"version-history":[{"count":2,"href":"https:\/\/lospoliticosveracruz.com\/index.php?rest_route=\/wp\/v2\/posts\/69650\/revisions"}],"predecessor-version":[{"id":69653,"href":"https:\/\/lospoliticosveracruz.com\/index.php?rest_route=\/wp\/v2\/posts\/69650\/revisions\/69653"}],"wp:attachment":[{"href":"https:\/\/lospoliticosveracruz.com\/index.php?rest_route=%2Fwp%2Fv2%2Fmedia&parent=69650"}],"wp:term":[{"taxonomy":"category","embeddable":true,"href":"https:\/\/lospoliticosveracruz.com\/index.php?rest_route=%2Fwp%2Fv2%2Fcategories&post=69650"},{"taxonomy":"post_tag","embeddable":true,"href":"https:\/\/lospoliticosveracruz.com\/index.php?rest_route=%2Fwp%2Fv2%2Ftags&post=69650"}],"curies":[{"name":"wp","href":"https:\/\/api.w.org\/{rel}","templated":true}]}}