{"id":69824,"date":"2021-03-22T11:53:54","date_gmt":"2021-03-22T17:53:54","guid":{"rendered":"http:\/\/www.lospoliticosveracruz.com.mx\/?p=69824"},"modified":"2021-03-22T11:54:00","modified_gmt":"2021-03-22T17:54:00","slug":"20-millones-de-spots","status":"publish","type":"post","link":"https:\/\/lospoliticosveracruz.com\/?p=69824","title":{"rendered":"20 millones de spots"},"content":{"rendered":"\n<p><strong>Sergio Gonz\u00e1lez Levet<\/strong><\/p>\n\n\n\n<p><em>Sin tacto<\/em><\/p>\n\n\n\n<p>Desde diciembre del a\u00f1o pasado hasta el 6 de junio de \u00e9ste, los mexicanos recibiremos a trav\u00e9s de las estaciones de radio y de televisi\u00f3n la friolera de casi 20 millones de spots, con los que los 10 partidos pol\u00edticos nacionales (Morrena, PAN. PRI, PRD, PVEM. PT, Fuerza por M\u00e9xico, Movimiento Ciudadano, Partido Encuentro Solidario, RSP) nos tratar\u00e1n de convencer de que tienen la mejor oferta para los electores.<\/p>\n\n\n\n<p>&nbsp;&nbsp;&nbsp;&nbsp; &nbsp;A \u00e9sos, hay que agregar varios partidos locales que, en el caso de nuestro estado son cuatro (Partido Unidad Ciudadana, Partido Podemos, Todos por Veracruz y Partido Cardenista).<\/p>\n\n\n\n<p>&nbsp;&nbsp;&nbsp;&nbsp; As\u00ed que los veracruzanos nos estamos reventando la bonita cantidad de un mill\u00f3n de spots, distribuidos por cierto de una manera muy extra\u00f1a, porque a los nuevos partidos apenas les toca una decena a cada uno, mientras los grandes se sirven con la cuchara grande y disfrutan de cientos de miles de mensajes gratuitos enviados por las ondas hertzianas a toda la geograf\u00eda estatal.<\/p>\n\n\n\n<p>&nbsp;&nbsp;&nbsp;&nbsp; As\u00ed que 49 millones 118,548 ciudadanas mexicanas y 45 millones 880,701 ciudadanos mexicanos terminar\u00e1n con las orejas coloradas y medio marchitas por tanto anuncio mal hecho, aburrido, igual que los comerciales de siempre (aunque todos los creativos de los partidos dicen que son innovadores como nunca).<\/p>\n\n\n\n<p>&nbsp;&nbsp;&nbsp;&nbsp; En estas tierras, quedaremos con orejas de alcachofa 6 millones 018,146 ciudadanos, de los cuales 3 millones 162,843 son mujeres y 2 millones 855,303 son hombres.<\/p>\n\n\n\n<p>&nbsp;&nbsp;&nbsp;&nbsp; En la campa\u00f1a de 2018 se lanzaron al aire cerca de 18 millones de spots, y de todos ellos s\u00f3lo qued\u00f3 el recuerdo, ya difuso, del spot que cantaba el peque\u00f1o Yuawi L\u00f3pez, ni\u00f1o wirrarika, de la tribu huichol de Chiapas, para el partido de Dante Delgado, que tuvo mucho \u00e9xito como producci\u00f3n, pero pocos votos le dio al movimiento naranja, movimiento ciudadano, de acuerdo con los magros resultados que obtuvo, sobre todo en Veracruz. \u00bfO no?<\/p>\n\n\n\n<p>&nbsp;&nbsp;&nbsp;&nbsp; Pero, bueno, ahora cada vez que usted enciende su radio o su televisi\u00f3n, seguramente escuchar\u00e1 las ocurrencias de los due\u00f1os de los partidos pol\u00edticos, que en esta ocasi\u00f3n siguieron insistiendo en sus promesas vacuas y en sus afirmaciones de que a ellos solamente les interesa el bien com\u00fan, lo que no es nada com\u00fan.<\/p>\n\n\n\n<p>&nbsp;&nbsp;&nbsp;&nbsp; Por lo que conozco, son muy pocos los dirigentes de partidos que realmente tienen la intenci\u00f3n de apoyar a los ciudadanos. La mayor\u00eda de ellos piensa en c\u00f3mo llenarse los bolsillos con las jugosas prerrogativas que les otorga religiosamente la autoridad electoral, ya sea el INE o el OPLE.<\/p>\n\n\n\n<p>&nbsp;&nbsp;&nbsp;&nbsp; Esta vez nos gastaremos en el proceso alrededor de 24 mil millones de pesos, que es el costo de la democracia (y de la corrupci\u00f3n, que persiste).<\/p>\n\n\n\n<p>&nbsp;&nbsp;&nbsp;&nbsp; Calcule usted que 20 millones de spots de medio minuto cada uno representan 10 millones de minutos. Son 166,667 horas, que dan 994 d\u00edas (me podr\u00e1 decir alguien que esa cantidad de d\u00edas representa m\u00e1s de dos a\u00f1os cuando el proceso dura a lo sumo seis meses; lo que sucede es que muchos de ellos pasan simult\u00e1neamente en muchas estaciones).<\/p>\n\n\n\n<p>As\u00ed que paciencia, pues, y mucha tolerancia, que ya falta menos,<\/p>\n\n\n\n<p><a href=\"mailto:sglevet@gmail.com\">sglevet@gmail.com<\/a><\/p>\n","protected":false},"excerpt":{"rendered":"<p>Sergio Gonz\u00e1lez Levet Sin tacto Desde diciembre del a\u00f1o pasado hasta el 6 de junio de \u00e9ste, los mexicanos recibiremos a trav\u00e9s de las estaciones de radio y de televisi\u00f3n la friolera de casi 20 millones de spots, con los que los 10 partidos pol\u00edticos nacionales (Morrena, PAN. PRI, PRD, PVEM. PT, Fuerza por M\u00e9xico, [&hellip;]<\/p>\n","protected":false},"author":2,"featured_media":0,"comment_status":"closed","ping_status":"closed","sticky":false,"template":"","format":"standard","meta":{"tdm_status":"","tdm_grid_status":"","footnotes":""},"categories":[70],"tags":[24637,26878,2327,26877,3626,24157,21922,21787,107,26879,1282,2652,16226],"class_list":{"0":"post-69824","1":"post","2":"type-post","3":"status-publish","4":"format-standard","6":"category-de-opinion","7":"tag-fuerza-por-mexico","8":"tag-morrena","9":"tag-movimiento-ciudadano","10":"tag-pan-pri","11":"tag-partido-cardenista","12":"tag-partido-encuentro-solidario","13":"tag-partido-podemos","14":"tag-partido-unidad-ciudadana","15":"tag-prd","16":"tag-pvem-pt","17":"tag-sergio-gonzalez-levet","18":"tag-spots","19":"tag-todos-por-veracruz"},"yoast_head":"<!-- This site is optimized with the Yoast SEO plugin v27.4 - https:\/\/yoast.com\/product\/yoast-seo-wordpress\/ -->\n<title>20 millones de spots - Los pol\u00edticos Veracruz<\/title>\n<meta name=\"robots\" content=\"index, follow, max-snippet:-1, max-image-preview:large, max-video-preview:-1\" \/>\n<link rel=\"canonical\" href=\"https:\/\/lospoliticosveracruz.com\/?p=69824\" \/>\n<meta property=\"og:locale\" content=\"es_ES\" \/>\n<meta property=\"og:type\" content=\"article\" \/>\n<meta property=\"og:title\" content=\"20 millones de spots - Los pol\u00edticos Veracruz\" \/>\n<meta property=\"og:description\" content=\"Sergio Gonz\u00e1lez Levet Sin tacto Desde diciembre del a\u00f1o pasado hasta el 6 de junio de \u00e9ste, los mexicanos recibiremos a trav\u00e9s de las estaciones de radio y de televisi\u00f3n la friolera de casi 20 millones de spots, con los que los 10 partidos pol\u00edticos nacionales (Morrena, PAN. PRI, PRD, PVEM. PT, Fuerza por M\u00e9xico, [&hellip;]\" \/>\n<meta property=\"og:url\" content=\"https:\/\/lospoliticosveracruz.com\/?p=69824\" \/>\n<meta property=\"og:site_name\" content=\"Los pol\u00edticos Veracruz\" \/>\n<meta property=\"article:publisher\" content=\"https:\/\/www.facebook.com\/people\/Notimemes-de-los-Polticos\/61565672886568\/\" \/>\n<meta property=\"article:published_time\" content=\"2021-03-22T17:53:54+00:00\" \/>\n<meta property=\"article:modified_time\" content=\"2021-03-22T17:54:00+00:00\" \/>\n<meta property=\"og:image\" content=\"https:\/\/lospoliticosveracruz.com\/wp-content\/uploads\/2016\/07\/Logo-Dor.jpg\" \/>\n\t<meta property=\"og:image:width\" content=\"200\" \/>\n\t<meta property=\"og:image:height\" content=\"200\" \/>\n\t<meta property=\"og:image:type\" content=\"image\/jpeg\" \/>\n<meta name=\"author\" content=\"Lo viste en Los Pol\u00edticos\" \/>\n<meta name=\"twitter:card\" content=\"summary_large_image\" \/>\n<meta name=\"twitter:creator\" content=\"@LosPoliticosVer\" \/>\n<meta name=\"twitter:site\" content=\"@LosPoliticosVer\" \/>\n<meta name=\"twitter:label1\" content=\"Escrito por\" \/>\n\t<meta name=\"twitter:data1\" content=\"Lo viste en Los Pol\u00edticos\" \/>\n\t<meta name=\"twitter:label2\" content=\"Tiempo de lectura\" \/>\n\t<meta name=\"twitter:data2\" content=\"3 minutos\" \/>\n<script type=\"application\/ld+json\" class=\"yoast-schema-graph\">{\"@context\":\"https:\\\/\\\/schema.org\",\"@graph\":[{\"@type\":\"Article\",\"@id\":\"https:\\\/\\\/lospoliticosveracruz.com\\\/?p=69824#article\",\"isPartOf\":{\"@id\":\"https:\\\/\\\/lospoliticosveracruz.com\\\/?p=69824\"},\"author\":{\"name\":\"Lo viste en Los Pol\u00edticos\",\"@id\":\"https:\\\/\\\/lospoliticosveracruz.com\\\/#\\\/schema\\\/person\\\/b8702bb0e538456e6efd07080bf2a4a2\"},\"headline\":\"20 millones de spots\",\"datePublished\":\"2021-03-22T17:53:54+00:00\",\"dateModified\":\"2021-03-22T17:54:00+00:00\",\"mainEntityOfPage\":{\"@id\":\"https:\\\/\\\/lospoliticosveracruz.com\\\/?p=69824\"},\"wordCount\":571,\"publisher\":{\"@id\":\"https:\\\/\\\/lospoliticosveracruz.com\\\/#organization\"},\"keywords\":[\"Fuerza por M\u00e9xico\",\"Morrena\",\"Movimiento Ciudadano\",\"PAN. PRI\",\"Partido Cardenista\",\"Partido Encuentro Solidario\",\"Partido Podemos\",\"Partido Unidad Ciudadana\",\"PRD\",\"PVEM. PT\",\"Sergio Gonz\u00e1lez Levet\",\"Spots\",\"Todos por Veracruz\"],\"articleSection\":[\"De Opini\u00f3n\"],\"inLanguage\":\"es\"},{\"@type\":\"WebPage\",\"@id\":\"https:\\\/\\\/lospoliticosveracruz.com\\\/?p=69824\",\"url\":\"https:\\\/\\\/lospoliticosveracruz.com\\\/?p=69824\",\"name\":\"20 millones de spots - Los pol\u00edticos Veracruz\",\"isPartOf\":{\"@id\":\"https:\\\/\\\/lospoliticosveracruz.com\\\/#website\"},\"datePublished\":\"2021-03-22T17:53:54+00:00\",\"dateModified\":\"2021-03-22T17:54:00+00:00\",\"breadcrumb\":{\"@id\":\"https:\\\/\\\/lospoliticosveracruz.com\\\/?p=69824#breadcrumb\"},\"inLanguage\":\"es\",\"potentialAction\":[{\"@type\":\"ReadAction\",\"target\":[\"https:\\\/\\\/lospoliticosveracruz.com\\\/?p=69824\"]}]},{\"@type\":\"BreadcrumbList\",\"@id\":\"https:\\\/\\\/lospoliticosveracruz.com\\\/?p=69824#breadcrumb\",\"itemListElement\":[{\"@type\":\"ListItem\",\"position\":1,\"name\":\"Portada\",\"item\":\"https:\\\/\\\/lospoliticosveracruz.com\\\/\"},{\"@type\":\"ListItem\",\"position\":2,\"name\":\"20 millones de spots\"}]},{\"@type\":\"WebSite\",\"@id\":\"https:\\\/\\\/lospoliticosveracruz.com\\\/#website\",\"url\":\"https:\\\/\\\/lospoliticosveracruz.com\\\/\",\"name\":\"Los pol\u00edticos Veracruz\",\"description\":\"\",\"publisher\":{\"@id\":\"https:\\\/\\\/lospoliticosveracruz.com\\\/#organization\"},\"potentialAction\":[{\"@type\":\"SearchAction\",\"target\":{\"@type\":\"EntryPoint\",\"urlTemplate\":\"https:\\\/\\\/lospoliticosveracruz.com\\\/?s={search_term_string}\"},\"query-input\":{\"@type\":\"PropertyValueSpecification\",\"valueRequired\":true,\"valueName\":\"search_term_string\"}}],\"inLanguage\":\"es\"},{\"@type\":\"Organization\",\"@id\":\"https:\\\/\\\/lospoliticosveracruz.com\\\/#organization\",\"name\":\"Los pol\u00edticos Veracruz\",\"url\":\"https:\\\/\\\/lospoliticosveracruz.com\\\/\",\"logo\":{\"@type\":\"ImageObject\",\"inLanguage\":\"es\",\"@id\":\"https:\\\/\\\/lospoliticosveracruz.com\\\/#\\\/schema\\\/logo\\\/image\\\/\",\"url\":\"https:\\\/\\\/lospoliticosveracruz.com\\\/wp-content\\\/uploads\\\/2025\\\/12\\\/Logo-Nuevo-LOS-POLITICOS-1.jpg\",\"contentUrl\":\"https:\\\/\\\/lospoliticosveracruz.com\\\/wp-content\\\/uploads\\\/2025\\\/12\\\/Logo-Nuevo-LOS-POLITICOS-1.jpg\",\"width\":260,\"height\":70,\"caption\":\"Los pol\u00edticos Veracruz\"},\"image\":{\"@id\":\"https:\\\/\\\/lospoliticosveracruz.com\\\/#\\\/schema\\\/logo\\\/image\\\/\"},\"sameAs\":[\"https:\\\/\\\/www.facebook.com\\\/people\\\/Notimemes-de-los-Polticos\\\/61565672886568\\\/\",\"https:\\\/\\\/x.com\\\/LosPoliticosVer\"]},{\"@type\":\"Person\",\"@id\":\"https:\\\/\\\/lospoliticosveracruz.com\\\/#\\\/schema\\\/person\\\/b8702bb0e538456e6efd07080bf2a4a2\",\"name\":\"Lo viste en Los Pol\u00edticos\",\"image\":{\"@type\":\"ImageObject\",\"inLanguage\":\"es\",\"@id\":\"https:\\\/\\\/secure.gravatar.com\\\/avatar\\\/3a8de04a2656d44082be478bd6c086daa447c4651605818287b9532d3d0bd435?s=96&d=mm&r=g\",\"url\":\"https:\\\/\\\/secure.gravatar.com\\\/avatar\\\/3a8de04a2656d44082be478bd6c086daa447c4651605818287b9532d3d0bd435?s=96&d=mm&r=g\",\"contentUrl\":\"https:\\\/\\\/secure.gravatar.com\\\/avatar\\\/3a8de04a2656d44082be478bd6c086daa447c4651605818287b9532d3d0bd435?s=96&d=mm&r=g\",\"caption\":\"Lo viste en Los Pol\u00edticos\"},\"url\":\"https:\\\/\\\/lospoliticosveracruz.com\\\/?author=2\"}]}<\/script>\n<!-- \/ Yoast SEO plugin. -->","yoast_head_json":{"title":"20 millones de spots - Los pol\u00edticos Veracruz","robots":{"index":"index","follow":"follow","max-snippet":"max-snippet:-1","max-image-preview":"max-image-preview:large","max-video-preview":"max-video-preview:-1"},"canonical":"https:\/\/lospoliticosveracruz.com\/?p=69824","og_locale":"es_ES","og_type":"article","og_title":"20 millones de spots - Los pol\u00edticos Veracruz","og_description":"Sergio Gonz\u00e1lez Levet Sin tacto Desde diciembre del a\u00f1o pasado hasta el 6 de junio de \u00e9ste, los mexicanos recibiremos a trav\u00e9s de las estaciones de radio y de televisi\u00f3n la friolera de casi 20 millones de spots, con los que los 10 partidos pol\u00edticos nacionales (Morrena, PAN. PRI, PRD, PVEM. PT, Fuerza por M\u00e9xico, [&hellip;]","og_url":"https:\/\/lospoliticosveracruz.com\/?p=69824","og_site_name":"Los pol\u00edticos Veracruz","article_publisher":"https:\/\/www.facebook.com\/people\/Notimemes-de-los-Polticos\/61565672886568\/","article_published_time":"2021-03-22T17:53:54+00:00","article_modified_time":"2021-03-22T17:54:00+00:00","og_image":[{"width":200,"height":200,"url":"https:\/\/lospoliticosveracruz.com\/wp-content\/uploads\/2016\/07\/Logo-Dor.jpg","type":"image\/jpeg"}],"author":"Lo viste en Los Pol\u00edticos","twitter_card":"summary_large_image","twitter_creator":"@LosPoliticosVer","twitter_site":"@LosPoliticosVer","twitter_misc":{"Escrito por":"Lo viste en Los Pol\u00edticos","Tiempo de lectura":"3 minutos"},"schema":{"@context":"https:\/\/schema.org","@graph":[{"@type":"Article","@id":"https:\/\/lospoliticosveracruz.com\/?p=69824#article","isPartOf":{"@id":"https:\/\/lospoliticosveracruz.com\/?p=69824"},"author":{"name":"Lo viste en Los Pol\u00edticos","@id":"https:\/\/lospoliticosveracruz.com\/#\/schema\/person\/b8702bb0e538456e6efd07080bf2a4a2"},"headline":"20 millones de spots","datePublished":"2021-03-22T17:53:54+00:00","dateModified":"2021-03-22T17:54:00+00:00","mainEntityOfPage":{"@id":"https:\/\/lospoliticosveracruz.com\/?p=69824"},"wordCount":571,"publisher":{"@id":"https:\/\/lospoliticosveracruz.com\/#organization"},"keywords":["Fuerza por M\u00e9xico","Morrena","Movimiento Ciudadano","PAN. PRI","Partido Cardenista","Partido Encuentro Solidario","Partido Podemos","Partido Unidad Ciudadana","PRD","PVEM. PT","Sergio Gonz\u00e1lez Levet","Spots","Todos por Veracruz"],"articleSection":["De Opini\u00f3n"],"inLanguage":"es"},{"@type":"WebPage","@id":"https:\/\/lospoliticosveracruz.com\/?p=69824","url":"https:\/\/lospoliticosveracruz.com\/?p=69824","name":"20 millones de spots - Los pol\u00edticos Veracruz","isPartOf":{"@id":"https:\/\/lospoliticosveracruz.com\/#website"},"datePublished":"2021-03-22T17:53:54+00:00","dateModified":"2021-03-22T17:54:00+00:00","breadcrumb":{"@id":"https:\/\/lospoliticosveracruz.com\/?p=69824#breadcrumb"},"inLanguage":"es","potentialAction":[{"@type":"ReadAction","target":["https:\/\/lospoliticosveracruz.com\/?p=69824"]}]},{"@type":"BreadcrumbList","@id":"https:\/\/lospoliticosveracruz.com\/?p=69824#breadcrumb","itemListElement":[{"@type":"ListItem","position":1,"name":"Portada","item":"https:\/\/lospoliticosveracruz.com\/"},{"@type":"ListItem","position":2,"name":"20 millones de spots"}]},{"@type":"WebSite","@id":"https:\/\/lospoliticosveracruz.com\/#website","url":"https:\/\/lospoliticosveracruz.com\/","name":"Los pol\u00edticos Veracruz","description":"","publisher":{"@id":"https:\/\/lospoliticosveracruz.com\/#organization"},"potentialAction":[{"@type":"SearchAction","target":{"@type":"EntryPoint","urlTemplate":"https:\/\/lospoliticosveracruz.com\/?s={search_term_string}"},"query-input":{"@type":"PropertyValueSpecification","valueRequired":true,"valueName":"search_term_string"}}],"inLanguage":"es"},{"@type":"Organization","@id":"https:\/\/lospoliticosveracruz.com\/#organization","name":"Los pol\u00edticos Veracruz","url":"https:\/\/lospoliticosveracruz.com\/","logo":{"@type":"ImageObject","inLanguage":"es","@id":"https:\/\/lospoliticosveracruz.com\/#\/schema\/logo\/image\/","url":"https:\/\/lospoliticosveracruz.com\/wp-content\/uploads\/2025\/12\/Logo-Nuevo-LOS-POLITICOS-1.jpg","contentUrl":"https:\/\/lospoliticosveracruz.com\/wp-content\/uploads\/2025\/12\/Logo-Nuevo-LOS-POLITICOS-1.jpg","width":260,"height":70,"caption":"Los pol\u00edticos Veracruz"},"image":{"@id":"https:\/\/lospoliticosveracruz.com\/#\/schema\/logo\/image\/"},"sameAs":["https:\/\/www.facebook.com\/people\/Notimemes-de-los-Polticos\/61565672886568\/","https:\/\/x.com\/LosPoliticosVer"]},{"@type":"Person","@id":"https:\/\/lospoliticosveracruz.com\/#\/schema\/person\/b8702bb0e538456e6efd07080bf2a4a2","name":"Lo viste en Los Pol\u00edticos","image":{"@type":"ImageObject","inLanguage":"es","@id":"https:\/\/secure.gravatar.com\/avatar\/3a8de04a2656d44082be478bd6c086daa447c4651605818287b9532d3d0bd435?s=96&d=mm&r=g","url":"https:\/\/secure.gravatar.com\/avatar\/3a8de04a2656d44082be478bd6c086daa447c4651605818287b9532d3d0bd435?s=96&d=mm&r=g","contentUrl":"https:\/\/secure.gravatar.com\/avatar\/3a8de04a2656d44082be478bd6c086daa447c4651605818287b9532d3d0bd435?s=96&d=mm&r=g","caption":"Lo viste en Los Pol\u00edticos"},"url":"https:\/\/lospoliticosveracruz.com\/?author=2"}]}},"_links":{"self":[{"href":"https:\/\/lospoliticosveracruz.com\/index.php?rest_route=\/wp\/v2\/posts\/69824","targetHints":{"allow":["GET"]}}],"collection":[{"href":"https:\/\/lospoliticosveracruz.com\/index.php?rest_route=\/wp\/v2\/posts"}],"about":[{"href":"https:\/\/lospoliticosveracruz.com\/index.php?rest_route=\/wp\/v2\/types\/post"}],"author":[{"embeddable":true,"href":"https:\/\/lospoliticosveracruz.com\/index.php?rest_route=\/wp\/v2\/users\/2"}],"replies":[{"embeddable":true,"href":"https:\/\/lospoliticosveracruz.com\/index.php?rest_route=%2Fwp%2Fv2%2Fcomments&post=69824"}],"version-history":[{"count":1,"href":"https:\/\/lospoliticosveracruz.com\/index.php?rest_route=\/wp\/v2\/posts\/69824\/revisions"}],"predecessor-version":[{"id":69826,"href":"https:\/\/lospoliticosveracruz.com\/index.php?rest_route=\/wp\/v2\/posts\/69824\/revisions\/69826"}],"wp:attachment":[{"href":"https:\/\/lospoliticosveracruz.com\/index.php?rest_route=%2Fwp%2Fv2%2Fmedia&parent=69824"}],"wp:term":[{"taxonomy":"category","embeddable":true,"href":"https:\/\/lospoliticosveracruz.com\/index.php?rest_route=%2Fwp%2Fv2%2Fcategories&post=69824"},{"taxonomy":"post_tag","embeddable":true,"href":"https:\/\/lospoliticosveracruz.com\/index.php?rest_route=%2Fwp%2Fv2%2Ftags&post=69824"}],"curies":[{"name":"wp","href":"https:\/\/api.w.org\/{rel}","templated":true}]}}