{"id":69877,"date":"2021-03-23T08:27:01","date_gmt":"2021-03-23T14:27:01","guid":{"rendered":"http:\/\/www.lospoliticosveracruz.com.mx\/?p=69877"},"modified":"2021-03-23T11:02:33","modified_gmt":"2021-03-23T17:02:33","slug":"fechorias-en-ixmatlahuacan","status":"publish","type":"post","link":"https:\/\/lospoliticosveracruz.com\/?p=69877","title":{"rendered":"Fechor\u00edas  en Ixmatlahuacan"},"content":{"rendered":"\n<p><strong>Eduardo Venegas Naranjo<\/strong><\/p>\n\n\n\n<p><em>Aqu\u00ed Entre Nos\u2026<br><\/em><\/p>\n\n\n\n<p><\/p>\n\n\n\n<p class=\"has-text-align-left\">Y es que la flamante alcaldesa Guadalupe Serrano Anaya ha resultado ser una verdadera fichita, Lupita es una joya de Ixmatlahuacan, aparte de que tiene al municipio en caos, contin\u00faa con su terquedad de imponer a su \u201ccompadre\u201d Ra\u00fal Andrade Gonz\u00e1lez como pr\u00f3ximo alcalde para taparle toda su \u201cporquer\u00eda\u201d,&nbsp;&nbsp;y es que este \u00faltimo trae a su mam\u00e1, la Sra. Josefina Gonz\u00e1lez, haciendo entrega de diversos \u201capoyos\u201d, mostrando su \u201cbuen coraz\u00f3n\u201d con sus paisanos, \u00bfustedes le creen?&nbsp;<\/p>\n\n\n\n<div class=\"wp-block-image\"><figure class=\"alignleft size-large\"><a href=\"http:\/\/www.lospoliticosveracruz.com.mx\/wp-content\/uploads\/2021\/03\/Predial-Cordoba.png\"><img decoding=\"async\" src=\"http:\/\/www.lospoliticosveracruz.com.mx\/wp-content\/uploads\/2021\/03\/Predial-Cordoba.png\" alt=\"\" class=\"wp-image-69841\"\/><\/a><\/figure><\/div>\n\n\n\n<p class=\"has-text-align-left\">A pesar de que al principio estaban seguros ir por el PAN, pues resulta que no, la alianza \u201cVa por Veracruz\u201d integrada por PAN-PRI-PRD en Ixmatlahuacan le toca proponer al PRI y va Celia Fabi\u00e1n Garc\u00eda, luego anduvieron en MORENA tampoco ir\u00e1n por ese partido, pues la candidata ser\u00e1 Olivia Mora Cruz. Por \u00faltimo ir\u00e1n por el partido creado por Cinthya Lobato, Unidad Ciudadana; parece que a Lupe su partido -el PAN- le dio la espalda, y al final no supo pactar con MORENA como lo han hecho otros alcaldes en la regi\u00f3n.&nbsp;<br>Lo cierto es que en el fallido proyecto pol\u00edtico de Ra\u00fal Andrade han gastado mucho dinero, la ciudadan\u00eda asegura que ha salido de las arcas municipales.&nbsp;<br>Parece que a Ra\u00fal y a su mam\u00e1 les da pena decir porque partido ir\u00e1n, pues no le hacen promoci\u00f3n, \u00bfesto ya lo sabr\u00e1 Chinthya Lobato? , tampoco hay que olvidar que en meses atr\u00e1s Ra\u00fal Andrade fue el coordinador municipal del Partido del Trabajo, y es que en pol\u00edtica a Lupe y \u201cRaulito\u201d todo les ha salido mal, son unos chapulines han brincado de partido en partido; pero que tal se han servido de la administraci\u00f3n municipal, en ella se cumplen TODOS los caprichos de cualquier \u00edndole, usted imag\u00ednese, no hay escr\u00fapulos.<br>Pobre Ixmatlahuacan, es un verdadero desastre en todos los aspectos, pero que se puede esperar si la cabeza est\u00e1 mal, c\u00f3mo podr\u00e1n estar los pies.&nbsp;<br>El colmo es qu\u00e9 Lupe se impuso y sindicaliz\u00f3 a Luis Enrique Ch\u00e1vez Barrera quien es Tesorero, y pretenden hacerlo l\u00edder del sindicato de trabajadores del Ayuntamiento, vaya que en este municipio imperan los atropellos de un gobierno ignorante y carente de conocimiento.&nbsp;<\/p>\n\n\n\n<p><strong>-En Tlacotalpan \u00a1MORENA est\u00e1 que arde !<\/strong><\/p>\n\n\n\n<p>Ayer domingo por la noche coincid\u00ed con un buen amigo y aliado. Es personaje es de la mera Cuarta Transformaci\u00f3n, no vamos a dar detalles, se roza en el \u00e1mbito estatal con todos los primeros mandos y con los que le hablan al gobernador y les hace caso.&nbsp;<br>Le dije, \u00bfc\u00f3mo va Tlacotalpan? A lo que respondi\u00f3: \u201cque te dije, va Corro, en su momento tendr\u00e1s la exclusiva y lo vas a anunciar\u201d.<br>Ser\u00e1 cerca del 17 de abril cuando esto se confirme y se acabe el martirio para los morenos en la Perla del Papaloapan.&nbsp;<br>Mientras tanto, Chucho Corro tiene los afectos y la amistad del Secretario de Educaci\u00f3n Zenyazen Escobar Garc\u00eda y el diputado Juan Javier G\u00f3mez Cazar\u00edn. Es cuesti\u00f3n de semanas de que esto se defina y se va quien tuvo el verdadero liderazgo y m\u00fasculo pol\u00edtico en la c\u00fapula pol\u00edtica estatal para tener en sus manos la candidatura, mientras tanto que contin\u00fae el circo, total el pueblo ya est\u00e1 acostumbrado.<\/p>\n\n\n\n<p>@lalo2808<br>lalo_tlaco@hotmail.com<\/p>\n","protected":false},"excerpt":{"rendered":"<p>Eduardo Venegas Naranjo Aqu\u00ed Entre Nos\u2026 Y es que la flamante alcaldesa Guadalupe Serrano Anaya ha resultado ser una verdadera fichita, Lupita es una joya de Ixmatlahuacan, aparte de que tiene al municipio en caos, contin\u00faa con su terquedad de imponer a su \u201ccompadre\u201d Ra\u00fal Andrade Gonz\u00e1lez como pr\u00f3ximo alcalde para taparle toda su \u201cporquer\u00eda\u201d,&nbsp;&nbsp;y [&hellip;]<\/p>\n","protected":false},"author":2,"featured_media":0,"comment_status":"closed","ping_status":"closed","sticky":false,"template":"","format":"standard","meta":{"tdm_status":"","tdm_grid_status":"","footnotes":""},"categories":[70],"tags":[13170,12602,26894,1026,6904,22333,26893,18710,25054],"class_list":{"0":"post-69877","1":"post","2":"type-post","3":"status-publish","4":"format-standard","6":"category-de-opinion","7":"tag-eduardo-venegas-naranjo","8":"tag-guadalupe-serrano-anaya","9":"tag-josefina-gonzalez","10":"tag-morena","11":"tag-olivia-mora-cruz","12":"tag-pan-pri-prd","13":"tag-raul-andrade-gonzalez","14":"tag-unidad-ciudadana","15":"tag-va-por-veracruz"},"yoast_head":"<!-- This site is optimized with the Yoast SEO plugin v27.4 - https:\/\/yoast.com\/product\/yoast-seo-wordpress\/ -->\n<title>Fechor\u00edas en Ixmatlahuacan - Los pol\u00edticos Veracruz<\/title>\n<meta name=\"robots\" content=\"index, follow, max-snippet:-1, max-image-preview:large, max-video-preview:-1\" \/>\n<link rel=\"canonical\" href=\"https:\/\/lospoliticosveracruz.com\/?p=69877\" \/>\n<meta property=\"og:locale\" content=\"es_ES\" \/>\n<meta property=\"og:type\" content=\"article\" \/>\n<meta property=\"og:title\" content=\"Fechor\u00edas en Ixmatlahuacan - Los pol\u00edticos Veracruz\" \/>\n<meta property=\"og:description\" content=\"Eduardo Venegas Naranjo Aqu\u00ed Entre Nos\u2026 Y es que la flamante alcaldesa Guadalupe Serrano Anaya ha resultado ser una verdadera fichita, Lupita es una joya de Ixmatlahuacan, aparte de que tiene al municipio en caos, contin\u00faa con su terquedad de imponer a su \u201ccompadre\u201d Ra\u00fal Andrade Gonz\u00e1lez como pr\u00f3ximo alcalde para taparle toda su \u201cporquer\u00eda\u201d,&nbsp;&nbsp;y [&hellip;]\" \/>\n<meta property=\"og:url\" content=\"https:\/\/lospoliticosveracruz.com\/?p=69877\" \/>\n<meta property=\"og:site_name\" content=\"Los pol\u00edticos Veracruz\" \/>\n<meta property=\"article:publisher\" content=\"https:\/\/www.facebook.com\/people\/Notimemes-de-los-Polticos\/61565672886568\/\" \/>\n<meta property=\"article:published_time\" content=\"2021-03-23T14:27:01+00:00\" \/>\n<meta property=\"article:modified_time\" content=\"2021-03-23T17:02:33+00:00\" \/>\n<meta property=\"og:image\" content=\"http:\/\/www.lospoliticosveracruz.com.mx\/wp-content\/uploads\/2021\/03\/Predial-Cordoba.png\" \/>\n<meta name=\"author\" content=\"Lo viste en Los Pol\u00edticos\" \/>\n<meta name=\"twitter:card\" content=\"summary_large_image\" \/>\n<meta name=\"twitter:creator\" content=\"@LosPoliticosVer\" \/>\n<meta name=\"twitter:site\" content=\"@LosPoliticosVer\" \/>\n<meta name=\"twitter:label1\" content=\"Escrito por\" \/>\n\t<meta name=\"twitter:data1\" content=\"Lo viste en Los Pol\u00edticos\" \/>\n\t<meta name=\"twitter:label2\" content=\"Tiempo de lectura\" \/>\n\t<meta name=\"twitter:data2\" content=\"3 minutos\" \/>\n<script type=\"application\/ld+json\" class=\"yoast-schema-graph\">{\"@context\":\"https:\\\/\\\/schema.org\",\"@graph\":[{\"@type\":\"Article\",\"@id\":\"https:\\\/\\\/lospoliticosveracruz.com\\\/?p=69877#article\",\"isPartOf\":{\"@id\":\"https:\\\/\\\/lospoliticosveracruz.com\\\/?p=69877\"},\"author\":{\"name\":\"Lo viste en Los Pol\u00edticos\",\"@id\":\"https:\\\/\\\/lospoliticosveracruz.com\\\/#\\\/schema\\\/person\\\/b8702bb0e538456e6efd07080bf2a4a2\"},\"headline\":\"Fechor\u00edas en Ixmatlahuacan\",\"datePublished\":\"2021-03-23T14:27:01+00:00\",\"dateModified\":\"2021-03-23T17:02:33+00:00\",\"mainEntityOfPage\":{\"@id\":\"https:\\\/\\\/lospoliticosveracruz.com\\\/?p=69877\"},\"wordCount\":590,\"publisher\":{\"@id\":\"https:\\\/\\\/lospoliticosveracruz.com\\\/#organization\"},\"image\":{\"@id\":\"https:\\\/\\\/lospoliticosveracruz.com\\\/?p=69877#primaryimage\"},\"thumbnailUrl\":\"http:\\\/\\\/www.lospoliticosveracruz.com.mx\\\/wp-content\\\/uploads\\\/2021\\\/03\\\/Predial-Cordoba.png\",\"keywords\":[\"Eduardo Venegas Naranjo\",\"Guadalupe Serrano Anaya\",\"Josefina Gonz\u00e1lez\",\"Morena\",\"Olivia Mora Cruz\",\"PAN-PRI-PRD\",\"Ra\u00fal Andrade Gonz\u00e1lez\",\"Unidad Ciudadana\",\"Va por Veracruz\"],\"articleSection\":[\"De Opini\u00f3n\"],\"inLanguage\":\"es\"},{\"@type\":\"WebPage\",\"@id\":\"https:\\\/\\\/lospoliticosveracruz.com\\\/?p=69877\",\"url\":\"https:\\\/\\\/lospoliticosveracruz.com\\\/?p=69877\",\"name\":\"Fechor\u00edas en Ixmatlahuacan - Los pol\u00edticos Veracruz\",\"isPartOf\":{\"@id\":\"https:\\\/\\\/lospoliticosveracruz.com\\\/#website\"},\"primaryImageOfPage\":{\"@id\":\"https:\\\/\\\/lospoliticosveracruz.com\\\/?p=69877#primaryimage\"},\"image\":{\"@id\":\"https:\\\/\\\/lospoliticosveracruz.com\\\/?p=69877#primaryimage\"},\"thumbnailUrl\":\"http:\\\/\\\/www.lospoliticosveracruz.com.mx\\\/wp-content\\\/uploads\\\/2021\\\/03\\\/Predial-Cordoba.png\",\"datePublished\":\"2021-03-23T14:27:01+00:00\",\"dateModified\":\"2021-03-23T17:02:33+00:00\",\"breadcrumb\":{\"@id\":\"https:\\\/\\\/lospoliticosveracruz.com\\\/?p=69877#breadcrumb\"},\"inLanguage\":\"es\",\"potentialAction\":[{\"@type\":\"ReadAction\",\"target\":[\"https:\\\/\\\/lospoliticosveracruz.com\\\/?p=69877\"]}]},{\"@type\":\"ImageObject\",\"inLanguage\":\"es\",\"@id\":\"https:\\\/\\\/lospoliticosveracruz.com\\\/?p=69877#primaryimage\",\"url\":\"http:\\\/\\\/www.lospoliticosveracruz.com.mx\\\/wp-content\\\/uploads\\\/2021\\\/03\\\/Predial-Cordoba.png\",\"contentUrl\":\"http:\\\/\\\/www.lospoliticosveracruz.com.mx\\\/wp-content\\\/uploads\\\/2021\\\/03\\\/Predial-Cordoba.png\"},{\"@type\":\"BreadcrumbList\",\"@id\":\"https:\\\/\\\/lospoliticosveracruz.com\\\/?p=69877#breadcrumb\",\"itemListElement\":[{\"@type\":\"ListItem\",\"position\":1,\"name\":\"Portada\",\"item\":\"https:\\\/\\\/lospoliticosveracruz.com\\\/\"},{\"@type\":\"ListItem\",\"position\":2,\"name\":\"Fechor\u00edas en Ixmatlahuacan\"}]},{\"@type\":\"WebSite\",\"@id\":\"https:\\\/\\\/lospoliticosveracruz.com\\\/#website\",\"url\":\"https:\\\/\\\/lospoliticosveracruz.com\\\/\",\"name\":\"Los pol\u00edticos Veracruz\",\"description\":\"\",\"publisher\":{\"@id\":\"https:\\\/\\\/lospoliticosveracruz.com\\\/#organization\"},\"potentialAction\":[{\"@type\":\"SearchAction\",\"target\":{\"@type\":\"EntryPoint\",\"urlTemplate\":\"https:\\\/\\\/lospoliticosveracruz.com\\\/?s={search_term_string}\"},\"query-input\":{\"@type\":\"PropertyValueSpecification\",\"valueRequired\":true,\"valueName\":\"search_term_string\"}}],\"inLanguage\":\"es\"},{\"@type\":\"Organization\",\"@id\":\"https:\\\/\\\/lospoliticosveracruz.com\\\/#organization\",\"name\":\"Los pol\u00edticos Veracruz\",\"url\":\"https:\\\/\\\/lospoliticosveracruz.com\\\/\",\"logo\":{\"@type\":\"ImageObject\",\"inLanguage\":\"es\",\"@id\":\"https:\\\/\\\/lospoliticosveracruz.com\\\/#\\\/schema\\\/logo\\\/image\\\/\",\"url\":\"https:\\\/\\\/lospoliticosveracruz.com\\\/wp-content\\\/uploads\\\/2025\\\/12\\\/Logo-Nuevo-LOS-POLITICOS-1.jpg\",\"contentUrl\":\"https:\\\/\\\/lospoliticosveracruz.com\\\/wp-content\\\/uploads\\\/2025\\\/12\\\/Logo-Nuevo-LOS-POLITICOS-1.jpg\",\"width\":260,\"height\":70,\"caption\":\"Los pol\u00edticos Veracruz\"},\"image\":{\"@id\":\"https:\\\/\\\/lospoliticosveracruz.com\\\/#\\\/schema\\\/logo\\\/image\\\/\"},\"sameAs\":[\"https:\\\/\\\/www.facebook.com\\\/people\\\/Notimemes-de-los-Polticos\\\/61565672886568\\\/\",\"https:\\\/\\\/x.com\\\/LosPoliticosVer\"]},{\"@type\":\"Person\",\"@id\":\"https:\\\/\\\/lospoliticosveracruz.com\\\/#\\\/schema\\\/person\\\/b8702bb0e538456e6efd07080bf2a4a2\",\"name\":\"Lo viste en Los Pol\u00edticos\",\"image\":{\"@type\":\"ImageObject\",\"inLanguage\":\"es\",\"@id\":\"https:\\\/\\\/secure.gravatar.com\\\/avatar\\\/3a8de04a2656d44082be478bd6c086daa447c4651605818287b9532d3d0bd435?s=96&d=mm&r=g\",\"url\":\"https:\\\/\\\/secure.gravatar.com\\\/avatar\\\/3a8de04a2656d44082be478bd6c086daa447c4651605818287b9532d3d0bd435?s=96&d=mm&r=g\",\"contentUrl\":\"https:\\\/\\\/secure.gravatar.com\\\/avatar\\\/3a8de04a2656d44082be478bd6c086daa447c4651605818287b9532d3d0bd435?s=96&d=mm&r=g\",\"caption\":\"Lo viste en Los Pol\u00edticos\"},\"url\":\"https:\\\/\\\/lospoliticosveracruz.com\\\/?author=2\"}]}<\/script>\n<!-- \/ Yoast SEO plugin. -->","yoast_head_json":{"title":"Fechor\u00edas en Ixmatlahuacan - Los pol\u00edticos Veracruz","robots":{"index":"index","follow":"follow","max-snippet":"max-snippet:-1","max-image-preview":"max-image-preview:large","max-video-preview":"max-video-preview:-1"},"canonical":"https:\/\/lospoliticosveracruz.com\/?p=69877","og_locale":"es_ES","og_type":"article","og_title":"Fechor\u00edas en Ixmatlahuacan - Los pol\u00edticos Veracruz","og_description":"Eduardo Venegas Naranjo Aqu\u00ed Entre Nos\u2026 Y es que la flamante alcaldesa Guadalupe Serrano Anaya ha resultado ser una verdadera fichita, Lupita es una joya de Ixmatlahuacan, aparte de que tiene al municipio en caos, contin\u00faa con su terquedad de imponer a su \u201ccompadre\u201d Ra\u00fal Andrade Gonz\u00e1lez como pr\u00f3ximo alcalde para taparle toda su \u201cporquer\u00eda\u201d,&nbsp;&nbsp;y [&hellip;]","og_url":"https:\/\/lospoliticosveracruz.com\/?p=69877","og_site_name":"Los pol\u00edticos Veracruz","article_publisher":"https:\/\/www.facebook.com\/people\/Notimemes-de-los-Polticos\/61565672886568\/","article_published_time":"2021-03-23T14:27:01+00:00","article_modified_time":"2021-03-23T17:02:33+00:00","og_image":[{"url":"http:\/\/www.lospoliticosveracruz.com.mx\/wp-content\/uploads\/2021\/03\/Predial-Cordoba.png","type":"","width":"","height":""}],"author":"Lo viste en Los Pol\u00edticos","twitter_card":"summary_large_image","twitter_creator":"@LosPoliticosVer","twitter_site":"@LosPoliticosVer","twitter_misc":{"Escrito por":"Lo viste en Los Pol\u00edticos","Tiempo de lectura":"3 minutos"},"schema":{"@context":"https:\/\/schema.org","@graph":[{"@type":"Article","@id":"https:\/\/lospoliticosveracruz.com\/?p=69877#article","isPartOf":{"@id":"https:\/\/lospoliticosveracruz.com\/?p=69877"},"author":{"name":"Lo viste en Los Pol\u00edticos","@id":"https:\/\/lospoliticosveracruz.com\/#\/schema\/person\/b8702bb0e538456e6efd07080bf2a4a2"},"headline":"Fechor\u00edas en Ixmatlahuacan","datePublished":"2021-03-23T14:27:01+00:00","dateModified":"2021-03-23T17:02:33+00:00","mainEntityOfPage":{"@id":"https:\/\/lospoliticosveracruz.com\/?p=69877"},"wordCount":590,"publisher":{"@id":"https:\/\/lospoliticosveracruz.com\/#organization"},"image":{"@id":"https:\/\/lospoliticosveracruz.com\/?p=69877#primaryimage"},"thumbnailUrl":"http:\/\/www.lospoliticosveracruz.com.mx\/wp-content\/uploads\/2021\/03\/Predial-Cordoba.png","keywords":["Eduardo Venegas Naranjo","Guadalupe Serrano Anaya","Josefina Gonz\u00e1lez","Morena","Olivia Mora Cruz","PAN-PRI-PRD","Ra\u00fal Andrade Gonz\u00e1lez","Unidad Ciudadana","Va por Veracruz"],"articleSection":["De Opini\u00f3n"],"inLanguage":"es"},{"@type":"WebPage","@id":"https:\/\/lospoliticosveracruz.com\/?p=69877","url":"https:\/\/lospoliticosveracruz.com\/?p=69877","name":"Fechor\u00edas en Ixmatlahuacan - Los pol\u00edticos Veracruz","isPartOf":{"@id":"https:\/\/lospoliticosveracruz.com\/#website"},"primaryImageOfPage":{"@id":"https:\/\/lospoliticosveracruz.com\/?p=69877#primaryimage"},"image":{"@id":"https:\/\/lospoliticosveracruz.com\/?p=69877#primaryimage"},"thumbnailUrl":"http:\/\/www.lospoliticosveracruz.com.mx\/wp-content\/uploads\/2021\/03\/Predial-Cordoba.png","datePublished":"2021-03-23T14:27:01+00:00","dateModified":"2021-03-23T17:02:33+00:00","breadcrumb":{"@id":"https:\/\/lospoliticosveracruz.com\/?p=69877#breadcrumb"},"inLanguage":"es","potentialAction":[{"@type":"ReadAction","target":["https:\/\/lospoliticosveracruz.com\/?p=69877"]}]},{"@type":"ImageObject","inLanguage":"es","@id":"https:\/\/lospoliticosveracruz.com\/?p=69877#primaryimage","url":"http:\/\/www.lospoliticosveracruz.com.mx\/wp-content\/uploads\/2021\/03\/Predial-Cordoba.png","contentUrl":"http:\/\/www.lospoliticosveracruz.com.mx\/wp-content\/uploads\/2021\/03\/Predial-Cordoba.png"},{"@type":"BreadcrumbList","@id":"https:\/\/lospoliticosveracruz.com\/?p=69877#breadcrumb","itemListElement":[{"@type":"ListItem","position":1,"name":"Portada","item":"https:\/\/lospoliticosveracruz.com\/"},{"@type":"ListItem","position":2,"name":"Fechor\u00edas en Ixmatlahuacan"}]},{"@type":"WebSite","@id":"https:\/\/lospoliticosveracruz.com\/#website","url":"https:\/\/lospoliticosveracruz.com\/","name":"Los pol\u00edticos Veracruz","description":"","publisher":{"@id":"https:\/\/lospoliticosveracruz.com\/#organization"},"potentialAction":[{"@type":"SearchAction","target":{"@type":"EntryPoint","urlTemplate":"https:\/\/lospoliticosveracruz.com\/?s={search_term_string}"},"query-input":{"@type":"PropertyValueSpecification","valueRequired":true,"valueName":"search_term_string"}}],"inLanguage":"es"},{"@type":"Organization","@id":"https:\/\/lospoliticosveracruz.com\/#organization","name":"Los pol\u00edticos Veracruz","url":"https:\/\/lospoliticosveracruz.com\/","logo":{"@type":"ImageObject","inLanguage":"es","@id":"https:\/\/lospoliticosveracruz.com\/#\/schema\/logo\/image\/","url":"https:\/\/lospoliticosveracruz.com\/wp-content\/uploads\/2025\/12\/Logo-Nuevo-LOS-POLITICOS-1.jpg","contentUrl":"https:\/\/lospoliticosveracruz.com\/wp-content\/uploads\/2025\/12\/Logo-Nuevo-LOS-POLITICOS-1.jpg","width":260,"height":70,"caption":"Los pol\u00edticos Veracruz"},"image":{"@id":"https:\/\/lospoliticosveracruz.com\/#\/schema\/logo\/image\/"},"sameAs":["https:\/\/www.facebook.com\/people\/Notimemes-de-los-Polticos\/61565672886568\/","https:\/\/x.com\/LosPoliticosVer"]},{"@type":"Person","@id":"https:\/\/lospoliticosveracruz.com\/#\/schema\/person\/b8702bb0e538456e6efd07080bf2a4a2","name":"Lo viste en Los Pol\u00edticos","image":{"@type":"ImageObject","inLanguage":"es","@id":"https:\/\/secure.gravatar.com\/avatar\/3a8de04a2656d44082be478bd6c086daa447c4651605818287b9532d3d0bd435?s=96&d=mm&r=g","url":"https:\/\/secure.gravatar.com\/avatar\/3a8de04a2656d44082be478bd6c086daa447c4651605818287b9532d3d0bd435?s=96&d=mm&r=g","contentUrl":"https:\/\/secure.gravatar.com\/avatar\/3a8de04a2656d44082be478bd6c086daa447c4651605818287b9532d3d0bd435?s=96&d=mm&r=g","caption":"Lo viste en Los Pol\u00edticos"},"url":"https:\/\/lospoliticosveracruz.com\/?author=2"}]}},"_links":{"self":[{"href":"https:\/\/lospoliticosveracruz.com\/index.php?rest_route=\/wp\/v2\/posts\/69877","targetHints":{"allow":["GET"]}}],"collection":[{"href":"https:\/\/lospoliticosveracruz.com\/index.php?rest_route=\/wp\/v2\/posts"}],"about":[{"href":"https:\/\/lospoliticosveracruz.com\/index.php?rest_route=\/wp\/v2\/types\/post"}],"author":[{"embeddable":true,"href":"https:\/\/lospoliticosveracruz.com\/index.php?rest_route=\/wp\/v2\/users\/2"}],"replies":[{"embeddable":true,"href":"https:\/\/lospoliticosveracruz.com\/index.php?rest_route=%2Fwp%2Fv2%2Fcomments&post=69877"}],"version-history":[{"count":5,"href":"https:\/\/lospoliticosveracruz.com\/index.php?rest_route=\/wp\/v2\/posts\/69877\/revisions"}],"predecessor-version":[{"id":69910,"href":"https:\/\/lospoliticosveracruz.com\/index.php?rest_route=\/wp\/v2\/posts\/69877\/revisions\/69910"}],"wp:attachment":[{"href":"https:\/\/lospoliticosveracruz.com\/index.php?rest_route=%2Fwp%2Fv2%2Fmedia&parent=69877"}],"wp:term":[{"taxonomy":"category","embeddable":true,"href":"https:\/\/lospoliticosveracruz.com\/index.php?rest_route=%2Fwp%2Fv2%2Fcategories&post=69877"},{"taxonomy":"post_tag","embeddable":true,"href":"https:\/\/lospoliticosveracruz.com\/index.php?rest_route=%2Fwp%2Fv2%2Ftags&post=69877"}],"curies":[{"name":"wp","href":"https:\/\/api.w.org\/{rel}","templated":true}]}}