{"id":69935,"date":"2021-03-23T19:16:59","date_gmt":"2021-03-24T01:16:59","guid":{"rendered":"http:\/\/www.lospoliticosveracruz.com.mx\/?p=69935"},"modified":"2021-03-23T19:17:04","modified_gmt":"2021-03-24T01:17:04","slug":"sociedad-humanitaria","status":"publish","type":"post","link":"https:\/\/lospoliticosveracruz.com\/?p=69935","title":{"rendered":"Sociedad humanitaria"},"content":{"rendered":"\n<p><strong>Maricarmen Garc\u00eda El\u00edas<\/strong><\/p>\n\n\n\n<p><em>Animalia<\/em><br><\/p>\n\n\n\n<p>La realidad que enfrentan los animales en situaci\u00f3n de calle en cualquier ciudad es bastante complicada, est\u00e1n expuestos a contraer enfermedades por diversas causas, por ejemplo debido a las inclemencias del tiempo, a la desnutrici\u00f3n, a las enfermedades que les provocan las garrapatas pero sobre todo son vulnerables al maltrato por parte de las personas intolerantes a verlos afuera de sus negocios, afuera de sus casas, donde recurrentemente son corridos a patadas, con agua hirviendo, algunos otros son envenenados o atropellados pues la cultura vial es ineficiente para los humanos incluso.<\/p>\n\n\n\n<div class=\"wp-block-image\"><figure class=\"alignleft size-large\"><a href=\"http:\/\/www.lospoliticosveracruz.com.mx\/wp-content\/uploads\/2021\/03\/Predial-Cordoba.png\"><img decoding=\"async\" src=\"http:\/\/www.lospoliticosveracruz.com.mx\/wp-content\/uploads\/2021\/03\/Predial-Cordoba.png\" alt=\"\" class=\"wp-image-69841\"\/><\/a><\/figure><\/div>\n\n\n\n<p><br>Pero en medio de esa realidad tambi\u00e9n est\u00e1 una sociedad cada vez m\u00e1s humanitaria, por un lado est\u00e1n los activistas por los derechos de los animales y rescatistas que dan cuenta d\u00eda a d\u00eda del trabajo que hacen por los animales de la calle, una labor tit\u00e1nica que ha salvado la vida de miles de animales pero tambi\u00e9n admirable porque le dan de comer a tantos animalitos y adem\u00e1s deben cubrir otros gastos mensuales de sus refugios como lo es el pago de servicios b\u00e1sicos y de personal que apoya en las tareas en aquellos refugios donde los hay.<br>Es una labor humanitaria y altruista que ha asumido la sociedad ante la falta de pol\u00edticas p\u00fablicas reales en este rubro por parte de los tres niveles de gobierno, hace m\u00e1s de veinte a\u00f1o cuando la sociedad no evolucionaba en el respeto a los animales se contemplaba el sacrificio de animales abandonados tal y como lo propuso en 2019 de manera velada, absurda y retrograda en una iniciativa en la legislatura local una diputada panista y compa\u00f1\u00eda.<br>Pensamientos como esos de personas con mentalidad muy corta y atrasada fueron transformados poco a poco en los \u00faltimos veinte a\u00f1os desde esa sociedad humanitaria que hoy es visible; se organizaron en 2003 los primeros eventos para recaudar fondos para los albergues de animales abandonados, se crearon m\u00e1s albergues por parte de ciudadanos y se inici\u00f3 un trabajo legislativo de la mano de activistas, acad\u00e9micos y expertos que a partir de 2014 comenz\u00f3 a dar frutos y dio nacimiento a las leyes con las que hoy cuenta Veracruz.<br>En estas leyes de protecci\u00f3n animal se pondera la vida de los animales, la erradicaci\u00f3n de la violencia a los sectores m\u00e1s vulnerables no solo los animales y evitar zoonosis, se plantean esquemas donde gobierno estatal y municipal colaboren en campa\u00f1as masivas de esterilizaci\u00f3n, se proh\u00edben las redadas y sacrificios de animales en situaci\u00f3n de calle, se castiga el maltrato animal en el C\u00f3digo Penal, se propuso pasar de los zool\u00f3gicos a los santuarios, reglamentos municipales, entre otras cosas, todo bajo esquemas viables apegados a la realidad del estado.<br>Las leyes de protecci\u00f3n animal en Veracruz obedecen a estudios amplios, a un derecho comparado de pa\u00edses que iniciaron mucho antes este camino y que hoy tienen grandes avances con leyes similares y primordialmente a la necesidad de vivir en una sociedad arm\u00f3nica cada vez m\u00e1s emp\u00e1tica con todos los seres vivos, La correcta aplicaci\u00f3n de la ley desde los municipios dar\u00e1 paso a fortalecer de manera conjunta el trabajo que hacen diariamente los activistas en pro de los animales en beneficio de toda la poblaci\u00f3n.<\/p>\n\n\n\n<p>Los activistas no reciben paga alguna, por el contrario corresponde a las autoridades poner su granito de arena aplicando la ley cabalmente y sum\u00e1ndose a esta sociedad humanitaria. Las redes sociales diariamente dan cuenta de los rescates que se hacen en todo el estado, las cirug\u00edas de esterilizaci\u00f3n, las adopciones que se promueven, etc. Amigos de los Animales, Ada Azul, OPRA por mencionar solo algunos de tantos otros ciudadanos ejemplares, pasan por mucho para ayudar a los animales que tienen bajo su resguardo, recientemente se dio a conocer tambi\u00e9n la gran humanidad de los comerciantes de la central de abastos en Xalapa donde se estima hay cerca de cien perros sin due\u00f1o que llegan ah\u00ed y son alimentados por estas nobles personas que adem\u00e1s en medio de vicisitudes han visto la forma de que logren ser esterilizados , pues la esterilizaci\u00f3n es la \u00fanica forma de evitar sobrepoblaciones, en todos estos casos vemos el esfuerzo de una sociedad humanitaria. Apoyemos en la medida de nuestras posibilidades el trabajo de los refugios cercanos a nuestra comunidad, a los perros de la central de abastos y todas aquellas causas que nos llevan a ser una sociedad humanitaria.<\/p>\n","protected":false},"excerpt":{"rendered":"<p>Maricarmen Garc\u00eda El\u00edas Animalia La realidad que enfrentan los animales en situaci\u00f3n de calle en cualquier ciudad es bastante complicada, est\u00e1n expuestos a contraer enfermedades por diversas causas, por ejemplo debido a las inclemencias del tiempo, a la desnutrici\u00f3n, a las enfermedades que les provocan las garrapatas pero sobre todo son vulnerables al maltrato por [&hellip;]<\/p>\n","protected":false},"author":2,"featured_media":0,"comment_status":"closed","ping_status":"closed","sticky":false,"template":"","format":"standard","meta":{"tdm_status":"","tdm_grid_status":"","footnotes":""},"categories":[6451],"tags":[4913,278,18161,13992,20880,195],"class_list":{"0":"post-69935","1":"post","2":"type-post","3":"status-publish","4":"format-standard","6":"category-historias_de_amigos","7":"tag-esterilizacion","8":"tag-maltrato-animal","9":"tag-opra","10":"tag-refugios","11":"tag-rescatistas","12":"tag-veracruz"},"yoast_head":"<!-- This site is optimized with the Yoast SEO plugin v27.4 - https:\/\/yoast.com\/product\/yoast-seo-wordpress\/ -->\n<title>Sociedad humanitaria - Los pol\u00edticos Veracruz<\/title>\n<meta name=\"robots\" content=\"index, follow, max-snippet:-1, max-image-preview:large, max-video-preview:-1\" \/>\n<link rel=\"canonical\" href=\"https:\/\/lospoliticosveracruz.com\/?p=69935\" \/>\n<meta property=\"og:locale\" content=\"es_ES\" \/>\n<meta property=\"og:type\" content=\"article\" \/>\n<meta property=\"og:title\" content=\"Sociedad humanitaria - Los pol\u00edticos Veracruz\" \/>\n<meta property=\"og:description\" content=\"Maricarmen Garc\u00eda El\u00edas Animalia La realidad que enfrentan los animales en situaci\u00f3n de calle en cualquier ciudad es bastante complicada, est\u00e1n expuestos a contraer enfermedades por diversas causas, por ejemplo debido a las inclemencias del tiempo, a la desnutrici\u00f3n, a las enfermedades que les provocan las garrapatas pero sobre todo son vulnerables al maltrato por [&hellip;]\" \/>\n<meta property=\"og:url\" content=\"https:\/\/lospoliticosveracruz.com\/?p=69935\" \/>\n<meta property=\"og:site_name\" content=\"Los pol\u00edticos Veracruz\" \/>\n<meta property=\"article:publisher\" content=\"https:\/\/www.facebook.com\/people\/Notimemes-de-los-Polticos\/61565672886568\/\" \/>\n<meta property=\"article:published_time\" content=\"2021-03-24T01:16:59+00:00\" \/>\n<meta property=\"article:modified_time\" content=\"2021-03-24T01:17:04+00:00\" \/>\n<meta property=\"og:image\" content=\"http:\/\/www.lospoliticosveracruz.com.mx\/wp-content\/uploads\/2021\/03\/Predial-Cordoba.png\" \/>\n<meta name=\"author\" content=\"Lo viste en Los Pol\u00edticos\" \/>\n<meta name=\"twitter:card\" content=\"summary_large_image\" \/>\n<meta name=\"twitter:creator\" content=\"@LosPoliticosVer\" \/>\n<meta name=\"twitter:site\" content=\"@LosPoliticosVer\" \/>\n<meta name=\"twitter:label1\" content=\"Escrito por\" \/>\n\t<meta name=\"twitter:data1\" content=\"Lo viste en Los Pol\u00edticos\" \/>\n\t<meta name=\"twitter:label2\" content=\"Tiempo de lectura\" \/>\n\t<meta name=\"twitter:data2\" content=\"4 minutos\" \/>\n<script type=\"application\/ld+json\" class=\"yoast-schema-graph\">{\"@context\":\"https:\\\/\\\/schema.org\",\"@graph\":[{\"@type\":\"Article\",\"@id\":\"https:\\\/\\\/lospoliticosveracruz.com\\\/?p=69935#article\",\"isPartOf\":{\"@id\":\"https:\\\/\\\/lospoliticosveracruz.com\\\/?p=69935\"},\"author\":{\"name\":\"Lo viste en Los Pol\u00edticos\",\"@id\":\"https:\\\/\\\/lospoliticosveracruz.com\\\/#\\\/schema\\\/person\\\/b8702bb0e538456e6efd07080bf2a4a2\"},\"headline\":\"Sociedad humanitaria\",\"datePublished\":\"2021-03-24T01:16:59+00:00\",\"dateModified\":\"2021-03-24T01:17:04+00:00\",\"mainEntityOfPage\":{\"@id\":\"https:\\\/\\\/lospoliticosveracruz.com\\\/?p=69935\"},\"wordCount\":772,\"publisher\":{\"@id\":\"https:\\\/\\\/lospoliticosveracruz.com\\\/#organization\"},\"image\":{\"@id\":\"https:\\\/\\\/lospoliticosveracruz.com\\\/?p=69935#primaryimage\"},\"thumbnailUrl\":\"http:\\\/\\\/www.lospoliticosveracruz.com.mx\\\/wp-content\\\/uploads\\\/2021\\\/03\\\/Predial-Cordoba.png\",\"keywords\":[\"esterilizaci\u00f3n\",\"Maltrato Animal\",\"Opra\",\"refugios\",\"Rescatistas\",\"Veracruz\"],\"articleSection\":[\"Historias de Amigos\"],\"inLanguage\":\"es\"},{\"@type\":\"WebPage\",\"@id\":\"https:\\\/\\\/lospoliticosveracruz.com\\\/?p=69935\",\"url\":\"https:\\\/\\\/lospoliticosveracruz.com\\\/?p=69935\",\"name\":\"Sociedad humanitaria - Los pol\u00edticos Veracruz\",\"isPartOf\":{\"@id\":\"https:\\\/\\\/lospoliticosveracruz.com\\\/#website\"},\"primaryImageOfPage\":{\"@id\":\"https:\\\/\\\/lospoliticosveracruz.com\\\/?p=69935#primaryimage\"},\"image\":{\"@id\":\"https:\\\/\\\/lospoliticosveracruz.com\\\/?p=69935#primaryimage\"},\"thumbnailUrl\":\"http:\\\/\\\/www.lospoliticosveracruz.com.mx\\\/wp-content\\\/uploads\\\/2021\\\/03\\\/Predial-Cordoba.png\",\"datePublished\":\"2021-03-24T01:16:59+00:00\",\"dateModified\":\"2021-03-24T01:17:04+00:00\",\"breadcrumb\":{\"@id\":\"https:\\\/\\\/lospoliticosveracruz.com\\\/?p=69935#breadcrumb\"},\"inLanguage\":\"es\",\"potentialAction\":[{\"@type\":\"ReadAction\",\"target\":[\"https:\\\/\\\/lospoliticosveracruz.com\\\/?p=69935\"]}]},{\"@type\":\"ImageObject\",\"inLanguage\":\"es\",\"@id\":\"https:\\\/\\\/lospoliticosveracruz.com\\\/?p=69935#primaryimage\",\"url\":\"http:\\\/\\\/www.lospoliticosveracruz.com.mx\\\/wp-content\\\/uploads\\\/2021\\\/03\\\/Predial-Cordoba.png\",\"contentUrl\":\"http:\\\/\\\/www.lospoliticosveracruz.com.mx\\\/wp-content\\\/uploads\\\/2021\\\/03\\\/Predial-Cordoba.png\"},{\"@type\":\"BreadcrumbList\",\"@id\":\"https:\\\/\\\/lospoliticosveracruz.com\\\/?p=69935#breadcrumb\",\"itemListElement\":[{\"@type\":\"ListItem\",\"position\":1,\"name\":\"Portada\",\"item\":\"https:\\\/\\\/lospoliticosveracruz.com\\\/\"},{\"@type\":\"ListItem\",\"position\":2,\"name\":\"Sociedad humanitaria\"}]},{\"@type\":\"WebSite\",\"@id\":\"https:\\\/\\\/lospoliticosveracruz.com\\\/#website\",\"url\":\"https:\\\/\\\/lospoliticosveracruz.com\\\/\",\"name\":\"Los pol\u00edticos Veracruz\",\"description\":\"\",\"publisher\":{\"@id\":\"https:\\\/\\\/lospoliticosveracruz.com\\\/#organization\"},\"potentialAction\":[{\"@type\":\"SearchAction\",\"target\":{\"@type\":\"EntryPoint\",\"urlTemplate\":\"https:\\\/\\\/lospoliticosveracruz.com\\\/?s={search_term_string}\"},\"query-input\":{\"@type\":\"PropertyValueSpecification\",\"valueRequired\":true,\"valueName\":\"search_term_string\"}}],\"inLanguage\":\"es\"},{\"@type\":\"Organization\",\"@id\":\"https:\\\/\\\/lospoliticosveracruz.com\\\/#organization\",\"name\":\"Los pol\u00edticos Veracruz\",\"url\":\"https:\\\/\\\/lospoliticosveracruz.com\\\/\",\"logo\":{\"@type\":\"ImageObject\",\"inLanguage\":\"es\",\"@id\":\"https:\\\/\\\/lospoliticosveracruz.com\\\/#\\\/schema\\\/logo\\\/image\\\/\",\"url\":\"https:\\\/\\\/lospoliticosveracruz.com\\\/wp-content\\\/uploads\\\/2025\\\/12\\\/Logo-Nuevo-LOS-POLITICOS-1.jpg\",\"contentUrl\":\"https:\\\/\\\/lospoliticosveracruz.com\\\/wp-content\\\/uploads\\\/2025\\\/12\\\/Logo-Nuevo-LOS-POLITICOS-1.jpg\",\"width\":260,\"height\":70,\"caption\":\"Los pol\u00edticos Veracruz\"},\"image\":{\"@id\":\"https:\\\/\\\/lospoliticosveracruz.com\\\/#\\\/schema\\\/logo\\\/image\\\/\"},\"sameAs\":[\"https:\\\/\\\/www.facebook.com\\\/people\\\/Notimemes-de-los-Polticos\\\/61565672886568\\\/\",\"https:\\\/\\\/x.com\\\/LosPoliticosVer\"]},{\"@type\":\"Person\",\"@id\":\"https:\\\/\\\/lospoliticosveracruz.com\\\/#\\\/schema\\\/person\\\/b8702bb0e538456e6efd07080bf2a4a2\",\"name\":\"Lo viste en Los Pol\u00edticos\",\"image\":{\"@type\":\"ImageObject\",\"inLanguage\":\"es\",\"@id\":\"https:\\\/\\\/secure.gravatar.com\\\/avatar\\\/3a8de04a2656d44082be478bd6c086daa447c4651605818287b9532d3d0bd435?s=96&d=mm&r=g\",\"url\":\"https:\\\/\\\/secure.gravatar.com\\\/avatar\\\/3a8de04a2656d44082be478bd6c086daa447c4651605818287b9532d3d0bd435?s=96&d=mm&r=g\",\"contentUrl\":\"https:\\\/\\\/secure.gravatar.com\\\/avatar\\\/3a8de04a2656d44082be478bd6c086daa447c4651605818287b9532d3d0bd435?s=96&d=mm&r=g\",\"caption\":\"Lo viste en Los Pol\u00edticos\"},\"url\":\"https:\\\/\\\/lospoliticosveracruz.com\\\/?author=2\"}]}<\/script>\n<!-- \/ Yoast SEO plugin. -->","yoast_head_json":{"title":"Sociedad humanitaria - Los pol\u00edticos Veracruz","robots":{"index":"index","follow":"follow","max-snippet":"max-snippet:-1","max-image-preview":"max-image-preview:large","max-video-preview":"max-video-preview:-1"},"canonical":"https:\/\/lospoliticosveracruz.com\/?p=69935","og_locale":"es_ES","og_type":"article","og_title":"Sociedad humanitaria - Los pol\u00edticos Veracruz","og_description":"Maricarmen Garc\u00eda El\u00edas Animalia La realidad que enfrentan los animales en situaci\u00f3n de calle en cualquier ciudad es bastante complicada, est\u00e1n expuestos a contraer enfermedades por diversas causas, por ejemplo debido a las inclemencias del tiempo, a la desnutrici\u00f3n, a las enfermedades que les provocan las garrapatas pero sobre todo son vulnerables al maltrato por [&hellip;]","og_url":"https:\/\/lospoliticosveracruz.com\/?p=69935","og_site_name":"Los pol\u00edticos Veracruz","article_publisher":"https:\/\/www.facebook.com\/people\/Notimemes-de-los-Polticos\/61565672886568\/","article_published_time":"2021-03-24T01:16:59+00:00","article_modified_time":"2021-03-24T01:17:04+00:00","og_image":[{"url":"http:\/\/www.lospoliticosveracruz.com.mx\/wp-content\/uploads\/2021\/03\/Predial-Cordoba.png","type":"","width":"","height":""}],"author":"Lo viste en Los Pol\u00edticos","twitter_card":"summary_large_image","twitter_creator":"@LosPoliticosVer","twitter_site":"@LosPoliticosVer","twitter_misc":{"Escrito por":"Lo viste en Los Pol\u00edticos","Tiempo de lectura":"4 minutos"},"schema":{"@context":"https:\/\/schema.org","@graph":[{"@type":"Article","@id":"https:\/\/lospoliticosveracruz.com\/?p=69935#article","isPartOf":{"@id":"https:\/\/lospoliticosveracruz.com\/?p=69935"},"author":{"name":"Lo viste en Los Pol\u00edticos","@id":"https:\/\/lospoliticosveracruz.com\/#\/schema\/person\/b8702bb0e538456e6efd07080bf2a4a2"},"headline":"Sociedad humanitaria","datePublished":"2021-03-24T01:16:59+00:00","dateModified":"2021-03-24T01:17:04+00:00","mainEntityOfPage":{"@id":"https:\/\/lospoliticosveracruz.com\/?p=69935"},"wordCount":772,"publisher":{"@id":"https:\/\/lospoliticosveracruz.com\/#organization"},"image":{"@id":"https:\/\/lospoliticosveracruz.com\/?p=69935#primaryimage"},"thumbnailUrl":"http:\/\/www.lospoliticosveracruz.com.mx\/wp-content\/uploads\/2021\/03\/Predial-Cordoba.png","keywords":["esterilizaci\u00f3n","Maltrato Animal","Opra","refugios","Rescatistas","Veracruz"],"articleSection":["Historias de Amigos"],"inLanguage":"es"},{"@type":"WebPage","@id":"https:\/\/lospoliticosveracruz.com\/?p=69935","url":"https:\/\/lospoliticosveracruz.com\/?p=69935","name":"Sociedad humanitaria - Los pol\u00edticos Veracruz","isPartOf":{"@id":"https:\/\/lospoliticosveracruz.com\/#website"},"primaryImageOfPage":{"@id":"https:\/\/lospoliticosveracruz.com\/?p=69935#primaryimage"},"image":{"@id":"https:\/\/lospoliticosveracruz.com\/?p=69935#primaryimage"},"thumbnailUrl":"http:\/\/www.lospoliticosveracruz.com.mx\/wp-content\/uploads\/2021\/03\/Predial-Cordoba.png","datePublished":"2021-03-24T01:16:59+00:00","dateModified":"2021-03-24T01:17:04+00:00","breadcrumb":{"@id":"https:\/\/lospoliticosveracruz.com\/?p=69935#breadcrumb"},"inLanguage":"es","potentialAction":[{"@type":"ReadAction","target":["https:\/\/lospoliticosveracruz.com\/?p=69935"]}]},{"@type":"ImageObject","inLanguage":"es","@id":"https:\/\/lospoliticosveracruz.com\/?p=69935#primaryimage","url":"http:\/\/www.lospoliticosveracruz.com.mx\/wp-content\/uploads\/2021\/03\/Predial-Cordoba.png","contentUrl":"http:\/\/www.lospoliticosveracruz.com.mx\/wp-content\/uploads\/2021\/03\/Predial-Cordoba.png"},{"@type":"BreadcrumbList","@id":"https:\/\/lospoliticosveracruz.com\/?p=69935#breadcrumb","itemListElement":[{"@type":"ListItem","position":1,"name":"Portada","item":"https:\/\/lospoliticosveracruz.com\/"},{"@type":"ListItem","position":2,"name":"Sociedad humanitaria"}]},{"@type":"WebSite","@id":"https:\/\/lospoliticosveracruz.com\/#website","url":"https:\/\/lospoliticosveracruz.com\/","name":"Los pol\u00edticos Veracruz","description":"","publisher":{"@id":"https:\/\/lospoliticosveracruz.com\/#organization"},"potentialAction":[{"@type":"SearchAction","target":{"@type":"EntryPoint","urlTemplate":"https:\/\/lospoliticosveracruz.com\/?s={search_term_string}"},"query-input":{"@type":"PropertyValueSpecification","valueRequired":true,"valueName":"search_term_string"}}],"inLanguage":"es"},{"@type":"Organization","@id":"https:\/\/lospoliticosveracruz.com\/#organization","name":"Los pol\u00edticos Veracruz","url":"https:\/\/lospoliticosveracruz.com\/","logo":{"@type":"ImageObject","inLanguage":"es","@id":"https:\/\/lospoliticosveracruz.com\/#\/schema\/logo\/image\/","url":"https:\/\/lospoliticosveracruz.com\/wp-content\/uploads\/2025\/12\/Logo-Nuevo-LOS-POLITICOS-1.jpg","contentUrl":"https:\/\/lospoliticosveracruz.com\/wp-content\/uploads\/2025\/12\/Logo-Nuevo-LOS-POLITICOS-1.jpg","width":260,"height":70,"caption":"Los pol\u00edticos Veracruz"},"image":{"@id":"https:\/\/lospoliticosveracruz.com\/#\/schema\/logo\/image\/"},"sameAs":["https:\/\/www.facebook.com\/people\/Notimemes-de-los-Polticos\/61565672886568\/","https:\/\/x.com\/LosPoliticosVer"]},{"@type":"Person","@id":"https:\/\/lospoliticosveracruz.com\/#\/schema\/person\/b8702bb0e538456e6efd07080bf2a4a2","name":"Lo viste en Los Pol\u00edticos","image":{"@type":"ImageObject","inLanguage":"es","@id":"https:\/\/secure.gravatar.com\/avatar\/3a8de04a2656d44082be478bd6c086daa447c4651605818287b9532d3d0bd435?s=96&d=mm&r=g","url":"https:\/\/secure.gravatar.com\/avatar\/3a8de04a2656d44082be478bd6c086daa447c4651605818287b9532d3d0bd435?s=96&d=mm&r=g","contentUrl":"https:\/\/secure.gravatar.com\/avatar\/3a8de04a2656d44082be478bd6c086daa447c4651605818287b9532d3d0bd435?s=96&d=mm&r=g","caption":"Lo viste en Los Pol\u00edticos"},"url":"https:\/\/lospoliticosveracruz.com\/?author=2"}]}},"_links":{"self":[{"href":"https:\/\/lospoliticosveracruz.com\/index.php?rest_route=\/wp\/v2\/posts\/69935","targetHints":{"allow":["GET"]}}],"collection":[{"href":"https:\/\/lospoliticosveracruz.com\/index.php?rest_route=\/wp\/v2\/posts"}],"about":[{"href":"https:\/\/lospoliticosveracruz.com\/index.php?rest_route=\/wp\/v2\/types\/post"}],"author":[{"embeddable":true,"href":"https:\/\/lospoliticosveracruz.com\/index.php?rest_route=\/wp\/v2\/users\/2"}],"replies":[{"embeddable":true,"href":"https:\/\/lospoliticosveracruz.com\/index.php?rest_route=%2Fwp%2Fv2%2Fcomments&post=69935"}],"version-history":[{"count":1,"href":"https:\/\/lospoliticosveracruz.com\/index.php?rest_route=\/wp\/v2\/posts\/69935\/revisions"}],"predecessor-version":[{"id":69937,"href":"https:\/\/lospoliticosveracruz.com\/index.php?rest_route=\/wp\/v2\/posts\/69935\/revisions\/69937"}],"wp:attachment":[{"href":"https:\/\/lospoliticosveracruz.com\/index.php?rest_route=%2Fwp%2Fv2%2Fmedia&parent=69935"}],"wp:term":[{"taxonomy":"category","embeddable":true,"href":"https:\/\/lospoliticosveracruz.com\/index.php?rest_route=%2Fwp%2Fv2%2Fcategories&post=69935"},{"taxonomy":"post_tag","embeddable":true,"href":"https:\/\/lospoliticosveracruz.com\/index.php?rest_route=%2Fwp%2Fv2%2Ftags&post=69935"}],"curies":[{"name":"wp","href":"https:\/\/api.w.org\/{rel}","templated":true}]}}