{"id":69940,"date":"2021-03-23T22:30:17","date_gmt":"2021-03-24T04:30:17","guid":{"rendered":"http:\/\/www.lospoliticosveracruz.com.mx\/?p=69940"},"modified":"2021-03-23T22:34:35","modified_gmt":"2021-03-24T04:34:35","slug":"luis-zarate-adelantado","status":"publish","type":"post","link":"https:\/\/lospoliticosveracruz.com\/?p=69940","title":{"rendered":"Luis Z\u00e1rate, adelantado"},"content":{"rendered":"\n<p><strong>Enrique Yasser Pompeyo<\/strong><\/p>\n\n\n\n<p><em>Mesa de Redacci\u00f3n<br><\/em><\/p>\n\n\n\n<p>Todav\u00eda no empiezan las campa\u00f1as formales establecidas en el calendario autorizado por el Organismo P\u00fablico Local Electoral (OPLE) y ya hay aspirantes que se promocionan como si fueran los candidatos oficiales.<br>Es el caso de Luis Ronaldo Z\u00e1rate D\u00edaz. El joven, allegado al c\u00edrculo del mandatario Cuitl\u00e1huac Garc\u00eda Jim\u00e9nez, pues fue secretario particular del Jefe de la Oficina del gobernador, pretende ser abanderado por Morena a la diputaci\u00f3n local por el distrito de Coatepec.<br><\/p>\n\n\n\n<div class=\"wp-block-image\"><figure class=\"alignleft size-large\"><a href=\"http:\/\/www.lospoliticosveracruz.com.mx\/wp-content\/uploads\/2021\/03\/Predial-Cordoba.png\"><img decoding=\"async\" src=\"http:\/\/www.lospoliticosveracruz.com.mx\/wp-content\/uploads\/2021\/03\/Predial-Cordoba.png\" alt=\"\" class=\"wp-image-69841\"\/><\/a><\/figure><\/div>\n\n\n\n<p>Aunque el proceso interno de selecci\u00f3n todav\u00eda se encuentra en curso, \u00e9l ya se promociona como si estuviera en plena campa\u00f1a.<br>Lo hace a trav\u00e9s de folletos, calendarios, lonas, as\u00ed como la entrega de botellas con sanitizante con su nombre y los colores de su partido pol\u00edtico.<br>Si estas acciones no son actos anticipados de campa\u00f1a, \u00bfqu\u00e9 son entonces?<br>Porque desde hace semanas, el distrito se ha visto tapizado con la promoci\u00f3n de esta persona.<br>Y aunque pretenden justificar con la leyenda de que el mensaje va dirigido a los militantes, lo cierto es que la propaganda se encuentra por todas partes; incluso, en los autom\u00f3viles estacionados han sido colocados los folletos o flyer.<br>En el municipio de Coatepec nadie lo conoce, en Xalapa menos y en Tlalnelhuayocan, de donde ser\u00eda originario, tampoco saben de \u00e9l.<br>Las bases morenistas ya se han pronunciado al respecto. Rechazan las imposiciones, el amiguismo y el compadrazgo.<br>Hace apenas unos d\u00edas, en el municipio de Banderilla, los morenistas criticaron el apoyo desmedido que est\u00e1n recibiendo los \u201cconsentidos\u201d de la administraci\u00f3n estatal.<br>As\u00ed lo dijeron: \u201cDesafortunadamente, en nuestro partido, se est\u00e1n dando situaciones muy vergonzosas, dentro de las cuales, estamos viendo que los consentidos del gobierno tienen todo, lonas, promoci\u00f3n; da verg\u00fcenza que se est\u00e9n utilizando los recursos del estado, del gobierno para promover a los consentidos\u201d.<br>Ante estos hechos, no s\u00f3lo los partidos de oposici\u00f3n, sino tambi\u00e9n las autoridades electorales deben poner especial atenci\u00f3n. \u00bfDe d\u00f3nde sale todo el dinero para mandar a hacer los folletos, los calendarios, las lonas y los dem\u00e1s art\u00edculos propagand\u00edsticos?<br>Como ya lo dijeron los propios morenistas, lo que tanto critica el partido en el poder, lo est\u00e1 haciendo. Adem\u00e1s, no hay piso parejo para los aspirantes.<br>Lo peor de todo es que al tratar de imponer a personajes grises, desconocidos y sin arraigo, van directo al fracaso en las urnas.<br>Por cierto, a diferencia de este personaje, hay otro aspirante, de a pie, que es bien visto, se trata de Javier Cruz Salas. Contador de profesi\u00f3n, se ha desarrollado en el sector p\u00fablico y privado; adem\u00e1s, tiene experiencia en auditor\u00eda y fiscalizaci\u00f3n.<\/p>\n\n\n\n<p><strong>PRD PRESENTA JUICIO POL\u00cdTICO CONTRA CUITL\u00c1HUAC<br><\/strong>La fracci\u00f3n del PRD en la C\u00e1mara de Diputados present\u00f3 una demanda de juicio pol\u00edtico contra el gobernador de Veracruz, Cuitl\u00e1huac Garc\u00eda, as\u00ed como contra la fiscal general del estado, Ver\u00f3nica Hern\u00e1ndez, y la jueza Alejandra Casta\u00f1eda, por la detenci\u00f3n arbitraria y violaci\u00f3n de los derechos humanos de Rogelio Franco, candidato perredista a diputado federal.<br>El grupo parlamentario del PRD, encabezado por Ver\u00f3nica Ju\u00e1rez, acus\u00f3 a Garc\u00eda de persecuci\u00f3n y violencia pol\u00edtica contra los militantes perredistas en Veracruz. \u201cLo que estamos viendo en Veracruz es una persecuci\u00f3n pol\u00edtica; nuestro compa\u00f1ero Rogelio Franco va en el segundo lugar de la lista plurinominal de la tercera circunscripci\u00f3n y, al ser un personaje y un pol\u00edtico activo en el estado, lo que le queda a este gobierno represor es, en vez de ganarnos en las urnas, eliminar a cualquier contendiente que le resulte peligroso\u201d.<br>Por conducto de Camerino M\u00e1rquez, la dirigencia nacional del PRD expres\u00f3 su respaldo y acompa\u00f1amiento a la demanda de juicio pol\u00edtico contra el gobernador veracruzano de filiaci\u00f3n morenista. \u201cNos parece aberrante la manera en que pretenden obstruir los derechos pol\u00edticos y electorales (de Franco) ordenando una absurda detenci\u00f3n por un presunto delito, por el cual no est\u00e1 detenido, sino por ultraje a la autoridad, que no es un delito grave ni suspende sus derechos pol\u00edticos y la cuant\u00eda del da\u00f1o material no rebasa 400 pesos, el costo de una camisa rota del ministerial\u201d.<br>Como se sabe, Rogelio Franco, ex secretario de gobierno de Miguel \u00c1ngel Yunes, fue detenido el pasado 13 de marzo en Tuxpan por el delito de ultraje a la autoridad, presuntamente cometido contra un agente ministerial que pretend\u00eda ejecutar una orden de aprehensi\u00f3n contra el hoy candidato perredista, acusado de violencia intrafamiliar. La jueza de control le dict\u00f3 prisi\u00f3n preventiva justificada por ocho meses, por lo que fue internado en el reclusorio de Tuxpan por su presunta participaci\u00f3n en el delito de ultrajes a la autoridad.<\/p>\n\n\n\n<p>enriquepompeyo@hotmail.com<\/p>\n","protected":false},"excerpt":{"rendered":"<p>Enrique Yasser Pompeyo Mesa de Redacci\u00f3n Todav\u00eda no empiezan las campa\u00f1as formales establecidas en el calendario autorizado por el Organismo P\u00fablico Local Electoral (OPLE) y ya hay aspirantes que se promocionan como si fueran los candidatos oficiales.Es el caso de Luis Ronaldo Z\u00e1rate D\u00edaz. El joven, allegado al c\u00edrculo del mandatario Cuitl\u00e1huac Garc\u00eda Jim\u00e9nez, pues [&hellip;]<\/p>\n","protected":false},"author":2,"featured_media":0,"comment_status":"closed","ping_status":"closed","sticky":false,"template":"","format":"standard","meta":{"tdm_status":"","tdm_grid_status":"","footnotes":""},"categories":[70],"tags":[277,1681,1563,15477,15100,26907,1026,3272,107,108,195],"class_list":{"0":"post-69940","1":"post","2":"type-post","3":"status-publish","4":"format-standard","6":"category-de-opinion","7":"tag-coatepec","8":"tag-cuitlahuac-garcia","9":"tag-cuitlahuac-garcia-jimenez","10":"tag-enrique-yasser-pompeyo","11":"tag-javier-cruz-salas","12":"tag-luis-ronaldo-zarate-diaz","13":"tag-morena","14":"tag-ople","15":"tag-prd","16":"tag-rogelio-franco","17":"tag-veracruz"},"yoast_head":"<!-- This site is optimized with the Yoast SEO plugin v27.4 - https:\/\/yoast.com\/product\/yoast-seo-wordpress\/ -->\n<title>Luis Z\u00e1rate, adelantado - Los pol\u00edticos Veracruz<\/title>\n<meta name=\"robots\" content=\"index, follow, max-snippet:-1, max-image-preview:large, max-video-preview:-1\" \/>\n<link rel=\"canonical\" href=\"https:\/\/lospoliticosveracruz.com\/?p=69940\" \/>\n<meta property=\"og:locale\" content=\"es_ES\" \/>\n<meta property=\"og:type\" content=\"article\" \/>\n<meta property=\"og:title\" content=\"Luis Z\u00e1rate, adelantado - Los pol\u00edticos Veracruz\" \/>\n<meta property=\"og:description\" content=\"Enrique Yasser Pompeyo Mesa de Redacci\u00f3n Todav\u00eda no empiezan las campa\u00f1as formales establecidas en el calendario autorizado por el Organismo P\u00fablico Local Electoral (OPLE) y ya hay aspirantes que se promocionan como si fueran los candidatos oficiales.Es el caso de Luis Ronaldo Z\u00e1rate D\u00edaz. El joven, allegado al c\u00edrculo del mandatario Cuitl\u00e1huac Garc\u00eda Jim\u00e9nez, pues [&hellip;]\" \/>\n<meta property=\"og:url\" content=\"https:\/\/lospoliticosveracruz.com\/?p=69940\" \/>\n<meta property=\"og:site_name\" content=\"Los pol\u00edticos Veracruz\" \/>\n<meta property=\"article:publisher\" content=\"https:\/\/www.facebook.com\/people\/Notimemes-de-los-Polticos\/61565672886568\/\" \/>\n<meta property=\"article:published_time\" content=\"2021-03-24T04:30:17+00:00\" \/>\n<meta property=\"article:modified_time\" content=\"2021-03-24T04:34:35+00:00\" \/>\n<meta property=\"og:image\" content=\"http:\/\/www.lospoliticosveracruz.com.mx\/wp-content\/uploads\/2021\/03\/Predial-Cordoba.png\" \/>\n<meta name=\"author\" content=\"Lo viste en Los Pol\u00edticos\" \/>\n<meta name=\"twitter:card\" content=\"summary_large_image\" \/>\n<meta name=\"twitter:creator\" content=\"@LosPoliticosVer\" \/>\n<meta name=\"twitter:site\" content=\"@LosPoliticosVer\" \/>\n<meta name=\"twitter:label1\" content=\"Escrito por\" \/>\n\t<meta name=\"twitter:data1\" content=\"Lo viste en Los Pol\u00edticos\" \/>\n\t<meta name=\"twitter:label2\" content=\"Tiempo de lectura\" \/>\n\t<meta name=\"twitter:data2\" content=\"4 minutos\" \/>\n<script type=\"application\/ld+json\" class=\"yoast-schema-graph\">{\"@context\":\"https:\\\/\\\/schema.org\",\"@graph\":[{\"@type\":\"Article\",\"@id\":\"https:\\\/\\\/lospoliticosveracruz.com\\\/?p=69940#article\",\"isPartOf\":{\"@id\":\"https:\\\/\\\/lospoliticosveracruz.com\\\/?p=69940\"},\"author\":{\"name\":\"Lo viste en Los Pol\u00edticos\",\"@id\":\"https:\\\/\\\/lospoliticosveracruz.com\\\/#\\\/schema\\\/person\\\/b8702bb0e538456e6efd07080bf2a4a2\"},\"headline\":\"Luis Z\u00e1rate, adelantado\",\"datePublished\":\"2021-03-24T04:30:17+00:00\",\"dateModified\":\"2021-03-24T04:34:35+00:00\",\"mainEntityOfPage\":{\"@id\":\"https:\\\/\\\/lospoliticosveracruz.com\\\/?p=69940\"},\"wordCount\":841,\"publisher\":{\"@id\":\"https:\\\/\\\/lospoliticosveracruz.com\\\/#organization\"},\"image\":{\"@id\":\"https:\\\/\\\/lospoliticosveracruz.com\\\/?p=69940#primaryimage\"},\"thumbnailUrl\":\"http:\\\/\\\/www.lospoliticosveracruz.com.mx\\\/wp-content\\\/uploads\\\/2021\\\/03\\\/Predial-Cordoba.png\",\"keywords\":[\"Coatepec\",\"Cuitl\u00e1huac Garc\u00eda\",\"Cuitl\u00e1huac Garc\u00eda Jim\u00e9nez\",\"Enrique Yasser Pompeyo\",\"Javier Cruz Salas\",\"Luis Ronaldo Z\u00e1rate D\u00edaz\",\"Morena\",\"OPLE\",\"PRD\",\"Rogelio Franco\",\"Veracruz\"],\"articleSection\":[\"De Opini\u00f3n\"],\"inLanguage\":\"es\"},{\"@type\":\"WebPage\",\"@id\":\"https:\\\/\\\/lospoliticosveracruz.com\\\/?p=69940\",\"url\":\"https:\\\/\\\/lospoliticosveracruz.com\\\/?p=69940\",\"name\":\"Luis Z\u00e1rate, adelantado - Los pol\u00edticos Veracruz\",\"isPartOf\":{\"@id\":\"https:\\\/\\\/lospoliticosveracruz.com\\\/#website\"},\"primaryImageOfPage\":{\"@id\":\"https:\\\/\\\/lospoliticosveracruz.com\\\/?p=69940#primaryimage\"},\"image\":{\"@id\":\"https:\\\/\\\/lospoliticosveracruz.com\\\/?p=69940#primaryimage\"},\"thumbnailUrl\":\"http:\\\/\\\/www.lospoliticosveracruz.com.mx\\\/wp-content\\\/uploads\\\/2021\\\/03\\\/Predial-Cordoba.png\",\"datePublished\":\"2021-03-24T04:30:17+00:00\",\"dateModified\":\"2021-03-24T04:34:35+00:00\",\"breadcrumb\":{\"@id\":\"https:\\\/\\\/lospoliticosveracruz.com\\\/?p=69940#breadcrumb\"},\"inLanguage\":\"es\",\"potentialAction\":[{\"@type\":\"ReadAction\",\"target\":[\"https:\\\/\\\/lospoliticosveracruz.com\\\/?p=69940\"]}]},{\"@type\":\"ImageObject\",\"inLanguage\":\"es\",\"@id\":\"https:\\\/\\\/lospoliticosveracruz.com\\\/?p=69940#primaryimage\",\"url\":\"http:\\\/\\\/www.lospoliticosveracruz.com.mx\\\/wp-content\\\/uploads\\\/2021\\\/03\\\/Predial-Cordoba.png\",\"contentUrl\":\"http:\\\/\\\/www.lospoliticosveracruz.com.mx\\\/wp-content\\\/uploads\\\/2021\\\/03\\\/Predial-Cordoba.png\"},{\"@type\":\"BreadcrumbList\",\"@id\":\"https:\\\/\\\/lospoliticosveracruz.com\\\/?p=69940#breadcrumb\",\"itemListElement\":[{\"@type\":\"ListItem\",\"position\":1,\"name\":\"Portada\",\"item\":\"https:\\\/\\\/lospoliticosveracruz.com\\\/\"},{\"@type\":\"ListItem\",\"position\":2,\"name\":\"Luis Z\u00e1rate, adelantado\"}]},{\"@type\":\"WebSite\",\"@id\":\"https:\\\/\\\/lospoliticosveracruz.com\\\/#website\",\"url\":\"https:\\\/\\\/lospoliticosveracruz.com\\\/\",\"name\":\"Los pol\u00edticos Veracruz\",\"description\":\"\",\"publisher\":{\"@id\":\"https:\\\/\\\/lospoliticosveracruz.com\\\/#organization\"},\"potentialAction\":[{\"@type\":\"SearchAction\",\"target\":{\"@type\":\"EntryPoint\",\"urlTemplate\":\"https:\\\/\\\/lospoliticosveracruz.com\\\/?s={search_term_string}\"},\"query-input\":{\"@type\":\"PropertyValueSpecification\",\"valueRequired\":true,\"valueName\":\"search_term_string\"}}],\"inLanguage\":\"es\"},{\"@type\":\"Organization\",\"@id\":\"https:\\\/\\\/lospoliticosveracruz.com\\\/#organization\",\"name\":\"Los pol\u00edticos Veracruz\",\"url\":\"https:\\\/\\\/lospoliticosveracruz.com\\\/\",\"logo\":{\"@type\":\"ImageObject\",\"inLanguage\":\"es\",\"@id\":\"https:\\\/\\\/lospoliticosveracruz.com\\\/#\\\/schema\\\/logo\\\/image\\\/\",\"url\":\"https:\\\/\\\/lospoliticosveracruz.com\\\/wp-content\\\/uploads\\\/2025\\\/12\\\/Logo-Nuevo-LOS-POLITICOS-1.jpg\",\"contentUrl\":\"https:\\\/\\\/lospoliticosveracruz.com\\\/wp-content\\\/uploads\\\/2025\\\/12\\\/Logo-Nuevo-LOS-POLITICOS-1.jpg\",\"width\":260,\"height\":70,\"caption\":\"Los pol\u00edticos Veracruz\"},\"image\":{\"@id\":\"https:\\\/\\\/lospoliticosveracruz.com\\\/#\\\/schema\\\/logo\\\/image\\\/\"},\"sameAs\":[\"https:\\\/\\\/www.facebook.com\\\/people\\\/Notimemes-de-los-Polticos\\\/61565672886568\\\/\",\"https:\\\/\\\/x.com\\\/LosPoliticosVer\"]},{\"@type\":\"Person\",\"@id\":\"https:\\\/\\\/lospoliticosveracruz.com\\\/#\\\/schema\\\/person\\\/b8702bb0e538456e6efd07080bf2a4a2\",\"name\":\"Lo viste en Los Pol\u00edticos\",\"image\":{\"@type\":\"ImageObject\",\"inLanguage\":\"es\",\"@id\":\"https:\\\/\\\/secure.gravatar.com\\\/avatar\\\/3a8de04a2656d44082be478bd6c086daa447c4651605818287b9532d3d0bd435?s=96&d=mm&r=g\",\"url\":\"https:\\\/\\\/secure.gravatar.com\\\/avatar\\\/3a8de04a2656d44082be478bd6c086daa447c4651605818287b9532d3d0bd435?s=96&d=mm&r=g\",\"contentUrl\":\"https:\\\/\\\/secure.gravatar.com\\\/avatar\\\/3a8de04a2656d44082be478bd6c086daa447c4651605818287b9532d3d0bd435?s=96&d=mm&r=g\",\"caption\":\"Lo viste en Los Pol\u00edticos\"},\"url\":\"https:\\\/\\\/lospoliticosveracruz.com\\\/?author=2\"}]}<\/script>\n<!-- \/ Yoast SEO plugin. -->","yoast_head_json":{"title":"Luis Z\u00e1rate, adelantado - Los pol\u00edticos Veracruz","robots":{"index":"index","follow":"follow","max-snippet":"max-snippet:-1","max-image-preview":"max-image-preview:large","max-video-preview":"max-video-preview:-1"},"canonical":"https:\/\/lospoliticosveracruz.com\/?p=69940","og_locale":"es_ES","og_type":"article","og_title":"Luis Z\u00e1rate, adelantado - Los pol\u00edticos Veracruz","og_description":"Enrique Yasser Pompeyo Mesa de Redacci\u00f3n Todav\u00eda no empiezan las campa\u00f1as formales establecidas en el calendario autorizado por el Organismo P\u00fablico Local Electoral (OPLE) y ya hay aspirantes que se promocionan como si fueran los candidatos oficiales.Es el caso de Luis Ronaldo Z\u00e1rate D\u00edaz. El joven, allegado al c\u00edrculo del mandatario Cuitl\u00e1huac Garc\u00eda Jim\u00e9nez, pues [&hellip;]","og_url":"https:\/\/lospoliticosveracruz.com\/?p=69940","og_site_name":"Los pol\u00edticos Veracruz","article_publisher":"https:\/\/www.facebook.com\/people\/Notimemes-de-los-Polticos\/61565672886568\/","article_published_time":"2021-03-24T04:30:17+00:00","article_modified_time":"2021-03-24T04:34:35+00:00","og_image":[{"url":"http:\/\/www.lospoliticosveracruz.com.mx\/wp-content\/uploads\/2021\/03\/Predial-Cordoba.png","type":"","width":"","height":""}],"author":"Lo viste en Los Pol\u00edticos","twitter_card":"summary_large_image","twitter_creator":"@LosPoliticosVer","twitter_site":"@LosPoliticosVer","twitter_misc":{"Escrito por":"Lo viste en Los Pol\u00edticos","Tiempo de lectura":"4 minutos"},"schema":{"@context":"https:\/\/schema.org","@graph":[{"@type":"Article","@id":"https:\/\/lospoliticosveracruz.com\/?p=69940#article","isPartOf":{"@id":"https:\/\/lospoliticosveracruz.com\/?p=69940"},"author":{"name":"Lo viste en Los Pol\u00edticos","@id":"https:\/\/lospoliticosveracruz.com\/#\/schema\/person\/b8702bb0e538456e6efd07080bf2a4a2"},"headline":"Luis Z\u00e1rate, adelantado","datePublished":"2021-03-24T04:30:17+00:00","dateModified":"2021-03-24T04:34:35+00:00","mainEntityOfPage":{"@id":"https:\/\/lospoliticosveracruz.com\/?p=69940"},"wordCount":841,"publisher":{"@id":"https:\/\/lospoliticosveracruz.com\/#organization"},"image":{"@id":"https:\/\/lospoliticosveracruz.com\/?p=69940#primaryimage"},"thumbnailUrl":"http:\/\/www.lospoliticosveracruz.com.mx\/wp-content\/uploads\/2021\/03\/Predial-Cordoba.png","keywords":["Coatepec","Cuitl\u00e1huac Garc\u00eda","Cuitl\u00e1huac Garc\u00eda Jim\u00e9nez","Enrique Yasser Pompeyo","Javier Cruz Salas","Luis Ronaldo Z\u00e1rate D\u00edaz","Morena","OPLE","PRD","Rogelio Franco","Veracruz"],"articleSection":["De Opini\u00f3n"],"inLanguage":"es"},{"@type":"WebPage","@id":"https:\/\/lospoliticosveracruz.com\/?p=69940","url":"https:\/\/lospoliticosveracruz.com\/?p=69940","name":"Luis Z\u00e1rate, adelantado - Los pol\u00edticos Veracruz","isPartOf":{"@id":"https:\/\/lospoliticosveracruz.com\/#website"},"primaryImageOfPage":{"@id":"https:\/\/lospoliticosveracruz.com\/?p=69940#primaryimage"},"image":{"@id":"https:\/\/lospoliticosveracruz.com\/?p=69940#primaryimage"},"thumbnailUrl":"http:\/\/www.lospoliticosveracruz.com.mx\/wp-content\/uploads\/2021\/03\/Predial-Cordoba.png","datePublished":"2021-03-24T04:30:17+00:00","dateModified":"2021-03-24T04:34:35+00:00","breadcrumb":{"@id":"https:\/\/lospoliticosveracruz.com\/?p=69940#breadcrumb"},"inLanguage":"es","potentialAction":[{"@type":"ReadAction","target":["https:\/\/lospoliticosveracruz.com\/?p=69940"]}]},{"@type":"ImageObject","inLanguage":"es","@id":"https:\/\/lospoliticosveracruz.com\/?p=69940#primaryimage","url":"http:\/\/www.lospoliticosveracruz.com.mx\/wp-content\/uploads\/2021\/03\/Predial-Cordoba.png","contentUrl":"http:\/\/www.lospoliticosveracruz.com.mx\/wp-content\/uploads\/2021\/03\/Predial-Cordoba.png"},{"@type":"BreadcrumbList","@id":"https:\/\/lospoliticosveracruz.com\/?p=69940#breadcrumb","itemListElement":[{"@type":"ListItem","position":1,"name":"Portada","item":"https:\/\/lospoliticosveracruz.com\/"},{"@type":"ListItem","position":2,"name":"Luis Z\u00e1rate, adelantado"}]},{"@type":"WebSite","@id":"https:\/\/lospoliticosveracruz.com\/#website","url":"https:\/\/lospoliticosveracruz.com\/","name":"Los pol\u00edticos Veracruz","description":"","publisher":{"@id":"https:\/\/lospoliticosveracruz.com\/#organization"},"potentialAction":[{"@type":"SearchAction","target":{"@type":"EntryPoint","urlTemplate":"https:\/\/lospoliticosveracruz.com\/?s={search_term_string}"},"query-input":{"@type":"PropertyValueSpecification","valueRequired":true,"valueName":"search_term_string"}}],"inLanguage":"es"},{"@type":"Organization","@id":"https:\/\/lospoliticosveracruz.com\/#organization","name":"Los pol\u00edticos Veracruz","url":"https:\/\/lospoliticosveracruz.com\/","logo":{"@type":"ImageObject","inLanguage":"es","@id":"https:\/\/lospoliticosveracruz.com\/#\/schema\/logo\/image\/","url":"https:\/\/lospoliticosveracruz.com\/wp-content\/uploads\/2025\/12\/Logo-Nuevo-LOS-POLITICOS-1.jpg","contentUrl":"https:\/\/lospoliticosveracruz.com\/wp-content\/uploads\/2025\/12\/Logo-Nuevo-LOS-POLITICOS-1.jpg","width":260,"height":70,"caption":"Los pol\u00edticos Veracruz"},"image":{"@id":"https:\/\/lospoliticosveracruz.com\/#\/schema\/logo\/image\/"},"sameAs":["https:\/\/www.facebook.com\/people\/Notimemes-de-los-Polticos\/61565672886568\/","https:\/\/x.com\/LosPoliticosVer"]},{"@type":"Person","@id":"https:\/\/lospoliticosveracruz.com\/#\/schema\/person\/b8702bb0e538456e6efd07080bf2a4a2","name":"Lo viste en Los Pol\u00edticos","image":{"@type":"ImageObject","inLanguage":"es","@id":"https:\/\/secure.gravatar.com\/avatar\/3a8de04a2656d44082be478bd6c086daa447c4651605818287b9532d3d0bd435?s=96&d=mm&r=g","url":"https:\/\/secure.gravatar.com\/avatar\/3a8de04a2656d44082be478bd6c086daa447c4651605818287b9532d3d0bd435?s=96&d=mm&r=g","contentUrl":"https:\/\/secure.gravatar.com\/avatar\/3a8de04a2656d44082be478bd6c086daa447c4651605818287b9532d3d0bd435?s=96&d=mm&r=g","caption":"Lo viste en Los Pol\u00edticos"},"url":"https:\/\/lospoliticosveracruz.com\/?author=2"}]}},"_links":{"self":[{"href":"https:\/\/lospoliticosveracruz.com\/index.php?rest_route=\/wp\/v2\/posts\/69940","targetHints":{"allow":["GET"]}}],"collection":[{"href":"https:\/\/lospoliticosveracruz.com\/index.php?rest_route=\/wp\/v2\/posts"}],"about":[{"href":"https:\/\/lospoliticosveracruz.com\/index.php?rest_route=\/wp\/v2\/types\/post"}],"author":[{"embeddable":true,"href":"https:\/\/lospoliticosveracruz.com\/index.php?rest_route=\/wp\/v2\/users\/2"}],"replies":[{"embeddable":true,"href":"https:\/\/lospoliticosveracruz.com\/index.php?rest_route=%2Fwp%2Fv2%2Fcomments&post=69940"}],"version-history":[{"count":2,"href":"https:\/\/lospoliticosveracruz.com\/index.php?rest_route=\/wp\/v2\/posts\/69940\/revisions"}],"predecessor-version":[{"id":69943,"href":"https:\/\/lospoliticosveracruz.com\/index.php?rest_route=\/wp\/v2\/posts\/69940\/revisions\/69943"}],"wp:attachment":[{"href":"https:\/\/lospoliticosveracruz.com\/index.php?rest_route=%2Fwp%2Fv2%2Fmedia&parent=69940"}],"wp:term":[{"taxonomy":"category","embeddable":true,"href":"https:\/\/lospoliticosveracruz.com\/index.php?rest_route=%2Fwp%2Fv2%2Fcategories&post=69940"},{"taxonomy":"post_tag","embeddable":true,"href":"https:\/\/lospoliticosveracruz.com\/index.php?rest_route=%2Fwp%2Fv2%2Ftags&post=69940"}],"curies":[{"name":"wp","href":"https:\/\/api.w.org\/{rel}","templated":true}]}}