{"id":69973,"date":"2021-03-24T11:22:58","date_gmt":"2021-03-24T17:22:58","guid":{"rendered":"http:\/\/www.lospoliticosveracruz.com.mx\/?p=69973"},"modified":"2021-03-24T11:25:17","modified_gmt":"2021-03-24T17:25:17","slug":"daniela-blazquez-mete-fuerza-internacional-a-coatepec","status":"publish","type":"post","link":"https:\/\/lospoliticosveracruz.com\/?p=69973","title":{"rendered":"Daniela Bl\u00e1zquez mete fuerza internacional a Coatepec"},"content":{"rendered":"\n<p><strong>Redacci\u00f3n<\/strong><br><em>Coatepec<\/em><\/p>\n\n\n\n<p>En d\u00edas pasados, la ciudad de Coatepec recibi\u00f3 importantes visitas internacionales, que sin duda traer\u00e1n importantes ben\u00e9ficos a la regi\u00f3n.<br>Gracias a las gestiones de Daniela Bl\u00e1zquez Castillo, presidenta de la asociaci\u00f3n civil \u201cCaminando con Veracruz\u201d, se cont\u00f3 con la visita del excelent\u00edsimo embajador de Panam\u00e1 en M\u00e9xico, Alfredo Oranges Busto, y del ministro consejero de la Embajada de Rep\u00fablica Dominicana, Freddy Espinoza Mieles.<br><\/p>\n\n\n\n<figure class=\"wp-block-image size-large\"><a href=\"http:\/\/www.lospoliticosveracruz.com.mx\/wp-content\/uploads\/2021\/03\/WhatsApp-Image-2021-03-24-at-11.12.10-1.jpeg\"><img decoding=\"async\" src=\"http:\/\/www.lospoliticosveracruz.com.mx\/wp-content\/uploads\/2021\/03\/WhatsApp-Image-2021-03-24-at-11.12.10-1.jpeg\" alt=\"\" class=\"wp-image-69974\"\/><\/a><\/figure>\n\n\n\n<p>Fueron acompa\u00f1ados por un importante grupo de funcionarios y l\u00edderes empresariales, entre ellos, el presidente de la C\u00e1mara de Comercio M\u00e9xico-Panam\u00e1, \u00d3scar Castro P\u00e9rez, quien destac\u00f3 el amplio abanico de posibilidades que ofrece Coatepec para establecer intercambio comercial con su pa\u00eds.<br>La intensa agenda de los representantes diplom\u00e1ticos comenz\u00f3 el s\u00e1bado 13, con la visita a la f\u00e1brica de pasteles La Toga, empresa familiar 100% coatepecana; posteriormente se llev\u00f3 a cabo un encuentro con productores de Coatepec y la regi\u00f3n en la hacienda Zimpizahua.<br>Bl\u00e1zquez Castillo reconoci\u00f3 las facilidades otorgadas por el propietario de la hacienda, Erick Alc\u00e1ntara L\u00f3pez para realizar el importante evento en tan emblem\u00e1tico lugar. Explic\u00f3 a los visitantes que la hacienda fue el lugar en donde lleg\u00f3 por primero vez el caf\u00e9 a la regi\u00f3n, por lo que fue muy simb\u00f3lico que ah\u00ed se haya recibido a los representantes de los pa\u00edses hermanos.<br>En el encuentro, el embajador de Panam\u00e1 manifest\u00f3 que impulsar\u00e1 el objetivo de abrir nuevos canales de comercializaci\u00f3n y promover las riquezas de Coatepec al mundo.<br>Posteriormente, la familia Fern\u00e1ndez Chedraui recibi\u00f3 en su hacienda del Trian\u00f3n a la comitiva diplom\u00e1tica, a quienes les narraron la gran tradici\u00f3n cafetalera de la regi\u00f3n.<br>Daniela Bl\u00e1zquez Castillo, a nombre de la comitiva, agradeci\u00f3 las atenciones a la familia Fern\u00e1ndez Chedraui, en especial a Manolo Fern\u00e1ndez \u00c1vila.<br>Los visitantes recorrieron la Casa Museo Mar\u00eda Enriqueta, visitaron casas de algunas familias de Coatepec, quienes les mostraron de manera franca la hospitalidad de los coatepecanos.<br>El domingo 14, la comitiva sostuvo una reuni\u00f3n con Givette Orea de P\u00e9rez Astorga, presidenta del Comit\u00e9 de Pueblos M\u00e1gicos de Coatepec, se intercambiaron diferentes puntos de vista sobre la vocaci\u00f3n tur\u00edstica de la regi\u00f3n y sus similitudes con Panam\u00e1.<br>En el sal\u00f3n del Club Rotario Coatepec, se organiz\u00f3 una reuni\u00f3n con mujeres creativas y artesanas. Los socios le entregaron un bander\u00edn del Club Rotario al embajador Alfredo Oranges Busto como s\u00edmbolo de amistad.<br>Durante el encuentro, el diplom\u00e1tico paname\u00f1o resalt\u00f3 nuevamente la importancia de promover las riquezas de ambos pa\u00edses, agradeci\u00f3 las atenciones y la hospitalidad de los coatepecanos, en especial de Daniela Bl\u00e1zquez Castillo, anfitriona de esta importante gira que busca promover a Coatepec y sus riquezas para brindar un impulso para la reactivaci\u00f3n econ\u00f3mica de la ciudad y la regi\u00f3n.<br>En el marco de la visita, Bl\u00e1zquez Castillo ofreci\u00f3 un cena de honor a la comitiva diplom\u00e1tica. La reuni\u00f3n se llev\u00f3 a cabo (al igual que los otros eventos) con las medidas de sana distancia; cont\u00f3 con la asistencia de empresarios, alcaldes, periodistas y columnistas.<br>Para cerrar con broche de oro, la gira concluy\u00f3 con una visita al Museo de la Orqu\u00eddea, \u201cDr. Isa\u00edas Contreras Ju\u00e1rez\u201d, fueron recibidos por su director \u00d3scar Espino Contreras. La comitiva diplom\u00e1tica pudo conocer el gran trabajo que realizan desde hace muchos a\u00f1os para la conservaci\u00f3n de las orqu\u00eddeas y el impulso al turismo, motivo por el cual, el embajador paname\u00f1o mostr\u00f3 inter\u00e9s por llevar a su pa\u00eds los modelos de desarrollo que ha impulsado la familia Contreras para incrementar el turismo orquide\u00f3filo.<br>Por su parte, la C\u00e1mara de Comercio M\u00e9xico-Panam\u00e1 se comprometi\u00f3 de manera formal a buscar opciones de mercado para impulsar algunos productos de la regi\u00f3n, como la miel, el caf\u00e9 y diversas artesan\u00edas.<br>Sin duda fue un acierto de la presidenta de la A.C. Caminando con Veracruz, Daniela Bl\u00e1zquez Castillo, impulsar el acercamiento con los representantes de Panam\u00e1 y Rep\u00fablica Dominicana, como una estrategia de reactivaci\u00f3n econ\u00f3mica para Coatepec. La visita ya puso al municipio y la regi\u00f3n en una agenda internacional.<br>Estuvieron presentes la comitiva diplom\u00e1tica: Dr. Alfredo Oranges Busto, excelent\u00edsimo embajador de Panam\u00e1 en M\u00e9xico; Freddy Espinoza Mieles, consejero de la Embajada de Rep\u00fablica Dominicana; Oscar Castro P\u00e9rez, presidente de la C\u00e1mara de Comercio M\u00e9xico- Panam\u00e1; Mario Cely Aldana, Ministerio de Agricultura de Chile; Maribel S\u00e1mano Abonce, presidente de la Asociaci\u00f3n Mexicana de Mujeres Empresarias Amexme de Quer\u00e9taro; Miriam Guadalupe Andrade Camacho, presidenta nacional de UGECDEM.<br>Autoridades locales: presidente municipal de Paso de Ovejas, Abel Ram\u00edrez Coria; Mayra Paredes Morales, presidenta municipal de Totutla.<br>Invitados especiales: Jos\u00e9 Alberto P\u00e9rez Fuentes, empresario; Enrique Santos Mendoza, secretario general de la CATEM Veracruz; Rodrigo Fern\u00e1ndez Chedraui, empresario; Givette Orea de P\u00e9rez Astorga, presidenta del Comit\u00e9 de Pueblos M\u00e1gicos Coatepec; Rodolfo Hern\u00e1ndez Mercado, empresario; Yoshito Sasaguri Aiza, empresario.<br>Anfitriones: Daniela Bl\u00e1zquez Castillo, presidenta de la asociaci\u00f3n civil \u201cCaminando con Veracruz\u201d y \u00d3scar Espino Contreras, director del Museo de las Orqu\u00eddeas.<\/p>\n","protected":false},"excerpt":{"rendered":"<p>Redacci\u00f3nCoatepec En d\u00edas pasados, la ciudad de Coatepec recibi\u00f3 importantes visitas internacionales, que sin duda traer\u00e1n importantes ben\u00e9ficos a la regi\u00f3n.Gracias a las gestiones de Daniela Bl\u00e1zquez Castillo, presidenta de la asociaci\u00f3n civil \u201cCaminando con Veracruz\u201d, se cont\u00f3 con la visita del excelent\u00edsimo embajador de Panam\u00e1 en M\u00e9xico, Alfredo Oranges Busto, y del ministro consejero [&hellip;]<\/p>\n","protected":false},"author":2,"featured_media":0,"comment_status":"closed","ping_status":"closed","sticky":false,"template":"","format":"standard","meta":{"tdm_status":"","tdm_grid_status":"","footnotes":""},"categories":[73],"tags":[26924,277,26137,26928,26929,26926,11136,26927],"class_list":{"0":"post-69973","1":"post","2":"type-post","3":"status-publish","4":"format-standard","6":"category-de-boleto","7":"tag-caminando-con-veracruz","8":"tag-coatepec","9":"tag-daniela-blazquez-castillo","10":"tag-erick-alcantara-lopez","11":"tag-familia-fernandez-chedraui","12":"tag-freddy-espinoza-mieles","13":"tag-hacienda-zimpizahua","14":"tag-oscar-castro-perez"},"yoast_head":"<!-- This site is optimized with the Yoast SEO plugin v27.4 - https:\/\/yoast.com\/product\/yoast-seo-wordpress\/ -->\n<title>Daniela Bl\u00e1zquez mete fuerza internacional a Coatepec - Los pol\u00edticos Veracruz<\/title>\n<meta name=\"robots\" content=\"index, follow, max-snippet:-1, max-image-preview:large, max-video-preview:-1\" \/>\n<link rel=\"canonical\" href=\"https:\/\/lospoliticosveracruz.com\/?p=69973\" \/>\n<meta property=\"og:locale\" content=\"es_ES\" \/>\n<meta property=\"og:type\" content=\"article\" \/>\n<meta property=\"og:title\" content=\"Daniela Bl\u00e1zquez mete fuerza internacional a Coatepec - Los pol\u00edticos Veracruz\" \/>\n<meta property=\"og:description\" content=\"Redacci\u00f3nCoatepec En d\u00edas pasados, la ciudad de Coatepec recibi\u00f3 importantes visitas internacionales, que sin duda traer\u00e1n importantes ben\u00e9ficos a la regi\u00f3n.Gracias a las gestiones de Daniela Bl\u00e1zquez Castillo, presidenta de la asociaci\u00f3n civil \u201cCaminando con Veracruz\u201d, se cont\u00f3 con la visita del excelent\u00edsimo embajador de Panam\u00e1 en M\u00e9xico, Alfredo Oranges Busto, y del ministro consejero [&hellip;]\" \/>\n<meta property=\"og:url\" content=\"https:\/\/lospoliticosveracruz.com\/?p=69973\" \/>\n<meta property=\"og:site_name\" content=\"Los pol\u00edticos Veracruz\" \/>\n<meta property=\"article:publisher\" content=\"https:\/\/www.facebook.com\/people\/Notimemes-de-los-Polticos\/61565672886568\/\" \/>\n<meta property=\"article:published_time\" content=\"2021-03-24T17:22:58+00:00\" \/>\n<meta property=\"article:modified_time\" content=\"2021-03-24T17:25:17+00:00\" \/>\n<meta property=\"og:image\" content=\"http:\/\/www.lospoliticosveracruz.com.mx\/wp-content\/uploads\/2021\/03\/WhatsApp-Image-2021-03-24-at-11.12.10-1.jpeg\" \/>\n<meta name=\"author\" content=\"Lo viste en Los Pol\u00edticos\" \/>\n<meta name=\"twitter:card\" content=\"summary_large_image\" \/>\n<meta name=\"twitter:creator\" content=\"@LosPoliticosVer\" \/>\n<meta name=\"twitter:site\" content=\"@LosPoliticosVer\" \/>\n<meta name=\"twitter:label1\" content=\"Escrito por\" \/>\n\t<meta name=\"twitter:data1\" content=\"Lo viste en Los Pol\u00edticos\" \/>\n\t<meta name=\"twitter:label2\" content=\"Tiempo de lectura\" \/>\n\t<meta name=\"twitter:data2\" content=\"4 minutos\" \/>\n<script type=\"application\/ld+json\" class=\"yoast-schema-graph\">{\"@context\":\"https:\\\/\\\/schema.org\",\"@graph\":[{\"@type\":\"Article\",\"@id\":\"https:\\\/\\\/lospoliticosveracruz.com\\\/?p=69973#article\",\"isPartOf\":{\"@id\":\"https:\\\/\\\/lospoliticosveracruz.com\\\/?p=69973\"},\"author\":{\"name\":\"Lo viste en Los Pol\u00edticos\",\"@id\":\"https:\\\/\\\/lospoliticosveracruz.com\\\/#\\\/schema\\\/person\\\/b8702bb0e538456e6efd07080bf2a4a2\"},\"headline\":\"Daniela Bl\u00e1zquez mete fuerza internacional a Coatepec\",\"datePublished\":\"2021-03-24T17:22:58+00:00\",\"dateModified\":\"2021-03-24T17:25:17+00:00\",\"mainEntityOfPage\":{\"@id\":\"https:\\\/\\\/lospoliticosveracruz.com\\\/?p=69973\"},\"wordCount\":904,\"publisher\":{\"@id\":\"https:\\\/\\\/lospoliticosveracruz.com\\\/#organization\"},\"image\":{\"@id\":\"https:\\\/\\\/lospoliticosveracruz.com\\\/?p=69973#primaryimage\"},\"thumbnailUrl\":\"http:\\\/\\\/www.lospoliticosveracruz.com.mx\\\/wp-content\\\/uploads\\\/2021\\\/03\\\/WhatsApp-Image-2021-03-24-at-11.12.10-1.jpeg\",\"keywords\":[\"Caminando con Veracruz\",\"Coatepec\",\"Daniela Bl\u00e1zquez Castillo\",\"Erick Alc\u00e1ntara L\u00f3pez\",\"familia Fern\u00e1ndez Chedraui\",\"Freddy Espinoza Mieles\",\"hacienda Zimpizahua\",\"\u00d3scar Castro P\u00e9rez\"],\"articleSection\":[\"De Boleto\"],\"inLanguage\":\"es\"},{\"@type\":\"WebPage\",\"@id\":\"https:\\\/\\\/lospoliticosveracruz.com\\\/?p=69973\",\"url\":\"https:\\\/\\\/lospoliticosveracruz.com\\\/?p=69973\",\"name\":\"Daniela Bl\u00e1zquez mete fuerza internacional a Coatepec - Los pol\u00edticos Veracruz\",\"isPartOf\":{\"@id\":\"https:\\\/\\\/lospoliticosveracruz.com\\\/#website\"},\"primaryImageOfPage\":{\"@id\":\"https:\\\/\\\/lospoliticosveracruz.com\\\/?p=69973#primaryimage\"},\"image\":{\"@id\":\"https:\\\/\\\/lospoliticosveracruz.com\\\/?p=69973#primaryimage\"},\"thumbnailUrl\":\"http:\\\/\\\/www.lospoliticosveracruz.com.mx\\\/wp-content\\\/uploads\\\/2021\\\/03\\\/WhatsApp-Image-2021-03-24-at-11.12.10-1.jpeg\",\"datePublished\":\"2021-03-24T17:22:58+00:00\",\"dateModified\":\"2021-03-24T17:25:17+00:00\",\"breadcrumb\":{\"@id\":\"https:\\\/\\\/lospoliticosveracruz.com\\\/?p=69973#breadcrumb\"},\"inLanguage\":\"es\",\"potentialAction\":[{\"@type\":\"ReadAction\",\"target\":[\"https:\\\/\\\/lospoliticosveracruz.com\\\/?p=69973\"]}]},{\"@type\":\"ImageObject\",\"inLanguage\":\"es\",\"@id\":\"https:\\\/\\\/lospoliticosveracruz.com\\\/?p=69973#primaryimage\",\"url\":\"http:\\\/\\\/www.lospoliticosveracruz.com.mx\\\/wp-content\\\/uploads\\\/2021\\\/03\\\/WhatsApp-Image-2021-03-24-at-11.12.10-1.jpeg\",\"contentUrl\":\"http:\\\/\\\/www.lospoliticosveracruz.com.mx\\\/wp-content\\\/uploads\\\/2021\\\/03\\\/WhatsApp-Image-2021-03-24-at-11.12.10-1.jpeg\"},{\"@type\":\"BreadcrumbList\",\"@id\":\"https:\\\/\\\/lospoliticosveracruz.com\\\/?p=69973#breadcrumb\",\"itemListElement\":[{\"@type\":\"ListItem\",\"position\":1,\"name\":\"Portada\",\"item\":\"https:\\\/\\\/lospoliticosveracruz.com\\\/\"},{\"@type\":\"ListItem\",\"position\":2,\"name\":\"Daniela Bl\u00e1zquez mete fuerza internacional a Coatepec\"}]},{\"@type\":\"WebSite\",\"@id\":\"https:\\\/\\\/lospoliticosveracruz.com\\\/#website\",\"url\":\"https:\\\/\\\/lospoliticosveracruz.com\\\/\",\"name\":\"Los pol\u00edticos Veracruz\",\"description\":\"\",\"publisher\":{\"@id\":\"https:\\\/\\\/lospoliticosveracruz.com\\\/#organization\"},\"potentialAction\":[{\"@type\":\"SearchAction\",\"target\":{\"@type\":\"EntryPoint\",\"urlTemplate\":\"https:\\\/\\\/lospoliticosveracruz.com\\\/?s={search_term_string}\"},\"query-input\":{\"@type\":\"PropertyValueSpecification\",\"valueRequired\":true,\"valueName\":\"search_term_string\"}}],\"inLanguage\":\"es\"},{\"@type\":\"Organization\",\"@id\":\"https:\\\/\\\/lospoliticosveracruz.com\\\/#organization\",\"name\":\"Los pol\u00edticos Veracruz\",\"url\":\"https:\\\/\\\/lospoliticosveracruz.com\\\/\",\"logo\":{\"@type\":\"ImageObject\",\"inLanguage\":\"es\",\"@id\":\"https:\\\/\\\/lospoliticosveracruz.com\\\/#\\\/schema\\\/logo\\\/image\\\/\",\"url\":\"https:\\\/\\\/lospoliticosveracruz.com\\\/wp-content\\\/uploads\\\/2025\\\/12\\\/Logo-Nuevo-LOS-POLITICOS-1.jpg\",\"contentUrl\":\"https:\\\/\\\/lospoliticosveracruz.com\\\/wp-content\\\/uploads\\\/2025\\\/12\\\/Logo-Nuevo-LOS-POLITICOS-1.jpg\",\"width\":260,\"height\":70,\"caption\":\"Los pol\u00edticos Veracruz\"},\"image\":{\"@id\":\"https:\\\/\\\/lospoliticosveracruz.com\\\/#\\\/schema\\\/logo\\\/image\\\/\"},\"sameAs\":[\"https:\\\/\\\/www.facebook.com\\\/people\\\/Notimemes-de-los-Polticos\\\/61565672886568\\\/\",\"https:\\\/\\\/x.com\\\/LosPoliticosVer\"]},{\"@type\":\"Person\",\"@id\":\"https:\\\/\\\/lospoliticosveracruz.com\\\/#\\\/schema\\\/person\\\/b8702bb0e538456e6efd07080bf2a4a2\",\"name\":\"Lo viste en Los Pol\u00edticos\",\"image\":{\"@type\":\"ImageObject\",\"inLanguage\":\"es\",\"@id\":\"https:\\\/\\\/secure.gravatar.com\\\/avatar\\\/3a8de04a2656d44082be478bd6c086daa447c4651605818287b9532d3d0bd435?s=96&d=mm&r=g\",\"url\":\"https:\\\/\\\/secure.gravatar.com\\\/avatar\\\/3a8de04a2656d44082be478bd6c086daa447c4651605818287b9532d3d0bd435?s=96&d=mm&r=g\",\"contentUrl\":\"https:\\\/\\\/secure.gravatar.com\\\/avatar\\\/3a8de04a2656d44082be478bd6c086daa447c4651605818287b9532d3d0bd435?s=96&d=mm&r=g\",\"caption\":\"Lo viste en Los Pol\u00edticos\"},\"url\":\"https:\\\/\\\/lospoliticosveracruz.com\\\/?author=2\"}]}<\/script>\n<!-- \/ Yoast SEO plugin. -->","yoast_head_json":{"title":"Daniela Bl\u00e1zquez mete fuerza internacional a Coatepec - Los pol\u00edticos Veracruz","robots":{"index":"index","follow":"follow","max-snippet":"max-snippet:-1","max-image-preview":"max-image-preview:large","max-video-preview":"max-video-preview:-1"},"canonical":"https:\/\/lospoliticosveracruz.com\/?p=69973","og_locale":"es_ES","og_type":"article","og_title":"Daniela Bl\u00e1zquez mete fuerza internacional a Coatepec - Los pol\u00edticos Veracruz","og_description":"Redacci\u00f3nCoatepec En d\u00edas pasados, la ciudad de Coatepec recibi\u00f3 importantes visitas internacionales, que sin duda traer\u00e1n importantes ben\u00e9ficos a la regi\u00f3n.Gracias a las gestiones de Daniela Bl\u00e1zquez Castillo, presidenta de la asociaci\u00f3n civil \u201cCaminando con Veracruz\u201d, se cont\u00f3 con la visita del excelent\u00edsimo embajador de Panam\u00e1 en M\u00e9xico, Alfredo Oranges Busto, y del ministro consejero [&hellip;]","og_url":"https:\/\/lospoliticosveracruz.com\/?p=69973","og_site_name":"Los pol\u00edticos Veracruz","article_publisher":"https:\/\/www.facebook.com\/people\/Notimemes-de-los-Polticos\/61565672886568\/","article_published_time":"2021-03-24T17:22:58+00:00","article_modified_time":"2021-03-24T17:25:17+00:00","og_image":[{"url":"http:\/\/www.lospoliticosveracruz.com.mx\/wp-content\/uploads\/2021\/03\/WhatsApp-Image-2021-03-24-at-11.12.10-1.jpeg","type":"","width":"","height":""}],"author":"Lo viste en Los Pol\u00edticos","twitter_card":"summary_large_image","twitter_creator":"@LosPoliticosVer","twitter_site":"@LosPoliticosVer","twitter_misc":{"Escrito por":"Lo viste en Los Pol\u00edticos","Tiempo de lectura":"4 minutos"},"schema":{"@context":"https:\/\/schema.org","@graph":[{"@type":"Article","@id":"https:\/\/lospoliticosveracruz.com\/?p=69973#article","isPartOf":{"@id":"https:\/\/lospoliticosveracruz.com\/?p=69973"},"author":{"name":"Lo viste en Los Pol\u00edticos","@id":"https:\/\/lospoliticosveracruz.com\/#\/schema\/person\/b8702bb0e538456e6efd07080bf2a4a2"},"headline":"Daniela Bl\u00e1zquez mete fuerza internacional a Coatepec","datePublished":"2021-03-24T17:22:58+00:00","dateModified":"2021-03-24T17:25:17+00:00","mainEntityOfPage":{"@id":"https:\/\/lospoliticosveracruz.com\/?p=69973"},"wordCount":904,"publisher":{"@id":"https:\/\/lospoliticosveracruz.com\/#organization"},"image":{"@id":"https:\/\/lospoliticosveracruz.com\/?p=69973#primaryimage"},"thumbnailUrl":"http:\/\/www.lospoliticosveracruz.com.mx\/wp-content\/uploads\/2021\/03\/WhatsApp-Image-2021-03-24-at-11.12.10-1.jpeg","keywords":["Caminando con Veracruz","Coatepec","Daniela Bl\u00e1zquez Castillo","Erick Alc\u00e1ntara L\u00f3pez","familia Fern\u00e1ndez Chedraui","Freddy Espinoza Mieles","hacienda Zimpizahua","\u00d3scar Castro P\u00e9rez"],"articleSection":["De Boleto"],"inLanguage":"es"},{"@type":"WebPage","@id":"https:\/\/lospoliticosveracruz.com\/?p=69973","url":"https:\/\/lospoliticosveracruz.com\/?p=69973","name":"Daniela Bl\u00e1zquez mete fuerza internacional a Coatepec - Los pol\u00edticos Veracruz","isPartOf":{"@id":"https:\/\/lospoliticosveracruz.com\/#website"},"primaryImageOfPage":{"@id":"https:\/\/lospoliticosveracruz.com\/?p=69973#primaryimage"},"image":{"@id":"https:\/\/lospoliticosveracruz.com\/?p=69973#primaryimage"},"thumbnailUrl":"http:\/\/www.lospoliticosveracruz.com.mx\/wp-content\/uploads\/2021\/03\/WhatsApp-Image-2021-03-24-at-11.12.10-1.jpeg","datePublished":"2021-03-24T17:22:58+00:00","dateModified":"2021-03-24T17:25:17+00:00","breadcrumb":{"@id":"https:\/\/lospoliticosveracruz.com\/?p=69973#breadcrumb"},"inLanguage":"es","potentialAction":[{"@type":"ReadAction","target":["https:\/\/lospoliticosveracruz.com\/?p=69973"]}]},{"@type":"ImageObject","inLanguage":"es","@id":"https:\/\/lospoliticosveracruz.com\/?p=69973#primaryimage","url":"http:\/\/www.lospoliticosveracruz.com.mx\/wp-content\/uploads\/2021\/03\/WhatsApp-Image-2021-03-24-at-11.12.10-1.jpeg","contentUrl":"http:\/\/www.lospoliticosveracruz.com.mx\/wp-content\/uploads\/2021\/03\/WhatsApp-Image-2021-03-24-at-11.12.10-1.jpeg"},{"@type":"BreadcrumbList","@id":"https:\/\/lospoliticosveracruz.com\/?p=69973#breadcrumb","itemListElement":[{"@type":"ListItem","position":1,"name":"Portada","item":"https:\/\/lospoliticosveracruz.com\/"},{"@type":"ListItem","position":2,"name":"Daniela Bl\u00e1zquez mete fuerza internacional a Coatepec"}]},{"@type":"WebSite","@id":"https:\/\/lospoliticosveracruz.com\/#website","url":"https:\/\/lospoliticosveracruz.com\/","name":"Los pol\u00edticos Veracruz","description":"","publisher":{"@id":"https:\/\/lospoliticosveracruz.com\/#organization"},"potentialAction":[{"@type":"SearchAction","target":{"@type":"EntryPoint","urlTemplate":"https:\/\/lospoliticosveracruz.com\/?s={search_term_string}"},"query-input":{"@type":"PropertyValueSpecification","valueRequired":true,"valueName":"search_term_string"}}],"inLanguage":"es"},{"@type":"Organization","@id":"https:\/\/lospoliticosveracruz.com\/#organization","name":"Los pol\u00edticos Veracruz","url":"https:\/\/lospoliticosveracruz.com\/","logo":{"@type":"ImageObject","inLanguage":"es","@id":"https:\/\/lospoliticosveracruz.com\/#\/schema\/logo\/image\/","url":"https:\/\/lospoliticosveracruz.com\/wp-content\/uploads\/2025\/12\/Logo-Nuevo-LOS-POLITICOS-1.jpg","contentUrl":"https:\/\/lospoliticosveracruz.com\/wp-content\/uploads\/2025\/12\/Logo-Nuevo-LOS-POLITICOS-1.jpg","width":260,"height":70,"caption":"Los pol\u00edticos Veracruz"},"image":{"@id":"https:\/\/lospoliticosveracruz.com\/#\/schema\/logo\/image\/"},"sameAs":["https:\/\/www.facebook.com\/people\/Notimemes-de-los-Polticos\/61565672886568\/","https:\/\/x.com\/LosPoliticosVer"]},{"@type":"Person","@id":"https:\/\/lospoliticosveracruz.com\/#\/schema\/person\/b8702bb0e538456e6efd07080bf2a4a2","name":"Lo viste en Los Pol\u00edticos","image":{"@type":"ImageObject","inLanguage":"es","@id":"https:\/\/secure.gravatar.com\/avatar\/3a8de04a2656d44082be478bd6c086daa447c4651605818287b9532d3d0bd435?s=96&d=mm&r=g","url":"https:\/\/secure.gravatar.com\/avatar\/3a8de04a2656d44082be478bd6c086daa447c4651605818287b9532d3d0bd435?s=96&d=mm&r=g","contentUrl":"https:\/\/secure.gravatar.com\/avatar\/3a8de04a2656d44082be478bd6c086daa447c4651605818287b9532d3d0bd435?s=96&d=mm&r=g","caption":"Lo viste en Los Pol\u00edticos"},"url":"https:\/\/lospoliticosveracruz.com\/?author=2"}]}},"_links":{"self":[{"href":"https:\/\/lospoliticosveracruz.com\/index.php?rest_route=\/wp\/v2\/posts\/69973","targetHints":{"allow":["GET"]}}],"collection":[{"href":"https:\/\/lospoliticosveracruz.com\/index.php?rest_route=\/wp\/v2\/posts"}],"about":[{"href":"https:\/\/lospoliticosveracruz.com\/index.php?rest_route=\/wp\/v2\/types\/post"}],"author":[{"embeddable":true,"href":"https:\/\/lospoliticosveracruz.com\/index.php?rest_route=\/wp\/v2\/users\/2"}],"replies":[{"embeddable":true,"href":"https:\/\/lospoliticosveracruz.com\/index.php?rest_route=%2Fwp%2Fv2%2Fcomments&post=69973"}],"version-history":[{"count":2,"href":"https:\/\/lospoliticosveracruz.com\/index.php?rest_route=\/wp\/v2\/posts\/69973\/revisions"}],"predecessor-version":[{"id":69977,"href":"https:\/\/lospoliticosveracruz.com\/index.php?rest_route=\/wp\/v2\/posts\/69973\/revisions\/69977"}],"wp:attachment":[{"href":"https:\/\/lospoliticosveracruz.com\/index.php?rest_route=%2Fwp%2Fv2%2Fmedia&parent=69973"}],"wp:term":[{"taxonomy":"category","embeddable":true,"href":"https:\/\/lospoliticosveracruz.com\/index.php?rest_route=%2Fwp%2Fv2%2Fcategories&post=69973"},{"taxonomy":"post_tag","embeddable":true,"href":"https:\/\/lospoliticosveracruz.com\/index.php?rest_route=%2Fwp%2Fv2%2Ftags&post=69973"}],"curies":[{"name":"wp","href":"https:\/\/api.w.org\/{rel}","templated":true}]}}