{"id":69978,"date":"2021-03-24T12:22:20","date_gmt":"2021-03-24T18:22:20","guid":{"rendered":"http:\/\/www.lospoliticosveracruz.com.mx\/?p=69978"},"modified":"2021-03-24T12:22:28","modified_gmt":"2021-03-24T18:22:28","slug":"dona-chabe-si-los-cuida","status":"publish","type":"post","link":"https:\/\/lospoliticosveracruz.com\/?p=69978","title":{"rendered":"Do\u00f1a Chabe s\u00ed los cuida!"},"content":{"rendered":"\n<p><strong>Xalapa<br><\/strong>Proteger la salud y la vida de justiciables, abogados y servidores p\u00fablicos que utilizan a diario las instalaciones jurisdiccionales del Poder Judicial en el Estado de Veracruz, es una prioridad de la Magistrada Isabel In\u00e9s Romero Cruz, Presidenta del Tribunal Superior de Justicia y del Consejo de la Judicatura, por lo que se refuerza la dotaci\u00f3n de art\u00edculos de higiene y limpieza, as\u00ed como los protocolos de salud en dichas \u00e1reas ante la pandemia.<br>Lo anterior es posible gracias a las gestiones de la Maestra Joana Marlen Bautista Flores, Directora General de Administraci\u00f3n de la Instituci\u00f3n, sumadas a las pol\u00edticas de eficiencia presupuestal y la Ley de Disciplina Financiera, que permiten adquirir suministros desinfectantes contra el virus Sars Cov-2 (Covid-19).<br>Las acciones permanentes de prevenci\u00f3n de contagios consisten en la distribuci\u00f3n en todas las \u00e1reas de productos como gel antibacterial, cubrebocas, soluciones desinfectantes, pantallas acr\u00edlicas, m\u00f3dulos de toma de temperatura y aplicaci\u00f3n de producto antiviral, tapetes, jab\u00f3n para manos, de limpieza, as\u00ed como estrictos protocolos de salud; la sana distancia, sistema de citas para consulta de expedientes, guardias de atenci\u00f3n a los justiciables, resguardo de trabajadores considerados en los grupos de riesgo, entre otros.<br>Al respecto, Joana Marlen Bautista Flores destac\u00f3 que se siguen todas las recomendaciones emitidas por las autoridades de salud tanto federales como estatales, con el fin de salvaguardar la integridad de todos los usuarios del Poder Judicial, pues es el primordial inter\u00e9s de la Magistrada Presidenta, Isabel In\u00e9s Romero Cruz.<br>\u201cEl Poder Judicial se ha apegado a la Ley de Disciplina Financiera con la finalidad de que con menor cantidad de dinero se compren m\u00e1s insumos en beneficio de los usuarios\u201d, indic\u00f3.<br>En torno al tema, Ofir Aly Guti\u00e9rrez Ponce, Subdirector de Recursos Materiales de la Instituci\u00f3n, explic\u00f3 que para atender la emergencia sanitaria debido a la pandemia se han adquirido cantidades suficientes de elementos desinfectantes destinados a todas las \u00e1reas.<br>\u201cDistribuimos en todas las \u00e1reas cubrebocas, tapetes y l\u00edquido para que los usuarios puedan desinfectar sus zapatos a la hora de ingresar, adem\u00e1s de cubrebocas para uso general. En el caso de que un ciudadano o un abogado no tenga mascarilla, se le entrega una de parte del Poder Judicial\u201d.<br>Asimismo, se ha entregado a todo el personal, acr\u00edlicos para uso en sus escritorios con el fin de que se pueda proteger y, a su vez, atender correctamente a los justiciables.<br>Finalmente, hizo un llamado a todo el personal, justiciables y abogados a seguir todas las medidas sanitarias y protocolos de salud implementados en el Poder Judicial, con el fin de evitar contagios y la propagaci\u00f3n del Covid-19, pues es deber de todos cuidarnos y cuidar a los nuestros.<\/p>\n","protected":false},"excerpt":{"rendered":"<p>XalapaProteger la salud y la vida de justiciables, abogados y servidores p\u00fablicos que utilizan a diario las instalaciones jurisdiccionales del Poder Judicial en el Estado de Veracruz, es una prioridad de la Magistrada Isabel In\u00e9s Romero Cruz, Presidenta del Tribunal Superior de Justicia y del Consejo de la Judicatura, por lo que se refuerza la [&hellip;]<\/p>\n","protected":false},"author":2,"featured_media":0,"comment_status":"closed","ping_status":"closed","sticky":false,"template":"","format":"standard","meta":{"tdm_status":"","tdm_grid_status":"","footnotes":""},"categories":[73],"tags":[26932,15620,24796,26930,26931],"class_list":{"0":"post-69978","1":"post","2":"type-post","3":"status-publish","4":"format-standard","6":"category-de-boleto","7":"tag-eficiencia-presupuestal","8":"tag-isabel-ines-romero-cruz","9":"tag-joana-marlen-bautista-flores","10":"tag-poder-judicial-en-el-estado-de-veracruz","11":"tag-protocolos-de-salud"},"yoast_head":"<!-- This site is optimized with the Yoast SEO plugin v27.4 - https:\/\/yoast.com\/product\/yoast-seo-wordpress\/ -->\n<title>Do\u00f1a Chabe s\u00ed los cuida! - Los pol\u00edticos Veracruz<\/title>\n<meta name=\"robots\" content=\"index, follow, max-snippet:-1, max-image-preview:large, max-video-preview:-1\" \/>\n<link rel=\"canonical\" href=\"https:\/\/lospoliticosveracruz.com\/?p=69978\" \/>\n<meta property=\"og:locale\" content=\"es_ES\" \/>\n<meta property=\"og:type\" content=\"article\" \/>\n<meta property=\"og:title\" content=\"Do\u00f1a Chabe s\u00ed los cuida! - Los pol\u00edticos Veracruz\" \/>\n<meta property=\"og:description\" content=\"XalapaProteger la salud y la vida de justiciables, abogados y servidores p\u00fablicos que utilizan a diario las instalaciones jurisdiccionales del Poder Judicial en el Estado de Veracruz, es una prioridad de la Magistrada Isabel In\u00e9s Romero Cruz, Presidenta del Tribunal Superior de Justicia y del Consejo de la Judicatura, por lo que se refuerza la [&hellip;]\" \/>\n<meta property=\"og:url\" content=\"https:\/\/lospoliticosveracruz.com\/?p=69978\" \/>\n<meta property=\"og:site_name\" content=\"Los pol\u00edticos Veracruz\" \/>\n<meta property=\"article:publisher\" content=\"https:\/\/www.facebook.com\/people\/Notimemes-de-los-Polticos\/61565672886568\/\" \/>\n<meta property=\"article:published_time\" content=\"2021-03-24T18:22:20+00:00\" \/>\n<meta property=\"article:modified_time\" content=\"2021-03-24T18:22:28+00:00\" \/>\n<meta property=\"og:image\" content=\"https:\/\/lospoliticosveracruz.com\/wp-content\/uploads\/2016\/07\/Logo-Dor.jpg\" \/>\n\t<meta property=\"og:image:width\" content=\"200\" \/>\n\t<meta property=\"og:image:height\" content=\"200\" \/>\n\t<meta property=\"og:image:type\" content=\"image\/jpeg\" \/>\n<meta name=\"author\" content=\"Lo viste en Los Pol\u00edticos\" \/>\n<meta name=\"twitter:card\" content=\"summary_large_image\" \/>\n<meta name=\"twitter:creator\" content=\"@LosPoliticosVer\" \/>\n<meta name=\"twitter:site\" content=\"@LosPoliticosVer\" \/>\n<meta name=\"twitter:label1\" content=\"Escrito por\" \/>\n\t<meta name=\"twitter:data1\" content=\"Lo viste en Los Pol\u00edticos\" \/>\n\t<meta name=\"twitter:label2\" content=\"Tiempo de lectura\" \/>\n\t<meta name=\"twitter:data2\" content=\"2 minutos\" \/>\n<script type=\"application\/ld+json\" class=\"yoast-schema-graph\">{\"@context\":\"https:\\\/\\\/schema.org\",\"@graph\":[{\"@type\":\"Article\",\"@id\":\"https:\\\/\\\/lospoliticosveracruz.com\\\/?p=69978#article\",\"isPartOf\":{\"@id\":\"https:\\\/\\\/lospoliticosveracruz.com\\\/?p=69978\"},\"author\":{\"name\":\"Lo viste en Los Pol\u00edticos\",\"@id\":\"https:\\\/\\\/lospoliticosveracruz.com\\\/#\\\/schema\\\/person\\\/b8702bb0e538456e6efd07080bf2a4a2\"},\"headline\":\"Do\u00f1a Chabe s\u00ed los cuida!\",\"datePublished\":\"2021-03-24T18:22:20+00:00\",\"dateModified\":\"2021-03-24T18:22:28+00:00\",\"mainEntityOfPage\":{\"@id\":\"https:\\\/\\\/lospoliticosveracruz.com\\\/?p=69978\"},\"wordCount\":474,\"publisher\":{\"@id\":\"https:\\\/\\\/lospoliticosveracruz.com\\\/#organization\"},\"keywords\":[\"eficiencia presupuestal\",\"Isabel In\u00e9s Romero Cruz\",\"Joana Marlen Bautista Flores\",\"Poder Judicial en el Estado de Veracruz\",\"protocolos de salud\"],\"articleSection\":[\"De Boleto\"],\"inLanguage\":\"es\"},{\"@type\":\"WebPage\",\"@id\":\"https:\\\/\\\/lospoliticosveracruz.com\\\/?p=69978\",\"url\":\"https:\\\/\\\/lospoliticosveracruz.com\\\/?p=69978\",\"name\":\"Do\u00f1a Chabe s\u00ed los cuida! - Los pol\u00edticos Veracruz\",\"isPartOf\":{\"@id\":\"https:\\\/\\\/lospoliticosveracruz.com\\\/#website\"},\"datePublished\":\"2021-03-24T18:22:20+00:00\",\"dateModified\":\"2021-03-24T18:22:28+00:00\",\"breadcrumb\":{\"@id\":\"https:\\\/\\\/lospoliticosveracruz.com\\\/?p=69978#breadcrumb\"},\"inLanguage\":\"es\",\"potentialAction\":[{\"@type\":\"ReadAction\",\"target\":[\"https:\\\/\\\/lospoliticosveracruz.com\\\/?p=69978\"]}]},{\"@type\":\"BreadcrumbList\",\"@id\":\"https:\\\/\\\/lospoliticosveracruz.com\\\/?p=69978#breadcrumb\",\"itemListElement\":[{\"@type\":\"ListItem\",\"position\":1,\"name\":\"Portada\",\"item\":\"https:\\\/\\\/lospoliticosveracruz.com\\\/\"},{\"@type\":\"ListItem\",\"position\":2,\"name\":\"Do\u00f1a Chabe s\u00ed los cuida!\"}]},{\"@type\":\"WebSite\",\"@id\":\"https:\\\/\\\/lospoliticosveracruz.com\\\/#website\",\"url\":\"https:\\\/\\\/lospoliticosveracruz.com\\\/\",\"name\":\"Los pol\u00edticos Veracruz\",\"description\":\"\",\"publisher\":{\"@id\":\"https:\\\/\\\/lospoliticosveracruz.com\\\/#organization\"},\"potentialAction\":[{\"@type\":\"SearchAction\",\"target\":{\"@type\":\"EntryPoint\",\"urlTemplate\":\"https:\\\/\\\/lospoliticosveracruz.com\\\/?s={search_term_string}\"},\"query-input\":{\"@type\":\"PropertyValueSpecification\",\"valueRequired\":true,\"valueName\":\"search_term_string\"}}],\"inLanguage\":\"es\"},{\"@type\":\"Organization\",\"@id\":\"https:\\\/\\\/lospoliticosveracruz.com\\\/#organization\",\"name\":\"Los pol\u00edticos Veracruz\",\"url\":\"https:\\\/\\\/lospoliticosveracruz.com\\\/\",\"logo\":{\"@type\":\"ImageObject\",\"inLanguage\":\"es\",\"@id\":\"https:\\\/\\\/lospoliticosveracruz.com\\\/#\\\/schema\\\/logo\\\/image\\\/\",\"url\":\"https:\\\/\\\/lospoliticosveracruz.com\\\/wp-content\\\/uploads\\\/2025\\\/12\\\/Logo-Nuevo-LOS-POLITICOS-1.jpg\",\"contentUrl\":\"https:\\\/\\\/lospoliticosveracruz.com\\\/wp-content\\\/uploads\\\/2025\\\/12\\\/Logo-Nuevo-LOS-POLITICOS-1.jpg\",\"width\":260,\"height\":70,\"caption\":\"Los pol\u00edticos Veracruz\"},\"image\":{\"@id\":\"https:\\\/\\\/lospoliticosveracruz.com\\\/#\\\/schema\\\/logo\\\/image\\\/\"},\"sameAs\":[\"https:\\\/\\\/www.facebook.com\\\/people\\\/Notimemes-de-los-Polticos\\\/61565672886568\\\/\",\"https:\\\/\\\/x.com\\\/LosPoliticosVer\"]},{\"@type\":\"Person\",\"@id\":\"https:\\\/\\\/lospoliticosveracruz.com\\\/#\\\/schema\\\/person\\\/b8702bb0e538456e6efd07080bf2a4a2\",\"name\":\"Lo viste en Los Pol\u00edticos\",\"image\":{\"@type\":\"ImageObject\",\"inLanguage\":\"es\",\"@id\":\"https:\\\/\\\/secure.gravatar.com\\\/avatar\\\/3a8de04a2656d44082be478bd6c086daa447c4651605818287b9532d3d0bd435?s=96&d=mm&r=g\",\"url\":\"https:\\\/\\\/secure.gravatar.com\\\/avatar\\\/3a8de04a2656d44082be478bd6c086daa447c4651605818287b9532d3d0bd435?s=96&d=mm&r=g\",\"contentUrl\":\"https:\\\/\\\/secure.gravatar.com\\\/avatar\\\/3a8de04a2656d44082be478bd6c086daa447c4651605818287b9532d3d0bd435?s=96&d=mm&r=g\",\"caption\":\"Lo viste en Los Pol\u00edticos\"},\"url\":\"https:\\\/\\\/lospoliticosveracruz.com\\\/?author=2\"}]}<\/script>\n<!-- \/ Yoast SEO plugin. -->","yoast_head_json":{"title":"Do\u00f1a Chabe s\u00ed los cuida! - Los pol\u00edticos Veracruz","robots":{"index":"index","follow":"follow","max-snippet":"max-snippet:-1","max-image-preview":"max-image-preview:large","max-video-preview":"max-video-preview:-1"},"canonical":"https:\/\/lospoliticosveracruz.com\/?p=69978","og_locale":"es_ES","og_type":"article","og_title":"Do\u00f1a Chabe s\u00ed los cuida! - Los pol\u00edticos Veracruz","og_description":"XalapaProteger la salud y la vida de justiciables, abogados y servidores p\u00fablicos que utilizan a diario las instalaciones jurisdiccionales del Poder Judicial en el Estado de Veracruz, es una prioridad de la Magistrada Isabel In\u00e9s Romero Cruz, Presidenta del Tribunal Superior de Justicia y del Consejo de la Judicatura, por lo que se refuerza la [&hellip;]","og_url":"https:\/\/lospoliticosveracruz.com\/?p=69978","og_site_name":"Los pol\u00edticos Veracruz","article_publisher":"https:\/\/www.facebook.com\/people\/Notimemes-de-los-Polticos\/61565672886568\/","article_published_time":"2021-03-24T18:22:20+00:00","article_modified_time":"2021-03-24T18:22:28+00:00","og_image":[{"width":200,"height":200,"url":"https:\/\/lospoliticosveracruz.com\/wp-content\/uploads\/2016\/07\/Logo-Dor.jpg","type":"image\/jpeg"}],"author":"Lo viste en Los Pol\u00edticos","twitter_card":"summary_large_image","twitter_creator":"@LosPoliticosVer","twitter_site":"@LosPoliticosVer","twitter_misc":{"Escrito por":"Lo viste en Los Pol\u00edticos","Tiempo de lectura":"2 minutos"},"schema":{"@context":"https:\/\/schema.org","@graph":[{"@type":"Article","@id":"https:\/\/lospoliticosveracruz.com\/?p=69978#article","isPartOf":{"@id":"https:\/\/lospoliticosveracruz.com\/?p=69978"},"author":{"name":"Lo viste en Los Pol\u00edticos","@id":"https:\/\/lospoliticosveracruz.com\/#\/schema\/person\/b8702bb0e538456e6efd07080bf2a4a2"},"headline":"Do\u00f1a Chabe s\u00ed los cuida!","datePublished":"2021-03-24T18:22:20+00:00","dateModified":"2021-03-24T18:22:28+00:00","mainEntityOfPage":{"@id":"https:\/\/lospoliticosveracruz.com\/?p=69978"},"wordCount":474,"publisher":{"@id":"https:\/\/lospoliticosveracruz.com\/#organization"},"keywords":["eficiencia presupuestal","Isabel In\u00e9s Romero Cruz","Joana Marlen Bautista Flores","Poder Judicial en el Estado de Veracruz","protocolos de salud"],"articleSection":["De Boleto"],"inLanguage":"es"},{"@type":"WebPage","@id":"https:\/\/lospoliticosveracruz.com\/?p=69978","url":"https:\/\/lospoliticosveracruz.com\/?p=69978","name":"Do\u00f1a Chabe s\u00ed los cuida! - Los pol\u00edticos Veracruz","isPartOf":{"@id":"https:\/\/lospoliticosveracruz.com\/#website"},"datePublished":"2021-03-24T18:22:20+00:00","dateModified":"2021-03-24T18:22:28+00:00","breadcrumb":{"@id":"https:\/\/lospoliticosveracruz.com\/?p=69978#breadcrumb"},"inLanguage":"es","potentialAction":[{"@type":"ReadAction","target":["https:\/\/lospoliticosveracruz.com\/?p=69978"]}]},{"@type":"BreadcrumbList","@id":"https:\/\/lospoliticosveracruz.com\/?p=69978#breadcrumb","itemListElement":[{"@type":"ListItem","position":1,"name":"Portada","item":"https:\/\/lospoliticosveracruz.com\/"},{"@type":"ListItem","position":2,"name":"Do\u00f1a Chabe s\u00ed los cuida!"}]},{"@type":"WebSite","@id":"https:\/\/lospoliticosveracruz.com\/#website","url":"https:\/\/lospoliticosveracruz.com\/","name":"Los pol\u00edticos Veracruz","description":"","publisher":{"@id":"https:\/\/lospoliticosveracruz.com\/#organization"},"potentialAction":[{"@type":"SearchAction","target":{"@type":"EntryPoint","urlTemplate":"https:\/\/lospoliticosveracruz.com\/?s={search_term_string}"},"query-input":{"@type":"PropertyValueSpecification","valueRequired":true,"valueName":"search_term_string"}}],"inLanguage":"es"},{"@type":"Organization","@id":"https:\/\/lospoliticosveracruz.com\/#organization","name":"Los pol\u00edticos Veracruz","url":"https:\/\/lospoliticosveracruz.com\/","logo":{"@type":"ImageObject","inLanguage":"es","@id":"https:\/\/lospoliticosveracruz.com\/#\/schema\/logo\/image\/","url":"https:\/\/lospoliticosveracruz.com\/wp-content\/uploads\/2025\/12\/Logo-Nuevo-LOS-POLITICOS-1.jpg","contentUrl":"https:\/\/lospoliticosveracruz.com\/wp-content\/uploads\/2025\/12\/Logo-Nuevo-LOS-POLITICOS-1.jpg","width":260,"height":70,"caption":"Los pol\u00edticos Veracruz"},"image":{"@id":"https:\/\/lospoliticosveracruz.com\/#\/schema\/logo\/image\/"},"sameAs":["https:\/\/www.facebook.com\/people\/Notimemes-de-los-Polticos\/61565672886568\/","https:\/\/x.com\/LosPoliticosVer"]},{"@type":"Person","@id":"https:\/\/lospoliticosveracruz.com\/#\/schema\/person\/b8702bb0e538456e6efd07080bf2a4a2","name":"Lo viste en Los Pol\u00edticos","image":{"@type":"ImageObject","inLanguage":"es","@id":"https:\/\/secure.gravatar.com\/avatar\/3a8de04a2656d44082be478bd6c086daa447c4651605818287b9532d3d0bd435?s=96&d=mm&r=g","url":"https:\/\/secure.gravatar.com\/avatar\/3a8de04a2656d44082be478bd6c086daa447c4651605818287b9532d3d0bd435?s=96&d=mm&r=g","contentUrl":"https:\/\/secure.gravatar.com\/avatar\/3a8de04a2656d44082be478bd6c086daa447c4651605818287b9532d3d0bd435?s=96&d=mm&r=g","caption":"Lo viste en Los Pol\u00edticos"},"url":"https:\/\/lospoliticosveracruz.com\/?author=2"}]}},"_links":{"self":[{"href":"https:\/\/lospoliticosveracruz.com\/index.php?rest_route=\/wp\/v2\/posts\/69978","targetHints":{"allow":["GET"]}}],"collection":[{"href":"https:\/\/lospoliticosveracruz.com\/index.php?rest_route=\/wp\/v2\/posts"}],"about":[{"href":"https:\/\/lospoliticosveracruz.com\/index.php?rest_route=\/wp\/v2\/types\/post"}],"author":[{"embeddable":true,"href":"https:\/\/lospoliticosveracruz.com\/index.php?rest_route=\/wp\/v2\/users\/2"}],"replies":[{"embeddable":true,"href":"https:\/\/lospoliticosveracruz.com\/index.php?rest_route=%2Fwp%2Fv2%2Fcomments&post=69978"}],"version-history":[{"count":1,"href":"https:\/\/lospoliticosveracruz.com\/index.php?rest_route=\/wp\/v2\/posts\/69978\/revisions"}],"predecessor-version":[{"id":69980,"href":"https:\/\/lospoliticosveracruz.com\/index.php?rest_route=\/wp\/v2\/posts\/69978\/revisions\/69980"}],"wp:attachment":[{"href":"https:\/\/lospoliticosveracruz.com\/index.php?rest_route=%2Fwp%2Fv2%2Fmedia&parent=69978"}],"wp:term":[{"taxonomy":"category","embeddable":true,"href":"https:\/\/lospoliticosveracruz.com\/index.php?rest_route=%2Fwp%2Fv2%2Fcategories&post=69978"},{"taxonomy":"post_tag","embeddable":true,"href":"https:\/\/lospoliticosveracruz.com\/index.php?rest_route=%2Fwp%2Fv2%2Ftags&post=69978"}],"curies":[{"name":"wp","href":"https:\/\/api.w.org\/{rel}","templated":true}]}}