{"id":69981,"date":"2021-03-24T14:00:19","date_gmt":"2021-03-24T20:00:19","guid":{"rendered":"http:\/\/www.lospoliticosveracruz.com.mx\/?p=69981"},"modified":"2021-03-24T14:00:28","modified_gmt":"2021-03-24T20:00:28","slug":"ponen-primera-piedra-del-pes-en-naranjos","status":"publish","type":"post","link":"https:\/\/lospoliticosveracruz.com\/?p=69981","title":{"rendered":"Ponen primera piedra del PES en Naranjos"},"content":{"rendered":"\n<p><strong>Naranjos<br><\/strong>Mart\u00edn Cristobal Aldama asumi\u00f3 la Presidencia del Comit\u00e9 Municipal del Partido Encuentro Solidario, durante un concurrido acto que encabezaron el dirigente estatal del PES, Gonzalo Gu\u00edzar Valladares y el secretario de organizaci\u00f3n, Juan Carlos Olvera Francisco.<br>En una ma\u00f1ana calurosa, el l\u00edder del PES-Veracruz, dijo a los nuevos simpatizantes y militantes que Martin Cristobal es una expresi\u00f3n ciudadana que sin duda con su llegada al Comit\u00e9 Municipal del PES ser\u00e1 la primera piedra de una gran obra pol\u00edtica que se construir\u00e1 en Naranjos.<br>La toma de protesta a los nuevos integrantes del Comit\u00e9 Municipal del PES en Naranjos, corri\u00f3 a cargo de \u00d3scar Narave, candidato registrado ante el INE para competir por el Distrito Federal Electoral que tiene como cabecera Tuxpan. Cabe se\u00f1alar que Juana Guadalupe Cruz Ledezma, asumi\u00f3 la secretar\u00eda general y Eugenio Garc\u00eda S\u00e1nchez, la secretar\u00eda de organizaci\u00f3n, para acompa\u00f1ar a su l\u00edder Martin Cristobal Aldama.<br>L\u00edderes y coordinadores de afiliaci\u00f3n del PES en diversos municipios del estado acompa\u00f1aron a Gonzalo Gu\u00edzar al evento de Naranjos, como Carlos Mart\u00ednez de Poza Rica, Miguel Mart\u00edn y Rogelio Abrego de Tuxpan, Ares Meza de Papantla, Carlos Esteban Rosas de Tamiahua, y Alberto Rosendo de Xalapa, entre otros.<br>El diputado Gu\u00edzar lleg\u00f3 a una entrevista en vivo que se transmiti\u00f3 por la emisora Radio Naranjos, bajo las siglas XHRNV y en el cuadrante 103.7 de FM y posteriormente fue al evento referido en este comunicado, donde tambi\u00e9n inaugur\u00f3 las oficinas ubicadas en la calle Justo Sierra # 5, de la Zona Centro.<\/p>\n","protected":false},"excerpt":{"rendered":"<p>NaranjosMart\u00edn Cristobal Aldama asumi\u00f3 la Presidencia del Comit\u00e9 Municipal del Partido Encuentro Solidario, durante un concurrido acto que encabezaron el dirigente estatal del PES, Gonzalo Gu\u00edzar Valladares y el secretario de organizaci\u00f3n, Juan Carlos Olvera Francisco.En una ma\u00f1ana calurosa, el l\u00edder del PES-Veracruz, dijo a los nuevos simpatizantes y militantes que Martin Cristobal es una [&hellip;]<\/p>\n","protected":false},"author":2,"featured_media":0,"comment_status":"closed","ping_status":"closed","sticky":false,"template":"","format":"standard","meta":{"tdm_status":"","tdm_grid_status":"","footnotes":""},"categories":[73],"tags":[438,25325,26933,24157],"class_list":{"0":"post-69981","1":"post","2":"type-post","3":"status-publish","4":"format-standard","6":"category-de-boleto","7":"tag-gonzalo-guizar-valladares","8":"tag-juan-carlos-olvera-francisco","9":"tag-martin-cristobal-aldama","10":"tag-partido-encuentro-solidario"},"yoast_head":"<!-- This site is optimized with the Yoast SEO plugin v27.4 - https:\/\/yoast.com\/product\/yoast-seo-wordpress\/ -->\n<title>Ponen primera piedra del PES en Naranjos - Los pol\u00edticos Veracruz<\/title>\n<meta name=\"robots\" content=\"index, follow, max-snippet:-1, max-image-preview:large, max-video-preview:-1\" \/>\n<link rel=\"canonical\" href=\"https:\/\/lospoliticosveracruz.com\/?p=69981\" \/>\n<meta property=\"og:locale\" content=\"es_ES\" \/>\n<meta property=\"og:type\" content=\"article\" \/>\n<meta property=\"og:title\" content=\"Ponen primera piedra del PES en Naranjos - Los pol\u00edticos Veracruz\" \/>\n<meta property=\"og:description\" content=\"NaranjosMart\u00edn Cristobal Aldama asumi\u00f3 la Presidencia del Comit\u00e9 Municipal del Partido Encuentro Solidario, durante un concurrido acto que encabezaron el dirigente estatal del PES, Gonzalo Gu\u00edzar Valladares y el secretario de organizaci\u00f3n, Juan Carlos Olvera Francisco.En una ma\u00f1ana calurosa, el l\u00edder del PES-Veracruz, dijo a los nuevos simpatizantes y militantes que Martin Cristobal es una [&hellip;]\" \/>\n<meta property=\"og:url\" content=\"https:\/\/lospoliticosveracruz.com\/?p=69981\" \/>\n<meta property=\"og:site_name\" content=\"Los pol\u00edticos Veracruz\" \/>\n<meta property=\"article:publisher\" content=\"https:\/\/www.facebook.com\/people\/Notimemes-de-los-Polticos\/61565672886568\/\" \/>\n<meta property=\"article:published_time\" content=\"2021-03-24T20:00:19+00:00\" \/>\n<meta property=\"article:modified_time\" content=\"2021-03-24T20:00:28+00:00\" \/>\n<meta property=\"og:image\" content=\"https:\/\/lospoliticosveracruz.com\/wp-content\/uploads\/2016\/07\/Logo-Dor.jpg\" \/>\n\t<meta property=\"og:image:width\" content=\"200\" \/>\n\t<meta property=\"og:image:height\" content=\"200\" \/>\n\t<meta property=\"og:image:type\" content=\"image\/jpeg\" \/>\n<meta name=\"author\" content=\"Lo viste en Los Pol\u00edticos\" \/>\n<meta name=\"twitter:card\" content=\"summary_large_image\" \/>\n<meta name=\"twitter:creator\" content=\"@LosPoliticosVer\" \/>\n<meta name=\"twitter:site\" content=\"@LosPoliticosVer\" \/>\n<meta name=\"twitter:label1\" content=\"Escrito por\" \/>\n\t<meta name=\"twitter:data1\" content=\"Lo viste en Los Pol\u00edticos\" \/>\n\t<meta name=\"twitter:label2\" content=\"Tiempo de lectura\" \/>\n\t<meta name=\"twitter:data2\" content=\"1 minuto\" \/>\n<script type=\"application\/ld+json\" class=\"yoast-schema-graph\">{\"@context\":\"https:\\\/\\\/schema.org\",\"@graph\":[{\"@type\":\"Article\",\"@id\":\"https:\\\/\\\/lospoliticosveracruz.com\\\/?p=69981#article\",\"isPartOf\":{\"@id\":\"https:\\\/\\\/lospoliticosveracruz.com\\\/?p=69981\"},\"author\":{\"name\":\"Lo viste en Los Pol\u00edticos\",\"@id\":\"https:\\\/\\\/lospoliticosveracruz.com\\\/#\\\/schema\\\/person\\\/b8702bb0e538456e6efd07080bf2a4a2\"},\"headline\":\"Ponen primera piedra del PES en Naranjos\",\"datePublished\":\"2021-03-24T20:00:19+00:00\",\"dateModified\":\"2021-03-24T20:00:28+00:00\",\"mainEntityOfPage\":{\"@id\":\"https:\\\/\\\/lospoliticosveracruz.com\\\/?p=69981\"},\"wordCount\":279,\"publisher\":{\"@id\":\"https:\\\/\\\/lospoliticosveracruz.com\\\/#organization\"},\"keywords\":[\"Gonzalo Gu\u00edzar Valladares\",\"Juan Carlos Olvera Francisco\",\"Mart\u00edn Cristobal Aldama\",\"Partido Encuentro Solidario\"],\"articleSection\":[\"De Boleto\"],\"inLanguage\":\"es\"},{\"@type\":\"WebPage\",\"@id\":\"https:\\\/\\\/lospoliticosveracruz.com\\\/?p=69981\",\"url\":\"https:\\\/\\\/lospoliticosveracruz.com\\\/?p=69981\",\"name\":\"Ponen primera piedra del PES en Naranjos - Los pol\u00edticos Veracruz\",\"isPartOf\":{\"@id\":\"https:\\\/\\\/lospoliticosveracruz.com\\\/#website\"},\"datePublished\":\"2021-03-24T20:00:19+00:00\",\"dateModified\":\"2021-03-24T20:00:28+00:00\",\"breadcrumb\":{\"@id\":\"https:\\\/\\\/lospoliticosveracruz.com\\\/?p=69981#breadcrumb\"},\"inLanguage\":\"es\",\"potentialAction\":[{\"@type\":\"ReadAction\",\"target\":[\"https:\\\/\\\/lospoliticosveracruz.com\\\/?p=69981\"]}]},{\"@type\":\"BreadcrumbList\",\"@id\":\"https:\\\/\\\/lospoliticosveracruz.com\\\/?p=69981#breadcrumb\",\"itemListElement\":[{\"@type\":\"ListItem\",\"position\":1,\"name\":\"Portada\",\"item\":\"https:\\\/\\\/lospoliticosveracruz.com\\\/\"},{\"@type\":\"ListItem\",\"position\":2,\"name\":\"Ponen primera piedra del PES en Naranjos\"}]},{\"@type\":\"WebSite\",\"@id\":\"https:\\\/\\\/lospoliticosveracruz.com\\\/#website\",\"url\":\"https:\\\/\\\/lospoliticosveracruz.com\\\/\",\"name\":\"Los pol\u00edticos Veracruz\",\"description\":\"\",\"publisher\":{\"@id\":\"https:\\\/\\\/lospoliticosveracruz.com\\\/#organization\"},\"potentialAction\":[{\"@type\":\"SearchAction\",\"target\":{\"@type\":\"EntryPoint\",\"urlTemplate\":\"https:\\\/\\\/lospoliticosveracruz.com\\\/?s={search_term_string}\"},\"query-input\":{\"@type\":\"PropertyValueSpecification\",\"valueRequired\":true,\"valueName\":\"search_term_string\"}}],\"inLanguage\":\"es\"},{\"@type\":\"Organization\",\"@id\":\"https:\\\/\\\/lospoliticosveracruz.com\\\/#organization\",\"name\":\"Los pol\u00edticos Veracruz\",\"url\":\"https:\\\/\\\/lospoliticosveracruz.com\\\/\",\"logo\":{\"@type\":\"ImageObject\",\"inLanguage\":\"es\",\"@id\":\"https:\\\/\\\/lospoliticosveracruz.com\\\/#\\\/schema\\\/logo\\\/image\\\/\",\"url\":\"https:\\\/\\\/lospoliticosveracruz.com\\\/wp-content\\\/uploads\\\/2025\\\/12\\\/Logo-Nuevo-LOS-POLITICOS-1.jpg\",\"contentUrl\":\"https:\\\/\\\/lospoliticosveracruz.com\\\/wp-content\\\/uploads\\\/2025\\\/12\\\/Logo-Nuevo-LOS-POLITICOS-1.jpg\",\"width\":260,\"height\":70,\"caption\":\"Los pol\u00edticos Veracruz\"},\"image\":{\"@id\":\"https:\\\/\\\/lospoliticosveracruz.com\\\/#\\\/schema\\\/logo\\\/image\\\/\"},\"sameAs\":[\"https:\\\/\\\/www.facebook.com\\\/people\\\/Notimemes-de-los-Polticos\\\/61565672886568\\\/\",\"https:\\\/\\\/x.com\\\/LosPoliticosVer\"]},{\"@type\":\"Person\",\"@id\":\"https:\\\/\\\/lospoliticosveracruz.com\\\/#\\\/schema\\\/person\\\/b8702bb0e538456e6efd07080bf2a4a2\",\"name\":\"Lo viste en Los Pol\u00edticos\",\"image\":{\"@type\":\"ImageObject\",\"inLanguage\":\"es\",\"@id\":\"https:\\\/\\\/secure.gravatar.com\\\/avatar\\\/3a8de04a2656d44082be478bd6c086daa447c4651605818287b9532d3d0bd435?s=96&d=mm&r=g\",\"url\":\"https:\\\/\\\/secure.gravatar.com\\\/avatar\\\/3a8de04a2656d44082be478bd6c086daa447c4651605818287b9532d3d0bd435?s=96&d=mm&r=g\",\"contentUrl\":\"https:\\\/\\\/secure.gravatar.com\\\/avatar\\\/3a8de04a2656d44082be478bd6c086daa447c4651605818287b9532d3d0bd435?s=96&d=mm&r=g\",\"caption\":\"Lo viste en Los Pol\u00edticos\"},\"url\":\"https:\\\/\\\/lospoliticosveracruz.com\\\/?author=2\"}]}<\/script>\n<!-- \/ Yoast SEO plugin. -->","yoast_head_json":{"title":"Ponen primera piedra del PES en Naranjos - Los pol\u00edticos Veracruz","robots":{"index":"index","follow":"follow","max-snippet":"max-snippet:-1","max-image-preview":"max-image-preview:large","max-video-preview":"max-video-preview:-1"},"canonical":"https:\/\/lospoliticosveracruz.com\/?p=69981","og_locale":"es_ES","og_type":"article","og_title":"Ponen primera piedra del PES en Naranjos - Los pol\u00edticos Veracruz","og_description":"NaranjosMart\u00edn Cristobal Aldama asumi\u00f3 la Presidencia del Comit\u00e9 Municipal del Partido Encuentro Solidario, durante un concurrido acto que encabezaron el dirigente estatal del PES, Gonzalo Gu\u00edzar Valladares y el secretario de organizaci\u00f3n, Juan Carlos Olvera Francisco.En una ma\u00f1ana calurosa, el l\u00edder del PES-Veracruz, dijo a los nuevos simpatizantes y militantes que Martin Cristobal es una [&hellip;]","og_url":"https:\/\/lospoliticosveracruz.com\/?p=69981","og_site_name":"Los pol\u00edticos Veracruz","article_publisher":"https:\/\/www.facebook.com\/people\/Notimemes-de-los-Polticos\/61565672886568\/","article_published_time":"2021-03-24T20:00:19+00:00","article_modified_time":"2021-03-24T20:00:28+00:00","og_image":[{"width":200,"height":200,"url":"https:\/\/lospoliticosveracruz.com\/wp-content\/uploads\/2016\/07\/Logo-Dor.jpg","type":"image\/jpeg"}],"author":"Lo viste en Los Pol\u00edticos","twitter_card":"summary_large_image","twitter_creator":"@LosPoliticosVer","twitter_site":"@LosPoliticosVer","twitter_misc":{"Escrito por":"Lo viste en Los Pol\u00edticos","Tiempo de lectura":"1 minuto"},"schema":{"@context":"https:\/\/schema.org","@graph":[{"@type":"Article","@id":"https:\/\/lospoliticosveracruz.com\/?p=69981#article","isPartOf":{"@id":"https:\/\/lospoliticosveracruz.com\/?p=69981"},"author":{"name":"Lo viste en Los Pol\u00edticos","@id":"https:\/\/lospoliticosveracruz.com\/#\/schema\/person\/b8702bb0e538456e6efd07080bf2a4a2"},"headline":"Ponen primera piedra del PES en Naranjos","datePublished":"2021-03-24T20:00:19+00:00","dateModified":"2021-03-24T20:00:28+00:00","mainEntityOfPage":{"@id":"https:\/\/lospoliticosveracruz.com\/?p=69981"},"wordCount":279,"publisher":{"@id":"https:\/\/lospoliticosveracruz.com\/#organization"},"keywords":["Gonzalo Gu\u00edzar Valladares","Juan Carlos Olvera Francisco","Mart\u00edn Cristobal Aldama","Partido Encuentro Solidario"],"articleSection":["De Boleto"],"inLanguage":"es"},{"@type":"WebPage","@id":"https:\/\/lospoliticosveracruz.com\/?p=69981","url":"https:\/\/lospoliticosveracruz.com\/?p=69981","name":"Ponen primera piedra del PES en Naranjos - Los pol\u00edticos Veracruz","isPartOf":{"@id":"https:\/\/lospoliticosveracruz.com\/#website"},"datePublished":"2021-03-24T20:00:19+00:00","dateModified":"2021-03-24T20:00:28+00:00","breadcrumb":{"@id":"https:\/\/lospoliticosveracruz.com\/?p=69981#breadcrumb"},"inLanguage":"es","potentialAction":[{"@type":"ReadAction","target":["https:\/\/lospoliticosveracruz.com\/?p=69981"]}]},{"@type":"BreadcrumbList","@id":"https:\/\/lospoliticosveracruz.com\/?p=69981#breadcrumb","itemListElement":[{"@type":"ListItem","position":1,"name":"Portada","item":"https:\/\/lospoliticosveracruz.com\/"},{"@type":"ListItem","position":2,"name":"Ponen primera piedra del PES en Naranjos"}]},{"@type":"WebSite","@id":"https:\/\/lospoliticosveracruz.com\/#website","url":"https:\/\/lospoliticosveracruz.com\/","name":"Los pol\u00edticos Veracruz","description":"","publisher":{"@id":"https:\/\/lospoliticosveracruz.com\/#organization"},"potentialAction":[{"@type":"SearchAction","target":{"@type":"EntryPoint","urlTemplate":"https:\/\/lospoliticosveracruz.com\/?s={search_term_string}"},"query-input":{"@type":"PropertyValueSpecification","valueRequired":true,"valueName":"search_term_string"}}],"inLanguage":"es"},{"@type":"Organization","@id":"https:\/\/lospoliticosveracruz.com\/#organization","name":"Los pol\u00edticos Veracruz","url":"https:\/\/lospoliticosveracruz.com\/","logo":{"@type":"ImageObject","inLanguage":"es","@id":"https:\/\/lospoliticosveracruz.com\/#\/schema\/logo\/image\/","url":"https:\/\/lospoliticosveracruz.com\/wp-content\/uploads\/2025\/12\/Logo-Nuevo-LOS-POLITICOS-1.jpg","contentUrl":"https:\/\/lospoliticosveracruz.com\/wp-content\/uploads\/2025\/12\/Logo-Nuevo-LOS-POLITICOS-1.jpg","width":260,"height":70,"caption":"Los pol\u00edticos Veracruz"},"image":{"@id":"https:\/\/lospoliticosveracruz.com\/#\/schema\/logo\/image\/"},"sameAs":["https:\/\/www.facebook.com\/people\/Notimemes-de-los-Polticos\/61565672886568\/","https:\/\/x.com\/LosPoliticosVer"]},{"@type":"Person","@id":"https:\/\/lospoliticosveracruz.com\/#\/schema\/person\/b8702bb0e538456e6efd07080bf2a4a2","name":"Lo viste en Los Pol\u00edticos","image":{"@type":"ImageObject","inLanguage":"es","@id":"https:\/\/secure.gravatar.com\/avatar\/3a8de04a2656d44082be478bd6c086daa447c4651605818287b9532d3d0bd435?s=96&d=mm&r=g","url":"https:\/\/secure.gravatar.com\/avatar\/3a8de04a2656d44082be478bd6c086daa447c4651605818287b9532d3d0bd435?s=96&d=mm&r=g","contentUrl":"https:\/\/secure.gravatar.com\/avatar\/3a8de04a2656d44082be478bd6c086daa447c4651605818287b9532d3d0bd435?s=96&d=mm&r=g","caption":"Lo viste en Los Pol\u00edticos"},"url":"https:\/\/lospoliticosveracruz.com\/?author=2"}]}},"_links":{"self":[{"href":"https:\/\/lospoliticosveracruz.com\/index.php?rest_route=\/wp\/v2\/posts\/69981","targetHints":{"allow":["GET"]}}],"collection":[{"href":"https:\/\/lospoliticosveracruz.com\/index.php?rest_route=\/wp\/v2\/posts"}],"about":[{"href":"https:\/\/lospoliticosveracruz.com\/index.php?rest_route=\/wp\/v2\/types\/post"}],"author":[{"embeddable":true,"href":"https:\/\/lospoliticosveracruz.com\/index.php?rest_route=\/wp\/v2\/users\/2"}],"replies":[{"embeddable":true,"href":"https:\/\/lospoliticosveracruz.com\/index.php?rest_route=%2Fwp%2Fv2%2Fcomments&post=69981"}],"version-history":[{"count":1,"href":"https:\/\/lospoliticosveracruz.com\/index.php?rest_route=\/wp\/v2\/posts\/69981\/revisions"}],"predecessor-version":[{"id":69983,"href":"https:\/\/lospoliticosveracruz.com\/index.php?rest_route=\/wp\/v2\/posts\/69981\/revisions\/69983"}],"wp:attachment":[{"href":"https:\/\/lospoliticosveracruz.com\/index.php?rest_route=%2Fwp%2Fv2%2Fmedia&parent=69981"}],"wp:term":[{"taxonomy":"category","embeddable":true,"href":"https:\/\/lospoliticosveracruz.com\/index.php?rest_route=%2Fwp%2Fv2%2Fcategories&post=69981"},{"taxonomy":"post_tag","embeddable":true,"href":"https:\/\/lospoliticosveracruz.com\/index.php?rest_route=%2Fwp%2Fv2%2Ftags&post=69981"}],"curies":[{"name":"wp","href":"https:\/\/api.w.org\/{rel}","templated":true}]}}