{"id":70085,"date":"2021-03-26T10:23:40","date_gmt":"2021-03-26T16:23:40","guid":{"rendered":"http:\/\/www.lospoliticosveracruz.com.mx\/?p=70085"},"modified":"2021-03-29T08:07:46","modified_gmt":"2021-03-29T14:07:46","slug":"wicho-medina-con-todo-por-tlacotalpan","status":"publish","type":"post","link":"https:\/\/lospoliticosveracruz.com\/?p=70085","title":{"rendered":"Wicho Medina, con todo por Tlacotalpan"},"content":{"rendered":"\n<p><strong>Eduardo Venegas Naranjo<\/strong><\/p>\n\n\n\n<p><em>Aqu\u00ed Entre Nos<br><\/em><\/p>\n\n\n\n<p>En Tlacotalpan, Movimiento Ciudadano estuvo de fiesta; el Ingeniero Luis Medina Aguirre tom\u00f3 protesta como Comisionado Operativo Municipal de Movimiento Ciudadano, con todo el respaldo del pueblo. Para presidir este importante evento estuvieron presentes, el delegado nacional de MC, Luis Carbonell, y el coordinador estatal de MC Sergio Gil Rull\u00e1n.&nbsp;<br><\/p>\n\n\n\n<div class=\"wp-block-image\"><figure class=\"alignleft size-large\"><a href=\"http:\/\/www.lospoliticosveracruz.com.mx\/wp-content\/uploads\/2021\/03\/Predial-Cordoba.png\"><img decoding=\"async\" src=\"http:\/\/www.lospoliticosveracruz.com.mx\/wp-content\/uploads\/2021\/03\/Predial-Cordoba.png\" alt=\"\" class=\"wp-image-69841\"\/><\/a><\/figure><\/div>\n\n\n\n<p>Wicho Medina fue arropado por los tlacotalpe\u00f1os, Movimiento Ciudadano lleva ventaja en la Perla del Papaloapan, en este proyecto pol\u00edtico hay sumados liderazgos, gente representativa, con nuevas ideas, al municipio le esperan nuevos br\u00edos, no hay duda que Tlacotalpan ser\u00e1 naranja, Luis es un l\u00edder, sencillo que en su caminar habla de frente, es trabajador, proveniente de una familia ganadera.&nbsp;<br>A este evento tambi\u00e9n lleg\u00f3 Carlos Flores Calderon quien ser\u00e1 el candidato a diputado local por el distrito 24, ah\u00ed llam\u00f3 a la unidad y cerrar filas en la zona y en el municipio hizo una llamado especial para apuntalar el proyecto pol\u00edtico que encabeza Luis Medina Aguirre, Carlos es joven y tiene carisma, sabe convencer; Beto Paredes tambi\u00e9n estuvo presente, \u00e9l va por la diputaci\u00f3n diputaci\u00f3n federal del distrito 19, su suplente ser\u00e1 Uriel Alem\u00e1n Vel\u00e1zquez.<\/p>\n\n\n\n<p><strong>-Paola Tenorio va de nuevo por el distrito 19&nbsp;<br><\/strong>Hablando del distrito 19, quien buscar\u00e1 la reelecci\u00f3n es Paola Tenorio Adame, as\u00ed lo anunci\u00f3 hace dos d\u00edas en sus redes sociales, la diputada volver\u00e1 a recorrer los municipios que le dieron la victoria en el 2018.<br>Paola es de retos, cercana al dirigente nacional de Morena Mario Delgado Carrillo.<br>De nueva cuenta tendr\u00e1 que recorrer la regi\u00f3n Tuxtlas y Cuenca, tiene un gran reto que sin duda sabr\u00e1 salir avante, en el distrito 19 tiene 3 municipios claves por el n\u00famero de electores, San Andr\u00e9s Tuxtla, Santiago Tuxtla y Alvarado; es ah\u00ed donde Paola deber\u00e1 atacar y apretar; no hay duda de que trae el respaldo del partido del presidente de la Rep\u00fablica.<\/p>\n\n\n\n<p><strong>-Julio Garc\u00eda va por Cabada&nbsp;<br><\/strong>En Angel R Cabada, Morena tiene fortaleza, Julio C\u00e9sar Garc\u00eda Machucho, ser\u00e1 el abanderado para sucesi\u00f3n de la presidencia municipal.&nbsp;<br>Es un joven chambeador, carism\u00e1tico, ha fortalecido su patrimonio con cimientos s\u00f3lidos que lo han llevado a la prosperidad,&nbsp;&nbsp;proviene de una cuna humilde, hoy es un brillante empresario en estos tiempos dif\u00edciles, eso es de admirarse, Julio es ejemplo para las nuevas generaciones.<br>Con Julio Morena tiene grandes posibilidades en \u00c1ngel R Cabada, va bien en los sondeos, el pueblo lo respalda, y uno de sus padrinos pol\u00edticos es el diputado Juan Javier G\u00f3mez Cazar\u00edn, sin duda alguna en la elecci\u00f3n del 6 de junio en esta demarcaci\u00f3n a Morena le ir\u00e1 bien.&nbsp;<br>@lalo2808<br>lalo_tlaco@hotmail.com<\/p>\n","protected":false},"excerpt":{"rendered":"<p>Eduardo Venegas Naranjo Aqu\u00ed Entre Nos En Tlacotalpan, Movimiento Ciudadano estuvo de fiesta; el Ingeniero Luis Medina Aguirre tom\u00f3 protesta como Comisionado Operativo Municipal de Movimiento Ciudadano, con todo el respaldo del pueblo. Para presidir este importante evento estuvieron presentes, el delegado nacional de MC, Luis Carbonell, y el coordinador estatal de MC Sergio Gil [&hellip;]<\/p>\n","protected":false},"author":2,"featured_media":0,"comment_status":"closed","ping_status":"closed","sticky":false,"template":"","format":"standard","meta":{"tdm_status":"","tdm_grid_status":"","footnotes":""},"categories":[70],"tags":[20120,18407,13226,11240],"class_list":{"0":"post-70085","1":"post","2":"type-post","3":"status-publish","4":"format-standard","6":"category-de-opinion","7":"tag-julio-cesar-garcia-machucho","8":"tag-luis-medina-aguirre","9":"tag-paola-tenorio-adame","10":"tag-sergio-gil-rullan"},"yoast_head":"<!-- This site is optimized with the Yoast SEO plugin v27.4 - https:\/\/yoast.com\/product\/yoast-seo-wordpress\/ -->\n<title>Wicho Medina, con todo por Tlacotalpan - Los pol\u00edticos Veracruz<\/title>\n<meta name=\"robots\" content=\"index, follow, max-snippet:-1, max-image-preview:large, max-video-preview:-1\" \/>\n<link rel=\"canonical\" href=\"https:\/\/lospoliticosveracruz.com\/?p=70085\" \/>\n<meta property=\"og:locale\" content=\"es_ES\" \/>\n<meta property=\"og:type\" content=\"article\" \/>\n<meta property=\"og:title\" content=\"Wicho Medina, con todo por Tlacotalpan - Los pol\u00edticos Veracruz\" \/>\n<meta property=\"og:description\" content=\"Eduardo Venegas Naranjo Aqu\u00ed Entre Nos En Tlacotalpan, Movimiento Ciudadano estuvo de fiesta; el Ingeniero Luis Medina Aguirre tom\u00f3 protesta como Comisionado Operativo Municipal de Movimiento Ciudadano, con todo el respaldo del pueblo. Para presidir este importante evento estuvieron presentes, el delegado nacional de MC, Luis Carbonell, y el coordinador estatal de MC Sergio Gil [&hellip;]\" \/>\n<meta property=\"og:url\" content=\"https:\/\/lospoliticosveracruz.com\/?p=70085\" \/>\n<meta property=\"og:site_name\" content=\"Los pol\u00edticos Veracruz\" \/>\n<meta property=\"article:publisher\" content=\"https:\/\/www.facebook.com\/people\/Notimemes-de-los-Polticos\/61565672886568\/\" \/>\n<meta property=\"article:published_time\" content=\"2021-03-26T16:23:40+00:00\" \/>\n<meta property=\"article:modified_time\" content=\"2021-03-29T14:07:46+00:00\" \/>\n<meta property=\"og:image\" content=\"http:\/\/www.lospoliticosveracruz.com.mx\/wp-content\/uploads\/2021\/03\/Predial-Cordoba.png\" \/>\n<meta name=\"author\" content=\"Lo viste en Los Pol\u00edticos\" \/>\n<meta name=\"twitter:card\" content=\"summary_large_image\" \/>\n<meta name=\"twitter:creator\" content=\"@LosPoliticosVer\" \/>\n<meta name=\"twitter:site\" content=\"@LosPoliticosVer\" \/>\n<meta name=\"twitter:label1\" content=\"Escrito por\" \/>\n\t<meta name=\"twitter:data1\" content=\"Lo viste en Los Pol\u00edticos\" \/>\n\t<meta name=\"twitter:label2\" content=\"Tiempo de lectura\" \/>\n\t<meta name=\"twitter:data2\" content=\"2 minutos\" \/>\n<script type=\"application\/ld+json\" class=\"yoast-schema-graph\">{\"@context\":\"https:\\\/\\\/schema.org\",\"@graph\":[{\"@type\":\"Article\",\"@id\":\"https:\\\/\\\/lospoliticosveracruz.com\\\/?p=70085#article\",\"isPartOf\":{\"@id\":\"https:\\\/\\\/lospoliticosveracruz.com\\\/?p=70085\"},\"author\":{\"name\":\"Lo viste en Los Pol\u00edticos\",\"@id\":\"https:\\\/\\\/lospoliticosveracruz.com\\\/#\\\/schema\\\/person\\\/b8702bb0e538456e6efd07080bf2a4a2\"},\"headline\":\"Wicho Medina, con todo por Tlacotalpan\",\"datePublished\":\"2021-03-26T16:23:40+00:00\",\"dateModified\":\"2021-03-29T14:07:46+00:00\",\"mainEntityOfPage\":{\"@id\":\"https:\\\/\\\/lospoliticosveracruz.com\\\/?p=70085\"},\"wordCount\":476,\"publisher\":{\"@id\":\"https:\\\/\\\/lospoliticosveracruz.com\\\/#organization\"},\"image\":{\"@id\":\"https:\\\/\\\/lospoliticosveracruz.com\\\/?p=70085#primaryimage\"},\"thumbnailUrl\":\"http:\\\/\\\/www.lospoliticosveracruz.com.mx\\\/wp-content\\\/uploads\\\/2021\\\/03\\\/Predial-Cordoba.png\",\"keywords\":[\"Julio C\u00e9sar Garc\u00eda Machucho\",\"Luis Medina Aguirre\",\"Paola Tenorio Adame\",\"Sergio Gil Rull\u00e1n\"],\"articleSection\":[\"De Opini\u00f3n\"],\"inLanguage\":\"es\"},{\"@type\":\"WebPage\",\"@id\":\"https:\\\/\\\/lospoliticosveracruz.com\\\/?p=70085\",\"url\":\"https:\\\/\\\/lospoliticosveracruz.com\\\/?p=70085\",\"name\":\"Wicho Medina, con todo por Tlacotalpan - Los pol\u00edticos Veracruz\",\"isPartOf\":{\"@id\":\"https:\\\/\\\/lospoliticosveracruz.com\\\/#website\"},\"primaryImageOfPage\":{\"@id\":\"https:\\\/\\\/lospoliticosveracruz.com\\\/?p=70085#primaryimage\"},\"image\":{\"@id\":\"https:\\\/\\\/lospoliticosveracruz.com\\\/?p=70085#primaryimage\"},\"thumbnailUrl\":\"http:\\\/\\\/www.lospoliticosveracruz.com.mx\\\/wp-content\\\/uploads\\\/2021\\\/03\\\/Predial-Cordoba.png\",\"datePublished\":\"2021-03-26T16:23:40+00:00\",\"dateModified\":\"2021-03-29T14:07:46+00:00\",\"breadcrumb\":{\"@id\":\"https:\\\/\\\/lospoliticosveracruz.com\\\/?p=70085#breadcrumb\"},\"inLanguage\":\"es\",\"potentialAction\":[{\"@type\":\"ReadAction\",\"target\":[\"https:\\\/\\\/lospoliticosveracruz.com\\\/?p=70085\"]}]},{\"@type\":\"ImageObject\",\"inLanguage\":\"es\",\"@id\":\"https:\\\/\\\/lospoliticosveracruz.com\\\/?p=70085#primaryimage\",\"url\":\"http:\\\/\\\/www.lospoliticosveracruz.com.mx\\\/wp-content\\\/uploads\\\/2021\\\/03\\\/Predial-Cordoba.png\",\"contentUrl\":\"http:\\\/\\\/www.lospoliticosveracruz.com.mx\\\/wp-content\\\/uploads\\\/2021\\\/03\\\/Predial-Cordoba.png\"},{\"@type\":\"BreadcrumbList\",\"@id\":\"https:\\\/\\\/lospoliticosveracruz.com\\\/?p=70085#breadcrumb\",\"itemListElement\":[{\"@type\":\"ListItem\",\"position\":1,\"name\":\"Portada\",\"item\":\"https:\\\/\\\/lospoliticosveracruz.com\\\/\"},{\"@type\":\"ListItem\",\"position\":2,\"name\":\"Wicho Medina, con todo por Tlacotalpan\"}]},{\"@type\":\"WebSite\",\"@id\":\"https:\\\/\\\/lospoliticosveracruz.com\\\/#website\",\"url\":\"https:\\\/\\\/lospoliticosveracruz.com\\\/\",\"name\":\"Los pol\u00edticos Veracruz\",\"description\":\"\",\"publisher\":{\"@id\":\"https:\\\/\\\/lospoliticosveracruz.com\\\/#organization\"},\"potentialAction\":[{\"@type\":\"SearchAction\",\"target\":{\"@type\":\"EntryPoint\",\"urlTemplate\":\"https:\\\/\\\/lospoliticosveracruz.com\\\/?s={search_term_string}\"},\"query-input\":{\"@type\":\"PropertyValueSpecification\",\"valueRequired\":true,\"valueName\":\"search_term_string\"}}],\"inLanguage\":\"es\"},{\"@type\":\"Organization\",\"@id\":\"https:\\\/\\\/lospoliticosveracruz.com\\\/#organization\",\"name\":\"Los pol\u00edticos Veracruz\",\"url\":\"https:\\\/\\\/lospoliticosveracruz.com\\\/\",\"logo\":{\"@type\":\"ImageObject\",\"inLanguage\":\"es\",\"@id\":\"https:\\\/\\\/lospoliticosveracruz.com\\\/#\\\/schema\\\/logo\\\/image\\\/\",\"url\":\"https:\\\/\\\/lospoliticosveracruz.com\\\/wp-content\\\/uploads\\\/2025\\\/12\\\/Logo-Nuevo-LOS-POLITICOS-1.jpg\",\"contentUrl\":\"https:\\\/\\\/lospoliticosveracruz.com\\\/wp-content\\\/uploads\\\/2025\\\/12\\\/Logo-Nuevo-LOS-POLITICOS-1.jpg\",\"width\":260,\"height\":70,\"caption\":\"Los pol\u00edticos Veracruz\"},\"image\":{\"@id\":\"https:\\\/\\\/lospoliticosveracruz.com\\\/#\\\/schema\\\/logo\\\/image\\\/\"},\"sameAs\":[\"https:\\\/\\\/www.facebook.com\\\/people\\\/Notimemes-de-los-Polticos\\\/61565672886568\\\/\",\"https:\\\/\\\/x.com\\\/LosPoliticosVer\"]},{\"@type\":\"Person\",\"@id\":\"https:\\\/\\\/lospoliticosveracruz.com\\\/#\\\/schema\\\/person\\\/b8702bb0e538456e6efd07080bf2a4a2\",\"name\":\"Lo viste en Los Pol\u00edticos\",\"image\":{\"@type\":\"ImageObject\",\"inLanguage\":\"es\",\"@id\":\"https:\\\/\\\/secure.gravatar.com\\\/avatar\\\/3a8de04a2656d44082be478bd6c086daa447c4651605818287b9532d3d0bd435?s=96&d=mm&r=g\",\"url\":\"https:\\\/\\\/secure.gravatar.com\\\/avatar\\\/3a8de04a2656d44082be478bd6c086daa447c4651605818287b9532d3d0bd435?s=96&d=mm&r=g\",\"contentUrl\":\"https:\\\/\\\/secure.gravatar.com\\\/avatar\\\/3a8de04a2656d44082be478bd6c086daa447c4651605818287b9532d3d0bd435?s=96&d=mm&r=g\",\"caption\":\"Lo viste en Los Pol\u00edticos\"},\"url\":\"https:\\\/\\\/lospoliticosveracruz.com\\\/?author=2\"}]}<\/script>\n<!-- \/ Yoast SEO plugin. -->","yoast_head_json":{"title":"Wicho Medina, con todo por Tlacotalpan - Los pol\u00edticos Veracruz","robots":{"index":"index","follow":"follow","max-snippet":"max-snippet:-1","max-image-preview":"max-image-preview:large","max-video-preview":"max-video-preview:-1"},"canonical":"https:\/\/lospoliticosveracruz.com\/?p=70085","og_locale":"es_ES","og_type":"article","og_title":"Wicho Medina, con todo por Tlacotalpan - Los pol\u00edticos Veracruz","og_description":"Eduardo Venegas Naranjo Aqu\u00ed Entre Nos En Tlacotalpan, Movimiento Ciudadano estuvo de fiesta; el Ingeniero Luis Medina Aguirre tom\u00f3 protesta como Comisionado Operativo Municipal de Movimiento Ciudadano, con todo el respaldo del pueblo. Para presidir este importante evento estuvieron presentes, el delegado nacional de MC, Luis Carbonell, y el coordinador estatal de MC Sergio Gil [&hellip;]","og_url":"https:\/\/lospoliticosveracruz.com\/?p=70085","og_site_name":"Los pol\u00edticos Veracruz","article_publisher":"https:\/\/www.facebook.com\/people\/Notimemes-de-los-Polticos\/61565672886568\/","article_published_time":"2021-03-26T16:23:40+00:00","article_modified_time":"2021-03-29T14:07:46+00:00","og_image":[{"url":"http:\/\/www.lospoliticosveracruz.com.mx\/wp-content\/uploads\/2021\/03\/Predial-Cordoba.png","type":"","width":"","height":""}],"author":"Lo viste en Los Pol\u00edticos","twitter_card":"summary_large_image","twitter_creator":"@LosPoliticosVer","twitter_site":"@LosPoliticosVer","twitter_misc":{"Escrito por":"Lo viste en Los Pol\u00edticos","Tiempo de lectura":"2 minutos"},"schema":{"@context":"https:\/\/schema.org","@graph":[{"@type":"Article","@id":"https:\/\/lospoliticosveracruz.com\/?p=70085#article","isPartOf":{"@id":"https:\/\/lospoliticosveracruz.com\/?p=70085"},"author":{"name":"Lo viste en Los Pol\u00edticos","@id":"https:\/\/lospoliticosveracruz.com\/#\/schema\/person\/b8702bb0e538456e6efd07080bf2a4a2"},"headline":"Wicho Medina, con todo por Tlacotalpan","datePublished":"2021-03-26T16:23:40+00:00","dateModified":"2021-03-29T14:07:46+00:00","mainEntityOfPage":{"@id":"https:\/\/lospoliticosveracruz.com\/?p=70085"},"wordCount":476,"publisher":{"@id":"https:\/\/lospoliticosveracruz.com\/#organization"},"image":{"@id":"https:\/\/lospoliticosveracruz.com\/?p=70085#primaryimage"},"thumbnailUrl":"http:\/\/www.lospoliticosveracruz.com.mx\/wp-content\/uploads\/2021\/03\/Predial-Cordoba.png","keywords":["Julio C\u00e9sar Garc\u00eda Machucho","Luis Medina Aguirre","Paola Tenorio Adame","Sergio Gil Rull\u00e1n"],"articleSection":["De Opini\u00f3n"],"inLanguage":"es"},{"@type":"WebPage","@id":"https:\/\/lospoliticosveracruz.com\/?p=70085","url":"https:\/\/lospoliticosveracruz.com\/?p=70085","name":"Wicho Medina, con todo por Tlacotalpan - Los pol\u00edticos Veracruz","isPartOf":{"@id":"https:\/\/lospoliticosveracruz.com\/#website"},"primaryImageOfPage":{"@id":"https:\/\/lospoliticosveracruz.com\/?p=70085#primaryimage"},"image":{"@id":"https:\/\/lospoliticosveracruz.com\/?p=70085#primaryimage"},"thumbnailUrl":"http:\/\/www.lospoliticosveracruz.com.mx\/wp-content\/uploads\/2021\/03\/Predial-Cordoba.png","datePublished":"2021-03-26T16:23:40+00:00","dateModified":"2021-03-29T14:07:46+00:00","breadcrumb":{"@id":"https:\/\/lospoliticosveracruz.com\/?p=70085#breadcrumb"},"inLanguage":"es","potentialAction":[{"@type":"ReadAction","target":["https:\/\/lospoliticosveracruz.com\/?p=70085"]}]},{"@type":"ImageObject","inLanguage":"es","@id":"https:\/\/lospoliticosveracruz.com\/?p=70085#primaryimage","url":"http:\/\/www.lospoliticosveracruz.com.mx\/wp-content\/uploads\/2021\/03\/Predial-Cordoba.png","contentUrl":"http:\/\/www.lospoliticosveracruz.com.mx\/wp-content\/uploads\/2021\/03\/Predial-Cordoba.png"},{"@type":"BreadcrumbList","@id":"https:\/\/lospoliticosveracruz.com\/?p=70085#breadcrumb","itemListElement":[{"@type":"ListItem","position":1,"name":"Portada","item":"https:\/\/lospoliticosveracruz.com\/"},{"@type":"ListItem","position":2,"name":"Wicho Medina, con todo por Tlacotalpan"}]},{"@type":"WebSite","@id":"https:\/\/lospoliticosveracruz.com\/#website","url":"https:\/\/lospoliticosveracruz.com\/","name":"Los pol\u00edticos Veracruz","description":"","publisher":{"@id":"https:\/\/lospoliticosveracruz.com\/#organization"},"potentialAction":[{"@type":"SearchAction","target":{"@type":"EntryPoint","urlTemplate":"https:\/\/lospoliticosveracruz.com\/?s={search_term_string}"},"query-input":{"@type":"PropertyValueSpecification","valueRequired":true,"valueName":"search_term_string"}}],"inLanguage":"es"},{"@type":"Organization","@id":"https:\/\/lospoliticosveracruz.com\/#organization","name":"Los pol\u00edticos Veracruz","url":"https:\/\/lospoliticosveracruz.com\/","logo":{"@type":"ImageObject","inLanguage":"es","@id":"https:\/\/lospoliticosveracruz.com\/#\/schema\/logo\/image\/","url":"https:\/\/lospoliticosveracruz.com\/wp-content\/uploads\/2025\/12\/Logo-Nuevo-LOS-POLITICOS-1.jpg","contentUrl":"https:\/\/lospoliticosveracruz.com\/wp-content\/uploads\/2025\/12\/Logo-Nuevo-LOS-POLITICOS-1.jpg","width":260,"height":70,"caption":"Los pol\u00edticos Veracruz"},"image":{"@id":"https:\/\/lospoliticosveracruz.com\/#\/schema\/logo\/image\/"},"sameAs":["https:\/\/www.facebook.com\/people\/Notimemes-de-los-Polticos\/61565672886568\/","https:\/\/x.com\/LosPoliticosVer"]},{"@type":"Person","@id":"https:\/\/lospoliticosveracruz.com\/#\/schema\/person\/b8702bb0e538456e6efd07080bf2a4a2","name":"Lo viste en Los Pol\u00edticos","image":{"@type":"ImageObject","inLanguage":"es","@id":"https:\/\/secure.gravatar.com\/avatar\/3a8de04a2656d44082be478bd6c086daa447c4651605818287b9532d3d0bd435?s=96&d=mm&r=g","url":"https:\/\/secure.gravatar.com\/avatar\/3a8de04a2656d44082be478bd6c086daa447c4651605818287b9532d3d0bd435?s=96&d=mm&r=g","contentUrl":"https:\/\/secure.gravatar.com\/avatar\/3a8de04a2656d44082be478bd6c086daa447c4651605818287b9532d3d0bd435?s=96&d=mm&r=g","caption":"Lo viste en Los Pol\u00edticos"},"url":"https:\/\/lospoliticosveracruz.com\/?author=2"}]}},"_links":{"self":[{"href":"https:\/\/lospoliticosveracruz.com\/index.php?rest_route=\/wp\/v2\/posts\/70085","targetHints":{"allow":["GET"]}}],"collection":[{"href":"https:\/\/lospoliticosveracruz.com\/index.php?rest_route=\/wp\/v2\/posts"}],"about":[{"href":"https:\/\/lospoliticosveracruz.com\/index.php?rest_route=\/wp\/v2\/types\/post"}],"author":[{"embeddable":true,"href":"https:\/\/lospoliticosveracruz.com\/index.php?rest_route=\/wp\/v2\/users\/2"}],"replies":[{"embeddable":true,"href":"https:\/\/lospoliticosveracruz.com\/index.php?rest_route=%2Fwp%2Fv2%2Fcomments&post=70085"}],"version-history":[{"count":2,"href":"https:\/\/lospoliticosveracruz.com\/index.php?rest_route=\/wp\/v2\/posts\/70085\/revisions"}],"predecessor-version":[{"id":70219,"href":"https:\/\/lospoliticosveracruz.com\/index.php?rest_route=\/wp\/v2\/posts\/70085\/revisions\/70219"}],"wp:attachment":[{"href":"https:\/\/lospoliticosveracruz.com\/index.php?rest_route=%2Fwp%2Fv2%2Fmedia&parent=70085"}],"wp:term":[{"taxonomy":"category","embeddable":true,"href":"https:\/\/lospoliticosveracruz.com\/index.php?rest_route=%2Fwp%2Fv2%2Fcategories&post=70085"},{"taxonomy":"post_tag","embeddable":true,"href":"https:\/\/lospoliticosveracruz.com\/index.php?rest_route=%2Fwp%2Fv2%2Ftags&post=70085"}],"curies":[{"name":"wp","href":"https:\/\/api.w.org\/{rel}","templated":true}]}}