{"id":70173,"date":"2021-03-28T09:01:03","date_gmt":"2021-03-28T15:01:03","guid":{"rendered":"http:\/\/www.lospoliticosveracruz.com.mx\/?p=70173"},"modified":"2021-03-28T09:01:07","modified_gmt":"2021-03-28T15:01:07","slug":"va-san-francisco","status":"publish","type":"post","link":"https:\/\/lospoliticosveracruz.com\/?p=70173","title":{"rendered":"Va San Francisco!"},"content":{"rendered":"\n<p><em>Lerdo de Tejada<\/em><br>Con la firme convicci\u00f3n de reactivar la econom\u00eda de la regi\u00f3n, la iniciativa privada y el gobierno del estado trabajaron de la mano para concretar la compra del Ingenios San Francisco con un valor de mil seiscientos millones de pesos.<\/p>\n\n\n\n<p>Durante este fin de semana el inversionista Fabi\u00e1n C\u00e1rdenas Sosa recibi\u00f3 formalmente las llaves del ingenio San Francisco e ingres\u00f3 al lugar para realizar la inspecci\u00f3n.<\/p>\n\n\n\n<p>Sosa C\u00e1rdenas inform\u00f3 que este era un sue\u00f1o que hoy se vuelve realidad a la vez que agradeci\u00f3 el apoyo de su socio Alejandro Tovar, y reconoci\u00f3 la voluntad pol\u00edtica del gobierno del estado que encabeza el Gobernador Cuitl\u00e1huac Garc\u00eda Jim\u00e9nez y la importante gesti\u00f3n del Diputado Juan Javier G\u00f3mez Cazar\u00edn que desde hace un a\u00f1o inici\u00f3 los trabajos para destrabar el embargo de dicho inmueble y otros temas legales.<\/p>\n\n\n\n<p>Derivado de la negociaci\u00f3n y acuerdo legal, extrabajadores del Ingenio San Francisco podr\u00e1n cobrar su liquidaci\u00f3n, a la vez que se abre la posibilidad de una recontrataci\u00f3n, asimismo, se cubrir\u00e1 la deuda con el IMSS y se saldar\u00e1n otras cuentas.<\/p>\n\n\n\n<p>Ser\u00e1 este lunes 29 de marzo en el World Trade Center cuando inicie el pago por concepto de liquidaciones, los acreedores deber\u00e1n aparecer en una lista previamente publicada en las inmediaciones del ingenio y que se anexa en este comunicado junto con los requisitos.<\/p>\n\n\n\n<p>Cabe hacer menci\u00f3n que, para contribuir con la mermada econom\u00eda de los extrabajadores del ingenio, el inversionista Fabi\u00e1n C\u00e1rdenas en coordinaci\u00f3n con el H. Ayuntamiento pondr\u00e1n a disposici\u00f3n de los beneficiados 3 autobuses para que el lunes a partir de las 6: 00 am las personas puedan acudir a recibir sus pagos en el WTC en Boca del R\u00edo, asimismo, para mayores informes los interesados pueden acudir a las oficinas del grupo SOZCA ubicadas en la Calle Revoluci\u00f3n, Esquina Hidalgo.<\/p>\n\n\n\n<p>Por \u00faltimo, Fabi\u00e1n C\u00e1rdenas explic\u00f3 que el proceso de rehabilitaci\u00f3n del ingenio llevar\u00e1 un poco m\u00e1s de 10 meses, sin embargo, ya se arrancar\u00e1n los trabajos de limpieza con el apoyo de mujeres y hombres que durante un periodo de 2 a 3 meses recibir\u00e1n por parte del gobierno del estado un pago por concepto de sus labores.<br>De esta forma inicia la reactivaci\u00f3n econ\u00f3mica de Lerdo de Tejada.<\/p>\n","protected":false},"excerpt":{"rendered":"<p>Lerdo de TejadaCon la firme convicci\u00f3n de reactivar la econom\u00eda de la regi\u00f3n, la iniciativa privada y el gobierno del estado trabajaron de la mano para concretar la compra del Ingenios San Francisco con un valor de mil seiscientos millones de pesos. Durante este fin de semana el inversionista Fabi\u00e1n C\u00e1rdenas Sosa recibi\u00f3 formalmente las [&hellip;]<\/p>\n","protected":false},"author":2,"featured_media":0,"comment_status":"closed","ping_status":"closed","sticky":false,"template":"","format":"standard","meta":{"tdm_status":"","tdm_grid_status":"","footnotes":""},"categories":[73],"tags":[1563,21942,12695,1780,16349],"class_list":{"0":"post-70173","1":"post","2":"type-post","3":"status-publish","4":"format-standard","6":"category-de-boleto","7":"tag-cuitlahuac-garcia-jimenez","8":"tag-fabian-cardenas-sosa","9":"tag-juan-javier-gomez-cazarin","10":"tag-lerdo-de-tejada","11":"tag-san-francisco"},"yoast_head":"<!-- This site is optimized with the Yoast SEO plugin v27.4 - https:\/\/yoast.com\/product\/yoast-seo-wordpress\/ -->\n<title>Va San Francisco! - Los pol\u00edticos Veracruz<\/title>\n<meta name=\"robots\" content=\"index, follow, max-snippet:-1, max-image-preview:large, max-video-preview:-1\" \/>\n<link rel=\"canonical\" href=\"https:\/\/lospoliticosveracruz.com\/?p=70173\" \/>\n<meta property=\"og:locale\" content=\"es_ES\" \/>\n<meta property=\"og:type\" content=\"article\" \/>\n<meta property=\"og:title\" content=\"Va San Francisco! - Los pol\u00edticos Veracruz\" \/>\n<meta property=\"og:description\" content=\"Lerdo de TejadaCon la firme convicci\u00f3n de reactivar la econom\u00eda de la regi\u00f3n, la iniciativa privada y el gobierno del estado trabajaron de la mano para concretar la compra del Ingenios San Francisco con un valor de mil seiscientos millones de pesos. Durante este fin de semana el inversionista Fabi\u00e1n C\u00e1rdenas Sosa recibi\u00f3 formalmente las [&hellip;]\" \/>\n<meta property=\"og:url\" content=\"https:\/\/lospoliticosveracruz.com\/?p=70173\" \/>\n<meta property=\"og:site_name\" content=\"Los pol\u00edticos Veracruz\" \/>\n<meta property=\"article:publisher\" content=\"https:\/\/www.facebook.com\/people\/Notimemes-de-los-Polticos\/61565672886568\/\" \/>\n<meta property=\"article:published_time\" content=\"2021-03-28T15:01:03+00:00\" \/>\n<meta property=\"article:modified_time\" content=\"2021-03-28T15:01:07+00:00\" \/>\n<meta property=\"og:image\" content=\"https:\/\/lospoliticosveracruz.com\/wp-content\/uploads\/2016\/07\/Logo-Dor.jpg\" \/>\n\t<meta property=\"og:image:width\" content=\"200\" \/>\n\t<meta property=\"og:image:height\" content=\"200\" \/>\n\t<meta property=\"og:image:type\" content=\"image\/jpeg\" \/>\n<meta name=\"author\" content=\"Lo viste en Los Pol\u00edticos\" \/>\n<meta name=\"twitter:card\" content=\"summary_large_image\" \/>\n<meta name=\"twitter:creator\" content=\"@LosPoliticosVer\" \/>\n<meta name=\"twitter:site\" content=\"@LosPoliticosVer\" \/>\n<meta name=\"twitter:label1\" content=\"Escrito por\" \/>\n\t<meta name=\"twitter:data1\" content=\"Lo viste en Los Pol\u00edticos\" \/>\n\t<meta name=\"twitter:label2\" content=\"Tiempo de lectura\" \/>\n\t<meta name=\"twitter:data2\" content=\"2 minutos\" \/>\n<script type=\"application\/ld+json\" class=\"yoast-schema-graph\">{\"@context\":\"https:\\\/\\\/schema.org\",\"@graph\":[{\"@type\":\"Article\",\"@id\":\"https:\\\/\\\/lospoliticosveracruz.com\\\/?p=70173#article\",\"isPartOf\":{\"@id\":\"https:\\\/\\\/lospoliticosveracruz.com\\\/?p=70173\"},\"author\":{\"name\":\"Lo viste en Los Pol\u00edticos\",\"@id\":\"https:\\\/\\\/lospoliticosveracruz.com\\\/#\\\/schema\\\/person\\\/b8702bb0e538456e6efd07080bf2a4a2\"},\"headline\":\"Va San Francisco!\",\"datePublished\":\"2021-03-28T15:01:03+00:00\",\"dateModified\":\"2021-03-28T15:01:07+00:00\",\"mainEntityOfPage\":{\"@id\":\"https:\\\/\\\/lospoliticosveracruz.com\\\/?p=70173\"},\"wordCount\":407,\"publisher\":{\"@id\":\"https:\\\/\\\/lospoliticosveracruz.com\\\/#organization\"},\"keywords\":[\"Cuitl\u00e1huac Garc\u00eda Jim\u00e9nez\",\"Fabi\u00e1n C\u00e1rdenas Sosa\",\"Juan Javier G\u00f3mez Cazar\u00edn\",\"Lerdo de Tejada\",\"San Francisco\"],\"articleSection\":[\"De Boleto\"],\"inLanguage\":\"es\"},{\"@type\":\"WebPage\",\"@id\":\"https:\\\/\\\/lospoliticosveracruz.com\\\/?p=70173\",\"url\":\"https:\\\/\\\/lospoliticosveracruz.com\\\/?p=70173\",\"name\":\"Va San Francisco! - Los pol\u00edticos Veracruz\",\"isPartOf\":{\"@id\":\"https:\\\/\\\/lospoliticosveracruz.com\\\/#website\"},\"datePublished\":\"2021-03-28T15:01:03+00:00\",\"dateModified\":\"2021-03-28T15:01:07+00:00\",\"breadcrumb\":{\"@id\":\"https:\\\/\\\/lospoliticosveracruz.com\\\/?p=70173#breadcrumb\"},\"inLanguage\":\"es\",\"potentialAction\":[{\"@type\":\"ReadAction\",\"target\":[\"https:\\\/\\\/lospoliticosveracruz.com\\\/?p=70173\"]}]},{\"@type\":\"BreadcrumbList\",\"@id\":\"https:\\\/\\\/lospoliticosveracruz.com\\\/?p=70173#breadcrumb\",\"itemListElement\":[{\"@type\":\"ListItem\",\"position\":1,\"name\":\"Portada\",\"item\":\"https:\\\/\\\/lospoliticosveracruz.com\\\/\"},{\"@type\":\"ListItem\",\"position\":2,\"name\":\"Va San Francisco!\"}]},{\"@type\":\"WebSite\",\"@id\":\"https:\\\/\\\/lospoliticosveracruz.com\\\/#website\",\"url\":\"https:\\\/\\\/lospoliticosveracruz.com\\\/\",\"name\":\"Los pol\u00edticos Veracruz\",\"description\":\"\",\"publisher\":{\"@id\":\"https:\\\/\\\/lospoliticosveracruz.com\\\/#organization\"},\"potentialAction\":[{\"@type\":\"SearchAction\",\"target\":{\"@type\":\"EntryPoint\",\"urlTemplate\":\"https:\\\/\\\/lospoliticosveracruz.com\\\/?s={search_term_string}\"},\"query-input\":{\"@type\":\"PropertyValueSpecification\",\"valueRequired\":true,\"valueName\":\"search_term_string\"}}],\"inLanguage\":\"es\"},{\"@type\":\"Organization\",\"@id\":\"https:\\\/\\\/lospoliticosveracruz.com\\\/#organization\",\"name\":\"Los pol\u00edticos Veracruz\",\"url\":\"https:\\\/\\\/lospoliticosveracruz.com\\\/\",\"logo\":{\"@type\":\"ImageObject\",\"inLanguage\":\"es\",\"@id\":\"https:\\\/\\\/lospoliticosveracruz.com\\\/#\\\/schema\\\/logo\\\/image\\\/\",\"url\":\"https:\\\/\\\/lospoliticosveracruz.com\\\/wp-content\\\/uploads\\\/2025\\\/12\\\/Logo-Nuevo-LOS-POLITICOS-1.jpg\",\"contentUrl\":\"https:\\\/\\\/lospoliticosveracruz.com\\\/wp-content\\\/uploads\\\/2025\\\/12\\\/Logo-Nuevo-LOS-POLITICOS-1.jpg\",\"width\":260,\"height\":70,\"caption\":\"Los pol\u00edticos Veracruz\"},\"image\":{\"@id\":\"https:\\\/\\\/lospoliticosveracruz.com\\\/#\\\/schema\\\/logo\\\/image\\\/\"},\"sameAs\":[\"https:\\\/\\\/www.facebook.com\\\/people\\\/Notimemes-de-los-Polticos\\\/61565672886568\\\/\",\"https:\\\/\\\/x.com\\\/LosPoliticosVer\"]},{\"@type\":\"Person\",\"@id\":\"https:\\\/\\\/lospoliticosveracruz.com\\\/#\\\/schema\\\/person\\\/b8702bb0e538456e6efd07080bf2a4a2\",\"name\":\"Lo viste en Los Pol\u00edticos\",\"image\":{\"@type\":\"ImageObject\",\"inLanguage\":\"es\",\"@id\":\"https:\\\/\\\/secure.gravatar.com\\\/avatar\\\/3a8de04a2656d44082be478bd6c086daa447c4651605818287b9532d3d0bd435?s=96&d=mm&r=g\",\"url\":\"https:\\\/\\\/secure.gravatar.com\\\/avatar\\\/3a8de04a2656d44082be478bd6c086daa447c4651605818287b9532d3d0bd435?s=96&d=mm&r=g\",\"contentUrl\":\"https:\\\/\\\/secure.gravatar.com\\\/avatar\\\/3a8de04a2656d44082be478bd6c086daa447c4651605818287b9532d3d0bd435?s=96&d=mm&r=g\",\"caption\":\"Lo viste en Los Pol\u00edticos\"},\"url\":\"https:\\\/\\\/lospoliticosveracruz.com\\\/?author=2\"}]}<\/script>\n<!-- \/ Yoast SEO plugin. -->","yoast_head_json":{"title":"Va San Francisco! - Los pol\u00edticos Veracruz","robots":{"index":"index","follow":"follow","max-snippet":"max-snippet:-1","max-image-preview":"max-image-preview:large","max-video-preview":"max-video-preview:-1"},"canonical":"https:\/\/lospoliticosveracruz.com\/?p=70173","og_locale":"es_ES","og_type":"article","og_title":"Va San Francisco! - Los pol\u00edticos Veracruz","og_description":"Lerdo de TejadaCon la firme convicci\u00f3n de reactivar la econom\u00eda de la regi\u00f3n, la iniciativa privada y el gobierno del estado trabajaron de la mano para concretar la compra del Ingenios San Francisco con un valor de mil seiscientos millones de pesos. Durante este fin de semana el inversionista Fabi\u00e1n C\u00e1rdenas Sosa recibi\u00f3 formalmente las [&hellip;]","og_url":"https:\/\/lospoliticosveracruz.com\/?p=70173","og_site_name":"Los pol\u00edticos Veracruz","article_publisher":"https:\/\/www.facebook.com\/people\/Notimemes-de-los-Polticos\/61565672886568\/","article_published_time":"2021-03-28T15:01:03+00:00","article_modified_time":"2021-03-28T15:01:07+00:00","og_image":[{"width":200,"height":200,"url":"https:\/\/lospoliticosveracruz.com\/wp-content\/uploads\/2016\/07\/Logo-Dor.jpg","type":"image\/jpeg"}],"author":"Lo viste en Los Pol\u00edticos","twitter_card":"summary_large_image","twitter_creator":"@LosPoliticosVer","twitter_site":"@LosPoliticosVer","twitter_misc":{"Escrito por":"Lo viste en Los Pol\u00edticos","Tiempo de lectura":"2 minutos"},"schema":{"@context":"https:\/\/schema.org","@graph":[{"@type":"Article","@id":"https:\/\/lospoliticosveracruz.com\/?p=70173#article","isPartOf":{"@id":"https:\/\/lospoliticosveracruz.com\/?p=70173"},"author":{"name":"Lo viste en Los Pol\u00edticos","@id":"https:\/\/lospoliticosveracruz.com\/#\/schema\/person\/b8702bb0e538456e6efd07080bf2a4a2"},"headline":"Va San Francisco!","datePublished":"2021-03-28T15:01:03+00:00","dateModified":"2021-03-28T15:01:07+00:00","mainEntityOfPage":{"@id":"https:\/\/lospoliticosveracruz.com\/?p=70173"},"wordCount":407,"publisher":{"@id":"https:\/\/lospoliticosveracruz.com\/#organization"},"keywords":["Cuitl\u00e1huac Garc\u00eda Jim\u00e9nez","Fabi\u00e1n C\u00e1rdenas Sosa","Juan Javier G\u00f3mez Cazar\u00edn","Lerdo de Tejada","San Francisco"],"articleSection":["De Boleto"],"inLanguage":"es"},{"@type":"WebPage","@id":"https:\/\/lospoliticosveracruz.com\/?p=70173","url":"https:\/\/lospoliticosveracruz.com\/?p=70173","name":"Va San Francisco! - Los pol\u00edticos Veracruz","isPartOf":{"@id":"https:\/\/lospoliticosveracruz.com\/#website"},"datePublished":"2021-03-28T15:01:03+00:00","dateModified":"2021-03-28T15:01:07+00:00","breadcrumb":{"@id":"https:\/\/lospoliticosveracruz.com\/?p=70173#breadcrumb"},"inLanguage":"es","potentialAction":[{"@type":"ReadAction","target":["https:\/\/lospoliticosveracruz.com\/?p=70173"]}]},{"@type":"BreadcrumbList","@id":"https:\/\/lospoliticosveracruz.com\/?p=70173#breadcrumb","itemListElement":[{"@type":"ListItem","position":1,"name":"Portada","item":"https:\/\/lospoliticosveracruz.com\/"},{"@type":"ListItem","position":2,"name":"Va San Francisco!"}]},{"@type":"WebSite","@id":"https:\/\/lospoliticosveracruz.com\/#website","url":"https:\/\/lospoliticosveracruz.com\/","name":"Los pol\u00edticos Veracruz","description":"","publisher":{"@id":"https:\/\/lospoliticosveracruz.com\/#organization"},"potentialAction":[{"@type":"SearchAction","target":{"@type":"EntryPoint","urlTemplate":"https:\/\/lospoliticosveracruz.com\/?s={search_term_string}"},"query-input":{"@type":"PropertyValueSpecification","valueRequired":true,"valueName":"search_term_string"}}],"inLanguage":"es"},{"@type":"Organization","@id":"https:\/\/lospoliticosveracruz.com\/#organization","name":"Los pol\u00edticos Veracruz","url":"https:\/\/lospoliticosveracruz.com\/","logo":{"@type":"ImageObject","inLanguage":"es","@id":"https:\/\/lospoliticosveracruz.com\/#\/schema\/logo\/image\/","url":"https:\/\/lospoliticosveracruz.com\/wp-content\/uploads\/2025\/12\/Logo-Nuevo-LOS-POLITICOS-1.jpg","contentUrl":"https:\/\/lospoliticosveracruz.com\/wp-content\/uploads\/2025\/12\/Logo-Nuevo-LOS-POLITICOS-1.jpg","width":260,"height":70,"caption":"Los pol\u00edticos Veracruz"},"image":{"@id":"https:\/\/lospoliticosveracruz.com\/#\/schema\/logo\/image\/"},"sameAs":["https:\/\/www.facebook.com\/people\/Notimemes-de-los-Polticos\/61565672886568\/","https:\/\/x.com\/LosPoliticosVer"]},{"@type":"Person","@id":"https:\/\/lospoliticosveracruz.com\/#\/schema\/person\/b8702bb0e538456e6efd07080bf2a4a2","name":"Lo viste en Los Pol\u00edticos","image":{"@type":"ImageObject","inLanguage":"es","@id":"https:\/\/secure.gravatar.com\/avatar\/3a8de04a2656d44082be478bd6c086daa447c4651605818287b9532d3d0bd435?s=96&d=mm&r=g","url":"https:\/\/secure.gravatar.com\/avatar\/3a8de04a2656d44082be478bd6c086daa447c4651605818287b9532d3d0bd435?s=96&d=mm&r=g","contentUrl":"https:\/\/secure.gravatar.com\/avatar\/3a8de04a2656d44082be478bd6c086daa447c4651605818287b9532d3d0bd435?s=96&d=mm&r=g","caption":"Lo viste en Los Pol\u00edticos"},"url":"https:\/\/lospoliticosveracruz.com\/?author=2"}]}},"_links":{"self":[{"href":"https:\/\/lospoliticosveracruz.com\/index.php?rest_route=\/wp\/v2\/posts\/70173","targetHints":{"allow":["GET"]}}],"collection":[{"href":"https:\/\/lospoliticosveracruz.com\/index.php?rest_route=\/wp\/v2\/posts"}],"about":[{"href":"https:\/\/lospoliticosveracruz.com\/index.php?rest_route=\/wp\/v2\/types\/post"}],"author":[{"embeddable":true,"href":"https:\/\/lospoliticosveracruz.com\/index.php?rest_route=\/wp\/v2\/users\/2"}],"replies":[{"embeddable":true,"href":"https:\/\/lospoliticosveracruz.com\/index.php?rest_route=%2Fwp%2Fv2%2Fcomments&post=70173"}],"version-history":[{"count":1,"href":"https:\/\/lospoliticosveracruz.com\/index.php?rest_route=\/wp\/v2\/posts\/70173\/revisions"}],"predecessor-version":[{"id":70174,"href":"https:\/\/lospoliticosveracruz.com\/index.php?rest_route=\/wp\/v2\/posts\/70173\/revisions\/70174"}],"wp:attachment":[{"href":"https:\/\/lospoliticosveracruz.com\/index.php?rest_route=%2Fwp%2Fv2%2Fmedia&parent=70173"}],"wp:term":[{"taxonomy":"category","embeddable":true,"href":"https:\/\/lospoliticosveracruz.com\/index.php?rest_route=%2Fwp%2Fv2%2Fcategories&post=70173"},{"taxonomy":"post_tag","embeddable":true,"href":"https:\/\/lospoliticosveracruz.com\/index.php?rest_route=%2Fwp%2Fv2%2Ftags&post=70173"}],"curies":[{"name":"wp","href":"https:\/\/api.w.org\/{rel}","templated":true}]}}