{"id":70213,"date":"2021-03-29T07:41:30","date_gmt":"2021-03-29T13:41:30","guid":{"rendered":"http:\/\/www.lospoliticosveracruz.com.mx\/?p=70213"},"modified":"2021-03-29T07:41:35","modified_gmt":"2021-03-29T13:41:35","slug":"hugo-gutierrez-y-su-discurso","status":"publish","type":"post","link":"https:\/\/lospoliticosveracruz.com\/?p=70213","title":{"rendered":"Hugo Guti\u00e9rrez y su discurso"},"content":{"rendered":"\n<p><strong>Enrique Yasser Pompeyo<\/strong><\/p>\n\n\n\n<p><em>Mesa de Redacci\u00f3n<br><\/em><\/p>\n\n\n\n<p>A pesar de que este s\u00e1bado el secretario de Seguridad P\u00fablica de Veracruz, Hugo Guti\u00e9rrez Maldonado dio a conocer cifras alegres, la realidad le vuelve a tirar su discurso de papel.<br><\/p>\n\n\n\n<div class=\"wp-block-image\"><figure class=\"alignleft size-large\"><a href=\"http:\/\/www.lospoliticosveracruz.com.mx\/wp-content\/uploads\/2021\/03\/Predial-Cordoba.png\"><img decoding=\"async\" src=\"http:\/\/www.lospoliticosveracruz.com.mx\/wp-content\/uploads\/2021\/03\/Predial-Cordoba.png\" alt=\"\" class=\"wp-image-69841\"\/><\/a><\/figure><\/div>\n\n\n\n<p>La inseguridad y la violencia contin\u00faan; los hechos sangrientos no paran. Este fin de semana no fue la excepci\u00f3n.<br>Para muestra, unos cuantos casos. En Nogales fueron encontrados los cuerpos descuartizados de dos personas.<br>El macabro hallazgo se hizo en la calle Hidalgo de la colonia Aquiles Serd\u00e1n. Se trata de los restos de un hombre y de una mujer.<br>En el sur del estado, en el municipio de Isla, un var\u00f3n fue asesinado dentro de su domicilio en la localidad El \u00d1ape.<br>En el municipio de Papantla, dos personas del sexo femenino fueron baleadas. Una profesora de primaria fue ejecutada y una menor de edad result\u00f3 herida.<br>Los tres hechos que se registraron en diferentes municipios, fueron el mismo s\u00e1bado, tan s\u00f3lo unas horas despu\u00e9s de que el funcionario estatal informara del supuesto trabajo que realizan.<br>Los veracruzanos se preguntan, \u00bfcu\u00e1l es el trabajo que dicen que hacen las autoridades para la construcci\u00f3n de la paz?<br>Estos cr\u00edmenes rompen la burbuja en la que se encuentra Hugo Guti\u00e9rrez Maldonado y las dem\u00e1s autoridades. La ola de violencia en Veracruz crece, a pesar de que insistan en negarlo. Los hechos as\u00ed lo demuestran.<br>Por cierto, a pesar de que se pretenda sesgar o manipular la cifra de feminicidios que se cometen en territorio veracruzano, lo cierto es que las agresiones hacia las mujeres contin\u00faan.<br>No se debe olvidar que las fiscal\u00edas y procuradur\u00edas de justicia en el pa\u00eds acordaron modificar los criterios para calificar el asesinato de una mujer como homicidio o feminicidio, lo que en autom\u00e1tico reduce las cifras y que es lo que al parecer s\u00f3lo les preocupa a las autoridades.<br>Desafortunadamente para las veracruzanas, las autoridades poco o nada hacen para atender y erradicar el problema. S\u00f3lo existe un falso discurso y una actitud indolente.<\/p>\n\n\n\n<p><strong>VA PRD CONTRA DISPENDIO DEL GOBIERNO EN CAMPA\u00d1AS<br><\/strong>A no ser pasivos y no quedarse callados ante el derrumbe de M\u00e9xico y de Veracruz, ni ser apacibles y aceptar que ocurra el peor escenario posible, fue el llamado de Sergio Cadena Mart\u00ednez, presidente de la Direcci\u00f3n Estatal Ejecutiva del PRD en Veracruz a los militantes y simpatizantes, pero tambi\u00e9n a la sociedad que hoy padece la ambici\u00f3n desmedida del partido en el poder.<br>En los 71 d\u00edas previos a la jornada electoral, el PRD enfrentar\u00e1 una contienda desigual con la \u201cintervenci\u00f3n indebida\u201d de los gobiernos federal y estatal y los arrebatos del partido en el poder, recordando que en los \u00faltimos dos a\u00f1os, los gobiernos de Morena han mostrado su verdadero rostro: \u201cSon autoritarios e ignorantes, dispuestos a destruir a M\u00e9xico y a Veracruz con malos resultados y peores intenciones. La ambici\u00f3n es el motor de los gobiernos de Morena y buscar\u00e1n no perder el poder. Lo har\u00e1n repartiendo recursos, despensas y otras d\u00e1divas; tambi\u00e9n har\u00e1n uso de la amenaza para obligar a quienes reciben apoyos del gobierno a votar por ellos; son los responsables de los quiebres econ\u00f3micos, del fracaso nacional ante la pandemia con m\u00e1s de 200 mil muertos en un a\u00f1o; desempleo insuperable, aumento de la pobreza, violencia creciente y desv\u00edo de recursos con miles de millones de pesos sin comprobar\u201d.<br>Dijo que los candidatos participar\u00e1n en un proceso electoral hist\u00f3rico conscientes de que con su participaci\u00f3n determinar\u00e1n el futuro del pa\u00eds y el destino de Veracruz, por lo que una acci\u00f3n relevante fue la renovaci\u00f3n de sus comit\u00e9s municipales, lo que les ha dado la oportunidad de una mejor comunicaci\u00f3n interna y garantizar el activismo partidista en todo el estado. \u201cEl PRD no ser\u00e1 omiso ante esta situaci\u00f3n; no nos vamos a quedar callados ante las trampas electorales y los abusos desde el gobierno, actuaremos como un partido activo, como una fuerza pol\u00edtica en movimiento, con todas sus estructuras apoyando la difusi\u00f3n de mensajes a la sociedad sobre el da\u00f1o que implica para las familias veracruzanas los enga\u00f1os y los malos resultados de Morena y sus gobiernos\u201d.<br>Cadena Mart\u00ednez dijo que movilizar\u00e1n todas las estructuras del partido: integrantes de la dirigencia estatal, comit\u00e9s municipales, grupos partidistas y organizaciones afines, consejeros pol\u00edticos y militancia activa para interactuar, para denunciar situaciones irregulares con oportunidad, para participar en las campa\u00f1as de sus candidatos y lograr un posicionamiento del PRD y de las propuestas sociales, legislativas y municipalistas que promueven. \u201cEstoy absolutamente seguro que, si cerramos filas, luchamos y nos esforzamos juntos, el perredismo veracruzano saldr\u00e1 victorioso\u201d.<br>Sergio Cadena a nombre de la DEE se pronunci\u00f3 acerca del tema del exdirigente y l\u00edder Rogelio Franco, de quien dijo: \u201cSeguimos en pie de lucha ante el abuso del poder que tiene encarcelado a nuestro compa\u00f1ero y amigo, Rogelio Franco Cast\u00e1n. Es preso pol\u00edtico del gobierno de Morena que pretende intimidar y disminuir a la oposici\u00f3n que representamos y que les preocupa. La liberaci\u00f3n de Rogelio es una causa del partido en la que seremos insistentes hasta lograrlo\u201d.<\/p>\n\n\n\n<p>enriquepompeyo@hotmail.com<\/p>\n","protected":false},"excerpt":{"rendered":"<p>Enrique Yasser Pompeyo Mesa de Redacci\u00f3n A pesar de que este s\u00e1bado el secretario de Seguridad P\u00fablica de Veracruz, Hugo Guti\u00e9rrez Maldonado dio a conocer cifras alegres, la realidad le vuelve a tirar su discurso de papel. La inseguridad y la violencia contin\u00faan; los hechos sangrientos no paran. Este fin de semana no fue la [&hellip;]<\/p>\n","protected":false},"author":2,"featured_media":0,"comment_status":"closed","ping_status":"closed","sticky":false,"template":"","format":"standard","meta":{"tdm_status":"","tdm_grid_status":"","footnotes":""},"categories":[70],"tags":[15477,826,13303,196,14253,107,177,7887,463],"class_list":{"0":"post-70213","1":"post","2":"type-post","3":"status-publish","4":"format-standard","6":"category-de-opinion","7":"tag-enrique-yasser-pompeyo","8":"tag-feminicidios","9":"tag-hugo-gutierrez-maldonado","10":"tag-inseguridad","11":"tag-ola-de-violencia","12":"tag-prd","13":"tag-seguridad-publica","14":"tag-sergio-cadena-martinez","15":"tag-violencia"},"yoast_head":"<!-- This site is optimized with the Yoast SEO plugin v27.4 - https:\/\/yoast.com\/product\/yoast-seo-wordpress\/ -->\n<title>Hugo Guti\u00e9rrez y su discurso - Los pol\u00edticos Veracruz<\/title>\n<meta name=\"robots\" content=\"index, follow, max-snippet:-1, max-image-preview:large, max-video-preview:-1\" \/>\n<link rel=\"canonical\" href=\"https:\/\/lospoliticosveracruz.com\/?p=70213\" \/>\n<meta property=\"og:locale\" content=\"es_ES\" \/>\n<meta property=\"og:type\" content=\"article\" \/>\n<meta property=\"og:title\" content=\"Hugo Guti\u00e9rrez y su discurso - Los pol\u00edticos Veracruz\" \/>\n<meta property=\"og:description\" content=\"Enrique Yasser Pompeyo Mesa de Redacci\u00f3n A pesar de que este s\u00e1bado el secretario de Seguridad P\u00fablica de Veracruz, Hugo Guti\u00e9rrez Maldonado dio a conocer cifras alegres, la realidad le vuelve a tirar su discurso de papel. La inseguridad y la violencia contin\u00faan; los hechos sangrientos no paran. Este fin de semana no fue la [&hellip;]\" \/>\n<meta property=\"og:url\" content=\"https:\/\/lospoliticosveracruz.com\/?p=70213\" \/>\n<meta property=\"og:site_name\" content=\"Los pol\u00edticos Veracruz\" \/>\n<meta property=\"article:publisher\" content=\"https:\/\/www.facebook.com\/people\/Notimemes-de-los-Polticos\/61565672886568\/\" \/>\n<meta property=\"article:published_time\" content=\"2021-03-29T13:41:30+00:00\" \/>\n<meta property=\"article:modified_time\" content=\"2021-03-29T13:41:35+00:00\" \/>\n<meta property=\"og:image\" content=\"http:\/\/www.lospoliticosveracruz.com.mx\/wp-content\/uploads\/2021\/03\/Predial-Cordoba.png\" \/>\n<meta name=\"author\" content=\"Lo viste en Los Pol\u00edticos\" \/>\n<meta name=\"twitter:card\" content=\"summary_large_image\" \/>\n<meta name=\"twitter:creator\" content=\"@LosPoliticosVer\" \/>\n<meta name=\"twitter:site\" content=\"@LosPoliticosVer\" \/>\n<meta name=\"twitter:label1\" content=\"Escrito por\" \/>\n\t<meta name=\"twitter:data1\" content=\"Lo viste en Los Pol\u00edticos\" \/>\n\t<meta name=\"twitter:label2\" content=\"Tiempo de lectura\" \/>\n\t<meta name=\"twitter:data2\" content=\"5 minutos\" \/>\n<script type=\"application\/ld+json\" class=\"yoast-schema-graph\">{\"@context\":\"https:\\\/\\\/schema.org\",\"@graph\":[{\"@type\":\"Article\",\"@id\":\"https:\\\/\\\/lospoliticosveracruz.com\\\/?p=70213#article\",\"isPartOf\":{\"@id\":\"https:\\\/\\\/lospoliticosveracruz.com\\\/?p=70213\"},\"author\":{\"name\":\"Lo viste en Los Pol\u00edticos\",\"@id\":\"https:\\\/\\\/lospoliticosveracruz.com\\\/#\\\/schema\\\/person\\\/b8702bb0e538456e6efd07080bf2a4a2\"},\"headline\":\"Hugo Guti\u00e9rrez y su discurso\",\"datePublished\":\"2021-03-29T13:41:30+00:00\",\"dateModified\":\"2021-03-29T13:41:35+00:00\",\"mainEntityOfPage\":{\"@id\":\"https:\\\/\\\/lospoliticosveracruz.com\\\/?p=70213\"},\"wordCount\":916,\"publisher\":{\"@id\":\"https:\\\/\\\/lospoliticosveracruz.com\\\/#organization\"},\"image\":{\"@id\":\"https:\\\/\\\/lospoliticosveracruz.com\\\/?p=70213#primaryimage\"},\"thumbnailUrl\":\"http:\\\/\\\/www.lospoliticosveracruz.com.mx\\\/wp-content\\\/uploads\\\/2021\\\/03\\\/Predial-Cordoba.png\",\"keywords\":[\"Enrique Yasser Pompeyo\",\"feminicidios\",\"Hugo Guti\u00e9rrez Maldonado\",\"inseguridad\",\"ola de violencia\",\"PRD\",\"Seguridad P\u00fablica\",\"Sergio Cadena Mart\u00ednez\",\"violencia\"],\"articleSection\":[\"De Opini\u00f3n\"],\"inLanguage\":\"es\"},{\"@type\":\"WebPage\",\"@id\":\"https:\\\/\\\/lospoliticosveracruz.com\\\/?p=70213\",\"url\":\"https:\\\/\\\/lospoliticosveracruz.com\\\/?p=70213\",\"name\":\"Hugo Guti\u00e9rrez y su discurso - Los pol\u00edticos Veracruz\",\"isPartOf\":{\"@id\":\"https:\\\/\\\/lospoliticosveracruz.com\\\/#website\"},\"primaryImageOfPage\":{\"@id\":\"https:\\\/\\\/lospoliticosveracruz.com\\\/?p=70213#primaryimage\"},\"image\":{\"@id\":\"https:\\\/\\\/lospoliticosveracruz.com\\\/?p=70213#primaryimage\"},\"thumbnailUrl\":\"http:\\\/\\\/www.lospoliticosveracruz.com.mx\\\/wp-content\\\/uploads\\\/2021\\\/03\\\/Predial-Cordoba.png\",\"datePublished\":\"2021-03-29T13:41:30+00:00\",\"dateModified\":\"2021-03-29T13:41:35+00:00\",\"breadcrumb\":{\"@id\":\"https:\\\/\\\/lospoliticosveracruz.com\\\/?p=70213#breadcrumb\"},\"inLanguage\":\"es\",\"potentialAction\":[{\"@type\":\"ReadAction\",\"target\":[\"https:\\\/\\\/lospoliticosveracruz.com\\\/?p=70213\"]}]},{\"@type\":\"ImageObject\",\"inLanguage\":\"es\",\"@id\":\"https:\\\/\\\/lospoliticosveracruz.com\\\/?p=70213#primaryimage\",\"url\":\"http:\\\/\\\/www.lospoliticosveracruz.com.mx\\\/wp-content\\\/uploads\\\/2021\\\/03\\\/Predial-Cordoba.png\",\"contentUrl\":\"http:\\\/\\\/www.lospoliticosveracruz.com.mx\\\/wp-content\\\/uploads\\\/2021\\\/03\\\/Predial-Cordoba.png\"},{\"@type\":\"BreadcrumbList\",\"@id\":\"https:\\\/\\\/lospoliticosveracruz.com\\\/?p=70213#breadcrumb\",\"itemListElement\":[{\"@type\":\"ListItem\",\"position\":1,\"name\":\"Portada\",\"item\":\"https:\\\/\\\/lospoliticosveracruz.com\\\/\"},{\"@type\":\"ListItem\",\"position\":2,\"name\":\"Hugo Guti\u00e9rrez y su discurso\"}]},{\"@type\":\"WebSite\",\"@id\":\"https:\\\/\\\/lospoliticosveracruz.com\\\/#website\",\"url\":\"https:\\\/\\\/lospoliticosveracruz.com\\\/\",\"name\":\"Los pol\u00edticos Veracruz\",\"description\":\"\",\"publisher\":{\"@id\":\"https:\\\/\\\/lospoliticosveracruz.com\\\/#organization\"},\"potentialAction\":[{\"@type\":\"SearchAction\",\"target\":{\"@type\":\"EntryPoint\",\"urlTemplate\":\"https:\\\/\\\/lospoliticosveracruz.com\\\/?s={search_term_string}\"},\"query-input\":{\"@type\":\"PropertyValueSpecification\",\"valueRequired\":true,\"valueName\":\"search_term_string\"}}],\"inLanguage\":\"es\"},{\"@type\":\"Organization\",\"@id\":\"https:\\\/\\\/lospoliticosveracruz.com\\\/#organization\",\"name\":\"Los pol\u00edticos Veracruz\",\"url\":\"https:\\\/\\\/lospoliticosveracruz.com\\\/\",\"logo\":{\"@type\":\"ImageObject\",\"inLanguage\":\"es\",\"@id\":\"https:\\\/\\\/lospoliticosveracruz.com\\\/#\\\/schema\\\/logo\\\/image\\\/\",\"url\":\"https:\\\/\\\/lospoliticosveracruz.com\\\/wp-content\\\/uploads\\\/2025\\\/12\\\/Logo-Nuevo-LOS-POLITICOS-1.jpg\",\"contentUrl\":\"https:\\\/\\\/lospoliticosveracruz.com\\\/wp-content\\\/uploads\\\/2025\\\/12\\\/Logo-Nuevo-LOS-POLITICOS-1.jpg\",\"width\":260,\"height\":70,\"caption\":\"Los pol\u00edticos Veracruz\"},\"image\":{\"@id\":\"https:\\\/\\\/lospoliticosveracruz.com\\\/#\\\/schema\\\/logo\\\/image\\\/\"},\"sameAs\":[\"https:\\\/\\\/www.facebook.com\\\/people\\\/Notimemes-de-los-Polticos\\\/61565672886568\\\/\",\"https:\\\/\\\/x.com\\\/LosPoliticosVer\"]},{\"@type\":\"Person\",\"@id\":\"https:\\\/\\\/lospoliticosveracruz.com\\\/#\\\/schema\\\/person\\\/b8702bb0e538456e6efd07080bf2a4a2\",\"name\":\"Lo viste en Los Pol\u00edticos\",\"image\":{\"@type\":\"ImageObject\",\"inLanguage\":\"es\",\"@id\":\"https:\\\/\\\/secure.gravatar.com\\\/avatar\\\/3a8de04a2656d44082be478bd6c086daa447c4651605818287b9532d3d0bd435?s=96&d=mm&r=g\",\"url\":\"https:\\\/\\\/secure.gravatar.com\\\/avatar\\\/3a8de04a2656d44082be478bd6c086daa447c4651605818287b9532d3d0bd435?s=96&d=mm&r=g\",\"contentUrl\":\"https:\\\/\\\/secure.gravatar.com\\\/avatar\\\/3a8de04a2656d44082be478bd6c086daa447c4651605818287b9532d3d0bd435?s=96&d=mm&r=g\",\"caption\":\"Lo viste en Los Pol\u00edticos\"},\"url\":\"https:\\\/\\\/lospoliticosveracruz.com\\\/?author=2\"}]}<\/script>\n<!-- \/ Yoast SEO plugin. -->","yoast_head_json":{"title":"Hugo Guti\u00e9rrez y su discurso - Los pol\u00edticos Veracruz","robots":{"index":"index","follow":"follow","max-snippet":"max-snippet:-1","max-image-preview":"max-image-preview:large","max-video-preview":"max-video-preview:-1"},"canonical":"https:\/\/lospoliticosveracruz.com\/?p=70213","og_locale":"es_ES","og_type":"article","og_title":"Hugo Guti\u00e9rrez y su discurso - Los pol\u00edticos Veracruz","og_description":"Enrique Yasser Pompeyo Mesa de Redacci\u00f3n A pesar de que este s\u00e1bado el secretario de Seguridad P\u00fablica de Veracruz, Hugo Guti\u00e9rrez Maldonado dio a conocer cifras alegres, la realidad le vuelve a tirar su discurso de papel. La inseguridad y la violencia contin\u00faan; los hechos sangrientos no paran. Este fin de semana no fue la [&hellip;]","og_url":"https:\/\/lospoliticosveracruz.com\/?p=70213","og_site_name":"Los pol\u00edticos Veracruz","article_publisher":"https:\/\/www.facebook.com\/people\/Notimemes-de-los-Polticos\/61565672886568\/","article_published_time":"2021-03-29T13:41:30+00:00","article_modified_time":"2021-03-29T13:41:35+00:00","og_image":[{"url":"http:\/\/www.lospoliticosveracruz.com.mx\/wp-content\/uploads\/2021\/03\/Predial-Cordoba.png","type":"","width":"","height":""}],"author":"Lo viste en Los Pol\u00edticos","twitter_card":"summary_large_image","twitter_creator":"@LosPoliticosVer","twitter_site":"@LosPoliticosVer","twitter_misc":{"Escrito por":"Lo viste en Los Pol\u00edticos","Tiempo de lectura":"5 minutos"},"schema":{"@context":"https:\/\/schema.org","@graph":[{"@type":"Article","@id":"https:\/\/lospoliticosveracruz.com\/?p=70213#article","isPartOf":{"@id":"https:\/\/lospoliticosveracruz.com\/?p=70213"},"author":{"name":"Lo viste en Los Pol\u00edticos","@id":"https:\/\/lospoliticosveracruz.com\/#\/schema\/person\/b8702bb0e538456e6efd07080bf2a4a2"},"headline":"Hugo Guti\u00e9rrez y su discurso","datePublished":"2021-03-29T13:41:30+00:00","dateModified":"2021-03-29T13:41:35+00:00","mainEntityOfPage":{"@id":"https:\/\/lospoliticosveracruz.com\/?p=70213"},"wordCount":916,"publisher":{"@id":"https:\/\/lospoliticosveracruz.com\/#organization"},"image":{"@id":"https:\/\/lospoliticosveracruz.com\/?p=70213#primaryimage"},"thumbnailUrl":"http:\/\/www.lospoliticosveracruz.com.mx\/wp-content\/uploads\/2021\/03\/Predial-Cordoba.png","keywords":["Enrique Yasser Pompeyo","feminicidios","Hugo Guti\u00e9rrez Maldonado","inseguridad","ola de violencia","PRD","Seguridad P\u00fablica","Sergio Cadena Mart\u00ednez","violencia"],"articleSection":["De Opini\u00f3n"],"inLanguage":"es"},{"@type":"WebPage","@id":"https:\/\/lospoliticosveracruz.com\/?p=70213","url":"https:\/\/lospoliticosveracruz.com\/?p=70213","name":"Hugo Guti\u00e9rrez y su discurso - Los pol\u00edticos Veracruz","isPartOf":{"@id":"https:\/\/lospoliticosveracruz.com\/#website"},"primaryImageOfPage":{"@id":"https:\/\/lospoliticosveracruz.com\/?p=70213#primaryimage"},"image":{"@id":"https:\/\/lospoliticosveracruz.com\/?p=70213#primaryimage"},"thumbnailUrl":"http:\/\/www.lospoliticosveracruz.com.mx\/wp-content\/uploads\/2021\/03\/Predial-Cordoba.png","datePublished":"2021-03-29T13:41:30+00:00","dateModified":"2021-03-29T13:41:35+00:00","breadcrumb":{"@id":"https:\/\/lospoliticosveracruz.com\/?p=70213#breadcrumb"},"inLanguage":"es","potentialAction":[{"@type":"ReadAction","target":["https:\/\/lospoliticosveracruz.com\/?p=70213"]}]},{"@type":"ImageObject","inLanguage":"es","@id":"https:\/\/lospoliticosveracruz.com\/?p=70213#primaryimage","url":"http:\/\/www.lospoliticosveracruz.com.mx\/wp-content\/uploads\/2021\/03\/Predial-Cordoba.png","contentUrl":"http:\/\/www.lospoliticosveracruz.com.mx\/wp-content\/uploads\/2021\/03\/Predial-Cordoba.png"},{"@type":"BreadcrumbList","@id":"https:\/\/lospoliticosveracruz.com\/?p=70213#breadcrumb","itemListElement":[{"@type":"ListItem","position":1,"name":"Portada","item":"https:\/\/lospoliticosveracruz.com\/"},{"@type":"ListItem","position":2,"name":"Hugo Guti\u00e9rrez y su discurso"}]},{"@type":"WebSite","@id":"https:\/\/lospoliticosveracruz.com\/#website","url":"https:\/\/lospoliticosveracruz.com\/","name":"Los pol\u00edticos Veracruz","description":"","publisher":{"@id":"https:\/\/lospoliticosveracruz.com\/#organization"},"potentialAction":[{"@type":"SearchAction","target":{"@type":"EntryPoint","urlTemplate":"https:\/\/lospoliticosveracruz.com\/?s={search_term_string}"},"query-input":{"@type":"PropertyValueSpecification","valueRequired":true,"valueName":"search_term_string"}}],"inLanguage":"es"},{"@type":"Organization","@id":"https:\/\/lospoliticosveracruz.com\/#organization","name":"Los pol\u00edticos Veracruz","url":"https:\/\/lospoliticosveracruz.com\/","logo":{"@type":"ImageObject","inLanguage":"es","@id":"https:\/\/lospoliticosveracruz.com\/#\/schema\/logo\/image\/","url":"https:\/\/lospoliticosveracruz.com\/wp-content\/uploads\/2025\/12\/Logo-Nuevo-LOS-POLITICOS-1.jpg","contentUrl":"https:\/\/lospoliticosveracruz.com\/wp-content\/uploads\/2025\/12\/Logo-Nuevo-LOS-POLITICOS-1.jpg","width":260,"height":70,"caption":"Los pol\u00edticos Veracruz"},"image":{"@id":"https:\/\/lospoliticosveracruz.com\/#\/schema\/logo\/image\/"},"sameAs":["https:\/\/www.facebook.com\/people\/Notimemes-de-los-Polticos\/61565672886568\/","https:\/\/x.com\/LosPoliticosVer"]},{"@type":"Person","@id":"https:\/\/lospoliticosveracruz.com\/#\/schema\/person\/b8702bb0e538456e6efd07080bf2a4a2","name":"Lo viste en Los Pol\u00edticos","image":{"@type":"ImageObject","inLanguage":"es","@id":"https:\/\/secure.gravatar.com\/avatar\/3a8de04a2656d44082be478bd6c086daa447c4651605818287b9532d3d0bd435?s=96&d=mm&r=g","url":"https:\/\/secure.gravatar.com\/avatar\/3a8de04a2656d44082be478bd6c086daa447c4651605818287b9532d3d0bd435?s=96&d=mm&r=g","contentUrl":"https:\/\/secure.gravatar.com\/avatar\/3a8de04a2656d44082be478bd6c086daa447c4651605818287b9532d3d0bd435?s=96&d=mm&r=g","caption":"Lo viste en Los Pol\u00edticos"},"url":"https:\/\/lospoliticosveracruz.com\/?author=2"}]}},"_links":{"self":[{"href":"https:\/\/lospoliticosveracruz.com\/index.php?rest_route=\/wp\/v2\/posts\/70213","targetHints":{"allow":["GET"]}}],"collection":[{"href":"https:\/\/lospoliticosveracruz.com\/index.php?rest_route=\/wp\/v2\/posts"}],"about":[{"href":"https:\/\/lospoliticosveracruz.com\/index.php?rest_route=\/wp\/v2\/types\/post"}],"author":[{"embeddable":true,"href":"https:\/\/lospoliticosveracruz.com\/index.php?rest_route=\/wp\/v2\/users\/2"}],"replies":[{"embeddable":true,"href":"https:\/\/lospoliticosveracruz.com\/index.php?rest_route=%2Fwp%2Fv2%2Fcomments&post=70213"}],"version-history":[{"count":1,"href":"https:\/\/lospoliticosveracruz.com\/index.php?rest_route=\/wp\/v2\/posts\/70213\/revisions"}],"predecessor-version":[{"id":70215,"href":"https:\/\/lospoliticosveracruz.com\/index.php?rest_route=\/wp\/v2\/posts\/70213\/revisions\/70215"}],"wp:attachment":[{"href":"https:\/\/lospoliticosveracruz.com\/index.php?rest_route=%2Fwp%2Fv2%2Fmedia&parent=70213"}],"wp:term":[{"taxonomy":"category","embeddable":true,"href":"https:\/\/lospoliticosveracruz.com\/index.php?rest_route=%2Fwp%2Fv2%2Fcategories&post=70213"},{"taxonomy":"post_tag","embeddable":true,"href":"https:\/\/lospoliticosveracruz.com\/index.php?rest_route=%2Fwp%2Fv2%2Ftags&post=70213"}],"curies":[{"name":"wp","href":"https:\/\/api.w.org\/{rel}","templated":true}]}}