{"id":70225,"date":"2021-03-29T10:02:42","date_gmt":"2021-03-29T16:02:42","guid":{"rendered":"http:\/\/www.lospoliticosveracruz.com.mx\/?p=70225"},"modified":"2021-03-29T10:02:45","modified_gmt":"2021-03-29T16:02:45","slug":"reacciona-fiscal-al-costalazo-en-las-choapas","status":"publish","type":"post","link":"https:\/\/lospoliticosveracruz.com\/?p=70225","title":{"rendered":"Reacciona Fiscal al Costalazo en Las Choapas"},"content":{"rendered":"\n<p><em>Pronunciamiento de la Fiscal General del Estado, Ver\u00f3nica Hern\u00e1ndez Giad\u00e1ns<\/em><br><strong>Xalapa, Ver. 29 de marzo de 2021<br><\/strong>\u00a0<br>Como Fiscal General quiero informar que derivado de los hechos denunciados justificadamente por el colectivo \u201cMadres en B\u00fasqueda Coatzacoalcos\u201d, he instruido cambios en la Sub Unidad Integral de Procuraci\u00f3n de Justicia en Las Choapas, Veracruz, para designar como fiscal encargada a la licenciada Jessica Lizbeth Orozco Prescenda.<br>Asimismo, hago del conocimiento a la opini\u00f3n p\u00fablica que se han iniciado las investigaciones para establecer las responsabilidades administrativas y se ha aperturado la carpeta de investigaci\u00f3n FGE\/FIM\/16\/2021 para fincar las probables responsabilidades penales en contra de los servidores p\u00fablicos que violentaron la Ley General de V\u00edctimas y los protocolos homologados de b\u00fasqueda e investigaci\u00f3n.<br>Como es nuestra obligaci\u00f3n, en la Fiscal\u00eda General nos regimos bajo una actuaci\u00f3n objetiva y en defensa de la legalidad y el inter\u00e9s p\u00fablico, no ser\u00e1 la excepci\u00f3n en este caso en donde fueron violados los protocolos avalados por instancias federales y estatales, que de acuerdo con la ley y con respeto a los derechos humanos de las v\u00edctimas, se deben seguir al momento de la entrega digna de personas fallecidas.<br>Hago extensiva mi solidaridad hacia la familia afectada y reafirmo mi compromiso para combatir cualquier pr\u00e1ctica que violente los derechos de las v\u00edctimas.<br>Refrendo mi compromiso de trabajar de la mano de los familiares y v\u00edctimas de delitos y les aseguro que se efect\u00faan las diligencias necesarias para imponer sanciones ejemplares que eviten la repetici\u00f3n de tan lamentables hechos.<br>Reitero mi exigencia hacia las y los servidores p\u00fablicos de esta instituci\u00f3n para que se apeguen estrictamente a la Ley y la apliquen con sensibilidad y respeto a los derechos humanos.<br>No tolerar\u00e9 una sola conducta que se aparte de los principios que rigen a la instituci\u00f3n que represento.<\/p>\n","protected":false},"excerpt":{"rendered":"<p>Pronunciamiento de la Fiscal General del Estado, Ver\u00f3nica Hern\u00e1ndez Giad\u00e1nsXalapa, Ver. 29 de marzo de 2021\u00a0Como Fiscal General quiero informar que derivado de los hechos denunciados justificadamente por el colectivo \u201cMadres en B\u00fasqueda Coatzacoalcos\u201d, he instruido cambios en la Sub Unidad Integral de Procuraci\u00f3n de Justicia en Las Choapas, Veracruz, para designar como fiscal encargada [&hellip;]<\/p>\n","protected":false},"author":2,"featured_media":0,"comment_status":"closed","ping_status":"closed","sticky":false,"template":"","format":"standard","meta":{"tdm_status":"","tdm_grid_status":"","footnotes":""},"categories":[73],"tags":[12261,27041,3628,7224,27042,195,15165],"class_list":{"0":"post-70225","1":"post","2":"type-post","3":"status-publish","4":"format-standard","6":"category-de-boleto","7":"tag-fiscalia-general","8":"tag-jessica-lizbeth-orozco-prescenda","9":"tag-las-choapas","10":"tag-ley-general-de-victimas","11":"tag-madres-en-busqueda-coatzacoalcos","12":"tag-veracruz","13":"tag-veronica-hernandez-giadans"},"yoast_head":"<!-- This site is optimized with the Yoast SEO plugin v27.4 - https:\/\/yoast.com\/product\/yoast-seo-wordpress\/ -->\n<title>Reacciona Fiscal al Costalazo en Las Choapas - Los pol\u00edticos Veracruz<\/title>\n<meta name=\"robots\" content=\"index, follow, max-snippet:-1, max-image-preview:large, max-video-preview:-1\" \/>\n<link rel=\"canonical\" href=\"https:\/\/lospoliticosveracruz.com\/?p=70225\" \/>\n<meta property=\"og:locale\" content=\"es_ES\" \/>\n<meta property=\"og:type\" content=\"article\" \/>\n<meta property=\"og:title\" content=\"Reacciona Fiscal al Costalazo en Las Choapas - Los pol\u00edticos Veracruz\" \/>\n<meta property=\"og:description\" content=\"Pronunciamiento de la Fiscal General del Estado, Ver\u00f3nica Hern\u00e1ndez Giad\u00e1nsXalapa, Ver. 29 de marzo de 2021\u00a0Como Fiscal General quiero informar que derivado de los hechos denunciados justificadamente por el colectivo \u201cMadres en B\u00fasqueda Coatzacoalcos\u201d, he instruido cambios en la Sub Unidad Integral de Procuraci\u00f3n de Justicia en Las Choapas, Veracruz, para designar como fiscal encargada [&hellip;]\" \/>\n<meta property=\"og:url\" content=\"https:\/\/lospoliticosveracruz.com\/?p=70225\" \/>\n<meta property=\"og:site_name\" content=\"Los pol\u00edticos Veracruz\" \/>\n<meta property=\"article:publisher\" content=\"https:\/\/www.facebook.com\/people\/Notimemes-de-los-Polticos\/61565672886568\/\" \/>\n<meta property=\"article:published_time\" content=\"2021-03-29T16:02:42+00:00\" \/>\n<meta property=\"article:modified_time\" content=\"2021-03-29T16:02:45+00:00\" \/>\n<meta property=\"og:image\" content=\"https:\/\/lospoliticosveracruz.com\/wp-content\/uploads\/2016\/07\/Logo-Dor.jpg\" \/>\n\t<meta property=\"og:image:width\" content=\"200\" \/>\n\t<meta property=\"og:image:height\" content=\"200\" \/>\n\t<meta property=\"og:image:type\" content=\"image\/jpeg\" \/>\n<meta name=\"author\" content=\"Lo viste en Los Pol\u00edticos\" \/>\n<meta name=\"twitter:card\" content=\"summary_large_image\" \/>\n<meta name=\"twitter:creator\" content=\"@LosPoliticosVer\" \/>\n<meta name=\"twitter:site\" content=\"@LosPoliticosVer\" \/>\n<meta name=\"twitter:label1\" content=\"Escrito por\" \/>\n\t<meta name=\"twitter:data1\" content=\"Lo viste en Los Pol\u00edticos\" \/>\n\t<meta name=\"twitter:label2\" content=\"Tiempo de lectura\" \/>\n\t<meta name=\"twitter:data2\" content=\"2 minutos\" \/>\n<script type=\"application\/ld+json\" class=\"yoast-schema-graph\">{\"@context\":\"https:\\\/\\\/schema.org\",\"@graph\":[{\"@type\":\"Article\",\"@id\":\"https:\\\/\\\/lospoliticosveracruz.com\\\/?p=70225#article\",\"isPartOf\":{\"@id\":\"https:\\\/\\\/lospoliticosveracruz.com\\\/?p=70225\"},\"author\":{\"name\":\"Lo viste en Los Pol\u00edticos\",\"@id\":\"https:\\\/\\\/lospoliticosveracruz.com\\\/#\\\/schema\\\/person\\\/b8702bb0e538456e6efd07080bf2a4a2\"},\"headline\":\"Reacciona Fiscal al Costalazo en Las Choapas\",\"datePublished\":\"2021-03-29T16:02:42+00:00\",\"dateModified\":\"2021-03-29T16:02:45+00:00\",\"mainEntityOfPage\":{\"@id\":\"https:\\\/\\\/lospoliticosveracruz.com\\\/?p=70225\"},\"wordCount\":331,\"publisher\":{\"@id\":\"https:\\\/\\\/lospoliticosveracruz.com\\\/#organization\"},\"keywords\":[\"Fiscal\u00eda General\",\"Jessica Lizbeth Orozco Prescenda\",\"Las Choapas\",\"Ley General de V\u00edctimas\",\"Madres en B\u00fasqueda Coatzacoalcos\",\"Veracruz\",\"Ver\u00f3nica Hern\u00e1ndez Giad\u00e1ns\"],\"articleSection\":[\"De Boleto\"],\"inLanguage\":\"es\"},{\"@type\":\"WebPage\",\"@id\":\"https:\\\/\\\/lospoliticosveracruz.com\\\/?p=70225\",\"url\":\"https:\\\/\\\/lospoliticosveracruz.com\\\/?p=70225\",\"name\":\"Reacciona Fiscal al Costalazo en Las Choapas - Los pol\u00edticos Veracruz\",\"isPartOf\":{\"@id\":\"https:\\\/\\\/lospoliticosveracruz.com\\\/#website\"},\"datePublished\":\"2021-03-29T16:02:42+00:00\",\"dateModified\":\"2021-03-29T16:02:45+00:00\",\"breadcrumb\":{\"@id\":\"https:\\\/\\\/lospoliticosveracruz.com\\\/?p=70225#breadcrumb\"},\"inLanguage\":\"es\",\"potentialAction\":[{\"@type\":\"ReadAction\",\"target\":[\"https:\\\/\\\/lospoliticosveracruz.com\\\/?p=70225\"]}]},{\"@type\":\"BreadcrumbList\",\"@id\":\"https:\\\/\\\/lospoliticosveracruz.com\\\/?p=70225#breadcrumb\",\"itemListElement\":[{\"@type\":\"ListItem\",\"position\":1,\"name\":\"Portada\",\"item\":\"https:\\\/\\\/lospoliticosveracruz.com\\\/\"},{\"@type\":\"ListItem\",\"position\":2,\"name\":\"Reacciona Fiscal al Costalazo en Las Choapas\"}]},{\"@type\":\"WebSite\",\"@id\":\"https:\\\/\\\/lospoliticosveracruz.com\\\/#website\",\"url\":\"https:\\\/\\\/lospoliticosveracruz.com\\\/\",\"name\":\"Los pol\u00edticos Veracruz\",\"description\":\"\",\"publisher\":{\"@id\":\"https:\\\/\\\/lospoliticosveracruz.com\\\/#organization\"},\"potentialAction\":[{\"@type\":\"SearchAction\",\"target\":{\"@type\":\"EntryPoint\",\"urlTemplate\":\"https:\\\/\\\/lospoliticosveracruz.com\\\/?s={search_term_string}\"},\"query-input\":{\"@type\":\"PropertyValueSpecification\",\"valueRequired\":true,\"valueName\":\"search_term_string\"}}],\"inLanguage\":\"es\"},{\"@type\":\"Organization\",\"@id\":\"https:\\\/\\\/lospoliticosveracruz.com\\\/#organization\",\"name\":\"Los pol\u00edticos Veracruz\",\"url\":\"https:\\\/\\\/lospoliticosveracruz.com\\\/\",\"logo\":{\"@type\":\"ImageObject\",\"inLanguage\":\"es\",\"@id\":\"https:\\\/\\\/lospoliticosveracruz.com\\\/#\\\/schema\\\/logo\\\/image\\\/\",\"url\":\"https:\\\/\\\/lospoliticosveracruz.com\\\/wp-content\\\/uploads\\\/2025\\\/12\\\/Logo-Nuevo-LOS-POLITICOS-1.jpg\",\"contentUrl\":\"https:\\\/\\\/lospoliticosveracruz.com\\\/wp-content\\\/uploads\\\/2025\\\/12\\\/Logo-Nuevo-LOS-POLITICOS-1.jpg\",\"width\":260,\"height\":70,\"caption\":\"Los pol\u00edticos Veracruz\"},\"image\":{\"@id\":\"https:\\\/\\\/lospoliticosveracruz.com\\\/#\\\/schema\\\/logo\\\/image\\\/\"},\"sameAs\":[\"https:\\\/\\\/www.facebook.com\\\/people\\\/Notimemes-de-los-Polticos\\\/61565672886568\\\/\",\"https:\\\/\\\/x.com\\\/LosPoliticosVer\"]},{\"@type\":\"Person\",\"@id\":\"https:\\\/\\\/lospoliticosveracruz.com\\\/#\\\/schema\\\/person\\\/b8702bb0e538456e6efd07080bf2a4a2\",\"name\":\"Lo viste en Los Pol\u00edticos\",\"image\":{\"@type\":\"ImageObject\",\"inLanguage\":\"es\",\"@id\":\"https:\\\/\\\/secure.gravatar.com\\\/avatar\\\/3a8de04a2656d44082be478bd6c086daa447c4651605818287b9532d3d0bd435?s=96&d=mm&r=g\",\"url\":\"https:\\\/\\\/secure.gravatar.com\\\/avatar\\\/3a8de04a2656d44082be478bd6c086daa447c4651605818287b9532d3d0bd435?s=96&d=mm&r=g\",\"contentUrl\":\"https:\\\/\\\/secure.gravatar.com\\\/avatar\\\/3a8de04a2656d44082be478bd6c086daa447c4651605818287b9532d3d0bd435?s=96&d=mm&r=g\",\"caption\":\"Lo viste en Los Pol\u00edticos\"},\"url\":\"https:\\\/\\\/lospoliticosveracruz.com\\\/?author=2\"}]}<\/script>\n<!-- \/ Yoast SEO plugin. -->","yoast_head_json":{"title":"Reacciona Fiscal al Costalazo en Las Choapas - Los pol\u00edticos Veracruz","robots":{"index":"index","follow":"follow","max-snippet":"max-snippet:-1","max-image-preview":"max-image-preview:large","max-video-preview":"max-video-preview:-1"},"canonical":"https:\/\/lospoliticosveracruz.com\/?p=70225","og_locale":"es_ES","og_type":"article","og_title":"Reacciona Fiscal al Costalazo en Las Choapas - Los pol\u00edticos Veracruz","og_description":"Pronunciamiento de la Fiscal General del Estado, Ver\u00f3nica Hern\u00e1ndez Giad\u00e1nsXalapa, Ver. 29 de marzo de 2021\u00a0Como Fiscal General quiero informar que derivado de los hechos denunciados justificadamente por el colectivo \u201cMadres en B\u00fasqueda Coatzacoalcos\u201d, he instruido cambios en la Sub Unidad Integral de Procuraci\u00f3n de Justicia en Las Choapas, Veracruz, para designar como fiscal encargada [&hellip;]","og_url":"https:\/\/lospoliticosveracruz.com\/?p=70225","og_site_name":"Los pol\u00edticos Veracruz","article_publisher":"https:\/\/www.facebook.com\/people\/Notimemes-de-los-Polticos\/61565672886568\/","article_published_time":"2021-03-29T16:02:42+00:00","article_modified_time":"2021-03-29T16:02:45+00:00","og_image":[{"width":200,"height":200,"url":"https:\/\/lospoliticosveracruz.com\/wp-content\/uploads\/2016\/07\/Logo-Dor.jpg","type":"image\/jpeg"}],"author":"Lo viste en Los Pol\u00edticos","twitter_card":"summary_large_image","twitter_creator":"@LosPoliticosVer","twitter_site":"@LosPoliticosVer","twitter_misc":{"Escrito por":"Lo viste en Los Pol\u00edticos","Tiempo de lectura":"2 minutos"},"schema":{"@context":"https:\/\/schema.org","@graph":[{"@type":"Article","@id":"https:\/\/lospoliticosveracruz.com\/?p=70225#article","isPartOf":{"@id":"https:\/\/lospoliticosveracruz.com\/?p=70225"},"author":{"name":"Lo viste en Los Pol\u00edticos","@id":"https:\/\/lospoliticosveracruz.com\/#\/schema\/person\/b8702bb0e538456e6efd07080bf2a4a2"},"headline":"Reacciona Fiscal al Costalazo en Las Choapas","datePublished":"2021-03-29T16:02:42+00:00","dateModified":"2021-03-29T16:02:45+00:00","mainEntityOfPage":{"@id":"https:\/\/lospoliticosveracruz.com\/?p=70225"},"wordCount":331,"publisher":{"@id":"https:\/\/lospoliticosveracruz.com\/#organization"},"keywords":["Fiscal\u00eda General","Jessica Lizbeth Orozco Prescenda","Las Choapas","Ley General de V\u00edctimas","Madres en B\u00fasqueda Coatzacoalcos","Veracruz","Ver\u00f3nica Hern\u00e1ndez Giad\u00e1ns"],"articleSection":["De Boleto"],"inLanguage":"es"},{"@type":"WebPage","@id":"https:\/\/lospoliticosveracruz.com\/?p=70225","url":"https:\/\/lospoliticosveracruz.com\/?p=70225","name":"Reacciona Fiscal al Costalazo en Las Choapas - Los pol\u00edticos Veracruz","isPartOf":{"@id":"https:\/\/lospoliticosveracruz.com\/#website"},"datePublished":"2021-03-29T16:02:42+00:00","dateModified":"2021-03-29T16:02:45+00:00","breadcrumb":{"@id":"https:\/\/lospoliticosveracruz.com\/?p=70225#breadcrumb"},"inLanguage":"es","potentialAction":[{"@type":"ReadAction","target":["https:\/\/lospoliticosveracruz.com\/?p=70225"]}]},{"@type":"BreadcrumbList","@id":"https:\/\/lospoliticosveracruz.com\/?p=70225#breadcrumb","itemListElement":[{"@type":"ListItem","position":1,"name":"Portada","item":"https:\/\/lospoliticosveracruz.com\/"},{"@type":"ListItem","position":2,"name":"Reacciona Fiscal al Costalazo en Las Choapas"}]},{"@type":"WebSite","@id":"https:\/\/lospoliticosveracruz.com\/#website","url":"https:\/\/lospoliticosveracruz.com\/","name":"Los pol\u00edticos Veracruz","description":"","publisher":{"@id":"https:\/\/lospoliticosveracruz.com\/#organization"},"potentialAction":[{"@type":"SearchAction","target":{"@type":"EntryPoint","urlTemplate":"https:\/\/lospoliticosveracruz.com\/?s={search_term_string}"},"query-input":{"@type":"PropertyValueSpecification","valueRequired":true,"valueName":"search_term_string"}}],"inLanguage":"es"},{"@type":"Organization","@id":"https:\/\/lospoliticosveracruz.com\/#organization","name":"Los pol\u00edticos Veracruz","url":"https:\/\/lospoliticosveracruz.com\/","logo":{"@type":"ImageObject","inLanguage":"es","@id":"https:\/\/lospoliticosveracruz.com\/#\/schema\/logo\/image\/","url":"https:\/\/lospoliticosveracruz.com\/wp-content\/uploads\/2025\/12\/Logo-Nuevo-LOS-POLITICOS-1.jpg","contentUrl":"https:\/\/lospoliticosveracruz.com\/wp-content\/uploads\/2025\/12\/Logo-Nuevo-LOS-POLITICOS-1.jpg","width":260,"height":70,"caption":"Los pol\u00edticos Veracruz"},"image":{"@id":"https:\/\/lospoliticosveracruz.com\/#\/schema\/logo\/image\/"},"sameAs":["https:\/\/www.facebook.com\/people\/Notimemes-de-los-Polticos\/61565672886568\/","https:\/\/x.com\/LosPoliticosVer"]},{"@type":"Person","@id":"https:\/\/lospoliticosveracruz.com\/#\/schema\/person\/b8702bb0e538456e6efd07080bf2a4a2","name":"Lo viste en Los Pol\u00edticos","image":{"@type":"ImageObject","inLanguage":"es","@id":"https:\/\/secure.gravatar.com\/avatar\/3a8de04a2656d44082be478bd6c086daa447c4651605818287b9532d3d0bd435?s=96&d=mm&r=g","url":"https:\/\/secure.gravatar.com\/avatar\/3a8de04a2656d44082be478bd6c086daa447c4651605818287b9532d3d0bd435?s=96&d=mm&r=g","contentUrl":"https:\/\/secure.gravatar.com\/avatar\/3a8de04a2656d44082be478bd6c086daa447c4651605818287b9532d3d0bd435?s=96&d=mm&r=g","caption":"Lo viste en Los Pol\u00edticos"},"url":"https:\/\/lospoliticosveracruz.com\/?author=2"}]}},"_links":{"self":[{"href":"https:\/\/lospoliticosveracruz.com\/index.php?rest_route=\/wp\/v2\/posts\/70225","targetHints":{"allow":["GET"]}}],"collection":[{"href":"https:\/\/lospoliticosveracruz.com\/index.php?rest_route=\/wp\/v2\/posts"}],"about":[{"href":"https:\/\/lospoliticosveracruz.com\/index.php?rest_route=\/wp\/v2\/types\/post"}],"author":[{"embeddable":true,"href":"https:\/\/lospoliticosveracruz.com\/index.php?rest_route=\/wp\/v2\/users\/2"}],"replies":[{"embeddable":true,"href":"https:\/\/lospoliticosveracruz.com\/index.php?rest_route=%2Fwp%2Fv2%2Fcomments&post=70225"}],"version-history":[{"count":1,"href":"https:\/\/lospoliticosveracruz.com\/index.php?rest_route=\/wp\/v2\/posts\/70225\/revisions"}],"predecessor-version":[{"id":70226,"href":"https:\/\/lospoliticosveracruz.com\/index.php?rest_route=\/wp\/v2\/posts\/70225\/revisions\/70226"}],"wp:attachment":[{"href":"https:\/\/lospoliticosveracruz.com\/index.php?rest_route=%2Fwp%2Fv2%2Fmedia&parent=70225"}],"wp:term":[{"taxonomy":"category","embeddable":true,"href":"https:\/\/lospoliticosveracruz.com\/index.php?rest_route=%2Fwp%2Fv2%2Fcategories&post=70225"},{"taxonomy":"post_tag","embeddable":true,"href":"https:\/\/lospoliticosveracruz.com\/index.php?rest_route=%2Fwp%2Fv2%2Ftags&post=70225"}],"curies":[{"name":"wp","href":"https:\/\/api.w.org\/{rel}","templated":true}]}}