{"id":70268,"date":"2021-03-29T21:24:12","date_gmt":"2021-03-30T03:24:12","guid":{"rendered":"http:\/\/www.lospoliticosveracruz.com.mx\/?p=70268"},"modified":"2021-03-29T21:26:34","modified_gmt":"2021-03-30T03:26:34","slug":"la-bolsa-negra","status":"publish","type":"post","link":"https:\/\/lospoliticosveracruz.com\/?p=70268","title":{"rendered":"La bolsa negra"},"content":{"rendered":"\n<p><strong>Salvador Mu\u00f1oz<\/strong><\/p>\n\n\n\n<p><em>Los Pol\u00edticos<br><\/em><\/p>\n\n\n\n<p>Creo que el grueso de los ciudadanos que siguen el caso de aquella madre sentada y teniendo a su lado una bolsa negra de pl\u00e1stico conteniendo los restos de su hijo Eladio Aguirre Chabl\u00e9, a quien hab\u00eda reportado como desaparecido hace un a\u00f1o de acuerdo a la informaci\u00f3n desplegada, puede considerar correcta la decisi\u00f3n de la Fiscal General del Estado, Ver\u00f3nica Hern\u00e1ndez Giad\u00e1ns, de hacer cambio en la Sub Unidad Integral de Procuraci\u00f3n de Justicia en este punto del sur del estado, para designar como fiscal encargada a Jessica Lizbeth Orozco Prescenda en lugar de Lenin Ju\u00e1rez Jim\u00e9nez. En pocas palabras, cort\u00f3 cabeza para despresurizar este penoso asunto que, en lo particular, deja muchas dudas\u2026<br><\/p>\n\n\n\n<div class=\"wp-block-image\"><figure class=\"alignleft size-large\"><a href=\"http:\/\/www.lospoliticosveracruz.com.mx\/wp-content\/uploads\/2021\/03\/Predial-Cordoba.png\"><img decoding=\"async\" src=\"http:\/\/www.lospoliticosveracruz.com.mx\/wp-content\/uploads\/2021\/03\/Predial-Cordoba.png\" alt=\"\" class=\"wp-image-69841\"\/><\/a><\/figure><\/div>\n\n\n\n<p>La Fiscal habla de las violaciones de protocolos homologados de b\u00fasqueda e investigaci\u00f3n as\u00ed como de la Ley General de V\u00edctimas\u2026 pero al ciudadano que no est\u00e1 familiarizado con estos t\u00e9rminos, no le dice mucho.<br>Por ejemplo, m\u00ednimo debi\u00f3 decirnos d\u00f3nde, c\u00f3mo, cu\u00e1ndo, se entrega el cad\u00e1ver o restos humanos a los familiares, porque s\u00ed, creo que todos estamos de acuerdo que la imagen de la madre de Eladio con esa bolsa al lado, es impactante, para no incurrir en adjetivos m\u00e1s extremos.<br>De acuerdo a la dimensi\u00f3n de la bolsa, \u00bfnos hace pensar que entonces se debi\u00f3 entregar los restos de Eladio en un ata\u00fad o quiz\u00e1s en una urna de dimensiones aproximadas? Adem\u00e1s, debemos suponer que hay actas que especifican las condiciones de los restos humanos a entregar \u00bfy por ende, en qu\u00e9 se van a entregar?<br>Otra duda m\u00e1s\u2026 \u00bfPor qu\u00e9 en bolsas?<br>(Bueno, ac\u00e1 tengo que recordar a Jorge Winckler Ortiz, el anterior Fiscal del Estado, cuando calific\u00f3 a Veracruz como la fosa com\u00fan m\u00e1s grande del pa\u00eds. Vamos un poco atr\u00e1s\u2026 quiz\u00e1s tambi\u00e9n valdr\u00eda la pena recordar a Luis \u00c1ngel Bravo, el primer fiscal del Estado, molesto por las condiciones en que encontr\u00f3 la documentaci\u00f3n y lo que conllevaba el asunto de restos humanos hallados en fosas clandestinas en varios puntos del estado.<br>Tengo entendido que cada resto humano encontrado es depositado en una bolsa de pl\u00e1stico ((desconozco las dimensiones, color, textura, pero que son ex professo para tal)), y al interior, una placa con una clave, cuya base de datos estar\u00eda registrada por las autoridades competentes\u2026 bueno, m\u00e1s bien con las autoridades encargadas.<br>Se habla que esas bolsas que conten\u00edan restos, en lugar de placa ten\u00edan un papel que al tiempo, por las condiciones en que se encontraban bajo resguardo, los datos se perdieron\u2026)<br>La pregunta que abri\u00f3 este ba\u00fal del recuerdo con Winckler y Bravo, del porqu\u00e9 en bolsas, da lugar a un mal pensamiento: Si sabemos de la mami de Eladio fue porque se difundi\u00f3 su foto, \u00bfpero por qu\u00e9 creer que ha sido la \u00fanica familiar a la que dieron una bolsa con los restos de su ser querido y as\u00ed, sin m\u00e1s, esperar a que regresara a casa para velarlo y posteriormente darle cristiana sepultura?<br>\u00bfO es que el Protocolo al que alude la Fiscal marca que una vez identificado el cad\u00e1ver, se proceda su entrega como la de cualquier otro finado?<br>El Protocolo Homologado para la B\u00fasqueda de Personas Desaparecidas y la Investigaci\u00f3n del Delito de Desaparici\u00f3n Forzada, en su apartado 4.2.18, dice: \u201cFinalmente, se realizara\u0301 la entrega de los cuerpos en la fecha y lugar que deseen las familias; si la persona era mexicana, a trave\u0301s del apoyo de las Comisiones Ejecutivas de Atencio\u0301n a Vi\u0301ctimas que deben cubrir los gastos funerarios y de transporte, adema\u0301s de ingresar a las vi\u0301ctimas en el Registro Nacional de Vi\u0301ctimas\u201d. Esto es lo m\u00e1s cercano que nos habla de ese c\u00f3mo, cu\u00e1ndo, d\u00f3nde de p\u00e1rrafos iniciales\u2026<br>Otra duda m\u00e1s: \u00bfDeber\u00eda de ser parte activa en este momento de la entrega de un cad\u00e1ver la Comisi\u00f3n Estatal de B\u00fasqueda de Personas? Digo, porque si no resping\u00f3 en este caso, es porque no se dio por enterada \u00bfo mejor opt\u00f3 por guardar silencio. \u00bfO qu\u00e9 otras \u00e1reas m\u00e1s deben de estar \u201cacuerpando\u201d a los familiares en este caso? Digo, si me apuran, yo invito a la secretar\u00eda de Salud para que apoyen con un psic\u00f3logo o tanat\u00f3logo a los familiares en ese trance que muchas veces ya se hizo largo\u2026<br>Digo, qu\u00e9 bueno que se piense en el trato digno, tanto de Eladio como de su mami, as\u00ed como investigar si hay responsabilidades administrativas y penales\u2026 pero insisto, bueno ser\u00eda que ampliaran al ciudadano com\u00fan, en qu\u00e9 consiste el protocolo para una entrega digna de cada\u0301veres de personas desaparecidas donde los funcionarios<br>actu\u0301en de manera respetuosa y considerada con las vi\u0301ctimas\u2026 no es mucho pedir a la Fiscal.<\/p>\n\n\n\n<p>smcainito@gmail.com<\/p>\n","protected":false},"excerpt":{"rendered":"<p>Salvador Mu\u00f1oz Los Pol\u00edticos Creo que el grueso de los ciudadanos que siguen el caso de aquella madre sentada y teniendo a su lado una bolsa negra de pl\u00e1stico conteniendo los restos de su hijo Eladio Aguirre Chabl\u00e9, a quien hab\u00eda reportado como desaparecido hace un a\u00f1o de acuerdo a la informaci\u00f3n desplegada, puede considerar [&hellip;]<\/p>\n","protected":false},"author":2,"featured_media":0,"comment_status":"closed","ping_status":"closed","sticky":false,"template":"","format":"standard","meta":{"tdm_status":"","tdm_grid_status":"","footnotes":""},"categories":[70],"tags":[568,1035,27066,12266,1699,27041,6150,27067,7224,27069,7875,15165],"class_list":{"0":"post-70268","1":"post","2":"type-post","3":"status-publish","4":"format-standard","6":"category-de-opinion","7":"tag-desaparecido","8":"tag-desaparicion-forzada","9":"tag-eladio-aguirre-chable","10":"tag-fiscal-general-del-estado","11":"tag-fosas-clandestinas","12":"tag-jessica-lizbeth-orozco-prescenda","13":"tag-jorge-winckler-ortiz","14":"tag-lenin-juarez-jimenez","15":"tag-ley-general-de-victimas","16":"tag-luis-angel-bravo-2","17":"tag-restos-humanos","18":"tag-veronica-hernandez-giadans"},"yoast_head":"<!-- This site is optimized with the Yoast SEO plugin v27.4 - https:\/\/yoast.com\/product\/yoast-seo-wordpress\/ -->\n<title>La bolsa negra - Los pol\u00edticos Veracruz<\/title>\n<meta name=\"robots\" content=\"index, follow, max-snippet:-1, max-image-preview:large, max-video-preview:-1\" \/>\n<link rel=\"canonical\" href=\"https:\/\/lospoliticosveracruz.com\/?p=70268\" \/>\n<meta property=\"og:locale\" content=\"es_ES\" \/>\n<meta property=\"og:type\" content=\"article\" \/>\n<meta property=\"og:title\" content=\"La bolsa negra - Los pol\u00edticos Veracruz\" \/>\n<meta property=\"og:description\" content=\"Salvador Mu\u00f1oz Los Pol\u00edticos Creo que el grueso de los ciudadanos que siguen el caso de aquella madre sentada y teniendo a su lado una bolsa negra de pl\u00e1stico conteniendo los restos de su hijo Eladio Aguirre Chabl\u00e9, a quien hab\u00eda reportado como desaparecido hace un a\u00f1o de acuerdo a la informaci\u00f3n desplegada, puede considerar [&hellip;]\" \/>\n<meta property=\"og:url\" content=\"https:\/\/lospoliticosveracruz.com\/?p=70268\" \/>\n<meta property=\"og:site_name\" content=\"Los pol\u00edticos Veracruz\" \/>\n<meta property=\"article:publisher\" content=\"https:\/\/www.facebook.com\/people\/Notimemes-de-los-Polticos\/61565672886568\/\" \/>\n<meta property=\"article:published_time\" content=\"2021-03-30T03:24:12+00:00\" \/>\n<meta property=\"article:modified_time\" content=\"2021-03-30T03:26:34+00:00\" \/>\n<meta property=\"og:image\" content=\"http:\/\/www.lospoliticosveracruz.com.mx\/wp-content\/uploads\/2021\/03\/Predial-Cordoba.png\" \/>\n<meta name=\"author\" content=\"Lo viste en Los Pol\u00edticos\" \/>\n<meta name=\"twitter:card\" content=\"summary_large_image\" \/>\n<meta name=\"twitter:creator\" content=\"@LosPoliticosVer\" \/>\n<meta name=\"twitter:site\" content=\"@LosPoliticosVer\" \/>\n<meta name=\"twitter:label1\" content=\"Escrito por\" \/>\n\t<meta name=\"twitter:data1\" content=\"Lo viste en Los Pol\u00edticos\" \/>\n\t<meta name=\"twitter:label2\" content=\"Tiempo de lectura\" \/>\n\t<meta name=\"twitter:data2\" content=\"4 minutos\" \/>\n<script type=\"application\/ld+json\" class=\"yoast-schema-graph\">{\"@context\":\"https:\\\/\\\/schema.org\",\"@graph\":[{\"@type\":\"Article\",\"@id\":\"https:\\\/\\\/lospoliticosveracruz.com\\\/?p=70268#article\",\"isPartOf\":{\"@id\":\"https:\\\/\\\/lospoliticosveracruz.com\\\/?p=70268\"},\"author\":{\"name\":\"Lo viste en Los Pol\u00edticos\",\"@id\":\"https:\\\/\\\/lospoliticosveracruz.com\\\/#\\\/schema\\\/person\\\/b8702bb0e538456e6efd07080bf2a4a2\"},\"headline\":\"La bolsa negra\",\"datePublished\":\"2021-03-30T03:24:12+00:00\",\"dateModified\":\"2021-03-30T03:26:34+00:00\",\"mainEntityOfPage\":{\"@id\":\"https:\\\/\\\/lospoliticosveracruz.com\\\/?p=70268\"},\"wordCount\":850,\"publisher\":{\"@id\":\"https:\\\/\\\/lospoliticosveracruz.com\\\/#organization\"},\"image\":{\"@id\":\"https:\\\/\\\/lospoliticosveracruz.com\\\/?p=70268#primaryimage\"},\"thumbnailUrl\":\"http:\\\/\\\/www.lospoliticosveracruz.com.mx\\\/wp-content\\\/uploads\\\/2021\\\/03\\\/Predial-Cordoba.png\",\"keywords\":[\"desaparecido\",\"Desaparici\u00f3n Forzada\",\"Eladio Aguirre Chabl\u00e9\",\"Fiscal General del Estado\",\"fosas clandestinas\",\"Jessica Lizbeth Orozco Prescenda\",\"Jorge Winckler Ortiz\",\"Lenin Ju\u00e1rez Jim\u00e9nez\",\"Ley General de V\u00edctimas\",\"Luis \u00c1ngel Bravo\",\"restos humanos\",\"Ver\u00f3nica Hern\u00e1ndez Giad\u00e1ns\"],\"articleSection\":[\"De Opini\u00f3n\"],\"inLanguage\":\"es\"},{\"@type\":\"WebPage\",\"@id\":\"https:\\\/\\\/lospoliticosveracruz.com\\\/?p=70268\",\"url\":\"https:\\\/\\\/lospoliticosveracruz.com\\\/?p=70268\",\"name\":\"La bolsa negra - Los pol\u00edticos Veracruz\",\"isPartOf\":{\"@id\":\"https:\\\/\\\/lospoliticosveracruz.com\\\/#website\"},\"primaryImageOfPage\":{\"@id\":\"https:\\\/\\\/lospoliticosveracruz.com\\\/?p=70268#primaryimage\"},\"image\":{\"@id\":\"https:\\\/\\\/lospoliticosveracruz.com\\\/?p=70268#primaryimage\"},\"thumbnailUrl\":\"http:\\\/\\\/www.lospoliticosveracruz.com.mx\\\/wp-content\\\/uploads\\\/2021\\\/03\\\/Predial-Cordoba.png\",\"datePublished\":\"2021-03-30T03:24:12+00:00\",\"dateModified\":\"2021-03-30T03:26:34+00:00\",\"breadcrumb\":{\"@id\":\"https:\\\/\\\/lospoliticosveracruz.com\\\/?p=70268#breadcrumb\"},\"inLanguage\":\"es\",\"potentialAction\":[{\"@type\":\"ReadAction\",\"target\":[\"https:\\\/\\\/lospoliticosveracruz.com\\\/?p=70268\"]}]},{\"@type\":\"ImageObject\",\"inLanguage\":\"es\",\"@id\":\"https:\\\/\\\/lospoliticosveracruz.com\\\/?p=70268#primaryimage\",\"url\":\"http:\\\/\\\/www.lospoliticosveracruz.com.mx\\\/wp-content\\\/uploads\\\/2021\\\/03\\\/Predial-Cordoba.png\",\"contentUrl\":\"http:\\\/\\\/www.lospoliticosveracruz.com.mx\\\/wp-content\\\/uploads\\\/2021\\\/03\\\/Predial-Cordoba.png\"},{\"@type\":\"BreadcrumbList\",\"@id\":\"https:\\\/\\\/lospoliticosveracruz.com\\\/?p=70268#breadcrumb\",\"itemListElement\":[{\"@type\":\"ListItem\",\"position\":1,\"name\":\"Portada\",\"item\":\"https:\\\/\\\/lospoliticosveracruz.com\\\/\"},{\"@type\":\"ListItem\",\"position\":2,\"name\":\"La bolsa negra\"}]},{\"@type\":\"WebSite\",\"@id\":\"https:\\\/\\\/lospoliticosveracruz.com\\\/#website\",\"url\":\"https:\\\/\\\/lospoliticosveracruz.com\\\/\",\"name\":\"Los pol\u00edticos Veracruz\",\"description\":\"\",\"publisher\":{\"@id\":\"https:\\\/\\\/lospoliticosveracruz.com\\\/#organization\"},\"potentialAction\":[{\"@type\":\"SearchAction\",\"target\":{\"@type\":\"EntryPoint\",\"urlTemplate\":\"https:\\\/\\\/lospoliticosveracruz.com\\\/?s={search_term_string}\"},\"query-input\":{\"@type\":\"PropertyValueSpecification\",\"valueRequired\":true,\"valueName\":\"search_term_string\"}}],\"inLanguage\":\"es\"},{\"@type\":\"Organization\",\"@id\":\"https:\\\/\\\/lospoliticosveracruz.com\\\/#organization\",\"name\":\"Los pol\u00edticos Veracruz\",\"url\":\"https:\\\/\\\/lospoliticosveracruz.com\\\/\",\"logo\":{\"@type\":\"ImageObject\",\"inLanguage\":\"es\",\"@id\":\"https:\\\/\\\/lospoliticosveracruz.com\\\/#\\\/schema\\\/logo\\\/image\\\/\",\"url\":\"https:\\\/\\\/lospoliticosveracruz.com\\\/wp-content\\\/uploads\\\/2025\\\/12\\\/Logo-Nuevo-LOS-POLITICOS-1.jpg\",\"contentUrl\":\"https:\\\/\\\/lospoliticosveracruz.com\\\/wp-content\\\/uploads\\\/2025\\\/12\\\/Logo-Nuevo-LOS-POLITICOS-1.jpg\",\"width\":260,\"height\":70,\"caption\":\"Los pol\u00edticos Veracruz\"},\"image\":{\"@id\":\"https:\\\/\\\/lospoliticosveracruz.com\\\/#\\\/schema\\\/logo\\\/image\\\/\"},\"sameAs\":[\"https:\\\/\\\/www.facebook.com\\\/people\\\/Notimemes-de-los-Polticos\\\/61565672886568\\\/\",\"https:\\\/\\\/x.com\\\/LosPoliticosVer\"]},{\"@type\":\"Person\",\"@id\":\"https:\\\/\\\/lospoliticosveracruz.com\\\/#\\\/schema\\\/person\\\/b8702bb0e538456e6efd07080bf2a4a2\",\"name\":\"Lo viste en Los Pol\u00edticos\",\"image\":{\"@type\":\"ImageObject\",\"inLanguage\":\"es\",\"@id\":\"https:\\\/\\\/secure.gravatar.com\\\/avatar\\\/3a8de04a2656d44082be478bd6c086daa447c4651605818287b9532d3d0bd435?s=96&d=mm&r=g\",\"url\":\"https:\\\/\\\/secure.gravatar.com\\\/avatar\\\/3a8de04a2656d44082be478bd6c086daa447c4651605818287b9532d3d0bd435?s=96&d=mm&r=g\",\"contentUrl\":\"https:\\\/\\\/secure.gravatar.com\\\/avatar\\\/3a8de04a2656d44082be478bd6c086daa447c4651605818287b9532d3d0bd435?s=96&d=mm&r=g\",\"caption\":\"Lo viste en Los Pol\u00edticos\"},\"url\":\"https:\\\/\\\/lospoliticosveracruz.com\\\/?author=2\"}]}<\/script>\n<!-- \/ Yoast SEO plugin. -->","yoast_head_json":{"title":"La bolsa negra - Los pol\u00edticos Veracruz","robots":{"index":"index","follow":"follow","max-snippet":"max-snippet:-1","max-image-preview":"max-image-preview:large","max-video-preview":"max-video-preview:-1"},"canonical":"https:\/\/lospoliticosveracruz.com\/?p=70268","og_locale":"es_ES","og_type":"article","og_title":"La bolsa negra - Los pol\u00edticos Veracruz","og_description":"Salvador Mu\u00f1oz Los Pol\u00edticos Creo que el grueso de los ciudadanos que siguen el caso de aquella madre sentada y teniendo a su lado una bolsa negra de pl\u00e1stico conteniendo los restos de su hijo Eladio Aguirre Chabl\u00e9, a quien hab\u00eda reportado como desaparecido hace un a\u00f1o de acuerdo a la informaci\u00f3n desplegada, puede considerar [&hellip;]","og_url":"https:\/\/lospoliticosveracruz.com\/?p=70268","og_site_name":"Los pol\u00edticos Veracruz","article_publisher":"https:\/\/www.facebook.com\/people\/Notimemes-de-los-Polticos\/61565672886568\/","article_published_time":"2021-03-30T03:24:12+00:00","article_modified_time":"2021-03-30T03:26:34+00:00","og_image":[{"url":"http:\/\/www.lospoliticosveracruz.com.mx\/wp-content\/uploads\/2021\/03\/Predial-Cordoba.png","type":"","width":"","height":""}],"author":"Lo viste en Los Pol\u00edticos","twitter_card":"summary_large_image","twitter_creator":"@LosPoliticosVer","twitter_site":"@LosPoliticosVer","twitter_misc":{"Escrito por":"Lo viste en Los Pol\u00edticos","Tiempo de lectura":"4 minutos"},"schema":{"@context":"https:\/\/schema.org","@graph":[{"@type":"Article","@id":"https:\/\/lospoliticosveracruz.com\/?p=70268#article","isPartOf":{"@id":"https:\/\/lospoliticosveracruz.com\/?p=70268"},"author":{"name":"Lo viste en Los Pol\u00edticos","@id":"https:\/\/lospoliticosveracruz.com\/#\/schema\/person\/b8702bb0e538456e6efd07080bf2a4a2"},"headline":"La bolsa negra","datePublished":"2021-03-30T03:24:12+00:00","dateModified":"2021-03-30T03:26:34+00:00","mainEntityOfPage":{"@id":"https:\/\/lospoliticosveracruz.com\/?p=70268"},"wordCount":850,"publisher":{"@id":"https:\/\/lospoliticosveracruz.com\/#organization"},"image":{"@id":"https:\/\/lospoliticosveracruz.com\/?p=70268#primaryimage"},"thumbnailUrl":"http:\/\/www.lospoliticosveracruz.com.mx\/wp-content\/uploads\/2021\/03\/Predial-Cordoba.png","keywords":["desaparecido","Desaparici\u00f3n Forzada","Eladio Aguirre Chabl\u00e9","Fiscal General del Estado","fosas clandestinas","Jessica Lizbeth Orozco Prescenda","Jorge Winckler Ortiz","Lenin Ju\u00e1rez Jim\u00e9nez","Ley General de V\u00edctimas","Luis \u00c1ngel Bravo","restos humanos","Ver\u00f3nica Hern\u00e1ndez Giad\u00e1ns"],"articleSection":["De Opini\u00f3n"],"inLanguage":"es"},{"@type":"WebPage","@id":"https:\/\/lospoliticosveracruz.com\/?p=70268","url":"https:\/\/lospoliticosveracruz.com\/?p=70268","name":"La bolsa negra - Los pol\u00edticos Veracruz","isPartOf":{"@id":"https:\/\/lospoliticosveracruz.com\/#website"},"primaryImageOfPage":{"@id":"https:\/\/lospoliticosveracruz.com\/?p=70268#primaryimage"},"image":{"@id":"https:\/\/lospoliticosveracruz.com\/?p=70268#primaryimage"},"thumbnailUrl":"http:\/\/www.lospoliticosveracruz.com.mx\/wp-content\/uploads\/2021\/03\/Predial-Cordoba.png","datePublished":"2021-03-30T03:24:12+00:00","dateModified":"2021-03-30T03:26:34+00:00","breadcrumb":{"@id":"https:\/\/lospoliticosveracruz.com\/?p=70268#breadcrumb"},"inLanguage":"es","potentialAction":[{"@type":"ReadAction","target":["https:\/\/lospoliticosveracruz.com\/?p=70268"]}]},{"@type":"ImageObject","inLanguage":"es","@id":"https:\/\/lospoliticosveracruz.com\/?p=70268#primaryimage","url":"http:\/\/www.lospoliticosveracruz.com.mx\/wp-content\/uploads\/2021\/03\/Predial-Cordoba.png","contentUrl":"http:\/\/www.lospoliticosveracruz.com.mx\/wp-content\/uploads\/2021\/03\/Predial-Cordoba.png"},{"@type":"BreadcrumbList","@id":"https:\/\/lospoliticosveracruz.com\/?p=70268#breadcrumb","itemListElement":[{"@type":"ListItem","position":1,"name":"Portada","item":"https:\/\/lospoliticosveracruz.com\/"},{"@type":"ListItem","position":2,"name":"La bolsa negra"}]},{"@type":"WebSite","@id":"https:\/\/lospoliticosveracruz.com\/#website","url":"https:\/\/lospoliticosveracruz.com\/","name":"Los pol\u00edticos Veracruz","description":"","publisher":{"@id":"https:\/\/lospoliticosveracruz.com\/#organization"},"potentialAction":[{"@type":"SearchAction","target":{"@type":"EntryPoint","urlTemplate":"https:\/\/lospoliticosveracruz.com\/?s={search_term_string}"},"query-input":{"@type":"PropertyValueSpecification","valueRequired":true,"valueName":"search_term_string"}}],"inLanguage":"es"},{"@type":"Organization","@id":"https:\/\/lospoliticosveracruz.com\/#organization","name":"Los pol\u00edticos Veracruz","url":"https:\/\/lospoliticosveracruz.com\/","logo":{"@type":"ImageObject","inLanguage":"es","@id":"https:\/\/lospoliticosveracruz.com\/#\/schema\/logo\/image\/","url":"https:\/\/lospoliticosveracruz.com\/wp-content\/uploads\/2025\/12\/Logo-Nuevo-LOS-POLITICOS-1.jpg","contentUrl":"https:\/\/lospoliticosveracruz.com\/wp-content\/uploads\/2025\/12\/Logo-Nuevo-LOS-POLITICOS-1.jpg","width":260,"height":70,"caption":"Los pol\u00edticos Veracruz"},"image":{"@id":"https:\/\/lospoliticosveracruz.com\/#\/schema\/logo\/image\/"},"sameAs":["https:\/\/www.facebook.com\/people\/Notimemes-de-los-Polticos\/61565672886568\/","https:\/\/x.com\/LosPoliticosVer"]},{"@type":"Person","@id":"https:\/\/lospoliticosveracruz.com\/#\/schema\/person\/b8702bb0e538456e6efd07080bf2a4a2","name":"Lo viste en Los Pol\u00edticos","image":{"@type":"ImageObject","inLanguage":"es","@id":"https:\/\/secure.gravatar.com\/avatar\/3a8de04a2656d44082be478bd6c086daa447c4651605818287b9532d3d0bd435?s=96&d=mm&r=g","url":"https:\/\/secure.gravatar.com\/avatar\/3a8de04a2656d44082be478bd6c086daa447c4651605818287b9532d3d0bd435?s=96&d=mm&r=g","contentUrl":"https:\/\/secure.gravatar.com\/avatar\/3a8de04a2656d44082be478bd6c086daa447c4651605818287b9532d3d0bd435?s=96&d=mm&r=g","caption":"Lo viste en Los Pol\u00edticos"},"url":"https:\/\/lospoliticosveracruz.com\/?author=2"}]}},"_links":{"self":[{"href":"https:\/\/lospoliticosveracruz.com\/index.php?rest_route=\/wp\/v2\/posts\/70268","targetHints":{"allow":["GET"]}}],"collection":[{"href":"https:\/\/lospoliticosveracruz.com\/index.php?rest_route=\/wp\/v2\/posts"}],"about":[{"href":"https:\/\/lospoliticosveracruz.com\/index.php?rest_route=\/wp\/v2\/types\/post"}],"author":[{"embeddable":true,"href":"https:\/\/lospoliticosveracruz.com\/index.php?rest_route=\/wp\/v2\/users\/2"}],"replies":[{"embeddable":true,"href":"https:\/\/lospoliticosveracruz.com\/index.php?rest_route=%2Fwp%2Fv2%2Fcomments&post=70268"}],"version-history":[{"count":2,"href":"https:\/\/lospoliticosveracruz.com\/index.php?rest_route=\/wp\/v2\/posts\/70268\/revisions"}],"predecessor-version":[{"id":70271,"href":"https:\/\/lospoliticosveracruz.com\/index.php?rest_route=\/wp\/v2\/posts\/70268\/revisions\/70271"}],"wp:attachment":[{"href":"https:\/\/lospoliticosveracruz.com\/index.php?rest_route=%2Fwp%2Fv2%2Fmedia&parent=70268"}],"wp:term":[{"taxonomy":"category","embeddable":true,"href":"https:\/\/lospoliticosveracruz.com\/index.php?rest_route=%2Fwp%2Fv2%2Fcategories&post=70268"},{"taxonomy":"post_tag","embeddable":true,"href":"https:\/\/lospoliticosveracruz.com\/index.php?rest_route=%2Fwp%2Fv2%2Ftags&post=70268"}],"curies":[{"name":"wp","href":"https:\/\/api.w.org\/{rel}","templated":true}]}}