{"id":70286,"date":"2021-03-30T08:46:37","date_gmt":"2021-03-30T14:46:37","guid":{"rendered":"http:\/\/www.lospoliticosveracruz.com.mx\/?p=70286"},"modified":"2021-03-31T08:39:29","modified_gmt":"2021-03-31T14:39:29","slug":"reapertura-del-san-francisco-una-realidad","status":"publish","type":"post","link":"https:\/\/lospoliticosveracruz.com\/?p=70286","title":{"rendered":"Reapertura del San Francisco, una realidad"},"content":{"rendered":"\n<p><strong>Eduardo Venegas Naranjo<br><\/strong><em>Buenos y malos<\/em><\/p>\n\n\n\n<p>Este fin de semana llegaron buenas noticias para Lerdo de Tejada y la regi\u00f3n, la reapertura del ingenio Nuevo San Francisco es un realidad, gracias a las gestiones del diputado Juan Javier G\u00f3mez Cazar\u00edn quien desde hace m\u00e1s de un a\u00f1o trabaj\u00f3 en este tema para apoyar a la reactivaci\u00f3n de la factor\u00eda y as\u00ed impulsar la econom\u00eda y generaci\u00f3n de empleos en la zona.<br><\/p>\n\n\n\n<div class=\"wp-block-image\"><figure class=\"alignleft size-large\"><a href=\"http:\/\/www.lospoliticosveracruz.com.mx\/wp-content\/uploads\/2021\/03\/Predial-Cordoba.png\"><img decoding=\"async\" src=\"http:\/\/www.lospoliticosveracruz.com.mx\/wp-content\/uploads\/2021\/03\/Predial-Cordoba.png\" alt=\"\" class=\"wp-image-69841\"\/><\/a><\/figure><\/div>\n\n\n\n<p>Este lunes el gobernador Cuitl\u00e1huac Garc\u00eda Jim\u00e9nez en conferencia de prensa anunci\u00f3 esta reapertura que sin duda es parte de un gran logro para Lerdo de Tejada, y felicit\u00f3 p\u00fablicamente al diputado G\u00f3mez Cazar\u00edn, quien trae muy activo a uno de sus principales operadores su asesor, Jos\u00e9 Manuel G\u00f3mez Lim\u00f3n, joven movido y sabe trabajar dando buenos resultados.<br>Hoy fueron pagadas las liquidaciones de 595 obreros en las instalaciones del World Trade Center, donde estuvo presente el empresario Fabi\u00e1n C\u00e1rdenas Sosa y el diputado Juan Javier.<br>Posiblemente ser\u00e1 el s\u00e1bado el banderazo de inicio de los trabajos estar\u00e1 por supuesto Cuitl\u00e1huac Garc\u00eda, y como invitado de honor (todav\u00eda no confirmado) el presidente Andr\u00e9s Manuel L\u00f3pez Obrador.<br>Por cierto ya que hablamos de Lerdo de Tejada, Fabi\u00e1n C\u00e1rdenas ser\u00e1 el pr\u00f3ximo Alcalde, trae buena voluntad y ganas de seguir impulsando a su municipio.<\/p>\n\n\n\n<ul class=\"wp-block-list\"><li><strong>Valent\u00edn Reyes, sinverg\u00fcenza va por la reelecci\u00f3n &#8211;<\/strong><br>Hay de cinismo a cinismo pero el diputado Valent\u00edn Reyes L\u00f3pez es un personaje que no tiene l\u00edmites.<br>Ha sido el personaje m\u00e1s ausente en su regi\u00f3n, no gestion\u00f3 absolutamente nada para para su distrito, y el colmo es que va por la reelecci\u00f3n, dejando fuera del escenario pol\u00edtico, al pobre Jorge Villegas a quien s\u00f3lo enga\u00f1aron y al final no le dieron nada, pero bueno as\u00ed es la pol\u00edtica.<br>Valent\u00edn tiene el descaro de ir nuevamente por la curul cuando no present\u00f3 ni una sola iniciativa, es catalogado el peor diputado de esta legislatura.<br>Lo \u00fanico que supo hacer en estos casi 3 a\u00f1os de gesti\u00f3n que lleva como diputado del distrito 17 es hacer crecer su negocio, pues tiendas Lores se ha expandido bastante bien, este hombre aparte de prepotente viven en la plenitud del pinch\u00e9 poder.<br>\u00bfCon qu\u00e9 cara pedir\u00e1 el voto a la ciudadan\u00eda?; la gente no lo conoce, si en 2018 gan\u00f3 fue gracias al efecto Andres Manuel L\u00f3pez Obrador, hoy el panorama es otro seguramente se las ver\u00e1 muy dif\u00edcil, Valent\u00edn merece perder, este error costar\u00e1 caro a Morena.<\/li><\/ul>\n","protected":false},"excerpt":{"rendered":"<p>Eduardo Venegas NaranjoBuenos y malos Este fin de semana llegaron buenas noticias para Lerdo de Tejada y la regi\u00f3n, la reapertura del ingenio Nuevo San Francisco es un realidad, gracias a las gestiones del diputado Juan Javier G\u00f3mez Cazar\u00edn quien desde hace m\u00e1s de un a\u00f1o trabaj\u00f3 en este tema para apoyar a la reactivaci\u00f3n [&hellip;]<\/p>\n","protected":false},"author":2,"featured_media":0,"comment_status":"closed","ping_status":"closed","sticky":false,"template":"","format":"standard","meta":{"tdm_status":"","tdm_grid_status":"","footnotes":""},"categories":[70],"tags":[618,1563,13170,27076,27078,27077,12695],"class_list":{"0":"post-70286","1":"post","2":"type-post","3":"status-publish","4":"format-standard","6":"category-de-opinion","7":"tag-andres-manuel-lopez-obrador","8":"tag-cuitlahuac-garcia-jimenez","9":"tag-eduardo-venegas-naranjo","10":"tag-ingenio-nuevo-san-francisco","11":"tag-jorge-villegas","12":"tag-jose-manuel-gomez-limon","13":"tag-juan-javier-gomez-cazarin"},"yoast_head":"<!-- This site is optimized with the Yoast SEO plugin v27.4 - https:\/\/yoast.com\/product\/yoast-seo-wordpress\/ -->\n<title>Reapertura del San Francisco, una realidad - Los pol\u00edticos Veracruz<\/title>\n<meta name=\"robots\" content=\"index, follow, max-snippet:-1, max-image-preview:large, max-video-preview:-1\" \/>\n<link rel=\"canonical\" href=\"https:\/\/lospoliticosveracruz.com\/?p=70286\" \/>\n<meta property=\"og:locale\" content=\"es_ES\" \/>\n<meta property=\"og:type\" content=\"article\" \/>\n<meta property=\"og:title\" content=\"Reapertura del San Francisco, una realidad - Los pol\u00edticos Veracruz\" \/>\n<meta property=\"og:description\" content=\"Eduardo Venegas NaranjoBuenos y malos Este fin de semana llegaron buenas noticias para Lerdo de Tejada y la regi\u00f3n, la reapertura del ingenio Nuevo San Francisco es un realidad, gracias a las gestiones del diputado Juan Javier G\u00f3mez Cazar\u00edn quien desde hace m\u00e1s de un a\u00f1o trabaj\u00f3 en este tema para apoyar a la reactivaci\u00f3n [&hellip;]\" \/>\n<meta property=\"og:url\" content=\"https:\/\/lospoliticosveracruz.com\/?p=70286\" \/>\n<meta property=\"og:site_name\" content=\"Los pol\u00edticos Veracruz\" \/>\n<meta property=\"article:publisher\" content=\"https:\/\/www.facebook.com\/people\/Notimemes-de-los-Polticos\/61565672886568\/\" \/>\n<meta property=\"article:published_time\" content=\"2021-03-30T14:46:37+00:00\" \/>\n<meta property=\"article:modified_time\" content=\"2021-03-31T14:39:29+00:00\" \/>\n<meta property=\"og:image\" content=\"http:\/\/www.lospoliticosveracruz.com.mx\/wp-content\/uploads\/2021\/03\/Predial-Cordoba.png\" \/>\n<meta name=\"author\" content=\"Lo viste en Los Pol\u00edticos\" \/>\n<meta name=\"twitter:card\" content=\"summary_large_image\" \/>\n<meta name=\"twitter:creator\" content=\"@LosPoliticosVer\" \/>\n<meta name=\"twitter:site\" content=\"@LosPoliticosVer\" \/>\n<meta name=\"twitter:label1\" content=\"Escrito por\" \/>\n\t<meta name=\"twitter:data1\" content=\"Lo viste en Los Pol\u00edticos\" \/>\n\t<meta name=\"twitter:label2\" content=\"Tiempo de lectura\" \/>\n\t<meta name=\"twitter:data2\" content=\"2 minutos\" \/>\n<script type=\"application\/ld+json\" class=\"yoast-schema-graph\">{\"@context\":\"https:\\\/\\\/schema.org\",\"@graph\":[{\"@type\":\"Article\",\"@id\":\"https:\\\/\\\/lospoliticosveracruz.com\\\/?p=70286#article\",\"isPartOf\":{\"@id\":\"https:\\\/\\\/lospoliticosveracruz.com\\\/?p=70286\"},\"author\":{\"name\":\"Lo viste en Los Pol\u00edticos\",\"@id\":\"https:\\\/\\\/lospoliticosveracruz.com\\\/#\\\/schema\\\/person\\\/b8702bb0e538456e6efd07080bf2a4a2\"},\"headline\":\"Reapertura del San Francisco, una realidad\",\"datePublished\":\"2021-03-30T14:46:37+00:00\",\"dateModified\":\"2021-03-31T14:39:29+00:00\",\"mainEntityOfPage\":{\"@id\":\"https:\\\/\\\/lospoliticosveracruz.com\\\/?p=70286\"},\"wordCount\":456,\"publisher\":{\"@id\":\"https:\\\/\\\/lospoliticosveracruz.com\\\/#organization\"},\"image\":{\"@id\":\"https:\\\/\\\/lospoliticosveracruz.com\\\/?p=70286#primaryimage\"},\"thumbnailUrl\":\"http:\\\/\\\/www.lospoliticosveracruz.com.mx\\\/wp-content\\\/uploads\\\/2021\\\/03\\\/Predial-Cordoba.png\",\"keywords\":[\"Andr\u00e9s Manuel L\u00f3pez Obrador\",\"Cuitl\u00e1huac Garc\u00eda Jim\u00e9nez\",\"Eduardo Venegas Naranjo\",\"ingenio Nuevo San Francisco\",\"Jorge Villegas\",\"Jos\u00e9 Manuel G\u00f3mez Lim\u00f3n\",\"Juan Javier G\u00f3mez Cazar\u00edn\"],\"articleSection\":[\"De Opini\u00f3n\"],\"inLanguage\":\"es\"},{\"@type\":\"WebPage\",\"@id\":\"https:\\\/\\\/lospoliticosveracruz.com\\\/?p=70286\",\"url\":\"https:\\\/\\\/lospoliticosveracruz.com\\\/?p=70286\",\"name\":\"Reapertura del San Francisco, una realidad - Los pol\u00edticos Veracruz\",\"isPartOf\":{\"@id\":\"https:\\\/\\\/lospoliticosveracruz.com\\\/#website\"},\"primaryImageOfPage\":{\"@id\":\"https:\\\/\\\/lospoliticosveracruz.com\\\/?p=70286#primaryimage\"},\"image\":{\"@id\":\"https:\\\/\\\/lospoliticosveracruz.com\\\/?p=70286#primaryimage\"},\"thumbnailUrl\":\"http:\\\/\\\/www.lospoliticosveracruz.com.mx\\\/wp-content\\\/uploads\\\/2021\\\/03\\\/Predial-Cordoba.png\",\"datePublished\":\"2021-03-30T14:46:37+00:00\",\"dateModified\":\"2021-03-31T14:39:29+00:00\",\"breadcrumb\":{\"@id\":\"https:\\\/\\\/lospoliticosveracruz.com\\\/?p=70286#breadcrumb\"},\"inLanguage\":\"es\",\"potentialAction\":[{\"@type\":\"ReadAction\",\"target\":[\"https:\\\/\\\/lospoliticosveracruz.com\\\/?p=70286\"]}]},{\"@type\":\"ImageObject\",\"inLanguage\":\"es\",\"@id\":\"https:\\\/\\\/lospoliticosveracruz.com\\\/?p=70286#primaryimage\",\"url\":\"http:\\\/\\\/www.lospoliticosveracruz.com.mx\\\/wp-content\\\/uploads\\\/2021\\\/03\\\/Predial-Cordoba.png\",\"contentUrl\":\"http:\\\/\\\/www.lospoliticosveracruz.com.mx\\\/wp-content\\\/uploads\\\/2021\\\/03\\\/Predial-Cordoba.png\"},{\"@type\":\"BreadcrumbList\",\"@id\":\"https:\\\/\\\/lospoliticosveracruz.com\\\/?p=70286#breadcrumb\",\"itemListElement\":[{\"@type\":\"ListItem\",\"position\":1,\"name\":\"Portada\",\"item\":\"https:\\\/\\\/lospoliticosveracruz.com\\\/\"},{\"@type\":\"ListItem\",\"position\":2,\"name\":\"Reapertura del San Francisco, una realidad\"}]},{\"@type\":\"WebSite\",\"@id\":\"https:\\\/\\\/lospoliticosveracruz.com\\\/#website\",\"url\":\"https:\\\/\\\/lospoliticosveracruz.com\\\/\",\"name\":\"Los pol\u00edticos Veracruz\",\"description\":\"\",\"publisher\":{\"@id\":\"https:\\\/\\\/lospoliticosveracruz.com\\\/#organization\"},\"potentialAction\":[{\"@type\":\"SearchAction\",\"target\":{\"@type\":\"EntryPoint\",\"urlTemplate\":\"https:\\\/\\\/lospoliticosveracruz.com\\\/?s={search_term_string}\"},\"query-input\":{\"@type\":\"PropertyValueSpecification\",\"valueRequired\":true,\"valueName\":\"search_term_string\"}}],\"inLanguage\":\"es\"},{\"@type\":\"Organization\",\"@id\":\"https:\\\/\\\/lospoliticosveracruz.com\\\/#organization\",\"name\":\"Los pol\u00edticos Veracruz\",\"url\":\"https:\\\/\\\/lospoliticosveracruz.com\\\/\",\"logo\":{\"@type\":\"ImageObject\",\"inLanguage\":\"es\",\"@id\":\"https:\\\/\\\/lospoliticosveracruz.com\\\/#\\\/schema\\\/logo\\\/image\\\/\",\"url\":\"https:\\\/\\\/lospoliticosveracruz.com\\\/wp-content\\\/uploads\\\/2025\\\/12\\\/Logo-Nuevo-LOS-POLITICOS-1.jpg\",\"contentUrl\":\"https:\\\/\\\/lospoliticosveracruz.com\\\/wp-content\\\/uploads\\\/2025\\\/12\\\/Logo-Nuevo-LOS-POLITICOS-1.jpg\",\"width\":260,\"height\":70,\"caption\":\"Los pol\u00edticos Veracruz\"},\"image\":{\"@id\":\"https:\\\/\\\/lospoliticosveracruz.com\\\/#\\\/schema\\\/logo\\\/image\\\/\"},\"sameAs\":[\"https:\\\/\\\/www.facebook.com\\\/people\\\/Notimemes-de-los-Polticos\\\/61565672886568\\\/\",\"https:\\\/\\\/x.com\\\/LosPoliticosVer\"]},{\"@type\":\"Person\",\"@id\":\"https:\\\/\\\/lospoliticosveracruz.com\\\/#\\\/schema\\\/person\\\/b8702bb0e538456e6efd07080bf2a4a2\",\"name\":\"Lo viste en Los Pol\u00edticos\",\"image\":{\"@type\":\"ImageObject\",\"inLanguage\":\"es\",\"@id\":\"https:\\\/\\\/secure.gravatar.com\\\/avatar\\\/3a8de04a2656d44082be478bd6c086daa447c4651605818287b9532d3d0bd435?s=96&d=mm&r=g\",\"url\":\"https:\\\/\\\/secure.gravatar.com\\\/avatar\\\/3a8de04a2656d44082be478bd6c086daa447c4651605818287b9532d3d0bd435?s=96&d=mm&r=g\",\"contentUrl\":\"https:\\\/\\\/secure.gravatar.com\\\/avatar\\\/3a8de04a2656d44082be478bd6c086daa447c4651605818287b9532d3d0bd435?s=96&d=mm&r=g\",\"caption\":\"Lo viste en Los Pol\u00edticos\"},\"url\":\"https:\\\/\\\/lospoliticosveracruz.com\\\/?author=2\"}]}<\/script>\n<!-- \/ Yoast SEO plugin. -->","yoast_head_json":{"title":"Reapertura del San Francisco, una realidad - Los pol\u00edticos Veracruz","robots":{"index":"index","follow":"follow","max-snippet":"max-snippet:-1","max-image-preview":"max-image-preview:large","max-video-preview":"max-video-preview:-1"},"canonical":"https:\/\/lospoliticosveracruz.com\/?p=70286","og_locale":"es_ES","og_type":"article","og_title":"Reapertura del San Francisco, una realidad - Los pol\u00edticos Veracruz","og_description":"Eduardo Venegas NaranjoBuenos y malos Este fin de semana llegaron buenas noticias para Lerdo de Tejada y la regi\u00f3n, la reapertura del ingenio Nuevo San Francisco es un realidad, gracias a las gestiones del diputado Juan Javier G\u00f3mez Cazar\u00edn quien desde hace m\u00e1s de un a\u00f1o trabaj\u00f3 en este tema para apoyar a la reactivaci\u00f3n [&hellip;]","og_url":"https:\/\/lospoliticosveracruz.com\/?p=70286","og_site_name":"Los pol\u00edticos Veracruz","article_publisher":"https:\/\/www.facebook.com\/people\/Notimemes-de-los-Polticos\/61565672886568\/","article_published_time":"2021-03-30T14:46:37+00:00","article_modified_time":"2021-03-31T14:39:29+00:00","og_image":[{"url":"http:\/\/www.lospoliticosveracruz.com.mx\/wp-content\/uploads\/2021\/03\/Predial-Cordoba.png","type":"","width":"","height":""}],"author":"Lo viste en Los Pol\u00edticos","twitter_card":"summary_large_image","twitter_creator":"@LosPoliticosVer","twitter_site":"@LosPoliticosVer","twitter_misc":{"Escrito por":"Lo viste en Los Pol\u00edticos","Tiempo de lectura":"2 minutos"},"schema":{"@context":"https:\/\/schema.org","@graph":[{"@type":"Article","@id":"https:\/\/lospoliticosveracruz.com\/?p=70286#article","isPartOf":{"@id":"https:\/\/lospoliticosveracruz.com\/?p=70286"},"author":{"name":"Lo viste en Los Pol\u00edticos","@id":"https:\/\/lospoliticosveracruz.com\/#\/schema\/person\/b8702bb0e538456e6efd07080bf2a4a2"},"headline":"Reapertura del San Francisco, una realidad","datePublished":"2021-03-30T14:46:37+00:00","dateModified":"2021-03-31T14:39:29+00:00","mainEntityOfPage":{"@id":"https:\/\/lospoliticosveracruz.com\/?p=70286"},"wordCount":456,"publisher":{"@id":"https:\/\/lospoliticosveracruz.com\/#organization"},"image":{"@id":"https:\/\/lospoliticosveracruz.com\/?p=70286#primaryimage"},"thumbnailUrl":"http:\/\/www.lospoliticosveracruz.com.mx\/wp-content\/uploads\/2021\/03\/Predial-Cordoba.png","keywords":["Andr\u00e9s Manuel L\u00f3pez Obrador","Cuitl\u00e1huac Garc\u00eda Jim\u00e9nez","Eduardo Venegas Naranjo","ingenio Nuevo San Francisco","Jorge Villegas","Jos\u00e9 Manuel G\u00f3mez Lim\u00f3n","Juan Javier G\u00f3mez Cazar\u00edn"],"articleSection":["De Opini\u00f3n"],"inLanguage":"es"},{"@type":"WebPage","@id":"https:\/\/lospoliticosveracruz.com\/?p=70286","url":"https:\/\/lospoliticosveracruz.com\/?p=70286","name":"Reapertura del San Francisco, una realidad - Los pol\u00edticos Veracruz","isPartOf":{"@id":"https:\/\/lospoliticosveracruz.com\/#website"},"primaryImageOfPage":{"@id":"https:\/\/lospoliticosveracruz.com\/?p=70286#primaryimage"},"image":{"@id":"https:\/\/lospoliticosveracruz.com\/?p=70286#primaryimage"},"thumbnailUrl":"http:\/\/www.lospoliticosveracruz.com.mx\/wp-content\/uploads\/2021\/03\/Predial-Cordoba.png","datePublished":"2021-03-30T14:46:37+00:00","dateModified":"2021-03-31T14:39:29+00:00","breadcrumb":{"@id":"https:\/\/lospoliticosveracruz.com\/?p=70286#breadcrumb"},"inLanguage":"es","potentialAction":[{"@type":"ReadAction","target":["https:\/\/lospoliticosveracruz.com\/?p=70286"]}]},{"@type":"ImageObject","inLanguage":"es","@id":"https:\/\/lospoliticosveracruz.com\/?p=70286#primaryimage","url":"http:\/\/www.lospoliticosveracruz.com.mx\/wp-content\/uploads\/2021\/03\/Predial-Cordoba.png","contentUrl":"http:\/\/www.lospoliticosveracruz.com.mx\/wp-content\/uploads\/2021\/03\/Predial-Cordoba.png"},{"@type":"BreadcrumbList","@id":"https:\/\/lospoliticosveracruz.com\/?p=70286#breadcrumb","itemListElement":[{"@type":"ListItem","position":1,"name":"Portada","item":"https:\/\/lospoliticosveracruz.com\/"},{"@type":"ListItem","position":2,"name":"Reapertura del San Francisco, una realidad"}]},{"@type":"WebSite","@id":"https:\/\/lospoliticosveracruz.com\/#website","url":"https:\/\/lospoliticosveracruz.com\/","name":"Los pol\u00edticos Veracruz","description":"","publisher":{"@id":"https:\/\/lospoliticosveracruz.com\/#organization"},"potentialAction":[{"@type":"SearchAction","target":{"@type":"EntryPoint","urlTemplate":"https:\/\/lospoliticosveracruz.com\/?s={search_term_string}"},"query-input":{"@type":"PropertyValueSpecification","valueRequired":true,"valueName":"search_term_string"}}],"inLanguage":"es"},{"@type":"Organization","@id":"https:\/\/lospoliticosveracruz.com\/#organization","name":"Los pol\u00edticos Veracruz","url":"https:\/\/lospoliticosveracruz.com\/","logo":{"@type":"ImageObject","inLanguage":"es","@id":"https:\/\/lospoliticosveracruz.com\/#\/schema\/logo\/image\/","url":"https:\/\/lospoliticosveracruz.com\/wp-content\/uploads\/2025\/12\/Logo-Nuevo-LOS-POLITICOS-1.jpg","contentUrl":"https:\/\/lospoliticosveracruz.com\/wp-content\/uploads\/2025\/12\/Logo-Nuevo-LOS-POLITICOS-1.jpg","width":260,"height":70,"caption":"Los pol\u00edticos Veracruz"},"image":{"@id":"https:\/\/lospoliticosveracruz.com\/#\/schema\/logo\/image\/"},"sameAs":["https:\/\/www.facebook.com\/people\/Notimemes-de-los-Polticos\/61565672886568\/","https:\/\/x.com\/LosPoliticosVer"]},{"@type":"Person","@id":"https:\/\/lospoliticosveracruz.com\/#\/schema\/person\/b8702bb0e538456e6efd07080bf2a4a2","name":"Lo viste en Los Pol\u00edticos","image":{"@type":"ImageObject","inLanguage":"es","@id":"https:\/\/secure.gravatar.com\/avatar\/3a8de04a2656d44082be478bd6c086daa447c4651605818287b9532d3d0bd435?s=96&d=mm&r=g","url":"https:\/\/secure.gravatar.com\/avatar\/3a8de04a2656d44082be478bd6c086daa447c4651605818287b9532d3d0bd435?s=96&d=mm&r=g","contentUrl":"https:\/\/secure.gravatar.com\/avatar\/3a8de04a2656d44082be478bd6c086daa447c4651605818287b9532d3d0bd435?s=96&d=mm&r=g","caption":"Lo viste en Los Pol\u00edticos"},"url":"https:\/\/lospoliticosveracruz.com\/?author=2"}]}},"_links":{"self":[{"href":"https:\/\/lospoliticosveracruz.com\/index.php?rest_route=\/wp\/v2\/posts\/70286","targetHints":{"allow":["GET"]}}],"collection":[{"href":"https:\/\/lospoliticosveracruz.com\/index.php?rest_route=\/wp\/v2\/posts"}],"about":[{"href":"https:\/\/lospoliticosveracruz.com\/index.php?rest_route=\/wp\/v2\/types\/post"}],"author":[{"embeddable":true,"href":"https:\/\/lospoliticosveracruz.com\/index.php?rest_route=\/wp\/v2\/users\/2"}],"replies":[{"embeddable":true,"href":"https:\/\/lospoliticosveracruz.com\/index.php?rest_route=%2Fwp%2Fv2%2Fcomments&post=70286"}],"version-history":[{"count":1,"href":"https:\/\/lospoliticosveracruz.com\/index.php?rest_route=\/wp\/v2\/posts\/70286\/revisions"}],"predecessor-version":[{"id":70288,"href":"https:\/\/lospoliticosveracruz.com\/index.php?rest_route=\/wp\/v2\/posts\/70286\/revisions\/70288"}],"wp:attachment":[{"href":"https:\/\/lospoliticosveracruz.com\/index.php?rest_route=%2Fwp%2Fv2%2Fmedia&parent=70286"}],"wp:term":[{"taxonomy":"category","embeddable":true,"href":"https:\/\/lospoliticosveracruz.com\/index.php?rest_route=%2Fwp%2Fv2%2Fcategories&post=70286"},{"taxonomy":"post_tag","embeddable":true,"href":"https:\/\/lospoliticosveracruz.com\/index.php?rest_route=%2Fwp%2Fv2%2Ftags&post=70286"}],"curies":[{"name":"wp","href":"https:\/\/api.w.org\/{rel}","templated":true}]}}