{"id":70295,"date":"2021-03-30T10:29:09","date_gmt":"2021-03-30T16:29:09","guid":{"rendered":"http:\/\/www.lospoliticosveracruz.com.mx\/?p=70295"},"modified":"2021-03-30T10:29:12","modified_gmt":"2021-03-30T16:29:12","slug":"veracruzana-era-retenida-en-iztapalapa","status":"publish","type":"post","link":"https:\/\/lospoliticosveracruz.com\/?p=70295","title":{"rendered":"Veracruzana era retenida en Iztapalapa!"},"content":{"rendered":"\n<p><strong>Ciudad de M\u00e9xico<br><\/strong>Polic\u00edas Auxiliares (PA) de la Secretar\u00eda de Seguridad Ciudadana (SSC) de la Ciudad de M\u00e9xico, detuvieron a una persona se\u00f1alada como posible responsable de mantener encerrada en un domicilio a una mujer originaria del estado de Veracruz, en calles de la alcald\u00eda Iztapalapa.<br>Los hechos ocurrieron cuando los oficiales de la SSC realizaban patrullajes preventivos en la colonia Ej\u00e9rcito de Oriente Zona Pe\u00f1\u00f3n, y una mujer de 34 a\u00f1os de edad solicit\u00f3 su apoyo, pues refiri\u00f3 que un hombre la ten\u00eda retenida en contra de su voluntad.<br>La afectada denunci\u00f3 que, a trav\u00e9s de las redes sociales conoci\u00f3 al sujeto, quien mediante enga\u00f1os, la promesa de un trabajo, un lugar donde vivir y comida en la capital, la hizo salir del Estado de Veracruz, de donde es originaria.<br>La denunciante dijo que d\u00edas despu\u00e9s de su llegada a la ciudad, el hombre ya no le permiti\u00f3 salir del domicilio y la mantuvo encerrada, pero que en ese momento aprovech\u00f3 un descuido de su probable captor para salir y al ver a los Polic\u00edas Auxiliares decidi\u00f3 pedir ayuda.<br>Cabe se\u00f1alar que mientras los uniformados realizaban la entrevista con la afectada, se acerc\u00f3 un sujeto quien indic\u00f3 ser el novio de la mujer, sin embargo, al notar el nerviosismo de la joven, quien neg\u00f3 la relaci\u00f3n y comenz\u00f3 a llorar, los polic\u00edas lo detuvieron.<br>En atenci\u00f3n a la denuncia, para deslindar responsabilidades y realizar las investigaciones correspondientes, el hombre de 22 a\u00f1os de edad, fue informado de sus derechos de ley y puesto a disposici\u00f3n del agente del Ministerio P\u00fablico, quien determinar\u00e1 su situaci\u00f3n jur\u00eddica.<br>En tanto a la joven se le orient\u00f3 para presentar su denuncia formal y recibir apoyo legal y psicol\u00f3gico a trav\u00e9s del Consejo Ciudadano para la Seguridad y Justicia, a trav\u00e9s de la Fiscal\u00eda General de Justicia (FGJ) o en la Secretar\u00eda de las Mujeres de la Ciudad de M\u00e9xico.<\/p>\n","protected":false},"excerpt":{"rendered":"<p>Ciudad de M\u00e9xicoPolic\u00edas Auxiliares (PA) de la Secretar\u00eda de Seguridad Ciudadana (SSC) de la Ciudad de M\u00e9xico, detuvieron a una persona se\u00f1alada como posible responsable de mantener encerrada en un domicilio a una mujer originaria del estado de Veracruz, en calles de la alcald\u00eda Iztapalapa.Los hechos ocurrieron cuando los oficiales de la SSC realizaban patrullajes [&hellip;]<\/p>\n","protected":false},"author":2,"featured_media":0,"comment_status":"closed","ping_status":"closed","sticky":false,"template":"","format":"standard","meta":{"tdm_status":"","tdm_grid_status":"","footnotes":""},"categories":[73],"tags":[27083,17422,27082,17456,21302,195],"class_list":{"0":"post-70295","1":"post","2":"type-post","3":"status-publish","4":"format-standard","6":"category-de-boleto","7":"tag-fgj","8":"tag-fiscalia-general-de-justicia","9":"tag-policias-auxiliares","10":"tag-secretaria-de-seguridad-ciudadana","11":"tag-ssc","12":"tag-veracruz"},"yoast_head":"<!-- This site is optimized with the Yoast SEO plugin v27.4 - https:\/\/yoast.com\/product\/yoast-seo-wordpress\/ -->\n<title>Veracruzana era retenida en Iztapalapa! - Los pol\u00edticos Veracruz<\/title>\n<meta name=\"robots\" content=\"index, follow, max-snippet:-1, max-image-preview:large, max-video-preview:-1\" \/>\n<link rel=\"canonical\" href=\"https:\/\/lospoliticosveracruz.com\/?p=70295\" \/>\n<meta property=\"og:locale\" content=\"es_ES\" \/>\n<meta property=\"og:type\" content=\"article\" \/>\n<meta property=\"og:title\" content=\"Veracruzana era retenida en Iztapalapa! - Los pol\u00edticos Veracruz\" \/>\n<meta property=\"og:description\" content=\"Ciudad de M\u00e9xicoPolic\u00edas Auxiliares (PA) de la Secretar\u00eda de Seguridad Ciudadana (SSC) de la Ciudad de M\u00e9xico, detuvieron a una persona se\u00f1alada como posible responsable de mantener encerrada en un domicilio a una mujer originaria del estado de Veracruz, en calles de la alcald\u00eda Iztapalapa.Los hechos ocurrieron cuando los oficiales de la SSC realizaban patrullajes [&hellip;]\" \/>\n<meta property=\"og:url\" content=\"https:\/\/lospoliticosveracruz.com\/?p=70295\" \/>\n<meta property=\"og:site_name\" content=\"Los pol\u00edticos Veracruz\" \/>\n<meta property=\"article:publisher\" content=\"https:\/\/www.facebook.com\/people\/Notimemes-de-los-Polticos\/61565672886568\/\" \/>\n<meta property=\"article:published_time\" content=\"2021-03-30T16:29:09+00:00\" \/>\n<meta property=\"article:modified_time\" content=\"2021-03-30T16:29:12+00:00\" \/>\n<meta property=\"og:image\" content=\"https:\/\/lospoliticosveracruz.com\/wp-content\/uploads\/2016\/07\/Logo-Dor.jpg\" \/>\n\t<meta property=\"og:image:width\" content=\"200\" \/>\n\t<meta property=\"og:image:height\" content=\"200\" \/>\n\t<meta property=\"og:image:type\" content=\"image\/jpeg\" \/>\n<meta name=\"author\" content=\"Lo viste en Los Pol\u00edticos\" \/>\n<meta name=\"twitter:card\" content=\"summary_large_image\" \/>\n<meta name=\"twitter:creator\" content=\"@LosPoliticosVer\" \/>\n<meta name=\"twitter:site\" content=\"@LosPoliticosVer\" \/>\n<meta name=\"twitter:label1\" content=\"Escrito por\" \/>\n\t<meta name=\"twitter:data1\" content=\"Lo viste en Los Pol\u00edticos\" \/>\n\t<meta name=\"twitter:label2\" content=\"Tiempo de lectura\" \/>\n\t<meta name=\"twitter:data2\" content=\"2 minutos\" \/>\n<script type=\"application\/ld+json\" class=\"yoast-schema-graph\">{\"@context\":\"https:\\\/\\\/schema.org\",\"@graph\":[{\"@type\":\"Article\",\"@id\":\"https:\\\/\\\/lospoliticosveracruz.com\\\/?p=70295#article\",\"isPartOf\":{\"@id\":\"https:\\\/\\\/lospoliticosveracruz.com\\\/?p=70295\"},\"author\":{\"name\":\"Lo viste en Los Pol\u00edticos\",\"@id\":\"https:\\\/\\\/lospoliticosveracruz.com\\\/#\\\/schema\\\/person\\\/b8702bb0e538456e6efd07080bf2a4a2\"},\"headline\":\"Veracruzana era retenida en Iztapalapa!\",\"datePublished\":\"2021-03-30T16:29:09+00:00\",\"dateModified\":\"2021-03-30T16:29:12+00:00\",\"mainEntityOfPage\":{\"@id\":\"https:\\\/\\\/lospoliticosveracruz.com\\\/?p=70295\"},\"wordCount\":349,\"publisher\":{\"@id\":\"https:\\\/\\\/lospoliticosveracruz.com\\\/#organization\"},\"keywords\":[\"FGJ\",\"Fiscal\u00eda General de Justicia\",\"Polic\u00edas Auxiliares\",\"Secretar\u00eda de Seguridad Ciudadana\",\"SSC\",\"Veracruz\"],\"articleSection\":[\"De Boleto\"],\"inLanguage\":\"es\"},{\"@type\":\"WebPage\",\"@id\":\"https:\\\/\\\/lospoliticosveracruz.com\\\/?p=70295\",\"url\":\"https:\\\/\\\/lospoliticosveracruz.com\\\/?p=70295\",\"name\":\"Veracruzana era retenida en Iztapalapa! - Los pol\u00edticos Veracruz\",\"isPartOf\":{\"@id\":\"https:\\\/\\\/lospoliticosveracruz.com\\\/#website\"},\"datePublished\":\"2021-03-30T16:29:09+00:00\",\"dateModified\":\"2021-03-30T16:29:12+00:00\",\"breadcrumb\":{\"@id\":\"https:\\\/\\\/lospoliticosveracruz.com\\\/?p=70295#breadcrumb\"},\"inLanguage\":\"es\",\"potentialAction\":[{\"@type\":\"ReadAction\",\"target\":[\"https:\\\/\\\/lospoliticosveracruz.com\\\/?p=70295\"]}]},{\"@type\":\"BreadcrumbList\",\"@id\":\"https:\\\/\\\/lospoliticosveracruz.com\\\/?p=70295#breadcrumb\",\"itemListElement\":[{\"@type\":\"ListItem\",\"position\":1,\"name\":\"Portada\",\"item\":\"https:\\\/\\\/lospoliticosveracruz.com\\\/\"},{\"@type\":\"ListItem\",\"position\":2,\"name\":\"Veracruzana era retenida en Iztapalapa!\"}]},{\"@type\":\"WebSite\",\"@id\":\"https:\\\/\\\/lospoliticosveracruz.com\\\/#website\",\"url\":\"https:\\\/\\\/lospoliticosveracruz.com\\\/\",\"name\":\"Los pol\u00edticos Veracruz\",\"description\":\"\",\"publisher\":{\"@id\":\"https:\\\/\\\/lospoliticosveracruz.com\\\/#organization\"},\"potentialAction\":[{\"@type\":\"SearchAction\",\"target\":{\"@type\":\"EntryPoint\",\"urlTemplate\":\"https:\\\/\\\/lospoliticosveracruz.com\\\/?s={search_term_string}\"},\"query-input\":{\"@type\":\"PropertyValueSpecification\",\"valueRequired\":true,\"valueName\":\"search_term_string\"}}],\"inLanguage\":\"es\"},{\"@type\":\"Organization\",\"@id\":\"https:\\\/\\\/lospoliticosveracruz.com\\\/#organization\",\"name\":\"Los pol\u00edticos Veracruz\",\"url\":\"https:\\\/\\\/lospoliticosveracruz.com\\\/\",\"logo\":{\"@type\":\"ImageObject\",\"inLanguage\":\"es\",\"@id\":\"https:\\\/\\\/lospoliticosveracruz.com\\\/#\\\/schema\\\/logo\\\/image\\\/\",\"url\":\"https:\\\/\\\/lospoliticosveracruz.com\\\/wp-content\\\/uploads\\\/2025\\\/12\\\/Logo-Nuevo-LOS-POLITICOS-1.jpg\",\"contentUrl\":\"https:\\\/\\\/lospoliticosveracruz.com\\\/wp-content\\\/uploads\\\/2025\\\/12\\\/Logo-Nuevo-LOS-POLITICOS-1.jpg\",\"width\":260,\"height\":70,\"caption\":\"Los pol\u00edticos Veracruz\"},\"image\":{\"@id\":\"https:\\\/\\\/lospoliticosveracruz.com\\\/#\\\/schema\\\/logo\\\/image\\\/\"},\"sameAs\":[\"https:\\\/\\\/www.facebook.com\\\/people\\\/Notimemes-de-los-Polticos\\\/61565672886568\\\/\",\"https:\\\/\\\/x.com\\\/LosPoliticosVer\"]},{\"@type\":\"Person\",\"@id\":\"https:\\\/\\\/lospoliticosveracruz.com\\\/#\\\/schema\\\/person\\\/b8702bb0e538456e6efd07080bf2a4a2\",\"name\":\"Lo viste en Los Pol\u00edticos\",\"image\":{\"@type\":\"ImageObject\",\"inLanguage\":\"es\",\"@id\":\"https:\\\/\\\/secure.gravatar.com\\\/avatar\\\/3a8de04a2656d44082be478bd6c086daa447c4651605818287b9532d3d0bd435?s=96&d=mm&r=g\",\"url\":\"https:\\\/\\\/secure.gravatar.com\\\/avatar\\\/3a8de04a2656d44082be478bd6c086daa447c4651605818287b9532d3d0bd435?s=96&d=mm&r=g\",\"contentUrl\":\"https:\\\/\\\/secure.gravatar.com\\\/avatar\\\/3a8de04a2656d44082be478bd6c086daa447c4651605818287b9532d3d0bd435?s=96&d=mm&r=g\",\"caption\":\"Lo viste en Los Pol\u00edticos\"},\"url\":\"https:\\\/\\\/lospoliticosveracruz.com\\\/?author=2\"}]}<\/script>\n<!-- \/ Yoast SEO plugin. -->","yoast_head_json":{"title":"Veracruzana era retenida en Iztapalapa! - Los pol\u00edticos Veracruz","robots":{"index":"index","follow":"follow","max-snippet":"max-snippet:-1","max-image-preview":"max-image-preview:large","max-video-preview":"max-video-preview:-1"},"canonical":"https:\/\/lospoliticosveracruz.com\/?p=70295","og_locale":"es_ES","og_type":"article","og_title":"Veracruzana era retenida en Iztapalapa! - Los pol\u00edticos Veracruz","og_description":"Ciudad de M\u00e9xicoPolic\u00edas Auxiliares (PA) de la Secretar\u00eda de Seguridad Ciudadana (SSC) de la Ciudad de M\u00e9xico, detuvieron a una persona se\u00f1alada como posible responsable de mantener encerrada en un domicilio a una mujer originaria del estado de Veracruz, en calles de la alcald\u00eda Iztapalapa.Los hechos ocurrieron cuando los oficiales de la SSC realizaban patrullajes [&hellip;]","og_url":"https:\/\/lospoliticosveracruz.com\/?p=70295","og_site_name":"Los pol\u00edticos Veracruz","article_publisher":"https:\/\/www.facebook.com\/people\/Notimemes-de-los-Polticos\/61565672886568\/","article_published_time":"2021-03-30T16:29:09+00:00","article_modified_time":"2021-03-30T16:29:12+00:00","og_image":[{"width":200,"height":200,"url":"https:\/\/lospoliticosveracruz.com\/wp-content\/uploads\/2016\/07\/Logo-Dor.jpg","type":"image\/jpeg"}],"author":"Lo viste en Los Pol\u00edticos","twitter_card":"summary_large_image","twitter_creator":"@LosPoliticosVer","twitter_site":"@LosPoliticosVer","twitter_misc":{"Escrito por":"Lo viste en Los Pol\u00edticos","Tiempo de lectura":"2 minutos"},"schema":{"@context":"https:\/\/schema.org","@graph":[{"@type":"Article","@id":"https:\/\/lospoliticosveracruz.com\/?p=70295#article","isPartOf":{"@id":"https:\/\/lospoliticosveracruz.com\/?p=70295"},"author":{"name":"Lo viste en Los Pol\u00edticos","@id":"https:\/\/lospoliticosveracruz.com\/#\/schema\/person\/b8702bb0e538456e6efd07080bf2a4a2"},"headline":"Veracruzana era retenida en Iztapalapa!","datePublished":"2021-03-30T16:29:09+00:00","dateModified":"2021-03-30T16:29:12+00:00","mainEntityOfPage":{"@id":"https:\/\/lospoliticosveracruz.com\/?p=70295"},"wordCount":349,"publisher":{"@id":"https:\/\/lospoliticosveracruz.com\/#organization"},"keywords":["FGJ","Fiscal\u00eda General de Justicia","Polic\u00edas Auxiliares","Secretar\u00eda de Seguridad Ciudadana","SSC","Veracruz"],"articleSection":["De Boleto"],"inLanguage":"es"},{"@type":"WebPage","@id":"https:\/\/lospoliticosveracruz.com\/?p=70295","url":"https:\/\/lospoliticosveracruz.com\/?p=70295","name":"Veracruzana era retenida en Iztapalapa! - Los pol\u00edticos Veracruz","isPartOf":{"@id":"https:\/\/lospoliticosveracruz.com\/#website"},"datePublished":"2021-03-30T16:29:09+00:00","dateModified":"2021-03-30T16:29:12+00:00","breadcrumb":{"@id":"https:\/\/lospoliticosveracruz.com\/?p=70295#breadcrumb"},"inLanguage":"es","potentialAction":[{"@type":"ReadAction","target":["https:\/\/lospoliticosveracruz.com\/?p=70295"]}]},{"@type":"BreadcrumbList","@id":"https:\/\/lospoliticosveracruz.com\/?p=70295#breadcrumb","itemListElement":[{"@type":"ListItem","position":1,"name":"Portada","item":"https:\/\/lospoliticosveracruz.com\/"},{"@type":"ListItem","position":2,"name":"Veracruzana era retenida en Iztapalapa!"}]},{"@type":"WebSite","@id":"https:\/\/lospoliticosveracruz.com\/#website","url":"https:\/\/lospoliticosveracruz.com\/","name":"Los pol\u00edticos Veracruz","description":"","publisher":{"@id":"https:\/\/lospoliticosveracruz.com\/#organization"},"potentialAction":[{"@type":"SearchAction","target":{"@type":"EntryPoint","urlTemplate":"https:\/\/lospoliticosveracruz.com\/?s={search_term_string}"},"query-input":{"@type":"PropertyValueSpecification","valueRequired":true,"valueName":"search_term_string"}}],"inLanguage":"es"},{"@type":"Organization","@id":"https:\/\/lospoliticosveracruz.com\/#organization","name":"Los pol\u00edticos Veracruz","url":"https:\/\/lospoliticosveracruz.com\/","logo":{"@type":"ImageObject","inLanguage":"es","@id":"https:\/\/lospoliticosveracruz.com\/#\/schema\/logo\/image\/","url":"https:\/\/lospoliticosveracruz.com\/wp-content\/uploads\/2025\/12\/Logo-Nuevo-LOS-POLITICOS-1.jpg","contentUrl":"https:\/\/lospoliticosveracruz.com\/wp-content\/uploads\/2025\/12\/Logo-Nuevo-LOS-POLITICOS-1.jpg","width":260,"height":70,"caption":"Los pol\u00edticos Veracruz"},"image":{"@id":"https:\/\/lospoliticosveracruz.com\/#\/schema\/logo\/image\/"},"sameAs":["https:\/\/www.facebook.com\/people\/Notimemes-de-los-Polticos\/61565672886568\/","https:\/\/x.com\/LosPoliticosVer"]},{"@type":"Person","@id":"https:\/\/lospoliticosveracruz.com\/#\/schema\/person\/b8702bb0e538456e6efd07080bf2a4a2","name":"Lo viste en Los Pol\u00edticos","image":{"@type":"ImageObject","inLanguage":"es","@id":"https:\/\/secure.gravatar.com\/avatar\/3a8de04a2656d44082be478bd6c086daa447c4651605818287b9532d3d0bd435?s=96&d=mm&r=g","url":"https:\/\/secure.gravatar.com\/avatar\/3a8de04a2656d44082be478bd6c086daa447c4651605818287b9532d3d0bd435?s=96&d=mm&r=g","contentUrl":"https:\/\/secure.gravatar.com\/avatar\/3a8de04a2656d44082be478bd6c086daa447c4651605818287b9532d3d0bd435?s=96&d=mm&r=g","caption":"Lo viste en Los Pol\u00edticos"},"url":"https:\/\/lospoliticosveracruz.com\/?author=2"}]}},"_links":{"self":[{"href":"https:\/\/lospoliticosveracruz.com\/index.php?rest_route=\/wp\/v2\/posts\/70295","targetHints":{"allow":["GET"]}}],"collection":[{"href":"https:\/\/lospoliticosveracruz.com\/index.php?rest_route=\/wp\/v2\/posts"}],"about":[{"href":"https:\/\/lospoliticosveracruz.com\/index.php?rest_route=\/wp\/v2\/types\/post"}],"author":[{"embeddable":true,"href":"https:\/\/lospoliticosveracruz.com\/index.php?rest_route=\/wp\/v2\/users\/2"}],"replies":[{"embeddable":true,"href":"https:\/\/lospoliticosveracruz.com\/index.php?rest_route=%2Fwp%2Fv2%2Fcomments&post=70295"}],"version-history":[{"count":1,"href":"https:\/\/lospoliticosveracruz.com\/index.php?rest_route=\/wp\/v2\/posts\/70295\/revisions"}],"predecessor-version":[{"id":70297,"href":"https:\/\/lospoliticosveracruz.com\/index.php?rest_route=\/wp\/v2\/posts\/70295\/revisions\/70297"}],"wp:attachment":[{"href":"https:\/\/lospoliticosveracruz.com\/index.php?rest_route=%2Fwp%2Fv2%2Fmedia&parent=70295"}],"wp:term":[{"taxonomy":"category","embeddable":true,"href":"https:\/\/lospoliticosveracruz.com\/index.php?rest_route=%2Fwp%2Fv2%2Fcategories&post=70295"},{"taxonomy":"post_tag","embeddable":true,"href":"https:\/\/lospoliticosveracruz.com\/index.php?rest_route=%2Fwp%2Fv2%2Ftags&post=70295"}],"curies":[{"name":"wp","href":"https:\/\/api.w.org\/{rel}","templated":true}]}}