{"id":70424,"date":"2021-04-02T16:32:18","date_gmt":"2021-04-02T22:32:18","guid":{"rendered":"http:\/\/www.lospoliticosveracruz.com.mx\/?p=70424"},"modified":"2021-04-05T10:07:45","modified_gmt":"2021-04-05T15:07:45","slug":"por-fin-campanas","status":"publish","type":"post","link":"https:\/\/lospoliticosveracruz.com\/?p=70424","title":{"rendered":"Por fin, campa\u00f1as!"},"content":{"rendered":"\n<p><strong>Salvador Mu\u00f1oz<\/strong><\/p>\n\n\n\n<p><em>Los Pol\u00edticos<\/em><\/p>\n\n\n\n<p>El domingo es sumamente especial\u2026 hay cambio de horario, es domingo de resurrecci\u00f3n y por si eso fuera poco, arrancan las campa\u00f1as de candidatos a diputados federales\u2026<\/p>\n\n\n\n<div class=\"wp-block-image\"><figure class=\"alignleft size-large\"><a href=\"http:\/\/www.lospoliticosveracruz.com.mx\/wp-content\/uploads\/2021\/03\/Predial-Cordoba.png\"><img decoding=\"async\" src=\"http:\/\/www.lospoliticosveracruz.com.mx\/wp-content\/uploads\/2021\/03\/Predial-Cordoba.png\" alt=\"\" class=\"wp-image-69841\"\/><\/a><\/figure><\/div>\n\n\n\n<p>Es seguro que los candidatos lleven litros de gel antibacterial en aras de despacharse con gusto en el saludo de manos a cuanto cristiano se les atraviese\u2026 s\u00ed, lo que antes se ve\u00eda clasista, hoy es parte de la nueva normalidad. Recuerde que nunca faltaba el candidato o la candidata que apenas saludaba a un paisa, de inmediato, casi le hac\u00edan \u201ccasita\u201d, para que con toda discreci\u00f3n, se echara en sus manos gel antibacterial\u2026<br>Claro que el candidato igual ha de usar m\u00ednimo, un estampado en su camisa, sea con su cara o con su nombre (\u00a1o ambos!) para que el ciudadano sepa qui\u00e9n le est\u00e1 prometiendo el sol, la luna y las estrellas. Recuerden que a fuerza, llevar\u00e1n m\u00ednimo, cubrebocas.<br>\u00bfY qu\u00e9 va a pasar con esos candidatos que ya alcanzaron el estatus de Adulto Mayor? \u00bfSalud les dar\u00e1 chance de salir a hacer campa\u00f1a? Tantito peor: \u00bfen su casa los nietos y bisnietos lo dejar\u00e1n arriesgarse a contraer el Covid?\u00bfQue ya se vacunaron? \u00a1Ojo! Porque apenas va en algunos distritos la primera dosis\u2026 \u00a1falta el refuerzo! \u00bfVolveremos a ver a Rafael Hern\u00e1ndez Villalpando? Digo, porque como diputado federal \u00a1se hizo ojo de hormiga! A ver si como candidato, este domingo \u00a1resucita!<\/p>\n\n\n\n<p><strong>Am\u00e9rico: M\u00e1scara y Mascarilla<\/strong><br>Hablando de candidatos, igual est\u00e1 lo Am\u00e9rico Z\u00fa\u00f1iga Mart\u00ednez, quien tiene pensado arrancar su campa\u00f1a dando un video-mensaje a los xalape\u00f1os sobre su pretensi\u00f3n curulesca. \u00a1Ojo! porque parecer\u00e1 un mensaje muy largo si toma en cuenta que algunos relojes, en especial los de las compus y celulares, cambian el horario de verano en autom\u00e1tico, y cuando sea la medianoche de s\u00e1bado para domingo, al primer minuto de transmisi\u00f3n, \u201cya habr\u00e1 pasado una hora\u201d.<br>\u00a1Qu\u00e9 chinga para Am\u00e9rico! porque como se adelanta una hora el reloj, va a dormir menos. Miren: a las 12 que da su mensaje, que no creo que rebase ni 3 minutos (breve, conciso y macizo), cuando vea la hora, ser\u00e1n la 1 y cacho. Se ir\u00e1 a la camita porque si pretende estar en punto de las 6 de la ma\u00f1ana en Los Lagos para iniciar su campa\u00f1a en vivo y a todo color con una carrera, deber\u00e1 conciliar el sue\u00f1o casi de inmediato\u2026 asi que lo m\u00e1s seguro es que le den su lechita tibia \u00a1y a \u201cmimir!\u201d<br>A las 9 de la ma\u00f1ana del nuevo horario, Am\u00e9rico estar\u00e1 en Xallitic donde tendr\u00e1 otro evento\u2026<br>Es curioso, pero en su momento, Am\u00e9rico fue un visionario en esto de los aditamentos sanitarios\u2026 hoy, de seguro use una mascarilla como candidato a diputado federal\u2026 cuando fue candidato a diputado local, alguna vez uso una m\u00e1scara: la del Capit\u00e1n Am\u00e9rico\u2026 buscar\u00e9 la foto\u2026 por ah\u00ed la debo de tener guardada.<\/p>\n\n\n\n<p><strong>PD De \u00faltima hora cambiaron algunas cosas en el arranque de campa\u00f1a:<br>A las 7 de la ma\u00f1ana del domingo (ya no a las 6), presidir\u00e1 una carrera en la \u201cIsleta de Los Lagos\u201d, en la zona universitaria, esquina Circuito Presidentes.<\/strong><\/p>\n\n\n\n<p><strong>A las 9 horas, en la Explanada del monumento al ex gobernador Adalberto Tejeda, en la Avenida Xalapa esquina Am\u00e9ricas, el candidato de la coalici\u00f3n \u201cVa por M\u00e9xico\u201d llevar\u00e1 a cabo, con todos los protocolos sanitarios, el evento formal de arranque de campa\u00f1a, con la presencia de miembros del PAN, PRI y PRD, diputados, ex alcaldes capitalinos, l\u00edderes sindicales, empresariales y militantes. Cancelado lo de Xallitic.<\/strong><\/p>\n\n\n\n<p><strong>Isamor y Mart\u00edn<\/strong><br>Mart\u00edn Ramos, amigo de Boca del R\u00edo, ser\u00e1 candidato a la diputaci\u00f3n local por el distrito XVI que abarca Boca del R\u00edo, Alvarado, Acula, Tlalixcoyan e Ignacio de la Llave\u2026 por Podemos.<br>Recalco lo \u00faltimo, porque durante muchos a\u00f1os fue un f\u00e9rreo pri\u00edsta hasta que, creo, vio que pasaba el tiempo y no sent\u00eda que le fueran a dar oportunidad para medir su militancia y activismo, por lo que decidi\u00f3 emigrar a otros lares, ahora con Paco Garrido S\u00e1nchez. \u00a1Vamos! Ni cuando tuvo chance su compadre H\u00e9ctor Yunes, le dieron esa oportunidad.<br>Junto con su cuata Isabel Morales, y no, \u00a1no es la Potra!, mami de Damara G\u00f3mez, sino su hom\u00f3nima de la zona conurbada, m\u00e1s conocida como Isamor, delegada especial de Podemos, buscar\u00e1n hacerla en grande: \u00e9l, por la curul local; ella, por la alcald\u00eda de Boca del R\u00edo.<\/p>\n\n\n\n<p>smcainito@gmail.com<\/p>\n","protected":false},"excerpt":{"rendered":"<p>Salvador Mu\u00f1oz Los Pol\u00edticos El domingo es sumamente especial\u2026 hay cambio de horario, es domingo de resurrecci\u00f3n y por si eso fuera poco, arrancan las campa\u00f1as de candidatos a diputados federales\u2026 Es seguro que los candidatos lleven litros de gel antibacterial en aras de despacharse con gusto en el saludo de manos a cuanto cristiano [&hellip;]<\/p>\n","protected":false},"author":2,"featured_media":70425,"comment_status":"closed","ping_status":"closed","sticky":false,"template":"","format":"standard","meta":{"tdm_status":"","tdm_grid_status":"","footnotes":""},"categories":[70],"tags":[539,2334,450,7498,13365,11992],"class_list":{"0":"post-70424","1":"post","2":"type-post","3":"status-publish","4":"format-standard","5":"has-post-thumbnail","7":"category-de-opinion","8":"tag-americo-zuniga-martinez","9":"tag-campanas","10":"tag-candidato","11":"tag-martin-ramos","12":"tag-podemos","13":"tag-rafael-hernandez-villalpando"},"yoast_head":"<!-- This site is optimized with the Yoast SEO plugin v27.4 - https:\/\/yoast.com\/product\/yoast-seo-wordpress\/ -->\n<title>Por fin, campa\u00f1as! - Los pol\u00edticos Veracruz<\/title>\n<meta name=\"robots\" content=\"index, follow, max-snippet:-1, max-image-preview:large, max-video-preview:-1\" \/>\n<link rel=\"canonical\" href=\"https:\/\/lospoliticosveracruz.com\/?p=70424\" \/>\n<meta property=\"og:locale\" content=\"es_ES\" \/>\n<meta property=\"og:type\" content=\"article\" \/>\n<meta property=\"og:title\" content=\"Por fin, campa\u00f1as! - Los pol\u00edticos Veracruz\" \/>\n<meta property=\"og:description\" content=\"Salvador Mu\u00f1oz Los Pol\u00edticos El domingo es sumamente especial\u2026 hay cambio de horario, es domingo de resurrecci\u00f3n y por si eso fuera poco, arrancan las campa\u00f1as de candidatos a diputados federales\u2026 Es seguro que los candidatos lleven litros de gel antibacterial en aras de despacharse con gusto en el saludo de manos a cuanto cristiano [&hellip;]\" \/>\n<meta property=\"og:url\" content=\"https:\/\/lospoliticosveracruz.com\/?p=70424\" \/>\n<meta property=\"og:site_name\" content=\"Los pol\u00edticos Veracruz\" \/>\n<meta property=\"article:publisher\" content=\"https:\/\/www.facebook.com\/people\/Notimemes-de-los-Polticos\/61565672886568\/\" \/>\n<meta property=\"article:published_time\" content=\"2021-04-02T22:32:18+00:00\" \/>\n<meta property=\"article:modified_time\" content=\"2021-04-05T15:07:45+00:00\" \/>\n<meta property=\"og:image\" content=\"https:\/\/lospoliticosveracruz.com\/wp-content\/uploads\/2021\/04\/A7E9BC6B-8460-4A6F-9CE1-A2825F552509.jpeg\" \/>\n\t<meta property=\"og:image:width\" content=\"600\" \/>\n\t<meta property=\"og:image:height\" content=\"320\" \/>\n\t<meta property=\"og:image:type\" content=\"image\/jpeg\" \/>\n<meta name=\"author\" content=\"Lo viste en Los Pol\u00edticos\" \/>\n<meta name=\"twitter:card\" content=\"summary_large_image\" \/>\n<meta name=\"twitter:creator\" content=\"@LosPoliticosVer\" \/>\n<meta name=\"twitter:site\" content=\"@LosPoliticosVer\" \/>\n<meta name=\"twitter:label1\" content=\"Escrito por\" \/>\n\t<meta name=\"twitter:data1\" content=\"Lo viste en Los Pol\u00edticos\" \/>\n\t<meta name=\"twitter:label2\" content=\"Tiempo de lectura\" \/>\n\t<meta name=\"twitter:data2\" content=\"4 minutos\" \/>\n<script type=\"application\/ld+json\" class=\"yoast-schema-graph\">{\"@context\":\"https:\\\/\\\/schema.org\",\"@graph\":[{\"@type\":\"Article\",\"@id\":\"https:\\\/\\\/lospoliticosveracruz.com\\\/?p=70424#article\",\"isPartOf\":{\"@id\":\"https:\\\/\\\/lospoliticosveracruz.com\\\/?p=70424\"},\"author\":{\"name\":\"Lo viste en Los Pol\u00edticos\",\"@id\":\"https:\\\/\\\/lospoliticosveracruz.com\\\/#\\\/schema\\\/person\\\/b8702bb0e538456e6efd07080bf2a4a2\"},\"headline\":\"Por fin, campa\u00f1as!\",\"datePublished\":\"2021-04-02T22:32:18+00:00\",\"dateModified\":\"2021-04-05T15:07:45+00:00\",\"mainEntityOfPage\":{\"@id\":\"https:\\\/\\\/lospoliticosveracruz.com\\\/?p=70424\"},\"wordCount\":791,\"publisher\":{\"@id\":\"https:\\\/\\\/lospoliticosveracruz.com\\\/#organization\"},\"image\":{\"@id\":\"https:\\\/\\\/lospoliticosveracruz.com\\\/?p=70424#primaryimage\"},\"thumbnailUrl\":\"https:\\\/\\\/lospoliticosveracruz.com\\\/wp-content\\\/uploads\\\/2021\\\/04\\\/A7E9BC6B-8460-4A6F-9CE1-A2825F552509.jpeg\",\"keywords\":[\"Am\u00e9rico Z\u00fa\u00f1iga Mart\u00ednez\",\"campa\u00f1as\",\"candidato\",\"Mart\u00edn Ramos\",\"Podemos\",\"Rafael Hern\u00e1ndez Villalpando\"],\"articleSection\":[\"De Opini\u00f3n\"],\"inLanguage\":\"es\"},{\"@type\":\"WebPage\",\"@id\":\"https:\\\/\\\/lospoliticosveracruz.com\\\/?p=70424\",\"url\":\"https:\\\/\\\/lospoliticosveracruz.com\\\/?p=70424\",\"name\":\"Por fin, campa\u00f1as! - Los pol\u00edticos Veracruz\",\"isPartOf\":{\"@id\":\"https:\\\/\\\/lospoliticosveracruz.com\\\/#website\"},\"primaryImageOfPage\":{\"@id\":\"https:\\\/\\\/lospoliticosveracruz.com\\\/?p=70424#primaryimage\"},\"image\":{\"@id\":\"https:\\\/\\\/lospoliticosveracruz.com\\\/?p=70424#primaryimage\"},\"thumbnailUrl\":\"https:\\\/\\\/lospoliticosveracruz.com\\\/wp-content\\\/uploads\\\/2021\\\/04\\\/A7E9BC6B-8460-4A6F-9CE1-A2825F552509.jpeg\",\"datePublished\":\"2021-04-02T22:32:18+00:00\",\"dateModified\":\"2021-04-05T15:07:45+00:00\",\"breadcrumb\":{\"@id\":\"https:\\\/\\\/lospoliticosveracruz.com\\\/?p=70424#breadcrumb\"},\"inLanguage\":\"es\",\"potentialAction\":[{\"@type\":\"ReadAction\",\"target\":[\"https:\\\/\\\/lospoliticosveracruz.com\\\/?p=70424\"]}]},{\"@type\":\"ImageObject\",\"inLanguage\":\"es\",\"@id\":\"https:\\\/\\\/lospoliticosveracruz.com\\\/?p=70424#primaryimage\",\"url\":\"https:\\\/\\\/lospoliticosveracruz.com\\\/wp-content\\\/uploads\\\/2021\\\/04\\\/A7E9BC6B-8460-4A6F-9CE1-A2825F552509.jpeg\",\"contentUrl\":\"https:\\\/\\\/lospoliticosveracruz.com\\\/wp-content\\\/uploads\\\/2021\\\/04\\\/A7E9BC6B-8460-4A6F-9CE1-A2825F552509.jpeg\",\"width\":600,\"height\":320},{\"@type\":\"BreadcrumbList\",\"@id\":\"https:\\\/\\\/lospoliticosveracruz.com\\\/?p=70424#breadcrumb\",\"itemListElement\":[{\"@type\":\"ListItem\",\"position\":1,\"name\":\"Portada\",\"item\":\"https:\\\/\\\/lospoliticosveracruz.com\\\/\"},{\"@type\":\"ListItem\",\"position\":2,\"name\":\"Por fin, campa\u00f1as!\"}]},{\"@type\":\"WebSite\",\"@id\":\"https:\\\/\\\/lospoliticosveracruz.com\\\/#website\",\"url\":\"https:\\\/\\\/lospoliticosveracruz.com\\\/\",\"name\":\"Los pol\u00edticos Veracruz\",\"description\":\"\",\"publisher\":{\"@id\":\"https:\\\/\\\/lospoliticosveracruz.com\\\/#organization\"},\"potentialAction\":[{\"@type\":\"SearchAction\",\"target\":{\"@type\":\"EntryPoint\",\"urlTemplate\":\"https:\\\/\\\/lospoliticosveracruz.com\\\/?s={search_term_string}\"},\"query-input\":{\"@type\":\"PropertyValueSpecification\",\"valueRequired\":true,\"valueName\":\"search_term_string\"}}],\"inLanguage\":\"es\"},{\"@type\":\"Organization\",\"@id\":\"https:\\\/\\\/lospoliticosveracruz.com\\\/#organization\",\"name\":\"Los pol\u00edticos Veracruz\",\"url\":\"https:\\\/\\\/lospoliticosveracruz.com\\\/\",\"logo\":{\"@type\":\"ImageObject\",\"inLanguage\":\"es\",\"@id\":\"https:\\\/\\\/lospoliticosveracruz.com\\\/#\\\/schema\\\/logo\\\/image\\\/\",\"url\":\"https:\\\/\\\/lospoliticosveracruz.com\\\/wp-content\\\/uploads\\\/2025\\\/12\\\/Logo-Nuevo-LOS-POLITICOS-1.jpg\",\"contentUrl\":\"https:\\\/\\\/lospoliticosveracruz.com\\\/wp-content\\\/uploads\\\/2025\\\/12\\\/Logo-Nuevo-LOS-POLITICOS-1.jpg\",\"width\":260,\"height\":70,\"caption\":\"Los pol\u00edticos Veracruz\"},\"image\":{\"@id\":\"https:\\\/\\\/lospoliticosveracruz.com\\\/#\\\/schema\\\/logo\\\/image\\\/\"},\"sameAs\":[\"https:\\\/\\\/www.facebook.com\\\/people\\\/Notimemes-de-los-Polticos\\\/61565672886568\\\/\",\"https:\\\/\\\/x.com\\\/LosPoliticosVer\"]},{\"@type\":\"Person\",\"@id\":\"https:\\\/\\\/lospoliticosveracruz.com\\\/#\\\/schema\\\/person\\\/b8702bb0e538456e6efd07080bf2a4a2\",\"name\":\"Lo viste en Los Pol\u00edticos\",\"image\":{\"@type\":\"ImageObject\",\"inLanguage\":\"es\",\"@id\":\"https:\\\/\\\/secure.gravatar.com\\\/avatar\\\/3a8de04a2656d44082be478bd6c086daa447c4651605818287b9532d3d0bd435?s=96&d=mm&r=g\",\"url\":\"https:\\\/\\\/secure.gravatar.com\\\/avatar\\\/3a8de04a2656d44082be478bd6c086daa447c4651605818287b9532d3d0bd435?s=96&d=mm&r=g\",\"contentUrl\":\"https:\\\/\\\/secure.gravatar.com\\\/avatar\\\/3a8de04a2656d44082be478bd6c086daa447c4651605818287b9532d3d0bd435?s=96&d=mm&r=g\",\"caption\":\"Lo viste en Los Pol\u00edticos\"},\"url\":\"https:\\\/\\\/lospoliticosveracruz.com\\\/?author=2\"}]}<\/script>\n<!-- \/ Yoast SEO plugin. -->","yoast_head_json":{"title":"Por fin, campa\u00f1as! - Los pol\u00edticos Veracruz","robots":{"index":"index","follow":"follow","max-snippet":"max-snippet:-1","max-image-preview":"max-image-preview:large","max-video-preview":"max-video-preview:-1"},"canonical":"https:\/\/lospoliticosveracruz.com\/?p=70424","og_locale":"es_ES","og_type":"article","og_title":"Por fin, campa\u00f1as! - Los pol\u00edticos Veracruz","og_description":"Salvador Mu\u00f1oz Los Pol\u00edticos El domingo es sumamente especial\u2026 hay cambio de horario, es domingo de resurrecci\u00f3n y por si eso fuera poco, arrancan las campa\u00f1as de candidatos a diputados federales\u2026 Es seguro que los candidatos lleven litros de gel antibacterial en aras de despacharse con gusto en el saludo de manos a cuanto cristiano [&hellip;]","og_url":"https:\/\/lospoliticosveracruz.com\/?p=70424","og_site_name":"Los pol\u00edticos Veracruz","article_publisher":"https:\/\/www.facebook.com\/people\/Notimemes-de-los-Polticos\/61565672886568\/","article_published_time":"2021-04-02T22:32:18+00:00","article_modified_time":"2021-04-05T15:07:45+00:00","og_image":[{"width":600,"height":320,"url":"https:\/\/lospoliticosveracruz.com\/wp-content\/uploads\/2021\/04\/A7E9BC6B-8460-4A6F-9CE1-A2825F552509.jpeg","type":"image\/jpeg"}],"author":"Lo viste en Los Pol\u00edticos","twitter_card":"summary_large_image","twitter_creator":"@LosPoliticosVer","twitter_site":"@LosPoliticosVer","twitter_misc":{"Escrito por":"Lo viste en Los Pol\u00edticos","Tiempo de lectura":"4 minutos"},"schema":{"@context":"https:\/\/schema.org","@graph":[{"@type":"Article","@id":"https:\/\/lospoliticosveracruz.com\/?p=70424#article","isPartOf":{"@id":"https:\/\/lospoliticosveracruz.com\/?p=70424"},"author":{"name":"Lo viste en Los Pol\u00edticos","@id":"https:\/\/lospoliticosveracruz.com\/#\/schema\/person\/b8702bb0e538456e6efd07080bf2a4a2"},"headline":"Por fin, campa\u00f1as!","datePublished":"2021-04-02T22:32:18+00:00","dateModified":"2021-04-05T15:07:45+00:00","mainEntityOfPage":{"@id":"https:\/\/lospoliticosveracruz.com\/?p=70424"},"wordCount":791,"publisher":{"@id":"https:\/\/lospoliticosveracruz.com\/#organization"},"image":{"@id":"https:\/\/lospoliticosveracruz.com\/?p=70424#primaryimage"},"thumbnailUrl":"https:\/\/lospoliticosveracruz.com\/wp-content\/uploads\/2021\/04\/A7E9BC6B-8460-4A6F-9CE1-A2825F552509.jpeg","keywords":["Am\u00e9rico Z\u00fa\u00f1iga Mart\u00ednez","campa\u00f1as","candidato","Mart\u00edn Ramos","Podemos","Rafael Hern\u00e1ndez Villalpando"],"articleSection":["De Opini\u00f3n"],"inLanguage":"es"},{"@type":"WebPage","@id":"https:\/\/lospoliticosveracruz.com\/?p=70424","url":"https:\/\/lospoliticosveracruz.com\/?p=70424","name":"Por fin, campa\u00f1as! - Los pol\u00edticos Veracruz","isPartOf":{"@id":"https:\/\/lospoliticosveracruz.com\/#website"},"primaryImageOfPage":{"@id":"https:\/\/lospoliticosveracruz.com\/?p=70424#primaryimage"},"image":{"@id":"https:\/\/lospoliticosveracruz.com\/?p=70424#primaryimage"},"thumbnailUrl":"https:\/\/lospoliticosveracruz.com\/wp-content\/uploads\/2021\/04\/A7E9BC6B-8460-4A6F-9CE1-A2825F552509.jpeg","datePublished":"2021-04-02T22:32:18+00:00","dateModified":"2021-04-05T15:07:45+00:00","breadcrumb":{"@id":"https:\/\/lospoliticosveracruz.com\/?p=70424#breadcrumb"},"inLanguage":"es","potentialAction":[{"@type":"ReadAction","target":["https:\/\/lospoliticosveracruz.com\/?p=70424"]}]},{"@type":"ImageObject","inLanguage":"es","@id":"https:\/\/lospoliticosveracruz.com\/?p=70424#primaryimage","url":"https:\/\/lospoliticosveracruz.com\/wp-content\/uploads\/2021\/04\/A7E9BC6B-8460-4A6F-9CE1-A2825F552509.jpeg","contentUrl":"https:\/\/lospoliticosveracruz.com\/wp-content\/uploads\/2021\/04\/A7E9BC6B-8460-4A6F-9CE1-A2825F552509.jpeg","width":600,"height":320},{"@type":"BreadcrumbList","@id":"https:\/\/lospoliticosveracruz.com\/?p=70424#breadcrumb","itemListElement":[{"@type":"ListItem","position":1,"name":"Portada","item":"https:\/\/lospoliticosveracruz.com\/"},{"@type":"ListItem","position":2,"name":"Por fin, campa\u00f1as!"}]},{"@type":"WebSite","@id":"https:\/\/lospoliticosveracruz.com\/#website","url":"https:\/\/lospoliticosveracruz.com\/","name":"Los pol\u00edticos Veracruz","description":"","publisher":{"@id":"https:\/\/lospoliticosveracruz.com\/#organization"},"potentialAction":[{"@type":"SearchAction","target":{"@type":"EntryPoint","urlTemplate":"https:\/\/lospoliticosveracruz.com\/?s={search_term_string}"},"query-input":{"@type":"PropertyValueSpecification","valueRequired":true,"valueName":"search_term_string"}}],"inLanguage":"es"},{"@type":"Organization","@id":"https:\/\/lospoliticosveracruz.com\/#organization","name":"Los pol\u00edticos Veracruz","url":"https:\/\/lospoliticosveracruz.com\/","logo":{"@type":"ImageObject","inLanguage":"es","@id":"https:\/\/lospoliticosveracruz.com\/#\/schema\/logo\/image\/","url":"https:\/\/lospoliticosveracruz.com\/wp-content\/uploads\/2025\/12\/Logo-Nuevo-LOS-POLITICOS-1.jpg","contentUrl":"https:\/\/lospoliticosveracruz.com\/wp-content\/uploads\/2025\/12\/Logo-Nuevo-LOS-POLITICOS-1.jpg","width":260,"height":70,"caption":"Los pol\u00edticos Veracruz"},"image":{"@id":"https:\/\/lospoliticosveracruz.com\/#\/schema\/logo\/image\/"},"sameAs":["https:\/\/www.facebook.com\/people\/Notimemes-de-los-Polticos\/61565672886568\/","https:\/\/x.com\/LosPoliticosVer"]},{"@type":"Person","@id":"https:\/\/lospoliticosveracruz.com\/#\/schema\/person\/b8702bb0e538456e6efd07080bf2a4a2","name":"Lo viste en Los Pol\u00edticos","image":{"@type":"ImageObject","inLanguage":"es","@id":"https:\/\/secure.gravatar.com\/avatar\/3a8de04a2656d44082be478bd6c086daa447c4651605818287b9532d3d0bd435?s=96&d=mm&r=g","url":"https:\/\/secure.gravatar.com\/avatar\/3a8de04a2656d44082be478bd6c086daa447c4651605818287b9532d3d0bd435?s=96&d=mm&r=g","contentUrl":"https:\/\/secure.gravatar.com\/avatar\/3a8de04a2656d44082be478bd6c086daa447c4651605818287b9532d3d0bd435?s=96&d=mm&r=g","caption":"Lo viste en Los Pol\u00edticos"},"url":"https:\/\/lospoliticosveracruz.com\/?author=2"}]}},"_links":{"self":[{"href":"https:\/\/lospoliticosveracruz.com\/index.php?rest_route=\/wp\/v2\/posts\/70424","targetHints":{"allow":["GET"]}}],"collection":[{"href":"https:\/\/lospoliticosveracruz.com\/index.php?rest_route=\/wp\/v2\/posts"}],"about":[{"href":"https:\/\/lospoliticosveracruz.com\/index.php?rest_route=\/wp\/v2\/types\/post"}],"author":[{"embeddable":true,"href":"https:\/\/lospoliticosveracruz.com\/index.php?rest_route=\/wp\/v2\/users\/2"}],"replies":[{"embeddable":true,"href":"https:\/\/lospoliticosveracruz.com\/index.php?rest_route=%2Fwp%2Fv2%2Fcomments&post=70424"}],"version-history":[{"count":3,"href":"https:\/\/lospoliticosveracruz.com\/index.php?rest_route=\/wp\/v2\/posts\/70424\/revisions"}],"predecessor-version":[{"id":70498,"href":"https:\/\/lospoliticosveracruz.com\/index.php?rest_route=\/wp\/v2\/posts\/70424\/revisions\/70498"}],"wp:featuredmedia":[{"embeddable":true,"href":"https:\/\/lospoliticosveracruz.com\/index.php?rest_route=\/wp\/v2\/media\/70425"}],"wp:attachment":[{"href":"https:\/\/lospoliticosveracruz.com\/index.php?rest_route=%2Fwp%2Fv2%2Fmedia&parent=70424"}],"wp:term":[{"taxonomy":"category","embeddable":true,"href":"https:\/\/lospoliticosveracruz.com\/index.php?rest_route=%2Fwp%2Fv2%2Fcategories&post=70424"},{"taxonomy":"post_tag","embeddable":true,"href":"https:\/\/lospoliticosveracruz.com\/index.php?rest_route=%2Fwp%2Fv2%2Ftags&post=70424"}],"curies":[{"name":"wp","href":"https:\/\/api.w.org\/{rel}","templated":true}]}}