{"id":70448,"date":"2021-04-04T09:49:00","date_gmt":"2021-04-04T14:49:00","guid":{"rendered":"http:\/\/www.lospoliticosveracruz.com.mx\/?p=70448"},"modified":"2021-04-04T09:49:03","modified_gmt":"2021-04-04T14:49:03","slug":"la-carrera-por-la-curul","status":"publish","type":"post","link":"https:\/\/lospoliticosveracruz.com\/?p=70448","title":{"rendered":"La carrera por la curul!"},"content":{"rendered":"\n<p>A primera hora de este domingo, con una carrera en la Isleta de Los Lagos, Am\u00e9rico Z\u00fa\u00f1iga Mart\u00ednez inici\u00f3 sus actividades como candidato de la alianza \u201cVa por M\u00e9xico\u201d a la diputaci\u00f3n federal por el distrito 10 de Xalapa urbano.<\/p>\n\n\n\n<p>Acompa\u00f1ado de xalape\u00f1os, de su familia y de su compa\u00f1ero de f\u00f3rmula, el panista Agust\u00edn Basilio de la Vega, Z\u00fa\u00f1iga Mart\u00ednez dijo que inicia con mucho \u00e1nimo, con mucho entusiasmo, siempre pensando en la dignificaci\u00f3n de la pol\u00edtica.<\/p>\n\n\n\n<p>Coment\u00f3 que sus propuestas legislativas tienen que ver con la salud, el desarrollo econ\u00f3mico y la seguridad en la capital. \u201cVamos a se\u00f1alar muchas cosas que se dejaron de hacer y tenemos que elevar a la propuesta legislativa el mejoramiento de las condiciones laborales y la previsi\u00f3n social para los trabajadores del sector p\u00fablico y privado de la salud\u201d.<\/p>\n\n\n\n<p>LA ALIANZA, EL EJERCICIO DE LA BUENA POL\u00cdTICA<\/p>\n\n\n\n<p>Al referirse a la alianza PAN, PRI, PRD, Am\u00e9rico Z\u00fa\u00f1iga Mart\u00ednez dijo que esto es parte del ejercicio de la buena pol\u00edtica. \u201cAhora nuestro gran reto es involucrar a todos. Nuestro gran desaf\u00edo es animar a las tres fuerzas pol\u00edticas, con todas sus estructuras, para que vayamos m\u00e1s all\u00e1, con banderas ciudadanas, para regresarle viabilidad al pa\u00eds\u201d.<\/p>\n\n\n\n<p>Dijo que el pr\u00f3ximo 6 de junio lograr\u00e1 el triunfo \u201cporque est\u00e1 con nosotros la esperanza, la aspiraci\u00f3n de que M\u00e9xico cambie desde donde tenemos que hacerlo. Agust\u00edn Basilio y un servidor vamos a ir al Congreso de la Uni\u00f3n para defender la democracia, a proteger las instituciones que el PRI, el PAN y el PRD han construido e impulsar las reformas necesarias para la naci\u00f3n\u201d.<\/p>\n","protected":false},"excerpt":{"rendered":"<p>A primera hora de este domingo, con una carrera en la Isleta de Los Lagos, Am\u00e9rico Z\u00fa\u00f1iga Mart\u00ednez inici\u00f3 sus actividades como candidato de la alianza \u201cVa por M\u00e9xico\u201d a la diputaci\u00f3n federal por el distrito 10 de Xalapa urbano. Acompa\u00f1ado de xalape\u00f1os, de su familia y de su compa\u00f1ero de f\u00f3rmula, el panista Agust\u00edn [&hellip;]<\/p>\n","protected":false},"author":2,"featured_media":0,"comment_status":"closed","ping_status":"closed","sticky":false,"template":"","format":"standard","meta":{"tdm_status":"","tdm_grid_status":"","footnotes":""},"categories":[73],"tags":[18665,539,12039,266,107,251,24697,96],"class_list":{"0":"post-70448","1":"post","2":"type-post","3":"status-publish","4":"format-standard","6":"category-de-boleto","7":"tag-agustin-basilio-de-la-vega","8":"tag-americo-zuniga-martinez","9":"tag-distrito-10","10":"tag-pan","11":"tag-prd","12":"tag-pri","13":"tag-va-por-mexico","14":"tag-xalapa"},"yoast_head":"<!-- This site is optimized with the Yoast SEO plugin v27.4 - https:\/\/yoast.com\/product\/yoast-seo-wordpress\/ -->\n<title>La carrera por la curul! - Los pol\u00edticos Veracruz<\/title>\n<meta name=\"robots\" content=\"index, follow, max-snippet:-1, max-image-preview:large, max-video-preview:-1\" \/>\n<link rel=\"canonical\" href=\"https:\/\/lospoliticosveracruz.com\/?p=70448\" \/>\n<meta property=\"og:locale\" content=\"es_ES\" \/>\n<meta property=\"og:type\" content=\"article\" \/>\n<meta property=\"og:title\" content=\"La carrera por la curul! - Los pol\u00edticos Veracruz\" \/>\n<meta property=\"og:description\" content=\"A primera hora de este domingo, con una carrera en la Isleta de Los Lagos, Am\u00e9rico Z\u00fa\u00f1iga Mart\u00ednez inici\u00f3 sus actividades como candidato de la alianza \u201cVa por M\u00e9xico\u201d a la diputaci\u00f3n federal por el distrito 10 de Xalapa urbano. Acompa\u00f1ado de xalape\u00f1os, de su familia y de su compa\u00f1ero de f\u00f3rmula, el panista Agust\u00edn [&hellip;]\" \/>\n<meta property=\"og:url\" content=\"https:\/\/lospoliticosveracruz.com\/?p=70448\" \/>\n<meta property=\"og:site_name\" content=\"Los pol\u00edticos Veracruz\" \/>\n<meta property=\"article:publisher\" content=\"https:\/\/www.facebook.com\/people\/Notimemes-de-los-Polticos\/61565672886568\/\" \/>\n<meta property=\"article:published_time\" content=\"2021-04-04T14:49:00+00:00\" \/>\n<meta property=\"article:modified_time\" content=\"2021-04-04T14:49:03+00:00\" \/>\n<meta property=\"og:image\" content=\"https:\/\/lospoliticosveracruz.com\/wp-content\/uploads\/2016\/07\/Logo-Dor.jpg\" \/>\n\t<meta property=\"og:image:width\" content=\"200\" \/>\n\t<meta property=\"og:image:height\" content=\"200\" \/>\n\t<meta property=\"og:image:type\" content=\"image\/jpeg\" \/>\n<meta name=\"author\" content=\"Lo viste en Los Pol\u00edticos\" \/>\n<meta name=\"twitter:card\" content=\"summary_large_image\" \/>\n<meta name=\"twitter:creator\" content=\"@LosPoliticosVer\" \/>\n<meta name=\"twitter:site\" content=\"@LosPoliticosVer\" \/>\n<meta name=\"twitter:label1\" content=\"Escrito por\" \/>\n\t<meta name=\"twitter:data1\" content=\"Lo viste en Los Pol\u00edticos\" \/>\n\t<meta name=\"twitter:label2\" content=\"Tiempo de lectura\" \/>\n\t<meta name=\"twitter:data2\" content=\"1 minuto\" \/>\n<script type=\"application\/ld+json\" class=\"yoast-schema-graph\">{\"@context\":\"https:\\\/\\\/schema.org\",\"@graph\":[{\"@type\":\"Article\",\"@id\":\"https:\\\/\\\/lospoliticosveracruz.com\\\/?p=70448#article\",\"isPartOf\":{\"@id\":\"https:\\\/\\\/lospoliticosveracruz.com\\\/?p=70448\"},\"author\":{\"name\":\"Lo viste en Los Pol\u00edticos\",\"@id\":\"https:\\\/\\\/lospoliticosveracruz.com\\\/#\\\/schema\\\/person\\\/b8702bb0e538456e6efd07080bf2a4a2\"},\"headline\":\"La carrera por la curul!\",\"datePublished\":\"2021-04-04T14:49:00+00:00\",\"dateModified\":\"2021-04-04T14:49:03+00:00\",\"mainEntityOfPage\":{\"@id\":\"https:\\\/\\\/lospoliticosveracruz.com\\\/?p=70448\"},\"wordCount\":304,\"publisher\":{\"@id\":\"https:\\\/\\\/lospoliticosveracruz.com\\\/#organization\"},\"keywords\":[\"Agust\u00edn Basilio de la Vega\",\"Am\u00e9rico Z\u00fa\u00f1iga Mart\u00ednez\",\"distrito 10\",\"PAN\",\"PRD\",\"PRI\",\"Va por M\u00e9xico\",\"Xalapa\"],\"articleSection\":[\"De Boleto\"],\"inLanguage\":\"es\"},{\"@type\":\"WebPage\",\"@id\":\"https:\\\/\\\/lospoliticosveracruz.com\\\/?p=70448\",\"url\":\"https:\\\/\\\/lospoliticosveracruz.com\\\/?p=70448\",\"name\":\"La carrera por la curul! - Los pol\u00edticos Veracruz\",\"isPartOf\":{\"@id\":\"https:\\\/\\\/lospoliticosveracruz.com\\\/#website\"},\"datePublished\":\"2021-04-04T14:49:00+00:00\",\"dateModified\":\"2021-04-04T14:49:03+00:00\",\"breadcrumb\":{\"@id\":\"https:\\\/\\\/lospoliticosveracruz.com\\\/?p=70448#breadcrumb\"},\"inLanguage\":\"es\",\"potentialAction\":[{\"@type\":\"ReadAction\",\"target\":[\"https:\\\/\\\/lospoliticosveracruz.com\\\/?p=70448\"]}]},{\"@type\":\"BreadcrumbList\",\"@id\":\"https:\\\/\\\/lospoliticosveracruz.com\\\/?p=70448#breadcrumb\",\"itemListElement\":[{\"@type\":\"ListItem\",\"position\":1,\"name\":\"Portada\",\"item\":\"https:\\\/\\\/lospoliticosveracruz.com\\\/\"},{\"@type\":\"ListItem\",\"position\":2,\"name\":\"La carrera por la curul!\"}]},{\"@type\":\"WebSite\",\"@id\":\"https:\\\/\\\/lospoliticosveracruz.com\\\/#website\",\"url\":\"https:\\\/\\\/lospoliticosveracruz.com\\\/\",\"name\":\"Los pol\u00edticos Veracruz\",\"description\":\"\",\"publisher\":{\"@id\":\"https:\\\/\\\/lospoliticosveracruz.com\\\/#organization\"},\"potentialAction\":[{\"@type\":\"SearchAction\",\"target\":{\"@type\":\"EntryPoint\",\"urlTemplate\":\"https:\\\/\\\/lospoliticosveracruz.com\\\/?s={search_term_string}\"},\"query-input\":{\"@type\":\"PropertyValueSpecification\",\"valueRequired\":true,\"valueName\":\"search_term_string\"}}],\"inLanguage\":\"es\"},{\"@type\":\"Organization\",\"@id\":\"https:\\\/\\\/lospoliticosveracruz.com\\\/#organization\",\"name\":\"Los pol\u00edticos Veracruz\",\"url\":\"https:\\\/\\\/lospoliticosveracruz.com\\\/\",\"logo\":{\"@type\":\"ImageObject\",\"inLanguage\":\"es\",\"@id\":\"https:\\\/\\\/lospoliticosveracruz.com\\\/#\\\/schema\\\/logo\\\/image\\\/\",\"url\":\"https:\\\/\\\/lospoliticosveracruz.com\\\/wp-content\\\/uploads\\\/2025\\\/12\\\/Logo-Nuevo-LOS-POLITICOS-1.jpg\",\"contentUrl\":\"https:\\\/\\\/lospoliticosveracruz.com\\\/wp-content\\\/uploads\\\/2025\\\/12\\\/Logo-Nuevo-LOS-POLITICOS-1.jpg\",\"width\":260,\"height\":70,\"caption\":\"Los pol\u00edticos Veracruz\"},\"image\":{\"@id\":\"https:\\\/\\\/lospoliticosveracruz.com\\\/#\\\/schema\\\/logo\\\/image\\\/\"},\"sameAs\":[\"https:\\\/\\\/www.facebook.com\\\/people\\\/Notimemes-de-los-Polticos\\\/61565672886568\\\/\",\"https:\\\/\\\/x.com\\\/LosPoliticosVer\"]},{\"@type\":\"Person\",\"@id\":\"https:\\\/\\\/lospoliticosveracruz.com\\\/#\\\/schema\\\/person\\\/b8702bb0e538456e6efd07080bf2a4a2\",\"name\":\"Lo viste en Los Pol\u00edticos\",\"image\":{\"@type\":\"ImageObject\",\"inLanguage\":\"es\",\"@id\":\"https:\\\/\\\/secure.gravatar.com\\\/avatar\\\/3a8de04a2656d44082be478bd6c086daa447c4651605818287b9532d3d0bd435?s=96&d=mm&r=g\",\"url\":\"https:\\\/\\\/secure.gravatar.com\\\/avatar\\\/3a8de04a2656d44082be478bd6c086daa447c4651605818287b9532d3d0bd435?s=96&d=mm&r=g\",\"contentUrl\":\"https:\\\/\\\/secure.gravatar.com\\\/avatar\\\/3a8de04a2656d44082be478bd6c086daa447c4651605818287b9532d3d0bd435?s=96&d=mm&r=g\",\"caption\":\"Lo viste en Los Pol\u00edticos\"},\"url\":\"https:\\\/\\\/lospoliticosveracruz.com\\\/?author=2\"}]}<\/script>\n<!-- \/ Yoast SEO plugin. -->","yoast_head_json":{"title":"La carrera por la curul! - Los pol\u00edticos Veracruz","robots":{"index":"index","follow":"follow","max-snippet":"max-snippet:-1","max-image-preview":"max-image-preview:large","max-video-preview":"max-video-preview:-1"},"canonical":"https:\/\/lospoliticosveracruz.com\/?p=70448","og_locale":"es_ES","og_type":"article","og_title":"La carrera por la curul! - Los pol\u00edticos Veracruz","og_description":"A primera hora de este domingo, con una carrera en la Isleta de Los Lagos, Am\u00e9rico Z\u00fa\u00f1iga Mart\u00ednez inici\u00f3 sus actividades como candidato de la alianza \u201cVa por M\u00e9xico\u201d a la diputaci\u00f3n federal por el distrito 10 de Xalapa urbano. Acompa\u00f1ado de xalape\u00f1os, de su familia y de su compa\u00f1ero de f\u00f3rmula, el panista Agust\u00edn [&hellip;]","og_url":"https:\/\/lospoliticosveracruz.com\/?p=70448","og_site_name":"Los pol\u00edticos Veracruz","article_publisher":"https:\/\/www.facebook.com\/people\/Notimemes-de-los-Polticos\/61565672886568\/","article_published_time":"2021-04-04T14:49:00+00:00","article_modified_time":"2021-04-04T14:49:03+00:00","og_image":[{"width":200,"height":200,"url":"https:\/\/lospoliticosveracruz.com\/wp-content\/uploads\/2016\/07\/Logo-Dor.jpg","type":"image\/jpeg"}],"author":"Lo viste en Los Pol\u00edticos","twitter_card":"summary_large_image","twitter_creator":"@LosPoliticosVer","twitter_site":"@LosPoliticosVer","twitter_misc":{"Escrito por":"Lo viste en Los Pol\u00edticos","Tiempo de lectura":"1 minuto"},"schema":{"@context":"https:\/\/schema.org","@graph":[{"@type":"Article","@id":"https:\/\/lospoliticosveracruz.com\/?p=70448#article","isPartOf":{"@id":"https:\/\/lospoliticosveracruz.com\/?p=70448"},"author":{"name":"Lo viste en Los Pol\u00edticos","@id":"https:\/\/lospoliticosveracruz.com\/#\/schema\/person\/b8702bb0e538456e6efd07080bf2a4a2"},"headline":"La carrera por la curul!","datePublished":"2021-04-04T14:49:00+00:00","dateModified":"2021-04-04T14:49:03+00:00","mainEntityOfPage":{"@id":"https:\/\/lospoliticosveracruz.com\/?p=70448"},"wordCount":304,"publisher":{"@id":"https:\/\/lospoliticosveracruz.com\/#organization"},"keywords":["Agust\u00edn Basilio de la Vega","Am\u00e9rico Z\u00fa\u00f1iga Mart\u00ednez","distrito 10","PAN","PRD","PRI","Va por M\u00e9xico","Xalapa"],"articleSection":["De Boleto"],"inLanguage":"es"},{"@type":"WebPage","@id":"https:\/\/lospoliticosveracruz.com\/?p=70448","url":"https:\/\/lospoliticosveracruz.com\/?p=70448","name":"La carrera por la curul! - Los pol\u00edticos Veracruz","isPartOf":{"@id":"https:\/\/lospoliticosveracruz.com\/#website"},"datePublished":"2021-04-04T14:49:00+00:00","dateModified":"2021-04-04T14:49:03+00:00","breadcrumb":{"@id":"https:\/\/lospoliticosveracruz.com\/?p=70448#breadcrumb"},"inLanguage":"es","potentialAction":[{"@type":"ReadAction","target":["https:\/\/lospoliticosveracruz.com\/?p=70448"]}]},{"@type":"BreadcrumbList","@id":"https:\/\/lospoliticosveracruz.com\/?p=70448#breadcrumb","itemListElement":[{"@type":"ListItem","position":1,"name":"Portada","item":"https:\/\/lospoliticosveracruz.com\/"},{"@type":"ListItem","position":2,"name":"La carrera por la curul!"}]},{"@type":"WebSite","@id":"https:\/\/lospoliticosveracruz.com\/#website","url":"https:\/\/lospoliticosveracruz.com\/","name":"Los pol\u00edticos Veracruz","description":"","publisher":{"@id":"https:\/\/lospoliticosveracruz.com\/#organization"},"potentialAction":[{"@type":"SearchAction","target":{"@type":"EntryPoint","urlTemplate":"https:\/\/lospoliticosveracruz.com\/?s={search_term_string}"},"query-input":{"@type":"PropertyValueSpecification","valueRequired":true,"valueName":"search_term_string"}}],"inLanguage":"es"},{"@type":"Organization","@id":"https:\/\/lospoliticosveracruz.com\/#organization","name":"Los pol\u00edticos Veracruz","url":"https:\/\/lospoliticosveracruz.com\/","logo":{"@type":"ImageObject","inLanguage":"es","@id":"https:\/\/lospoliticosveracruz.com\/#\/schema\/logo\/image\/","url":"https:\/\/lospoliticosveracruz.com\/wp-content\/uploads\/2025\/12\/Logo-Nuevo-LOS-POLITICOS-1.jpg","contentUrl":"https:\/\/lospoliticosveracruz.com\/wp-content\/uploads\/2025\/12\/Logo-Nuevo-LOS-POLITICOS-1.jpg","width":260,"height":70,"caption":"Los pol\u00edticos Veracruz"},"image":{"@id":"https:\/\/lospoliticosveracruz.com\/#\/schema\/logo\/image\/"},"sameAs":["https:\/\/www.facebook.com\/people\/Notimemes-de-los-Polticos\/61565672886568\/","https:\/\/x.com\/LosPoliticosVer"]},{"@type":"Person","@id":"https:\/\/lospoliticosveracruz.com\/#\/schema\/person\/b8702bb0e538456e6efd07080bf2a4a2","name":"Lo viste en Los Pol\u00edticos","image":{"@type":"ImageObject","inLanguage":"es","@id":"https:\/\/secure.gravatar.com\/avatar\/3a8de04a2656d44082be478bd6c086daa447c4651605818287b9532d3d0bd435?s=96&d=mm&r=g","url":"https:\/\/secure.gravatar.com\/avatar\/3a8de04a2656d44082be478bd6c086daa447c4651605818287b9532d3d0bd435?s=96&d=mm&r=g","contentUrl":"https:\/\/secure.gravatar.com\/avatar\/3a8de04a2656d44082be478bd6c086daa447c4651605818287b9532d3d0bd435?s=96&d=mm&r=g","caption":"Lo viste en Los Pol\u00edticos"},"url":"https:\/\/lospoliticosveracruz.com\/?author=2"}]}},"_links":{"self":[{"href":"https:\/\/lospoliticosveracruz.com\/index.php?rest_route=\/wp\/v2\/posts\/70448","targetHints":{"allow":["GET"]}}],"collection":[{"href":"https:\/\/lospoliticosveracruz.com\/index.php?rest_route=\/wp\/v2\/posts"}],"about":[{"href":"https:\/\/lospoliticosveracruz.com\/index.php?rest_route=\/wp\/v2\/types\/post"}],"author":[{"embeddable":true,"href":"https:\/\/lospoliticosveracruz.com\/index.php?rest_route=\/wp\/v2\/users\/2"}],"replies":[{"embeddable":true,"href":"https:\/\/lospoliticosveracruz.com\/index.php?rest_route=%2Fwp%2Fv2%2Fcomments&post=70448"}],"version-history":[{"count":1,"href":"https:\/\/lospoliticosveracruz.com\/index.php?rest_route=\/wp\/v2\/posts\/70448\/revisions"}],"predecessor-version":[{"id":70450,"href":"https:\/\/lospoliticosveracruz.com\/index.php?rest_route=\/wp\/v2\/posts\/70448\/revisions\/70450"}],"wp:attachment":[{"href":"https:\/\/lospoliticosveracruz.com\/index.php?rest_route=%2Fwp%2Fv2%2Fmedia&parent=70448"}],"wp:term":[{"taxonomy":"category","embeddable":true,"href":"https:\/\/lospoliticosveracruz.com\/index.php?rest_route=%2Fwp%2Fv2%2Fcategories&post=70448"},{"taxonomy":"post_tag","embeddable":true,"href":"https:\/\/lospoliticosveracruz.com\/index.php?rest_route=%2Fwp%2Fv2%2Ftags&post=70448"}],"curies":[{"name":"wp","href":"https:\/\/api.w.org\/{rel}","templated":true}]}}