{"id":70458,"date":"2021-04-04T13:12:50","date_gmt":"2021-04-04T18:12:50","guid":{"rendered":"http:\/\/www.lospoliticosveracruz.com.mx\/?p=70458"},"modified":"2021-04-04T13:12:54","modified_gmt":"2021-04-04T18:12:54","slug":"va-por-mexico-por-las-20-curules-de-veracruz","status":"publish","type":"post","link":"https:\/\/lospoliticosveracruz.com\/?p=70458","title":{"rendered":"Va por M\u00e9xico por las 20 curules de Veracruz!"},"content":{"rendered":"\n<ul class=\"wp-block-list\"><li><em>Xalapa<\/em><\/li><\/ul>\n\n\n\n<p>Desde el primer minuto de este domingo, tal como lo marca el calendario electoral, las candidatas y candidatos de la alianza Va Por M\u00e9xico, a las diputaciones en los 20 distritos federales en Veracruz, arrancaron campa\u00f1a arropados por militantes y simpatizantes de las tres fuerzas pol\u00edticas en esta coalici\u00f3n, Partido Acci\u00f3n Nacional (PAN), Partido Revolucionario Institucional (PRI) y Partido de la Revoluci\u00f3n Democr\u00e1tica (PRD).<\/p>\n\n\n\n<p>Las abanderadas y abanderados de la coalici\u00f3n Va por M\u00e9xico, recorrer\u00e1n sus distritos en campa\u00f1a desde hoy y hasta el 2 de junio, para acercarse con la ciudadan\u00eda, exponerles sus propuestas y el porqu\u00e9 son la mejor opci\u00f3n para llegar a la C\u00e1mara de Diputados y generar los contrapesos necesarios ante las condiciones actuales en el pa\u00eds.<\/p>\n\n\n\n<p>Los dirigentes estatales de los partidos pol\u00edticos integrantes de la alianza, asistieron a diversas actividades en este inicio de campa\u00f1as para dar el espaldarazo de apoyo a las candidatas y candidatos, y en sus discursos, agradecieron el esfuerzo de sus dirigencias nacionales encabezadas por Marko Cort\u00e9s, presidente del CEN del PAN; Alejandro Moreno, presidente del CEN del PRI; y de Jes\u00fas Zambrano, presidente del CEN del PRD.<\/p>\n\n\n\n<p>Joaqu\u00edn Guzm\u00e1n Avil\u00e9s, presidente del CDE del PAN en Veracruz, asisti\u00f3 a Tantoyuca, para acompa\u00f1ar en el inicio de su campa\u00f1a al candidato a la diputaci\u00f3n federal, Erik Sosa Mar; tambi\u00e9n asisti\u00f3 a P\u00e1nuco, para acompa\u00f1ar a Zita Pazzi, candidata a diputada federal por el Distrito I, en el comienzo de su campa\u00f1a, en donde expres\u00f3: \u00abestamos listos para el cambio, defender a M\u00e9xico y Veracruz est\u00e1 en nuestras manos.\u00bb<\/p>\n\n\n\n<p>Por su parte, Marlon Ram\u00edrez Mar\u00edn, presidente del CDE del PRI, acompa\u00f1\u00f3 a Janeth Garc\u00eda Cruz, candidata a la diputaci\u00f3n federal por el distrito XVI con cabecera en C\u00f3rdoba; posteriormente, acompa\u00f1\u00f3 a Igor Roji L\u00f3pez, candidato por el distrito XV, con cabecera en Orizaba, y tambi\u00e9n acompa\u00f1\u00f3 a Adolfo Mota Hern\u00e1ndez, candidato por el distrito VIII Xalapa Rural.<\/p>\n\n\n\n<p>En entrevista en C\u00f3rdoba, indic\u00f3 que se presentar\u00e1n las acciones legales en los \u00f3rganos electorales debido a que \u00abel d\u00eda de ayer en una reinauguraci\u00f3n, un relanzamiento de un ingenio en la zona de Los Tuxtlas, una candidata a diputada federal estaba arriba del presidium con el gobernador, si eso no es que hay un intervencionismo del estado y una clara intenci\u00f3n de incidir en el proceso electoral, entonces no sabemos que es.\u00bb<\/p>\n\n\n\n<p>Asimismo, Sergio Cadena Mart\u00ednez, presidente de la Direcci\u00f3n Estatal Ejecutiva del PRD, asisti\u00f3 al arranque de campa\u00f1a de Mariano Romero Gonz\u00e1lez, candidato a la diputaci\u00f3n federal por Papantla, y a acompa\u00f1ar a Elisa Rivera Elizalde, candidata a la diputaci\u00f3n federal por el distrito V, en su inicio de campa\u00f1a en Tihuatl\u00e1n y en Poza Rica, en donde expres\u00f3 que las tres fuerzas pol\u00edticas hicieron a un lado sus diferencias para hacerle frente a un gobierno que no se hace responsable.<\/p>\n\n\n\n<p>Las candidatas y candidatos a las diputaciones federales en Veracruz, de la alianza Va por M\u00e9xico, son: Zita Beatriz Pazzi Maza (PAN), Distrito I P\u00e1nuco; Erick Abraham Sosa Mar (PAN) Distrito II Tantoyuca; Mar\u00eda Teresa Osorio Nieto (PAN) Distrito III Tuxpan; Francisco Guti\u00e9rrez de Velasco (PAN) Distrito IV Veracruz; Elisa Rivera Elizalde (PRD) Distrito V Poza Rica; Mariano Romero Gonz\u00e1lez (PRD) Distrito VI Papantla; Adriana Soto Monjaras, (PAN) distrito VII Mart\u00ednez de la Torre.<\/p>\n\n\n\n<p>Tambi\u00e9n, Adolfo Mota Hern\u00e1ndez (PRI) Distrito VIII Xalapa Rural; Jos\u00e9 Francisco Yunes Zorrilla (PRI) Distrito IX Coatepec; Am\u00e9rico Z\u00fa\u00f1iga Mart\u00ednez (PRI) Distrito X Xalapa Urbano; Nereida Santos Hern\u00e1ndez (PRI) Distrito XI Coatzacoalcos; Mar\u00eda Josefina Gamboa Torales, (PAN) Distrito XII Veracruz; Santiago Morales Rend\u00f3n (PAN) Distrito XII Huatusco; Fredy Ayala Gonz\u00e1lez (PRD) Distrito XIV Minatitl\u00e1n; Igor Fidel Roji L\u00f3pez (PRI) Distrito XV Orizaba; Janeth Garc\u00eda Cruz (PAN) Distrito XVI C\u00f3rdoba; Claudia Qui\u00f1ones Garrido (PAN) Distrito XVII Cosamaloapan; Mar\u00eda Sabina Mart\u00ednez Pinto (PRD) Distrito XVIII Zongolica; Mario Amor\u00f3s Guerrero (PRD) Distrito XIX San Andr\u00e9s Tuxtla; y Jessica Zetina Coli (PRD) Distrito XX Cosoleacaque.<\/p>\n","protected":false},"excerpt":{"rendered":"<p>Xalapa Desde el primer minuto de este domingo, tal como lo marca el calendario electoral, las candidatas y candidatos de la alianza Va Por M\u00e9xico, a las diputaciones en los 20 distritos federales en Veracruz, arrancaron campa\u00f1a arropados por militantes y simpatizantes de las tres fuerzas pol\u00edticas en esta coalici\u00f3n, Partido Acci\u00f3n Nacional (PAN), Partido [&hellip;]<\/p>\n","protected":false},"author":2,"featured_media":0,"comment_status":"closed","ping_status":"closed","sticky":false,"template":"","format":"standard","meta":{"tdm_status":"","tdm_grid_status":"","footnotes":""},"categories":[73],"tags":[3288,2908,266,107,251,7887,24697,195],"class_list":{"0":"post-70458","1":"post","2":"type-post","3":"status-publish","4":"format-standard","6":"category-de-boleto","7":"tag-joaquin-guzman-aviles","8":"tag-marlon-ramirez-marin","9":"tag-pan","10":"tag-prd","11":"tag-pri","12":"tag-sergio-cadena-martinez","13":"tag-va-por-mexico","14":"tag-veracruz"},"yoast_head":"<!-- This site is optimized with the Yoast SEO plugin v27.4 - https:\/\/yoast.com\/product\/yoast-seo-wordpress\/ -->\n<title>Va por M\u00e9xico por las 20 curules de Veracruz! - Los pol\u00edticos Veracruz<\/title>\n<meta name=\"robots\" content=\"index, follow, max-snippet:-1, max-image-preview:large, max-video-preview:-1\" \/>\n<link rel=\"canonical\" href=\"https:\/\/lospoliticosveracruz.com\/?p=70458\" \/>\n<meta property=\"og:locale\" content=\"es_ES\" \/>\n<meta property=\"og:type\" content=\"article\" \/>\n<meta property=\"og:title\" content=\"Va por M\u00e9xico por las 20 curules de Veracruz! - Los pol\u00edticos Veracruz\" \/>\n<meta property=\"og:description\" content=\"Xalapa Desde el primer minuto de este domingo, tal como lo marca el calendario electoral, las candidatas y candidatos de la alianza Va Por M\u00e9xico, a las diputaciones en los 20 distritos federales en Veracruz, arrancaron campa\u00f1a arropados por militantes y simpatizantes de las tres fuerzas pol\u00edticas en esta coalici\u00f3n, Partido Acci\u00f3n Nacional (PAN), Partido [&hellip;]\" \/>\n<meta property=\"og:url\" content=\"https:\/\/lospoliticosveracruz.com\/?p=70458\" \/>\n<meta property=\"og:site_name\" content=\"Los pol\u00edticos Veracruz\" \/>\n<meta property=\"article:publisher\" content=\"https:\/\/www.facebook.com\/people\/Notimemes-de-los-Polticos\/61565672886568\/\" \/>\n<meta property=\"article:published_time\" content=\"2021-04-04T18:12:50+00:00\" \/>\n<meta property=\"article:modified_time\" content=\"2021-04-04T18:12:54+00:00\" \/>\n<meta property=\"og:image\" content=\"https:\/\/lospoliticosveracruz.com\/wp-content\/uploads\/2016\/07\/Logo-Dor.jpg\" \/>\n\t<meta property=\"og:image:width\" content=\"200\" \/>\n\t<meta property=\"og:image:height\" content=\"200\" \/>\n\t<meta property=\"og:image:type\" content=\"image\/jpeg\" \/>\n<meta name=\"author\" content=\"Lo viste en Los Pol\u00edticos\" \/>\n<meta name=\"twitter:card\" content=\"summary_large_image\" \/>\n<meta name=\"twitter:creator\" content=\"@LosPoliticosVer\" \/>\n<meta name=\"twitter:site\" content=\"@LosPoliticosVer\" \/>\n<meta name=\"twitter:label1\" content=\"Escrito por\" \/>\n\t<meta name=\"twitter:data1\" content=\"Lo viste en Los Pol\u00edticos\" \/>\n\t<meta name=\"twitter:label2\" content=\"Tiempo de lectura\" \/>\n\t<meta name=\"twitter:data2\" content=\"4 minutos\" \/>\n<script type=\"application\/ld+json\" class=\"yoast-schema-graph\">{\"@context\":\"https:\\\/\\\/schema.org\",\"@graph\":[{\"@type\":\"Article\",\"@id\":\"https:\\\/\\\/lospoliticosveracruz.com\\\/?p=70458#article\",\"isPartOf\":{\"@id\":\"https:\\\/\\\/lospoliticosveracruz.com\\\/?p=70458\"},\"author\":{\"name\":\"Lo viste en Los Pol\u00edticos\",\"@id\":\"https:\\\/\\\/lospoliticosveracruz.com\\\/#\\\/schema\\\/person\\\/b8702bb0e538456e6efd07080bf2a4a2\"},\"headline\":\"Va por M\u00e9xico por las 20 curules de Veracruz!\",\"datePublished\":\"2021-04-04T18:12:50+00:00\",\"dateModified\":\"2021-04-04T18:12:54+00:00\",\"mainEntityOfPage\":{\"@id\":\"https:\\\/\\\/lospoliticosveracruz.com\\\/?p=70458\"},\"wordCount\":729,\"publisher\":{\"@id\":\"https:\\\/\\\/lospoliticosveracruz.com\\\/#organization\"},\"keywords\":[\"Joaqu\u00edn Guzm\u00e1n Avil\u00e9s\",\"Marlon Ram\u00edrez Mar\u00edn\",\"PAN\",\"PRD\",\"PRI\",\"Sergio Cadena Mart\u00ednez\",\"Va por M\u00e9xico\",\"Veracruz\"],\"articleSection\":[\"De Boleto\"],\"inLanguage\":\"es\"},{\"@type\":\"WebPage\",\"@id\":\"https:\\\/\\\/lospoliticosveracruz.com\\\/?p=70458\",\"url\":\"https:\\\/\\\/lospoliticosveracruz.com\\\/?p=70458\",\"name\":\"Va por M\u00e9xico por las 20 curules de Veracruz! - Los pol\u00edticos Veracruz\",\"isPartOf\":{\"@id\":\"https:\\\/\\\/lospoliticosveracruz.com\\\/#website\"},\"datePublished\":\"2021-04-04T18:12:50+00:00\",\"dateModified\":\"2021-04-04T18:12:54+00:00\",\"breadcrumb\":{\"@id\":\"https:\\\/\\\/lospoliticosveracruz.com\\\/?p=70458#breadcrumb\"},\"inLanguage\":\"es\",\"potentialAction\":[{\"@type\":\"ReadAction\",\"target\":[\"https:\\\/\\\/lospoliticosveracruz.com\\\/?p=70458\"]}]},{\"@type\":\"BreadcrumbList\",\"@id\":\"https:\\\/\\\/lospoliticosveracruz.com\\\/?p=70458#breadcrumb\",\"itemListElement\":[{\"@type\":\"ListItem\",\"position\":1,\"name\":\"Portada\",\"item\":\"https:\\\/\\\/lospoliticosveracruz.com\\\/\"},{\"@type\":\"ListItem\",\"position\":2,\"name\":\"Va por M\u00e9xico por las 20 curules de Veracruz!\"}]},{\"@type\":\"WebSite\",\"@id\":\"https:\\\/\\\/lospoliticosveracruz.com\\\/#website\",\"url\":\"https:\\\/\\\/lospoliticosveracruz.com\\\/\",\"name\":\"Los pol\u00edticos Veracruz\",\"description\":\"\",\"publisher\":{\"@id\":\"https:\\\/\\\/lospoliticosveracruz.com\\\/#organization\"},\"potentialAction\":[{\"@type\":\"SearchAction\",\"target\":{\"@type\":\"EntryPoint\",\"urlTemplate\":\"https:\\\/\\\/lospoliticosveracruz.com\\\/?s={search_term_string}\"},\"query-input\":{\"@type\":\"PropertyValueSpecification\",\"valueRequired\":true,\"valueName\":\"search_term_string\"}}],\"inLanguage\":\"es\"},{\"@type\":\"Organization\",\"@id\":\"https:\\\/\\\/lospoliticosveracruz.com\\\/#organization\",\"name\":\"Los pol\u00edticos Veracruz\",\"url\":\"https:\\\/\\\/lospoliticosveracruz.com\\\/\",\"logo\":{\"@type\":\"ImageObject\",\"inLanguage\":\"es\",\"@id\":\"https:\\\/\\\/lospoliticosveracruz.com\\\/#\\\/schema\\\/logo\\\/image\\\/\",\"url\":\"https:\\\/\\\/lospoliticosveracruz.com\\\/wp-content\\\/uploads\\\/2025\\\/12\\\/Logo-Nuevo-LOS-POLITICOS-1.jpg\",\"contentUrl\":\"https:\\\/\\\/lospoliticosveracruz.com\\\/wp-content\\\/uploads\\\/2025\\\/12\\\/Logo-Nuevo-LOS-POLITICOS-1.jpg\",\"width\":260,\"height\":70,\"caption\":\"Los pol\u00edticos Veracruz\"},\"image\":{\"@id\":\"https:\\\/\\\/lospoliticosveracruz.com\\\/#\\\/schema\\\/logo\\\/image\\\/\"},\"sameAs\":[\"https:\\\/\\\/www.facebook.com\\\/people\\\/Notimemes-de-los-Polticos\\\/61565672886568\\\/\",\"https:\\\/\\\/x.com\\\/LosPoliticosVer\"]},{\"@type\":\"Person\",\"@id\":\"https:\\\/\\\/lospoliticosveracruz.com\\\/#\\\/schema\\\/person\\\/b8702bb0e538456e6efd07080bf2a4a2\",\"name\":\"Lo viste en Los Pol\u00edticos\",\"image\":{\"@type\":\"ImageObject\",\"inLanguage\":\"es\",\"@id\":\"https:\\\/\\\/secure.gravatar.com\\\/avatar\\\/3a8de04a2656d44082be478bd6c086daa447c4651605818287b9532d3d0bd435?s=96&d=mm&r=g\",\"url\":\"https:\\\/\\\/secure.gravatar.com\\\/avatar\\\/3a8de04a2656d44082be478bd6c086daa447c4651605818287b9532d3d0bd435?s=96&d=mm&r=g\",\"contentUrl\":\"https:\\\/\\\/secure.gravatar.com\\\/avatar\\\/3a8de04a2656d44082be478bd6c086daa447c4651605818287b9532d3d0bd435?s=96&d=mm&r=g\",\"caption\":\"Lo viste en Los Pol\u00edticos\"},\"url\":\"https:\\\/\\\/lospoliticosveracruz.com\\\/?author=2\"}]}<\/script>\n<!-- \/ Yoast SEO plugin. -->","yoast_head_json":{"title":"Va por M\u00e9xico por las 20 curules de Veracruz! - Los pol\u00edticos Veracruz","robots":{"index":"index","follow":"follow","max-snippet":"max-snippet:-1","max-image-preview":"max-image-preview:large","max-video-preview":"max-video-preview:-1"},"canonical":"https:\/\/lospoliticosveracruz.com\/?p=70458","og_locale":"es_ES","og_type":"article","og_title":"Va por M\u00e9xico por las 20 curules de Veracruz! - Los pol\u00edticos Veracruz","og_description":"Xalapa Desde el primer minuto de este domingo, tal como lo marca el calendario electoral, las candidatas y candidatos de la alianza Va Por M\u00e9xico, a las diputaciones en los 20 distritos federales en Veracruz, arrancaron campa\u00f1a arropados por militantes y simpatizantes de las tres fuerzas pol\u00edticas en esta coalici\u00f3n, Partido Acci\u00f3n Nacional (PAN), Partido [&hellip;]","og_url":"https:\/\/lospoliticosveracruz.com\/?p=70458","og_site_name":"Los pol\u00edticos Veracruz","article_publisher":"https:\/\/www.facebook.com\/people\/Notimemes-de-los-Polticos\/61565672886568\/","article_published_time":"2021-04-04T18:12:50+00:00","article_modified_time":"2021-04-04T18:12:54+00:00","og_image":[{"width":200,"height":200,"url":"https:\/\/lospoliticosveracruz.com\/wp-content\/uploads\/2016\/07\/Logo-Dor.jpg","type":"image\/jpeg"}],"author":"Lo viste en Los Pol\u00edticos","twitter_card":"summary_large_image","twitter_creator":"@LosPoliticosVer","twitter_site":"@LosPoliticosVer","twitter_misc":{"Escrito por":"Lo viste en Los Pol\u00edticos","Tiempo de lectura":"4 minutos"},"schema":{"@context":"https:\/\/schema.org","@graph":[{"@type":"Article","@id":"https:\/\/lospoliticosveracruz.com\/?p=70458#article","isPartOf":{"@id":"https:\/\/lospoliticosveracruz.com\/?p=70458"},"author":{"name":"Lo viste en Los Pol\u00edticos","@id":"https:\/\/lospoliticosveracruz.com\/#\/schema\/person\/b8702bb0e538456e6efd07080bf2a4a2"},"headline":"Va por M\u00e9xico por las 20 curules de Veracruz!","datePublished":"2021-04-04T18:12:50+00:00","dateModified":"2021-04-04T18:12:54+00:00","mainEntityOfPage":{"@id":"https:\/\/lospoliticosveracruz.com\/?p=70458"},"wordCount":729,"publisher":{"@id":"https:\/\/lospoliticosveracruz.com\/#organization"},"keywords":["Joaqu\u00edn Guzm\u00e1n Avil\u00e9s","Marlon Ram\u00edrez Mar\u00edn","PAN","PRD","PRI","Sergio Cadena Mart\u00ednez","Va por M\u00e9xico","Veracruz"],"articleSection":["De Boleto"],"inLanguage":"es"},{"@type":"WebPage","@id":"https:\/\/lospoliticosveracruz.com\/?p=70458","url":"https:\/\/lospoliticosveracruz.com\/?p=70458","name":"Va por M\u00e9xico por las 20 curules de Veracruz! - Los pol\u00edticos Veracruz","isPartOf":{"@id":"https:\/\/lospoliticosveracruz.com\/#website"},"datePublished":"2021-04-04T18:12:50+00:00","dateModified":"2021-04-04T18:12:54+00:00","breadcrumb":{"@id":"https:\/\/lospoliticosveracruz.com\/?p=70458#breadcrumb"},"inLanguage":"es","potentialAction":[{"@type":"ReadAction","target":["https:\/\/lospoliticosveracruz.com\/?p=70458"]}]},{"@type":"BreadcrumbList","@id":"https:\/\/lospoliticosveracruz.com\/?p=70458#breadcrumb","itemListElement":[{"@type":"ListItem","position":1,"name":"Portada","item":"https:\/\/lospoliticosveracruz.com\/"},{"@type":"ListItem","position":2,"name":"Va por M\u00e9xico por las 20 curules de Veracruz!"}]},{"@type":"WebSite","@id":"https:\/\/lospoliticosveracruz.com\/#website","url":"https:\/\/lospoliticosveracruz.com\/","name":"Los pol\u00edticos Veracruz","description":"","publisher":{"@id":"https:\/\/lospoliticosveracruz.com\/#organization"},"potentialAction":[{"@type":"SearchAction","target":{"@type":"EntryPoint","urlTemplate":"https:\/\/lospoliticosveracruz.com\/?s={search_term_string}"},"query-input":{"@type":"PropertyValueSpecification","valueRequired":true,"valueName":"search_term_string"}}],"inLanguage":"es"},{"@type":"Organization","@id":"https:\/\/lospoliticosveracruz.com\/#organization","name":"Los pol\u00edticos Veracruz","url":"https:\/\/lospoliticosveracruz.com\/","logo":{"@type":"ImageObject","inLanguage":"es","@id":"https:\/\/lospoliticosveracruz.com\/#\/schema\/logo\/image\/","url":"https:\/\/lospoliticosveracruz.com\/wp-content\/uploads\/2025\/12\/Logo-Nuevo-LOS-POLITICOS-1.jpg","contentUrl":"https:\/\/lospoliticosveracruz.com\/wp-content\/uploads\/2025\/12\/Logo-Nuevo-LOS-POLITICOS-1.jpg","width":260,"height":70,"caption":"Los pol\u00edticos Veracruz"},"image":{"@id":"https:\/\/lospoliticosveracruz.com\/#\/schema\/logo\/image\/"},"sameAs":["https:\/\/www.facebook.com\/people\/Notimemes-de-los-Polticos\/61565672886568\/","https:\/\/x.com\/LosPoliticosVer"]},{"@type":"Person","@id":"https:\/\/lospoliticosveracruz.com\/#\/schema\/person\/b8702bb0e538456e6efd07080bf2a4a2","name":"Lo viste en Los Pol\u00edticos","image":{"@type":"ImageObject","inLanguage":"es","@id":"https:\/\/secure.gravatar.com\/avatar\/3a8de04a2656d44082be478bd6c086daa447c4651605818287b9532d3d0bd435?s=96&d=mm&r=g","url":"https:\/\/secure.gravatar.com\/avatar\/3a8de04a2656d44082be478bd6c086daa447c4651605818287b9532d3d0bd435?s=96&d=mm&r=g","contentUrl":"https:\/\/secure.gravatar.com\/avatar\/3a8de04a2656d44082be478bd6c086daa447c4651605818287b9532d3d0bd435?s=96&d=mm&r=g","caption":"Lo viste en Los Pol\u00edticos"},"url":"https:\/\/lospoliticosveracruz.com\/?author=2"}]}},"_links":{"self":[{"href":"https:\/\/lospoliticosveracruz.com\/index.php?rest_route=\/wp\/v2\/posts\/70458","targetHints":{"allow":["GET"]}}],"collection":[{"href":"https:\/\/lospoliticosveracruz.com\/index.php?rest_route=\/wp\/v2\/posts"}],"about":[{"href":"https:\/\/lospoliticosveracruz.com\/index.php?rest_route=\/wp\/v2\/types\/post"}],"author":[{"embeddable":true,"href":"https:\/\/lospoliticosveracruz.com\/index.php?rest_route=\/wp\/v2\/users\/2"}],"replies":[{"embeddable":true,"href":"https:\/\/lospoliticosveracruz.com\/index.php?rest_route=%2Fwp%2Fv2%2Fcomments&post=70458"}],"version-history":[{"count":1,"href":"https:\/\/lospoliticosveracruz.com\/index.php?rest_route=\/wp\/v2\/posts\/70458\/revisions"}],"predecessor-version":[{"id":70460,"href":"https:\/\/lospoliticosveracruz.com\/index.php?rest_route=\/wp\/v2\/posts\/70458\/revisions\/70460"}],"wp:attachment":[{"href":"https:\/\/lospoliticosveracruz.com\/index.php?rest_route=%2Fwp%2Fv2%2Fmedia&parent=70458"}],"wp:term":[{"taxonomy":"category","embeddable":true,"href":"https:\/\/lospoliticosveracruz.com\/index.php?rest_route=%2Fwp%2Fv2%2Fcategories&post=70458"},{"taxonomy":"post_tag","embeddable":true,"href":"https:\/\/lospoliticosveracruz.com\/index.php?rest_route=%2Fwp%2Fv2%2Ftags&post=70458"}],"curies":[{"name":"wp","href":"https:\/\/api.w.org\/{rel}","templated":true}]}}